{"id":4630,"date":"2025-09-07T21:03:34","date_gmt":"2025-09-08T01:03:34","guid":{"rendered":"https:\/\/www.manaus.am.gov.br\/manauscult\/espetaculo-a-luta-soumanaus-2025\/"},"modified":"2025-09-07T21:03:34","modified_gmt":"2025-09-08T01:03:34","slug":"espetaculo-a-luta-soumanaus-2025","status":"publish","type":"post","link":"https:\/\/www.manaus.am.gov.br\/manauscult\/espetaculo-a-luta-soumanaus-2025\/","title":{"rendered":"Espet\u00e1culo \u2018A Luta\u2019 emociona p\u00fablico no \u00faltimo dia do \u2018#SouManaus 2025\u2019"},"content":{"rendered":"\n<p>O terceiro e \u00faltimo dia do \u201c#SouManaus Passo a Pa\u00e7o 2025\u201d, realizado pela Prefeitura de Manaus, foi marcado por emo\u00e7\u00e3o e reflex\u00e3o neste domingo, 7\/9. No palco, o ator Amaury Lorenzo protagonizou o espet\u00e1culo \u201cA Luta\u201d, um mon\u00f3logo teatral que levou o p\u00fablico a uma verdadeira imers\u00e3o hist\u00f3rica e cultural, baseada na terceira parte da obra \u201cOs Sert\u00f5es\u201d, de Euclides da Cunha.<\/p>\n\n\n\n<p>Com dire\u00e7\u00e3o de Rose Abdallah e dramaturgia de Ivan Jaf, Amaury deu vida a um contador de hist\u00f3rias que revive, em uma longa prosa \u00e9pica, as batalhas travadas em Canudos, em 1896, entre os seguidores de Ant\u00f4nio Conselheiro e as for\u00e7as militares da rec\u00e9m-proclamada Rep\u00fablica. No palco, apenas o ator, seu corpo e sua voz. Na plateia, olhares fixos, emocionados e, em muitos momentos, respondendo com aplausos espont\u00e2neos, como se tamb\u00e9m fizessem parte daquela mem\u00f3ria coletiva.<\/p>\n\n\n\n<p>O p\u00fablico, envolvido do in\u00edcio ao fim, acompanhou cada gesto e palavra, reafirmando a for\u00e7a do teatro como espa\u00e7o de resist\u00eancia, mem\u00f3ria e emo\u00e7\u00e3o. \u201cA gente sente como se estivesse l\u00e1, vivendo a hist\u00f3ria, e ao mesmo tempo refletindo sobre o Brasil de hoje. \u00c9 impressionante\u201d, comentou o professor Renato Vianna, de 32 anos, ao fim da apresenta\u00e7\u00e3o.<\/p>\n\n\n\n<p>O espet\u00e1culo mostrou que o \u201c#SouManaus\u201d vai al\u00e9m de m\u00fasica e festa, o evento abre espa\u00e7o para todas as formas de arte, da dan\u00e7a ao teatro, da moda \u00e0 gastronomia, se consolidando como o maior evento cultural do Norte do Brasil.<\/p>\n\n\n\n<p>A presen\u00e7a de Amaury Lorenzo, indicado ao pr\u00eamio Cesgranrio de Teatro e conhecido por pap\u00e9is de destaque na TV, como na novela \u201cTerra e Paix\u00e3o\u201d, &#8220;Volta por Cima&#8221;, e no \u201cDan\u00e7a dos Famosos 2024\u201d, trouxe ainda mais brilho \u00e0 noite. Sua entrega em cena transformou a hist\u00f3ria de Canudos em poesia viva, num momento de rara intensidade art\u00edstica que ficar\u00e1 na mem\u00f3ria do p\u00fablico manauara.<\/p>\n\n\n\n<p>Encerrando mais uma edi\u00e7\u00e3o, o \u201c#SouManaus Passo a Pa\u00e7o 2025\u201d reafirma seu compromisso em valorizar e difundir a cultura em suas m\u00faltiplas express\u00f5es, para todos e todas que vivem e celebram a cidade.<\/p>\n\n\n\n<figure class=\"wp-block-image size-large\"><img loading=\"lazy\" decoding=\"async\" width=\"1024\" height=\"683\" src=\"https:\/\/www.manaus.am.gov.br\/manauscult\/wp-content\/uploads\/sites\/11\/2025\/09\/WhatsApp-Image-2025-09-07-at-19.39.00-1024x683.jpeg\" alt=\"\" class=\"wp-image-4632\" srcset=\"https:\/\/www.manaus.am.gov.br\/manauscult\/wp-content\/uploads\/sites\/11\/2025\/09\/WhatsApp-Image-2025-09-07-at-19.39.00-1024x683.jpeg 1024w, https:\/\/www.manaus.am.gov.br\/manauscult\/wp-content\/uploads\/sites\/11\/2025\/09\/WhatsApp-Image-2025-09-07-at-19.39.00-300x200.jpeg 300w, https:\/\/www.manaus.am.gov.br\/manauscult\/wp-content\/uploads\/sites\/11\/2025\/09\/WhatsApp-Image-2025-09-07-at-19.39.00-768x512.jpeg 768w, https:\/\/www.manaus.am.gov.br\/manauscult\/wp-content\/uploads\/sites\/11\/2025\/09\/WhatsApp-Image-2025-09-07-at-19.39.00.jpeg 1280w\" sizes=\"(max-width: 1024px) 100vw, 1024px\" \/><\/figure>\n\n\n\n<p>&#8212; &#8212; &#8212;<\/p>\n\n\n\n<p><strong>Texto<\/strong> &#8211; Naira Nascimento\/Semcom<\/p>\n\n\n\n<p><strong>Fotos<\/strong> &#8211; Karol Silva\/Semcom<\/p>\n","protected":false},"excerpt":{"rendered":"","protected":false},"author":39,"featured_media":4631,"comment_status":"closed","ping_status":"closed","sticky":false,"template":"","format":"standard","meta":{"footnotes":""},"categories":[12],"tags":[1458,1686,1687,9,11],"acf":[],"yoast_head":"<!-- This site is optimized with the Yoast SEO plugin v23.0 - https:\/\/yoast.com\/wordpress\/plugins\/seo\/ -->\n<title>Espet\u00e1culo A Luta emociona p\u00fablico no \u00faltimo dia do #SouManaus<\/title>\n<meta name=\"description\" content=\"Espet\u00e1culo \u2018A Luta\u2019 emociona p\u00fablico no \u00faltimo dia do \u2018#SouManaus Passo a Pa\u00e7o 2025\u2019, organizado pela Prefeitura de Manaus.\" \/>\n<meta name=\"robots\" content=\"noindex, follow\" \/>\n<meta property=\"og:locale\" content=\"pt_BR\" \/>\n<meta property=\"og:type\" content=\"article\" \/>\n<meta property=\"og:title\" content=\"Espet\u00e1culo A Luta emociona p\u00fablico no \u00faltimo dia do #SouManaus\" \/>\n<meta property=\"og:description\" content=\"Espet\u00e1culo \u2018A Luta\u2019 emociona p\u00fablico no \u00faltimo dia do \u2018#SouManaus Passo a Pa\u00e7o 2025\u2019, organizado pela Prefeitura de Manaus.\" \/>\n<meta property=\"og:url\" content=\"https:\/\/www.manaus.am.gov.br\/manauscult\/espetaculo-a-luta-soumanaus-2025\/\" \/>\n<meta property=\"og:site_name\" content=\"MANAUSCULT\" \/>\n<meta property=\"article:published_time\" content=\"2025-09-08T01:03:34+00:00\" \/>\n<meta property=\"og:image\" content=\"https:\/\/www.manaus.am.gov.br\/manauscult\/wp-content\/uploads\/sites\/11\/2025\/09\/WhatsApp-Image-2025-09-07-at-19.39.01.jpeg\" \/>\n\t<meta property=\"og:image:width\" content=\"1280\" \/>\n\t<meta property=\"og:image:height\" content=\"854\" \/>\n\t<meta property=\"og:image:type\" content=\"image\/jpeg\" \/>\n<meta name=\"author\" content=\"Bruna Greco\" \/>\n<meta name=\"twitter:card\" content=\"summary_large_image\" \/>\n<meta name=\"twitter:label1\" content=\"Written by\" \/>\n\t<meta name=\"twitter:data1\" content=\"Bruna Greco\" \/>\n\t<meta name=\"twitter:label2\" content=\"Est. reading time\" \/>\n\t<meta name=\"twitter:data2\" content=\"3 minutos\" \/>\n<script type=\"application\/ld+json\" class=\"yoast-schema-graph\">{\"@context\":\"https:\/\/schema.org\",\"@graph\":[{\"@type\":\"WebPage\",\"@id\":\"https:\/\/www.manaus.am.gov.br\/manauscult\/espetaculo-a-luta-soumanaus-2025\/\",\"url\":\"https:\/\/www.manaus.am.gov.br\/manauscult\/espetaculo-a-luta-soumanaus-2025\/\",\"name\":\"Espet\u00e1culo A Luta emociona p\u00fablico no \u00faltimo dia do #SouManaus\",\"isPartOf\":{\"@id\":\"https:\/\/www.manaus.am.gov.br\/manauscult\/#website\"},\"primaryImageOfPage\":{\"@id\":\"https:\/\/www.manaus.am.gov.br\/manauscult\/espetaculo-a-luta-soumanaus-2025\/#primaryimage\"},\"image\":{\"@id\":\"https:\/\/www.manaus.am.gov.br\/manauscult\/espetaculo-a-luta-soumanaus-2025\/#primaryimage\"},\"thumbnailUrl\":\"https:\/\/www.manaus.am.gov.br\/manauscult\/wp-content\/uploads\/sites\/11\/2025\/09\/WhatsApp-Image-2025-09-07-at-19.39.01.jpeg\",\"datePublished\":\"2025-09-08T01:03:34+00:00\",\"dateModified\":\"2025-09-08T01:03:34+00:00\",\"author\":{\"@id\":\"https:\/\/www.manaus.am.gov.br\/manauscult\/#\/schema\/person\/05d223aea2bf115f9883a6ff3683d81b\"},\"description\":\"Espet\u00e1culo \u2018A Luta\u2019 emociona p\u00fablico no \u00faltimo dia do \u2018#SouManaus Passo a Pa\u00e7o 2025\u2019, organizado pela Prefeitura de Manaus.\",\"breadcrumb\":{\"@id\":\"https:\/\/www.manaus.am.gov.br\/manauscult\/espetaculo-a-luta-soumanaus-2025\/#breadcrumb\"},\"inLanguage\":\"pt-BR\",\"potentialAction\":[{\"@type\":\"ReadAction\",\"target\":[\"https:\/\/www.manaus.am.gov.br\/manauscult\/espetaculo-a-luta-soumanaus-2025\/\"]}]},{\"@type\":\"ImageObject\",\"inLanguage\":\"pt-BR\",\"@id\":\"https:\/\/www.manaus.am.gov.br\/manauscult\/espetaculo-a-luta-soumanaus-2025\/#primaryimage\",\"url\":\"https:\/\/www.manaus.am.gov.br\/manauscult\/wp-content\/uploads\/sites\/11\/2025\/09\/WhatsApp-Image-2025-09-07-at-19.39.01.jpeg\",\"contentUrl\":\"https:\/\/www.manaus.am.gov.br\/manauscult\/wp-content\/uploads\/sites\/11\/2025\/09\/WhatsApp-Image-2025-09-07-at-19.39.01.jpeg\",\"width\":1280,\"height\":854,\"caption\":\"#paratodosverem - Ator Amaury Lorenzo se apresentando com o espet\u00e1culo \\\"A Luta\\\" durante programa\u00e7\u00e3o do \\\"#SouManaus Passo a Pa\u00e7o 2025\\\"\"},{\"@type\":\"BreadcrumbList\",\"@id\":\"https:\/\/www.manaus.am.gov.br\/manauscult\/espetaculo-a-luta-soumanaus-2025\/#breadcrumb\",\"itemListElement\":[{\"@type\":\"ListItem\",\"position\":1,\"name\":\"Home\",\"item\":\"https:\/\/www.manaus.am.gov.br\/manauscult\/\"},{\"@type\":\"ListItem\",\"position\":2,\"name\":\"Espet\u00e1culo \u2018A Luta\u2019 emociona p\u00fablico no \u00faltimo dia do \u2018#SouManaus 2025\u2019\"}]},{\"@type\":\"WebSite\",\"@id\":\"https:\/\/www.manaus.am.gov.br\/manauscult\/#website\",\"url\":\"https:\/\/www.manaus.am.gov.br\/manauscult\/\",\"name\":\"MANAUSCULT\",\"description\":\"Prefeitura de Manaus\",\"potentialAction\":[{\"@type\":\"SearchAction\",\"target\":{\"@type\":\"EntryPoint\",\"urlTemplate\":\"https:\/\/www.manaus.am.gov.br\/manauscult\/?s={search_term_string}\"},\"query-input\":\"required name=search_term_string\"}],\"inLanguage\":\"pt-BR\"},{\"@type\":\"Person\",\"@id\":\"https:\/\/www.manaus.am.gov.br\/manauscult\/#\/schema\/person\/05d223aea2bf115f9883a6ff3683d81b\",\"name\":\"Bruna Greco\",\"image\":{\"@type\":\"ImageObject\",\"inLanguage\":\"pt-BR\",\"@id\":\"https:\/\/www.manaus.am.gov.br\/manauscult\/#\/schema\/person\/image\/\",\"url\":\"https:\/\/secure.gravatar.com\/avatar\/9c877d1a6adc2a055330e5c09a8653ce?s=96&d=mm&r=g\",\"contentUrl\":\"https:\/\/secure.gravatar.com\/avatar\/9c877d1a6adc2a055330e5c09a8653ce?s=96&d=mm&r=g\",\"caption\":\"Bruna Greco\"}}]}<\/script>\n<!-- \/ Yoast SEO plugin. -->","yoast_head_json":{"title":"Espet\u00e1culo A Luta emociona p\u00fablico no \u00faltimo dia do #SouManaus","description":"Espet\u00e1culo \u2018A Luta\u2019 emociona p\u00fablico no \u00faltimo dia do \u2018#SouManaus Passo a Pa\u00e7o 2025\u2019, organizado pela Prefeitura de Manaus.","robots":{"index":"noindex","follow":"follow"},"og_locale":"pt_BR","og_type":"article","og_title":"Espet\u00e1culo A Luta emociona p\u00fablico no \u00faltimo dia do #SouManaus","og_description":"Espet\u00e1culo \u2018A Luta\u2019 emociona p\u00fablico no \u00faltimo dia do \u2018#SouManaus Passo a Pa\u00e7o 2025\u2019, organizado pela Prefeitura de Manaus.","og_url":"https:\/\/www.manaus.am.gov.br\/manauscult\/espetaculo-a-luta-soumanaus-2025\/","og_site_name":"MANAUSCULT","article_published_time":"2025-09-08T01:03:34+00:00","og_image":[{"width":1280,"height":854,"url":"https:\/\/www.manaus.am.gov.br\/manauscult\/wp-content\/uploads\/sites\/11\/2025\/09\/WhatsApp-Image-2025-09-07-at-19.39.01.jpeg","type":"image\/jpeg"}],"author":"Bruna Greco","twitter_card":"summary_large_image","twitter_misc":{"Written by":"Bruna Greco","Est. reading time":"3 minutos"},"schema":{"@context":"https:\/\/schema.org","@graph":[{"@type":"WebPage","@id":"https:\/\/www.manaus.am.gov.br\/manauscult\/espetaculo-a-luta-soumanaus-2025\/","url":"https:\/\/www.manaus.am.gov.br\/manauscult\/espetaculo-a-luta-soumanaus-2025\/","name":"Espet\u00e1culo A Luta emociona p\u00fablico no \u00faltimo dia do #SouManaus","isPartOf":{"@id":"https:\/\/www.manaus.am.gov.br\/manauscult\/#website"},"primaryImageOfPage":{"@id":"https:\/\/www.manaus.am.gov.br\/manauscult\/espetaculo-a-luta-soumanaus-2025\/#primaryimage"},"image":{"@id":"https:\/\/www.manaus.am.gov.br\/manauscult\/espetaculo-a-luta-soumanaus-2025\/#primaryimage"},"thumbnailUrl":"https:\/\/www.manaus.am.gov.br\/manauscult\/wp-content\/uploads\/sites\/11\/2025\/09\/WhatsApp-Image-2025-09-07-at-19.39.01.jpeg","datePublished":"2025-09-08T01:03:34+00:00","dateModified":"2025-09-08T01:03:34+00:00","author":{"@id":"https:\/\/www.manaus.am.gov.br\/manauscult\/#\/schema\/person\/05d223aea2bf115f9883a6ff3683d81b"},"description":"Espet\u00e1culo \u2018A Luta\u2019 emociona p\u00fablico no \u00faltimo dia do \u2018#SouManaus Passo a Pa\u00e7o 2025\u2019, organizado pela Prefeitura de Manaus.","breadcrumb":{"@id":"https:\/\/www.manaus.am.gov.br\/manauscult\/espetaculo-a-luta-soumanaus-2025\/#breadcrumb"},"inLanguage":"pt-BR","potentialAction":[{"@type":"ReadAction","target":["https:\/\/www.manaus.am.gov.br\/manauscult\/espetaculo-a-luta-soumanaus-2025\/"]}]},{"@type":"ImageObject","inLanguage":"pt-BR","@id":"https:\/\/www.manaus.am.gov.br\/manauscult\/espetaculo-a-luta-soumanaus-2025\/#primaryimage","url":"https:\/\/www.manaus.am.gov.br\/manauscult\/wp-content\/uploads\/sites\/11\/2025\/09\/WhatsApp-Image-2025-09-07-at-19.39.01.jpeg","contentUrl":"https:\/\/www.manaus.am.gov.br\/manauscult\/wp-content\/uploads\/sites\/11\/2025\/09\/WhatsApp-Image-2025-09-07-at-19.39.01.jpeg","width":1280,"height":854,"caption":"#paratodosverem - Ator Amaury Lorenzo se apresentando com o espet\u00e1culo \"A Luta\" durante programa\u00e7\u00e3o do \"#SouManaus Passo a Pa\u00e7o 2025\""},{"@type":"BreadcrumbList","@id":"https:\/\/www.manaus.am.gov.br\/manauscult\/espetaculo-a-luta-soumanaus-2025\/#breadcrumb","itemListElement":[{"@type":"ListItem","position":1,"name":"Home","item":"https:\/\/www.manaus.am.gov.br\/manauscult\/"},{"@type":"ListItem","position":2,"name":"Espet\u00e1culo \u2018A Luta\u2019 emociona p\u00fablico no \u00faltimo dia do \u2018#SouManaus 2025\u2019"}]},{"@type":"WebSite","@id":"https:\/\/www.manaus.am.gov.br\/manauscult\/#website","url":"https:\/\/www.manaus.am.gov.br\/manauscult\/","name":"MANAUSCULT","description":"Prefeitura de Manaus","potentialAction":[{"@type":"SearchAction","target":{"@type":"EntryPoint","urlTemplate":"https:\/\/www.manaus.am.gov.br\/manauscult\/?s={search_term_string}"},"query-input":"required name=search_term_string"}],"inLanguage":"pt-BR"},{"@type":"Person","@id":"https:\/\/www.manaus.am.gov.br\/manauscult\/#\/schema\/person\/05d223aea2bf115f9883a6ff3683d81b","name":"Bruna Greco","image":{"@type":"ImageObject","inLanguage":"pt-BR","@id":"https:\/\/www.manaus.am.gov.br\/manauscult\/#\/schema\/person\/image\/","url":"https:\/\/secure.gravatar.com\/avatar\/9c877d1a6adc2a055330e5c09a8653ce?s=96&d=mm&r=g","contentUrl":"https:\/\/secure.gravatar.com\/avatar\/9c877d1a6adc2a055330e5c09a8653ce?s=96&d=mm&r=g","caption":"Bruna Greco"}}]}},"_links":{"self":[{"href":"https:\/\/www.manaus.am.gov.br\/manauscult\/wp-json\/wp\/v2\/posts\/4630"}],"collection":[{"href":"https:\/\/www.manaus.am.gov.br\/manauscult\/wp-json\/wp\/v2\/posts"}],"about":[{"href":"https:\/\/www.manaus.am.gov.br\/manauscult\/wp-json\/wp\/v2\/types\/post"}],"author":[{"embeddable":true,"href":"https:\/\/www.manaus.am.gov.br\/manauscult\/wp-json\/wp\/v2\/users\/39"}],"replies":[{"embeddable":true,"href":"https:\/\/www.manaus.am.gov.br\/manauscult\/wp-json\/wp\/v2\/comments?post=4630"}],"version-history":[{"count":1,"href":"https:\/\/www.manaus.am.gov.br\/manauscult\/wp-json\/wp\/v2\/posts\/4630\/revisions"}],"predecessor-version":[{"id":4633,"href":"https:\/\/www.manaus.am.gov.br\/manauscult\/wp-json\/wp\/v2\/posts\/4630\/revisions\/4633"}],"wp:featuredmedia":[{"embeddable":true,"href":"https:\/\/www.manaus.am.gov.br\/manauscult\/wp-json\/wp\/v2\/media\/4631"}],"wp:attachment":[{"href":"https:\/\/www.manaus.am.gov.br\/manauscult\/wp-json\/wp\/v2\/media?parent=4630"}],"wp:term":[{"taxonomy":"category","embeddable":true,"href":"https:\/\/www.manaus.am.gov.br\/manauscult\/wp-json\/wp\/v2\/categories?post=4630"},{"taxonomy":"post_tag","embeddable":true,"href":"https:\/\/www.manaus.am.gov.br\/manauscult\/wp-json\/wp\/v2\/tags?post=4630"}],"curies":[{"name":"wp","href":"https:\/\/api.w.org\/{rel}","templated":true}]}}