{"id":4599,"date":"2025-09-07T02:17:04","date_gmt":"2025-09-07T06:17:04","guid":{"rendered":"https:\/\/www.manaus.am.gov.br\/manauscult\/acessibilidade-soumanaus\/"},"modified":"2025-09-07T02:17:05","modified_gmt":"2025-09-07T06:17:05","slug":"acessibilidade-soumanaus","status":"publish","type":"post","link":"https:\/\/www.manaus.am.gov.br\/manauscult\/acessibilidade-soumanaus\/","title":{"rendered":"Prefeito David Almeida visita espa\u00e7o de acessibilidade para PcDs no #SouManaus 2025"},"content":{"rendered":"\n<p>O prefeito de <a href=\"https:\/\/www.manaus.am.gov.br\/\">Manaus<\/a>, David Almeida, visitou, na segunda noite do \u201c<a href=\"https:\/\/www.instagram.com\/prefeiturademanaus\/\">SouManaus Passo a Pa\u00e7o 2025<\/a>\u201d, neste s\u00e1bado, 6\/9, o espa\u00e7o exclusivo destinado \u00e0s Pessoas com Defici\u00eancia (PcDs). A \u00e1rea foi criada para garantir acessibilidade, conforto e seguran\u00e7a, refor\u00e7ando o car\u00e1ter inclusivo e democr\u00e1tico do maior festival de artes integradas gratuitas do Brasil.<\/p>\n\n\n\n<p>Durante a visita, o prefeito verificou de perto a estrutura montada, que inclui rampas de acesso, banheiros adaptados, sinaliza\u00e7\u00e3o e atendimento priorit\u00e1rio. O local tamb\u00e9m conta com apoio de equipes treinadas para prestar assist\u00eancia \u00e0s pessoas com defici\u00eancia e seus acompanhantes.<\/p>\n\n\n\n<p>\u201cEsse espa\u00e7o \u00e9 a prova de que o #SouManaus \u00e9 um festival para todos. A inclus\u00e3o \u00e9 um princ\u00edpio da nossa gest\u00e3o, e queremos que cada pessoa se sinta acolhida e tenha condi\u00e7\u00f5es de aproveitar esse evento que j\u00e1 \u00e9 o maior do Brasil. Fico muito feliz de ver que as fam\u00edlias est\u00e3o participando e que o espa\u00e7o est\u00e1 cumprindo seu papel\u201d, afirmou David Almeida.<\/p>\n\n\n\n<p>A iniciativa integra o conjunto de a\u00e7\u00f5es de acessibilidade que a Prefeitura de Manaus implementou no festival, incluindo \u00e1reas adaptadas nos principais palcos, pontos de informa\u00e7\u00e3o acess\u00edveis e a presen\u00e7a de int\u00e9rpretes de Libras em apresenta\u00e7\u00f5es selecionadas.<\/p>\n\n\n\n<p>Com essa estrutura, a gest\u00e3o David Almeida reafirma seu compromisso com a justi\u00e7a cultural, garantindo que todos os p\u00fablicos tenham acesso \u00e0 m\u00fasica, \u00e0 arte e \u00e0 gastronomia, que transformam o centro&nbsp;hist\u00f3rico em um grande palco de celebra\u00e7\u00e3o da cidade.<\/p>\n\n\n\n<p>&#8212; &#8212; &#8212;<\/p>\n\n\n\n<p><strong>Texto &#8211;<\/strong> Emanuelle Baires \/ Semcom-Prefeito<\/p>\n\n\n\n<p><strong>Fotos &#8211;<\/strong> Dhyeizo Lemos \/ Semcom-Prefeito<\/p>\n","protected":false},"excerpt":{"rendered":"","protected":false},"author":57,"featured_media":4600,"comment_status":"closed","ping_status":"closed","sticky":false,"template":"","format":"standard","meta":{"footnotes":""},"categories":[508],"tags":[183,365,9,367,11],"acf":[],"yoast_head":"<!-- This site is optimized with the Yoast SEO plugin v23.0 - https:\/\/yoast.com\/wordpress\/plugins\/seo\/ -->\n<title>David Almeida visita espa\u00e7o de acessibilidade no #SouManaus<\/title>\n<meta name=\"description\" content=\"David Almeida, visitou, na segunda noite do \u201cSouManaus Passo a Pa\u00e7o 2025\u201d o espa\u00e7o exclusivo destinado \u00e0s PcDs para garantir acessibilidade.\" \/>\n<meta name=\"robots\" content=\"noindex, follow\" \/>\n<meta property=\"og:locale\" content=\"pt_BR\" \/>\n<meta property=\"og:type\" content=\"article\" \/>\n<meta property=\"og:title\" content=\"David Almeida visita espa\u00e7o de acessibilidade no #SouManaus\" \/>\n<meta property=\"og:description\" content=\"David Almeida, visitou, na segunda noite do \u201cSouManaus Passo a Pa\u00e7o 2025\u201d o espa\u00e7o exclusivo destinado \u00e0s PcDs para garantir acessibilidade.\" \/>\n<meta property=\"og:url\" content=\"https:\/\/www.manaus.am.gov.br\/manauscult\/acessibilidade-soumanaus\/\" \/>\n<meta property=\"og:site_name\" content=\"MANAUSCULT\" \/>\n<meta property=\"article:published_time\" content=\"2025-09-07T06:17:04+00:00\" \/>\n<meta property=\"article:modified_time\" content=\"2025-09-07T06:17:05+00:00\" \/>\n<meta property=\"og:image\" content=\"https:\/\/www.manaus.am.gov.br\/manauscult\/wp-content\/uploads\/sites\/11\/2025\/09\/acessibilidade-no-SouManaus-1.jpeg\" \/>\n\t<meta property=\"og:image:width\" content=\"4160\" \/>\n\t<meta property=\"og:image:height\" content=\"2774\" \/>\n\t<meta property=\"og:image:type\" content=\"image\/jpeg\" \/>\n<meta name=\"author\" content=\"Thiago Fernando\" \/>\n<meta name=\"twitter:card\" content=\"summary_large_image\" \/>\n<meta name=\"twitter:label1\" content=\"Written by\" \/>\n\t<meta name=\"twitter:data1\" content=\"Thiago Fernando\" \/>\n\t<meta name=\"twitter:label2\" content=\"Est. reading time\" \/>\n\t<meta name=\"twitter:data2\" content=\"2 minutos\" \/>\n<script type=\"application\/ld+json\" class=\"yoast-schema-graph\">{\"@context\":\"https:\/\/schema.org\",\"@graph\":[{\"@type\":\"WebPage\",\"@id\":\"https:\/\/www.manaus.am.gov.br\/manauscult\/acessibilidade-soumanaus\/\",\"url\":\"https:\/\/www.manaus.am.gov.br\/manauscult\/acessibilidade-soumanaus\/\",\"name\":\"David Almeida visita espa\u00e7o de acessibilidade no #SouManaus\",\"isPartOf\":{\"@id\":\"https:\/\/www.manaus.am.gov.br\/manauscult\/#website\"},\"primaryImageOfPage\":{\"@id\":\"https:\/\/www.manaus.am.gov.br\/manauscult\/acessibilidade-soumanaus\/#primaryimage\"},\"image\":{\"@id\":\"https:\/\/www.manaus.am.gov.br\/manauscult\/acessibilidade-soumanaus\/#primaryimage\"},\"thumbnailUrl\":\"https:\/\/www.manaus.am.gov.br\/manauscult\/wp-content\/uploads\/sites\/11\/2025\/09\/acessibilidade-no-SouManaus-1.jpeg\",\"datePublished\":\"2025-09-07T06:17:04+00:00\",\"dateModified\":\"2025-09-07T06:17:05+00:00\",\"author\":{\"@id\":\"https:\/\/www.manaus.am.gov.br\/manauscult\/#\/schema\/person\/a5ee5376db6e21af026374b369f30882\"},\"description\":\"David Almeida, visitou, na segunda noite do \u201cSouManaus Passo a Pa\u00e7o 2025\u201d o espa\u00e7o exclusivo destinado \u00e0s PcDs para garantir acessibilidade.\",\"breadcrumb\":{\"@id\":\"https:\/\/www.manaus.am.gov.br\/manauscult\/acessibilidade-soumanaus\/#breadcrumb\"},\"inLanguage\":\"pt-BR\",\"potentialAction\":[{\"@type\":\"ReadAction\",\"target\":[\"https:\/\/www.manaus.am.gov.br\/manauscult\/acessibilidade-soumanaus\/\"]}]},{\"@type\":\"ImageObject\",\"inLanguage\":\"pt-BR\",\"@id\":\"https:\/\/www.manaus.am.gov.br\/manauscult\/acessibilidade-soumanaus\/#primaryimage\",\"url\":\"https:\/\/www.manaus.am.gov.br\/manauscult\/wp-content\/uploads\/sites\/11\/2025\/09\/acessibilidade-no-SouManaus-1.jpeg\",\"contentUrl\":\"https:\/\/www.manaus.am.gov.br\/manauscult\/wp-content\/uploads\/sites\/11\/2025\/09\/acessibilidade-no-SouManaus-1.jpeg\",\"width\":4160,\"height\":2774,\"caption\":\"acessibilidade no #SouManaus\"},{\"@type\":\"BreadcrumbList\",\"@id\":\"https:\/\/www.manaus.am.gov.br\/manauscult\/acessibilidade-soumanaus\/#breadcrumb\",\"itemListElement\":[{\"@type\":\"ListItem\",\"position\":1,\"name\":\"Home\",\"item\":\"https:\/\/www.manaus.am.gov.br\/manauscult\/\"},{\"@type\":\"ListItem\",\"position\":2,\"name\":\"Prefeito David Almeida visita espa\u00e7o de acessibilidade para PcDs no #SouManaus 2025\"}]},{\"@type\":\"WebSite\",\"@id\":\"https:\/\/www.manaus.am.gov.br\/manauscult\/#website\",\"url\":\"https:\/\/www.manaus.am.gov.br\/manauscult\/\",\"name\":\"MANAUSCULT\",\"description\":\"Prefeitura de Manaus\",\"potentialAction\":[{\"@type\":\"SearchAction\",\"target\":{\"@type\":\"EntryPoint\",\"urlTemplate\":\"https:\/\/www.manaus.am.gov.br\/manauscult\/?s={search_term_string}\"},\"query-input\":\"required name=search_term_string\"}],\"inLanguage\":\"pt-BR\"},{\"@type\":\"Person\",\"@id\":\"https:\/\/www.manaus.am.gov.br\/manauscult\/#\/schema\/person\/a5ee5376db6e21af026374b369f30882\",\"name\":\"Thiago Fernando\",\"image\":{\"@type\":\"ImageObject\",\"inLanguage\":\"pt-BR\",\"@id\":\"https:\/\/www.manaus.am.gov.br\/manauscult\/#\/schema\/person\/image\/\",\"url\":\"https:\/\/secure.gravatar.com\/avatar\/f5aab8722444041451501c077052ac07?s=96&d=mm&r=g\",\"contentUrl\":\"https:\/\/secure.gravatar.com\/avatar\/f5aab8722444041451501c077052ac07?s=96&d=mm&r=g\",\"caption\":\"Thiago Fernando\"}}]}<\/script>\n<!-- \/ Yoast SEO plugin. -->","yoast_head_json":{"title":"David Almeida visita espa\u00e7o de acessibilidade no #SouManaus","description":"David Almeida, visitou, na segunda noite do \u201cSouManaus Passo a Pa\u00e7o 2025\u201d o espa\u00e7o exclusivo destinado \u00e0s PcDs para garantir acessibilidade.","robots":{"index":"noindex","follow":"follow"},"og_locale":"pt_BR","og_type":"article","og_title":"David Almeida visita espa\u00e7o de acessibilidade no #SouManaus","og_description":"David Almeida, visitou, na segunda noite do \u201cSouManaus Passo a Pa\u00e7o 2025\u201d o espa\u00e7o exclusivo destinado \u00e0s PcDs para garantir acessibilidade.","og_url":"https:\/\/www.manaus.am.gov.br\/manauscult\/acessibilidade-soumanaus\/","og_site_name":"MANAUSCULT","article_published_time":"2025-09-07T06:17:04+00:00","article_modified_time":"2025-09-07T06:17:05+00:00","og_image":[{"width":4160,"height":2774,"url":"https:\/\/www.manaus.am.gov.br\/manauscult\/wp-content\/uploads\/sites\/11\/2025\/09\/acessibilidade-no-SouManaus-1.jpeg","type":"image\/jpeg"}],"author":"Thiago Fernando","twitter_card":"summary_large_image","twitter_misc":{"Written by":"Thiago Fernando","Est. reading time":"2 minutos"},"schema":{"@context":"https:\/\/schema.org","@graph":[{"@type":"WebPage","@id":"https:\/\/www.manaus.am.gov.br\/manauscult\/acessibilidade-soumanaus\/","url":"https:\/\/www.manaus.am.gov.br\/manauscult\/acessibilidade-soumanaus\/","name":"David Almeida visita espa\u00e7o de acessibilidade no #SouManaus","isPartOf":{"@id":"https:\/\/www.manaus.am.gov.br\/manauscult\/#website"},"primaryImageOfPage":{"@id":"https:\/\/www.manaus.am.gov.br\/manauscult\/acessibilidade-soumanaus\/#primaryimage"},"image":{"@id":"https:\/\/www.manaus.am.gov.br\/manauscult\/acessibilidade-soumanaus\/#primaryimage"},"thumbnailUrl":"https:\/\/www.manaus.am.gov.br\/manauscult\/wp-content\/uploads\/sites\/11\/2025\/09\/acessibilidade-no-SouManaus-1.jpeg","datePublished":"2025-09-07T06:17:04+00:00","dateModified":"2025-09-07T06:17:05+00:00","author":{"@id":"https:\/\/www.manaus.am.gov.br\/manauscult\/#\/schema\/person\/a5ee5376db6e21af026374b369f30882"},"description":"David Almeida, visitou, na segunda noite do \u201cSouManaus Passo a Pa\u00e7o 2025\u201d o espa\u00e7o exclusivo destinado \u00e0s PcDs para garantir acessibilidade.","breadcrumb":{"@id":"https:\/\/www.manaus.am.gov.br\/manauscult\/acessibilidade-soumanaus\/#breadcrumb"},"inLanguage":"pt-BR","potentialAction":[{"@type":"ReadAction","target":["https:\/\/www.manaus.am.gov.br\/manauscult\/acessibilidade-soumanaus\/"]}]},{"@type":"ImageObject","inLanguage":"pt-BR","@id":"https:\/\/www.manaus.am.gov.br\/manauscult\/acessibilidade-soumanaus\/#primaryimage","url":"https:\/\/www.manaus.am.gov.br\/manauscult\/wp-content\/uploads\/sites\/11\/2025\/09\/acessibilidade-no-SouManaus-1.jpeg","contentUrl":"https:\/\/www.manaus.am.gov.br\/manauscult\/wp-content\/uploads\/sites\/11\/2025\/09\/acessibilidade-no-SouManaus-1.jpeg","width":4160,"height":2774,"caption":"acessibilidade no #SouManaus"},{"@type":"BreadcrumbList","@id":"https:\/\/www.manaus.am.gov.br\/manauscult\/acessibilidade-soumanaus\/#breadcrumb","itemListElement":[{"@type":"ListItem","position":1,"name":"Home","item":"https:\/\/www.manaus.am.gov.br\/manauscult\/"},{"@type":"ListItem","position":2,"name":"Prefeito David Almeida visita espa\u00e7o de acessibilidade para PcDs no #SouManaus 2025"}]},{"@type":"WebSite","@id":"https:\/\/www.manaus.am.gov.br\/manauscult\/#website","url":"https:\/\/www.manaus.am.gov.br\/manauscult\/","name":"MANAUSCULT","description":"Prefeitura de Manaus","potentialAction":[{"@type":"SearchAction","target":{"@type":"EntryPoint","urlTemplate":"https:\/\/www.manaus.am.gov.br\/manauscult\/?s={search_term_string}"},"query-input":"required name=search_term_string"}],"inLanguage":"pt-BR"},{"@type":"Person","@id":"https:\/\/www.manaus.am.gov.br\/manauscult\/#\/schema\/person\/a5ee5376db6e21af026374b369f30882","name":"Thiago Fernando","image":{"@type":"ImageObject","inLanguage":"pt-BR","@id":"https:\/\/www.manaus.am.gov.br\/manauscult\/#\/schema\/person\/image\/","url":"https:\/\/secure.gravatar.com\/avatar\/f5aab8722444041451501c077052ac07?s=96&d=mm&r=g","contentUrl":"https:\/\/secure.gravatar.com\/avatar\/f5aab8722444041451501c077052ac07?s=96&d=mm&r=g","caption":"Thiago Fernando"}}]}},"_links":{"self":[{"href":"https:\/\/www.manaus.am.gov.br\/manauscult\/wp-json\/wp\/v2\/posts\/4599"}],"collection":[{"href":"https:\/\/www.manaus.am.gov.br\/manauscult\/wp-json\/wp\/v2\/posts"}],"about":[{"href":"https:\/\/www.manaus.am.gov.br\/manauscult\/wp-json\/wp\/v2\/types\/post"}],"author":[{"embeddable":true,"href":"https:\/\/www.manaus.am.gov.br\/manauscult\/wp-json\/wp\/v2\/users\/57"}],"replies":[{"embeddable":true,"href":"https:\/\/www.manaus.am.gov.br\/manauscult\/wp-json\/wp\/v2\/comments?post=4599"}],"version-history":[{"count":0,"href":"https:\/\/www.manaus.am.gov.br\/manauscult\/wp-json\/wp\/v2\/posts\/4599\/revisions"}],"wp:featuredmedia":[{"embeddable":true,"href":"https:\/\/www.manaus.am.gov.br\/manauscult\/wp-json\/wp\/v2\/media\/4600"}],"wp:attachment":[{"href":"https:\/\/www.manaus.am.gov.br\/manauscult\/wp-json\/wp\/v2\/media?parent=4599"}],"wp:term":[{"taxonomy":"category","embeddable":true,"href":"https:\/\/www.manaus.am.gov.br\/manauscult\/wp-json\/wp\/v2\/categories?post=4599"},{"taxonomy":"post_tag","embeddable":true,"href":"https:\/\/www.manaus.am.gov.br\/manauscult\/wp-json\/wp\/v2\/tags?post=4599"}],"curies":[{"name":"wp","href":"https:\/\/api.w.org\/{rel}","templated":true}]}}