{"id":4597,"date":"2025-09-07T00:56:07","date_gmt":"2025-09-07T04:56:07","guid":{"rendered":"https:\/\/www.manaus.am.gov.br\/manauscult\/ivete-sangalo-soumanaus\/"},"modified":"2025-09-07T00:56:07","modified_gmt":"2025-09-07T04:56:07","slug":"ivete-sangalo-soumanaus","status":"publish","type":"post","link":"https:\/\/www.manaus.am.gov.br\/manauscult\/ivete-sangalo-soumanaus\/","title":{"rendered":"Ivete Sangalo retorna triunfante a capital amazonense com show hist\u00f3rico no #SouManaus Passo a Pa\u00e7o 2025"},"content":{"rendered":"\n<p>Ap\u00f3s alguns anos de espera, Ivete Sangalo voltou a Manaus e apresentou, na noite deste s\u00e1bado, 6\/9, um show hist\u00f3rico no palco Malcher, no maior festival gratuito de artes integradas do Brasil. Milhares de pessoas aguardavam ansiosamente pelo retorno triunfante da artista, que \u00e9 um dos maiores \u00edcones da m\u00fasica brasileira, com sucessos que ultrapassam gera\u00e7\u00f5es.<\/p>\n\n\n\n<p>O prefeito David Almeida acompanhou o in\u00edcio dos shows no palco Malcher, destacando que o evento est\u00e1 sendo um sucesso retumbante, com quebra de recorde de p\u00fablico j\u00e1 no primeiro dia e com expectativa de superar a marca devido ao line up \u201cpesado\u201d do dia.<\/p>\n\n\n\n<p>\u201cA noite de ontem foi impactante, foi um sucesso retumbante, foi o maior p\u00fablico da hist\u00f3ria do #SouManaus em uma noite. A nossa estimativa \u00e9 alcan\u00e7ar, superar a noite de ontem, que tivemos 168 mil pessoas circulando em todo o per\u00edmetro dos 63 mil metros quadrados da \u00e1rea. Se n\u00f3s chegarmos a 175 mil, 180 mil, vamos ficar bem felizes\u201d, informou o prefeito.<\/p>\n\n\n\n<p>A noite no palco come\u00e7ou com show de Somos do Norte, formado pelo trio de cantores locais Ant\u00f4nio Bahia, Claudia Trindade e Rebecca Grana. Antes de Veveta subir ao palco, os levantadores de toada de Garantido e Caprichoso, David Assayag e Patrick Ara\u00fajo, animaram a galera, deixando o p\u00fablico no clima para receber o Furac\u00e3o Baiano. \/\/\/<\/p>\n\n\n\n<p>Ivete Sangalo realizou um show com muita anima\u00e7\u00e3o, tirando todo mundo do ch\u00e3o, emocionando e matando a saudade da multid\u00e3o, que tomou conta de cada espa\u00e7o que tinha para cantar todos os sucessos de mais de tr\u00eas d\u00e9cadas de carreira. A cantora garantiu que logo estar\u00e1 de volta.<\/p>\n\n\n\n<p>\u201cPara mim \u00e9 uma alegria, \u00e9 um privil\u00e9gio estar aqui neste palco, fazendo minha m\u00fasica, trazendo tamb\u00e9m as minhas emo\u00e7\u00f5es, matando essa saudade, porque quem conhece Manaus jamais esquece, \u00e9 um chamego. Vou subir neste palco e eu n\u00e3o vou passar mais esse tempo [todo] longe n\u00e3o, vai ser menos tempo, pode deixar comigo\u201d, garantiu.<\/p>\n\n\n\n<p>Ivete contou que ama visitar a cidade, destacando o fato de pela primeira vez cantar no Centro Hist\u00f3rico de Manaus, pois cada canto da cidade vale a pena estar.<\/p>\n\n\n\n<p>\u201cEu tenho mem\u00f3rias maravilhosas de estar aqui. Aqui a gente est\u00e1 no centro hist\u00f3rico, um momento importante para mim, porque eu nunca tinha tocado aqui neste lugar, que eu acho que Manaus \u00e9 uma cidade em que cada canto vale a pena estar\u201d, comentou Ivete.<\/p>\n\n\n\n<p>A apresentadora Vivian Amorim tamb\u00e9m estava emocionada por ver Ivete Sangalo, assim como as demais atra\u00e7\u00f5es do evento, ressaltando que o #SouManaus \u00e9 um evento \u00fanico, que garante uma pluralidade de atra\u00e7\u00f5es para os diversos p\u00fablicos.<\/p>\n\n\n\n<p>\u201cEu costumo dizer que o #SouManaus vai al\u00e9m do entretenimento, vai al\u00e9m dos shows, ele vai para a nossa al\u00e7ada cultural de realmente valorizar a nossa identidade, a nossa gente, a nossa terra, a nossa arte. Ent\u00e3o, \u00e9 incr\u00edvel ter um projeto que \u00e9 t\u00e3o diverso e que \u00e9 nosso, \u00e9 do Norte. Ent\u00e3o, assim, o maior festival de artes integradas do Brasil \u00e9 nosso. Que orgulho\u201d, enfatizou.<\/p>\n\n\n\n<p>O jornalista Rodrigo Felix estava muito animado pela oportunidade de ver a Ivete Sangalo em Manaus, junto dos amigos e dos demais f\u00e3s da artista na capital amazonense.<\/p>\n\n\n\n<p>\u201cFalar de Ivete \u00e9 falar de amor, falar de alegria, do que ela passa para as pessoas, para os f\u00e3s, por interm\u00e9dio da m\u00fasica, do carisma. Ivete Sangalo \u00e9 a rainha do Brasil, a maior cantora do Brasil. \u00c9 um momento muito especial, eu t\u00f4 muito feliz de estar aqui\u201d, celebrou.<\/p>\n\n\n\n<p>A programa\u00e7\u00e3o no palco Malcher, neste dia 6\/9, ainda teve shows de Pablo do Arrocha e do grupo Calcinha Preta. Neste domingo, 7\/9, fechando o festival, as atra\u00e7\u00f5es do palco Malcher s\u00e3o Gusttavo Lima, P\u00e9ricles, Ludmilla e Xand Avi\u00e3o.<\/p>\n\n\n\n<p>&#8212; &#8212; &#8212;&nbsp;<\/p>\n\n\n\n<p><strong>Texto &#8211;<\/strong> Geraldo Farias \/ Semcom<\/p>\n\n\n\n<p><strong>Fotos &#8211;<\/strong> Aguilar Abecassis \/ Semcom<\/p>\n","protected":false},"excerpt":{"rendered":"","protected":false},"author":57,"featured_media":4598,"comment_status":"closed","ping_status":"closed","sticky":false,"template":"","format":"standard","meta":{"footnotes":""},"categories":[508],"tags":[183,1670,9,11],"acf":[],"yoast_head":"<!-- This site is optimized with the Yoast SEO plugin v23.0 - https:\/\/yoast.com\/wordpress\/plugins\/seo\/ -->\n<title>Ivete Sangalo faz show hist\u00f3rico no #SouManaus Passo a Pa\u00e7o<\/title>\n<meta name=\"description\" content=\"Ivete Sangalo voltou a Manaus e apresentou, na noite deste s\u00e1bado, 6\/9, um show hist\u00f3rico no palco Malcher, no #SouManaus.\" \/>\n<meta name=\"robots\" content=\"noindex, follow\" \/>\n<meta property=\"og:locale\" content=\"pt_BR\" \/>\n<meta property=\"og:type\" content=\"article\" \/>\n<meta property=\"og:title\" content=\"Ivete Sangalo faz show hist\u00f3rico no #SouManaus Passo a Pa\u00e7o\" \/>\n<meta property=\"og:description\" content=\"Ivete Sangalo voltou a Manaus e apresentou, na noite deste s\u00e1bado, 6\/9, um show hist\u00f3rico no palco Malcher, no #SouManaus.\" \/>\n<meta property=\"og:url\" content=\"https:\/\/www.manaus.am.gov.br\/manauscult\/ivete-sangalo-soumanaus\/\" \/>\n<meta property=\"og:site_name\" content=\"MANAUSCULT\" \/>\n<meta property=\"article:published_time\" content=\"2025-09-07T04:56:07+00:00\" \/>\n<meta property=\"og:image\" content=\"https:\/\/www.manaus.am.gov.br\/manauscult\/wp-content\/uploads\/sites\/11\/2025\/09\/Ivete-Sangalo-1.jpg\" \/>\n\t<meta property=\"og:image:width\" content=\"799\" \/>\n\t<meta property=\"og:image:height\" content=\"504\" \/>\n\t<meta property=\"og:image:type\" content=\"image\/jpeg\" \/>\n<meta name=\"author\" content=\"Thiago Fernando\" \/>\n<meta name=\"twitter:card\" content=\"summary_large_image\" \/>\n<meta name=\"twitter:label1\" content=\"Written by\" \/>\n\t<meta name=\"twitter:data1\" content=\"Thiago Fernando\" \/>\n\t<meta name=\"twitter:label2\" content=\"Est. reading time\" \/>\n\t<meta name=\"twitter:data2\" content=\"4 minutos\" \/>\n<script type=\"application\/ld+json\" class=\"yoast-schema-graph\">{\"@context\":\"https:\/\/schema.org\",\"@graph\":[{\"@type\":\"WebPage\",\"@id\":\"https:\/\/www.manaus.am.gov.br\/manauscult\/ivete-sangalo-soumanaus\/\",\"url\":\"https:\/\/www.manaus.am.gov.br\/manauscult\/ivete-sangalo-soumanaus\/\",\"name\":\"Ivete Sangalo faz show hist\u00f3rico no #SouManaus Passo a Pa\u00e7o\",\"isPartOf\":{\"@id\":\"https:\/\/www.manaus.am.gov.br\/manauscult\/#website\"},\"primaryImageOfPage\":{\"@id\":\"https:\/\/www.manaus.am.gov.br\/manauscult\/ivete-sangalo-soumanaus\/#primaryimage\"},\"image\":{\"@id\":\"https:\/\/www.manaus.am.gov.br\/manauscult\/ivete-sangalo-soumanaus\/#primaryimage\"},\"thumbnailUrl\":\"https:\/\/www.manaus.am.gov.br\/manauscult\/wp-content\/uploads\/sites\/11\/2025\/09\/Ivete-Sangalo-1.jpg\",\"datePublished\":\"2025-09-07T04:56:07+00:00\",\"dateModified\":\"2025-09-07T04:56:07+00:00\",\"author\":{\"@id\":\"https:\/\/www.manaus.am.gov.br\/manauscult\/#\/schema\/person\/a5ee5376db6e21af026374b369f30882\"},\"description\":\"Ivete Sangalo voltou a Manaus e apresentou, na noite deste s\u00e1bado, 6\/9, um show hist\u00f3rico no palco Malcher, no #SouManaus.\",\"breadcrumb\":{\"@id\":\"https:\/\/www.manaus.am.gov.br\/manauscult\/ivete-sangalo-soumanaus\/#breadcrumb\"},\"inLanguage\":\"pt-BR\",\"potentialAction\":[{\"@type\":\"ReadAction\",\"target\":[\"https:\/\/www.manaus.am.gov.br\/manauscult\/ivete-sangalo-soumanaus\/\"]}]},{\"@type\":\"ImageObject\",\"inLanguage\":\"pt-BR\",\"@id\":\"https:\/\/www.manaus.am.gov.br\/manauscult\/ivete-sangalo-soumanaus\/#primaryimage\",\"url\":\"https:\/\/www.manaus.am.gov.br\/manauscult\/wp-content\/uploads\/sites\/11\/2025\/09\/Ivete-Sangalo-1.jpg\",\"contentUrl\":\"https:\/\/www.manaus.am.gov.br\/manauscult\/wp-content\/uploads\/sites\/11\/2025\/09\/Ivete-Sangalo-1.jpg\",\"width\":799,\"height\":504,\"caption\":\"Ivete Sangalo\"},{\"@type\":\"BreadcrumbList\",\"@id\":\"https:\/\/www.manaus.am.gov.br\/manauscult\/ivete-sangalo-soumanaus\/#breadcrumb\",\"itemListElement\":[{\"@type\":\"ListItem\",\"position\":1,\"name\":\"Home\",\"item\":\"https:\/\/www.manaus.am.gov.br\/manauscult\/\"},{\"@type\":\"ListItem\",\"position\":2,\"name\":\"Ivete Sangalo retorna triunfante a capital amazonense com show hist\u00f3rico no #SouManaus Passo a Pa\u00e7o 2025\"}]},{\"@type\":\"WebSite\",\"@id\":\"https:\/\/www.manaus.am.gov.br\/manauscult\/#website\",\"url\":\"https:\/\/www.manaus.am.gov.br\/manauscult\/\",\"name\":\"MANAUSCULT\",\"description\":\"Prefeitura de Manaus\",\"potentialAction\":[{\"@type\":\"SearchAction\",\"target\":{\"@type\":\"EntryPoint\",\"urlTemplate\":\"https:\/\/www.manaus.am.gov.br\/manauscult\/?s={search_term_string}\"},\"query-input\":\"required name=search_term_string\"}],\"inLanguage\":\"pt-BR\"},{\"@type\":\"Person\",\"@id\":\"https:\/\/www.manaus.am.gov.br\/manauscult\/#\/schema\/person\/a5ee5376db6e21af026374b369f30882\",\"name\":\"Thiago Fernando\",\"image\":{\"@type\":\"ImageObject\",\"inLanguage\":\"pt-BR\",\"@id\":\"https:\/\/www.manaus.am.gov.br\/manauscult\/#\/schema\/person\/image\/\",\"url\":\"https:\/\/secure.gravatar.com\/avatar\/f5aab8722444041451501c077052ac07?s=96&d=mm&r=g\",\"contentUrl\":\"https:\/\/secure.gravatar.com\/avatar\/f5aab8722444041451501c077052ac07?s=96&d=mm&r=g\",\"caption\":\"Thiago Fernando\"}}]}<\/script>\n<!-- \/ Yoast SEO plugin. -->","yoast_head_json":{"title":"Ivete Sangalo faz show hist\u00f3rico no #SouManaus Passo a Pa\u00e7o","description":"Ivete Sangalo voltou a Manaus e apresentou, na noite deste s\u00e1bado, 6\/9, um show hist\u00f3rico no palco Malcher, no #SouManaus.","robots":{"index":"noindex","follow":"follow"},"og_locale":"pt_BR","og_type":"article","og_title":"Ivete Sangalo faz show hist\u00f3rico no #SouManaus Passo a Pa\u00e7o","og_description":"Ivete Sangalo voltou a Manaus e apresentou, na noite deste s\u00e1bado, 6\/9, um show hist\u00f3rico no palco Malcher, no #SouManaus.","og_url":"https:\/\/www.manaus.am.gov.br\/manauscult\/ivete-sangalo-soumanaus\/","og_site_name":"MANAUSCULT","article_published_time":"2025-09-07T04:56:07+00:00","og_image":[{"width":799,"height":504,"url":"https:\/\/www.manaus.am.gov.br\/manauscult\/wp-content\/uploads\/sites\/11\/2025\/09\/Ivete-Sangalo-1.jpg","type":"image\/jpeg"}],"author":"Thiago Fernando","twitter_card":"summary_large_image","twitter_misc":{"Written by":"Thiago Fernando","Est. reading time":"4 minutos"},"schema":{"@context":"https:\/\/schema.org","@graph":[{"@type":"WebPage","@id":"https:\/\/www.manaus.am.gov.br\/manauscult\/ivete-sangalo-soumanaus\/","url":"https:\/\/www.manaus.am.gov.br\/manauscult\/ivete-sangalo-soumanaus\/","name":"Ivete Sangalo faz show hist\u00f3rico no #SouManaus Passo a Pa\u00e7o","isPartOf":{"@id":"https:\/\/www.manaus.am.gov.br\/manauscult\/#website"},"primaryImageOfPage":{"@id":"https:\/\/www.manaus.am.gov.br\/manauscult\/ivete-sangalo-soumanaus\/#primaryimage"},"image":{"@id":"https:\/\/www.manaus.am.gov.br\/manauscult\/ivete-sangalo-soumanaus\/#primaryimage"},"thumbnailUrl":"https:\/\/www.manaus.am.gov.br\/manauscult\/wp-content\/uploads\/sites\/11\/2025\/09\/Ivete-Sangalo-1.jpg","datePublished":"2025-09-07T04:56:07+00:00","dateModified":"2025-09-07T04:56:07+00:00","author":{"@id":"https:\/\/www.manaus.am.gov.br\/manauscult\/#\/schema\/person\/a5ee5376db6e21af026374b369f30882"},"description":"Ivete Sangalo voltou a Manaus e apresentou, na noite deste s\u00e1bado, 6\/9, um show hist\u00f3rico no palco Malcher, no #SouManaus.","breadcrumb":{"@id":"https:\/\/www.manaus.am.gov.br\/manauscult\/ivete-sangalo-soumanaus\/#breadcrumb"},"inLanguage":"pt-BR","potentialAction":[{"@type":"ReadAction","target":["https:\/\/www.manaus.am.gov.br\/manauscult\/ivete-sangalo-soumanaus\/"]}]},{"@type":"ImageObject","inLanguage":"pt-BR","@id":"https:\/\/www.manaus.am.gov.br\/manauscult\/ivete-sangalo-soumanaus\/#primaryimage","url":"https:\/\/www.manaus.am.gov.br\/manauscult\/wp-content\/uploads\/sites\/11\/2025\/09\/Ivete-Sangalo-1.jpg","contentUrl":"https:\/\/www.manaus.am.gov.br\/manauscult\/wp-content\/uploads\/sites\/11\/2025\/09\/Ivete-Sangalo-1.jpg","width":799,"height":504,"caption":"Ivete Sangalo"},{"@type":"BreadcrumbList","@id":"https:\/\/www.manaus.am.gov.br\/manauscult\/ivete-sangalo-soumanaus\/#breadcrumb","itemListElement":[{"@type":"ListItem","position":1,"name":"Home","item":"https:\/\/www.manaus.am.gov.br\/manauscult\/"},{"@type":"ListItem","position":2,"name":"Ivete Sangalo retorna triunfante a capital amazonense com show hist\u00f3rico no #SouManaus Passo a Pa\u00e7o 2025"}]},{"@type":"WebSite","@id":"https:\/\/www.manaus.am.gov.br\/manauscult\/#website","url":"https:\/\/www.manaus.am.gov.br\/manauscult\/","name":"MANAUSCULT","description":"Prefeitura de Manaus","potentialAction":[{"@type":"SearchAction","target":{"@type":"EntryPoint","urlTemplate":"https:\/\/www.manaus.am.gov.br\/manauscult\/?s={search_term_string}"},"query-input":"required name=search_term_string"}],"inLanguage":"pt-BR"},{"@type":"Person","@id":"https:\/\/www.manaus.am.gov.br\/manauscult\/#\/schema\/person\/a5ee5376db6e21af026374b369f30882","name":"Thiago Fernando","image":{"@type":"ImageObject","inLanguage":"pt-BR","@id":"https:\/\/www.manaus.am.gov.br\/manauscult\/#\/schema\/person\/image\/","url":"https:\/\/secure.gravatar.com\/avatar\/f5aab8722444041451501c077052ac07?s=96&d=mm&r=g","contentUrl":"https:\/\/secure.gravatar.com\/avatar\/f5aab8722444041451501c077052ac07?s=96&d=mm&r=g","caption":"Thiago Fernando"}}]}},"_links":{"self":[{"href":"https:\/\/www.manaus.am.gov.br\/manauscult\/wp-json\/wp\/v2\/posts\/4597"}],"collection":[{"href":"https:\/\/www.manaus.am.gov.br\/manauscult\/wp-json\/wp\/v2\/posts"}],"about":[{"href":"https:\/\/www.manaus.am.gov.br\/manauscult\/wp-json\/wp\/v2\/types\/post"}],"author":[{"embeddable":true,"href":"https:\/\/www.manaus.am.gov.br\/manauscult\/wp-json\/wp\/v2\/users\/57"}],"replies":[{"embeddable":true,"href":"https:\/\/www.manaus.am.gov.br\/manauscult\/wp-json\/wp\/v2\/comments?post=4597"}],"version-history":[{"count":0,"href":"https:\/\/www.manaus.am.gov.br\/manauscult\/wp-json\/wp\/v2\/posts\/4597\/revisions"}],"wp:featuredmedia":[{"embeddable":true,"href":"https:\/\/www.manaus.am.gov.br\/manauscult\/wp-json\/wp\/v2\/media\/4598"}],"wp:attachment":[{"href":"https:\/\/www.manaus.am.gov.br\/manauscult\/wp-json\/wp\/v2\/media?parent=4597"}],"wp:term":[{"taxonomy":"category","embeddable":true,"href":"https:\/\/www.manaus.am.gov.br\/manauscult\/wp-json\/wp\/v2\/categories?post=4597"},{"taxonomy":"post_tag","embeddable":true,"href":"https:\/\/www.manaus.am.gov.br\/manauscult\/wp-json\/wp\/v2\/tags?post=4597"}],"curies":[{"name":"wp","href":"https:\/\/api.w.org\/{rel}","templated":true}]}}