{"id":4595,"date":"2025-09-06T23:43:27","date_gmt":"2025-09-07T03:43:27","guid":{"rendered":"https:\/\/www.manaus.am.gov.br\/manauscult\/espaco-exclusivo-para-pcds\/"},"modified":"2025-09-06T23:43:28","modified_gmt":"2025-09-07T03:43:28","slug":"espaco-exclusivo-para-pcds","status":"publish","type":"post","link":"https:\/\/www.manaus.am.gov.br\/manauscult\/espaco-exclusivo-para-pcds\/","title":{"rendered":"Prefeitura de Manaus garante espa\u00e7o exclusivo para PcDs no palco Malcher do \u2018#SouManaus 2025\u2019\u00a0"},"content":{"rendered":"\n<p>A Prefeitura de Manaus, por meio da Funda\u00e7\u00e3o Municipal de Cultura, Turismo e Eventos (ManausCult), em parceria com a Secretaria Municipal da Mulher, Assist\u00eancia Social e Cidadania (Semasc), deu continuidade, neste s\u00e1bado, 6\/9, \u00e0 recep\u00e7\u00e3o das Pessoas com Defici\u00eancia (PcDs) no maior festival de artes integradas do Brasil, o \u201c#SouManaus Passo a Pa\u00e7o 2025\u201d.<\/p>\n\n\n\n<p>Ao todo, cem pessoas com defici\u00eancia foram contempladas com acesso exclusivo \u00e0 \u00e1rea adaptada pr\u00f3xima ao palco principal, o Malcher, garantindo visibilidade, conforto e seguran\u00e7a para que possam aproveitar a programa\u00e7\u00e3o do dia.<\/p>\n\n\n\n<p>Neste s\u00e1bado, o p\u00fablico PcD teve a oportunidade de acompanhar de perto grandes atra\u00e7\u00f5es musicais, entre elas: Somos o Norte, Ant\u00f4nio Bahia, Cl\u00e1udia Trindade, Rebecca Grana, o espet\u00e1culo conjunto de David Assayag e Patrick Ara\u00fajo, al\u00e9m dos shows nacionais de Ivete Sangalo, Pablo e Calcinha Preta. Nos intervalos, quem comanda a anima\u00e7\u00e3o \u00e9 o DJ Dudlirio.<\/p>\n\n\n\n<p>M\u00e1rcia Braga, de 48 anos, que faz parte da Chefia de M\u00e9dia Complexidade da Semasc, assegura n\u00e3o apenas a organiza\u00e7\u00e3o log\u00edstica do local, mas tamb\u00e9m o acolhimento e o acompanhamento dos benefici\u00e1rios durante os tr\u00eas dias de evento.<br><\/p>\n\n\n\n<p>\u201cN\u00f3s, enquanto assist\u00eancia social, temos o compromisso de garantir dignidade, respeito e acesso aos direitos das pessoas com defici\u00eancia. Neste evento, isso se traduz em a\u00e7\u00f5es pr\u00e1ticas, como a entrega das credenciais para os inscritos, a orienta\u00e7\u00e3o adequada e o acompanhamento constante de nossa equipe t\u00e9cnica durante os shows\u201d, afirmou M\u00e1rcia.&nbsp;<\/p>\n\n\n\n<p>A iniciativa refor\u00e7a o compromisso da gest\u00e3o municipal com a inclus\u00e3o, a acessibilidade cultural e o direito \u00e0 divers\u00e3o para todos os cidad\u00e3os.<\/p>\n\n\n\n<p>Entre os frequentadores do espa\u00e7o destinado a PcDs, est\u00e1 Marilourdes Fonseca, de 50 anos, que celebrou o retorno ao evento com acesso nessa \u00e1rea. \u201cT\u00f4 achando uma maravilha poder prestigiar esse grande evento nessa \u00e1rea adaptada para n\u00f3s. \u00c9 muito gratificante a gente ter uma \u00e1rea pr\u00f3pria, para n\u00e3o ficar em qualquer lugar, sem seguran\u00e7a e aqui a gente tem seguran\u00e7a\u201d, declarou Marilourdes.&nbsp;<\/p>\n\n\n\n<p><strong>\u2014 \u2014 \u2014-<\/strong><br><strong>Texto &#8211; <\/strong>Thalia Rodrigues \/Semcom<br><strong>Fotos &#8211; <\/strong>Arielle Carvalho \/ Semcom e Dhyeizo Lemos\/Semcom-Prefeito<\/p>\n","protected":false},"excerpt":{"rendered":"","protected":false},"author":68,"featured_media":4596,"comment_status":"closed","ping_status":"closed","sticky":false,"template":"","format":"standard","meta":{"footnotes":""},"categories":[1668],"tags":[11,1669],"acf":[],"yoast_head":"<!-- This site is optimized with the Yoast SEO plugin v23.0 - https:\/\/yoast.com\/wordpress\/plugins\/seo\/ -->\n<title>Prefeitura de Manaus garante espa\u00e7o exclusivo para PcDs no palco Malcher do \u2018#SouManaus 2025\u2019\u00a0<\/title>\n<meta name=\"description\" content=\"A Prefeitura de Manaus, por meio da Funda\u00e7\u00e3o Municipal de Cultura, Turismo e Eventos (ManausCult), em parceria com a Secretaria Municipal da Mulher, Assist\u00eancia Social e Cidadania (Semasc), deu continuidade, neste s\u00e1bado, 6\/9, \u00e0 recep\u00e7\u00e3o das Pessoas com Defici\u00eancia (PcDs) no maior festival de artes integradas do Brasil, o \u201c#SouManaus Passo a Pa\u00e7o 2025\u201d.\" \/>\n<meta name=\"robots\" content=\"noindex, follow\" \/>\n<meta property=\"og:locale\" content=\"pt_BR\" \/>\n<meta property=\"og:type\" content=\"article\" \/>\n<meta property=\"og:title\" content=\"Prefeitura de Manaus garante espa\u00e7o exclusivo para PcDs no palco Malcher do \u2018#SouManaus 2025\u2019\u00a0\" \/>\n<meta property=\"og:description\" content=\"A Prefeitura de Manaus, por meio da Funda\u00e7\u00e3o Municipal de Cultura, Turismo e Eventos (ManausCult), em parceria com a Secretaria Municipal da Mulher, Assist\u00eancia Social e Cidadania (Semasc), deu continuidade, neste s\u00e1bado, 6\/9, \u00e0 recep\u00e7\u00e3o das Pessoas com Defici\u00eancia (PcDs) no maior festival de artes integradas do Brasil, o \u201c#SouManaus Passo a Pa\u00e7o 2025\u201d.\" \/>\n<meta property=\"og:url\" content=\"https:\/\/www.manaus.am.gov.br\/manauscult\/espaco-exclusivo-para-pcds\/\" \/>\n<meta property=\"og:site_name\" content=\"MANAUSCULT\" \/>\n<meta property=\"article:published_time\" content=\"2025-09-07T03:43:27+00:00\" \/>\n<meta property=\"article:modified_time\" content=\"2025-09-07T03:43:28+00:00\" \/>\n<meta property=\"og:image\" content=\"https:\/\/www.manaus.am.gov.br\/manauscult\/wp-content\/uploads\/sites\/11\/2025\/09\/WhatsApp-Image-2025-09-06-at-22.56.16.jpeg\" \/>\n\t<meta property=\"og:image:width\" content=\"4160\" \/>\n\t<meta property=\"og:image:height\" content=\"2774\" \/>\n\t<meta property=\"og:image:type\" content=\"image\/jpeg\" \/>\n<meta name=\"author\" content=\"bvalente\" \/>\n<meta name=\"twitter:card\" content=\"summary_large_image\" \/>\n<meta name=\"twitter:label1\" content=\"Written by\" \/>\n\t<meta name=\"twitter:data1\" content=\"bvalente\" \/>\n\t<meta name=\"twitter:label2\" content=\"Est. reading time\" \/>\n\t<meta name=\"twitter:data2\" content=\"3 minutos\" \/>\n<script type=\"application\/ld+json\" class=\"yoast-schema-graph\">{\"@context\":\"https:\/\/schema.org\",\"@graph\":[{\"@type\":\"WebPage\",\"@id\":\"https:\/\/www.manaus.am.gov.br\/manauscult\/espaco-exclusivo-para-pcds\/\",\"url\":\"https:\/\/www.manaus.am.gov.br\/manauscult\/espaco-exclusivo-para-pcds\/\",\"name\":\"Prefeitura de Manaus garante espa\u00e7o exclusivo para PcDs no palco Malcher do \u2018#SouManaus 2025\u2019\u00a0\",\"isPartOf\":{\"@id\":\"https:\/\/www.manaus.am.gov.br\/manauscult\/#website\"},\"primaryImageOfPage\":{\"@id\":\"https:\/\/www.manaus.am.gov.br\/manauscult\/espaco-exclusivo-para-pcds\/#primaryimage\"},\"image\":{\"@id\":\"https:\/\/www.manaus.am.gov.br\/manauscult\/espaco-exclusivo-para-pcds\/#primaryimage\"},\"thumbnailUrl\":\"https:\/\/www.manaus.am.gov.br\/manauscult\/wp-content\/uploads\/sites\/11\/2025\/09\/WhatsApp-Image-2025-09-06-at-22.56.16.jpeg\",\"datePublished\":\"2025-09-07T03:43:27+00:00\",\"dateModified\":\"2025-09-07T03:43:28+00:00\",\"author\":{\"@id\":\"https:\/\/www.manaus.am.gov.br\/manauscult\/#\/schema\/person\/466a0e03ae4b6062809046bd560ac955\"},\"description\":\"A Prefeitura de Manaus, por meio da Funda\u00e7\u00e3o Municipal de Cultura, Turismo e Eventos (ManausCult), em parceria com a Secretaria Municipal da Mulher, Assist\u00eancia Social e Cidadania (Semasc), deu continuidade, neste s\u00e1bado, 6\/9, \u00e0 recep\u00e7\u00e3o das Pessoas com Defici\u00eancia (PcDs) no maior festival de artes integradas do Brasil, o \u201c#SouManaus Passo a Pa\u00e7o 2025\u201d.\",\"breadcrumb\":{\"@id\":\"https:\/\/www.manaus.am.gov.br\/manauscult\/espaco-exclusivo-para-pcds\/#breadcrumb\"},\"inLanguage\":\"pt-BR\",\"potentialAction\":[{\"@type\":\"ReadAction\",\"target\":[\"https:\/\/www.manaus.am.gov.br\/manauscult\/espaco-exclusivo-para-pcds\/\"]}]},{\"@type\":\"ImageObject\",\"inLanguage\":\"pt-BR\",\"@id\":\"https:\/\/www.manaus.am.gov.br\/manauscult\/espaco-exclusivo-para-pcds\/#primaryimage\",\"url\":\"https:\/\/www.manaus.am.gov.br\/manauscult\/wp-content\/uploads\/sites\/11\/2025\/09\/WhatsApp-Image-2025-09-06-at-22.56.16.jpeg\",\"contentUrl\":\"https:\/\/www.manaus.am.gov.br\/manauscult\/wp-content\/uploads\/sites\/11\/2025\/09\/WhatsApp-Image-2025-09-06-at-22.56.16.jpeg\",\"width\":4160,\"height\":2774},{\"@type\":\"BreadcrumbList\",\"@id\":\"https:\/\/www.manaus.am.gov.br\/manauscult\/espaco-exclusivo-para-pcds\/#breadcrumb\",\"itemListElement\":[{\"@type\":\"ListItem\",\"position\":1,\"name\":\"Home\",\"item\":\"https:\/\/www.manaus.am.gov.br\/manauscult\/\"},{\"@type\":\"ListItem\",\"position\":2,\"name\":\"Prefeitura de Manaus garante espa\u00e7o exclusivo para PcDs no palco Malcher do \u2018#SouManaus 2025\u2019\u00a0\"}]},{\"@type\":\"WebSite\",\"@id\":\"https:\/\/www.manaus.am.gov.br\/manauscult\/#website\",\"url\":\"https:\/\/www.manaus.am.gov.br\/manauscult\/\",\"name\":\"MANAUSCULT\",\"description\":\"Prefeitura de Manaus\",\"potentialAction\":[{\"@type\":\"SearchAction\",\"target\":{\"@type\":\"EntryPoint\",\"urlTemplate\":\"https:\/\/www.manaus.am.gov.br\/manauscult\/?s={search_term_string}\"},\"query-input\":\"required name=search_term_string\"}],\"inLanguage\":\"pt-BR\"},{\"@type\":\"Person\",\"@id\":\"https:\/\/www.manaus.am.gov.br\/manauscult\/#\/schema\/person\/466a0e03ae4b6062809046bd560ac955\",\"name\":\"bvalente\",\"image\":{\"@type\":\"ImageObject\",\"inLanguage\":\"pt-BR\",\"@id\":\"https:\/\/www.manaus.am.gov.br\/manauscult\/#\/schema\/person\/image\/\",\"url\":\"https:\/\/secure.gravatar.com\/avatar\/3e69bc2b014bdad41adfec3a39de07d2?s=96&d=mm&r=g\",\"contentUrl\":\"https:\/\/secure.gravatar.com\/avatar\/3e69bc2b014bdad41adfec3a39de07d2?s=96&d=mm&r=g\",\"caption\":\"bvalente\"}}]}<\/script>\n<!-- \/ Yoast SEO plugin. -->","yoast_head_json":{"title":"Prefeitura de Manaus garante espa\u00e7o exclusivo para PcDs no palco Malcher do \u2018#SouManaus 2025\u2019\u00a0","description":"A Prefeitura de Manaus, por meio da Funda\u00e7\u00e3o Municipal de Cultura, Turismo e Eventos (ManausCult), em parceria com a Secretaria Municipal da Mulher, Assist\u00eancia Social e Cidadania (Semasc), deu continuidade, neste s\u00e1bado, 6\/9, \u00e0 recep\u00e7\u00e3o das Pessoas com Defici\u00eancia (PcDs) no maior festival de artes integradas do Brasil, o \u201c#SouManaus Passo a Pa\u00e7o 2025\u201d.","robots":{"index":"noindex","follow":"follow"},"og_locale":"pt_BR","og_type":"article","og_title":"Prefeitura de Manaus garante espa\u00e7o exclusivo para PcDs no palco Malcher do \u2018#SouManaus 2025\u2019\u00a0","og_description":"A Prefeitura de Manaus, por meio da Funda\u00e7\u00e3o Municipal de Cultura, Turismo e Eventos (ManausCult), em parceria com a Secretaria Municipal da Mulher, Assist\u00eancia Social e Cidadania (Semasc), deu continuidade, neste s\u00e1bado, 6\/9, \u00e0 recep\u00e7\u00e3o das Pessoas com Defici\u00eancia (PcDs) no maior festival de artes integradas do Brasil, o \u201c#SouManaus Passo a Pa\u00e7o 2025\u201d.","og_url":"https:\/\/www.manaus.am.gov.br\/manauscult\/espaco-exclusivo-para-pcds\/","og_site_name":"MANAUSCULT","article_published_time":"2025-09-07T03:43:27+00:00","article_modified_time":"2025-09-07T03:43:28+00:00","og_image":[{"width":4160,"height":2774,"url":"https:\/\/www.manaus.am.gov.br\/manauscult\/wp-content\/uploads\/sites\/11\/2025\/09\/WhatsApp-Image-2025-09-06-at-22.56.16.jpeg","type":"image\/jpeg"}],"author":"bvalente","twitter_card":"summary_large_image","twitter_misc":{"Written by":"bvalente","Est. reading time":"3 minutos"},"schema":{"@context":"https:\/\/schema.org","@graph":[{"@type":"WebPage","@id":"https:\/\/www.manaus.am.gov.br\/manauscult\/espaco-exclusivo-para-pcds\/","url":"https:\/\/www.manaus.am.gov.br\/manauscult\/espaco-exclusivo-para-pcds\/","name":"Prefeitura de Manaus garante espa\u00e7o exclusivo para PcDs no palco Malcher do \u2018#SouManaus 2025\u2019\u00a0","isPartOf":{"@id":"https:\/\/www.manaus.am.gov.br\/manauscult\/#website"},"primaryImageOfPage":{"@id":"https:\/\/www.manaus.am.gov.br\/manauscult\/espaco-exclusivo-para-pcds\/#primaryimage"},"image":{"@id":"https:\/\/www.manaus.am.gov.br\/manauscult\/espaco-exclusivo-para-pcds\/#primaryimage"},"thumbnailUrl":"https:\/\/www.manaus.am.gov.br\/manauscult\/wp-content\/uploads\/sites\/11\/2025\/09\/WhatsApp-Image-2025-09-06-at-22.56.16.jpeg","datePublished":"2025-09-07T03:43:27+00:00","dateModified":"2025-09-07T03:43:28+00:00","author":{"@id":"https:\/\/www.manaus.am.gov.br\/manauscult\/#\/schema\/person\/466a0e03ae4b6062809046bd560ac955"},"description":"A Prefeitura de Manaus, por meio da Funda\u00e7\u00e3o Municipal de Cultura, Turismo e Eventos (ManausCult), em parceria com a Secretaria Municipal da Mulher, Assist\u00eancia Social e Cidadania (Semasc), deu continuidade, neste s\u00e1bado, 6\/9, \u00e0 recep\u00e7\u00e3o das Pessoas com Defici\u00eancia (PcDs) no maior festival de artes integradas do Brasil, o \u201c#SouManaus Passo a Pa\u00e7o 2025\u201d.","breadcrumb":{"@id":"https:\/\/www.manaus.am.gov.br\/manauscult\/espaco-exclusivo-para-pcds\/#breadcrumb"},"inLanguage":"pt-BR","potentialAction":[{"@type":"ReadAction","target":["https:\/\/www.manaus.am.gov.br\/manauscult\/espaco-exclusivo-para-pcds\/"]}]},{"@type":"ImageObject","inLanguage":"pt-BR","@id":"https:\/\/www.manaus.am.gov.br\/manauscult\/espaco-exclusivo-para-pcds\/#primaryimage","url":"https:\/\/www.manaus.am.gov.br\/manauscult\/wp-content\/uploads\/sites\/11\/2025\/09\/WhatsApp-Image-2025-09-06-at-22.56.16.jpeg","contentUrl":"https:\/\/www.manaus.am.gov.br\/manauscult\/wp-content\/uploads\/sites\/11\/2025\/09\/WhatsApp-Image-2025-09-06-at-22.56.16.jpeg","width":4160,"height":2774},{"@type":"BreadcrumbList","@id":"https:\/\/www.manaus.am.gov.br\/manauscult\/espaco-exclusivo-para-pcds\/#breadcrumb","itemListElement":[{"@type":"ListItem","position":1,"name":"Home","item":"https:\/\/www.manaus.am.gov.br\/manauscult\/"},{"@type":"ListItem","position":2,"name":"Prefeitura de Manaus garante espa\u00e7o exclusivo para PcDs no palco Malcher do \u2018#SouManaus 2025\u2019\u00a0"}]},{"@type":"WebSite","@id":"https:\/\/www.manaus.am.gov.br\/manauscult\/#website","url":"https:\/\/www.manaus.am.gov.br\/manauscult\/","name":"MANAUSCULT","description":"Prefeitura de Manaus","potentialAction":[{"@type":"SearchAction","target":{"@type":"EntryPoint","urlTemplate":"https:\/\/www.manaus.am.gov.br\/manauscult\/?s={search_term_string}"},"query-input":"required name=search_term_string"}],"inLanguage":"pt-BR"},{"@type":"Person","@id":"https:\/\/www.manaus.am.gov.br\/manauscult\/#\/schema\/person\/466a0e03ae4b6062809046bd560ac955","name":"bvalente","image":{"@type":"ImageObject","inLanguage":"pt-BR","@id":"https:\/\/www.manaus.am.gov.br\/manauscult\/#\/schema\/person\/image\/","url":"https:\/\/secure.gravatar.com\/avatar\/3e69bc2b014bdad41adfec3a39de07d2?s=96&d=mm&r=g","contentUrl":"https:\/\/secure.gravatar.com\/avatar\/3e69bc2b014bdad41adfec3a39de07d2?s=96&d=mm&r=g","caption":"bvalente"}}]}},"_links":{"self":[{"href":"https:\/\/www.manaus.am.gov.br\/manauscult\/wp-json\/wp\/v2\/posts\/4595"}],"collection":[{"href":"https:\/\/www.manaus.am.gov.br\/manauscult\/wp-json\/wp\/v2\/posts"}],"about":[{"href":"https:\/\/www.manaus.am.gov.br\/manauscult\/wp-json\/wp\/v2\/types\/post"}],"author":[{"embeddable":true,"href":"https:\/\/www.manaus.am.gov.br\/manauscult\/wp-json\/wp\/v2\/users\/68"}],"replies":[{"embeddable":true,"href":"https:\/\/www.manaus.am.gov.br\/manauscult\/wp-json\/wp\/v2\/comments?post=4595"}],"version-history":[{"count":0,"href":"https:\/\/www.manaus.am.gov.br\/manauscult\/wp-json\/wp\/v2\/posts\/4595\/revisions"}],"wp:featuredmedia":[{"embeddable":true,"href":"https:\/\/www.manaus.am.gov.br\/manauscult\/wp-json\/wp\/v2\/media\/4596"}],"wp:attachment":[{"href":"https:\/\/www.manaus.am.gov.br\/manauscult\/wp-json\/wp\/v2\/media?parent=4595"}],"wp:term":[{"taxonomy":"category","embeddable":true,"href":"https:\/\/www.manaus.am.gov.br\/manauscult\/wp-json\/wp\/v2\/categories?post=4595"},{"taxonomy":"post_tag","embeddable":true,"href":"https:\/\/www.manaus.am.gov.br\/manauscult\/wp-json\/wp\/v2\/tags?post=4595"}],"curies":[{"name":"wp","href":"https:\/\/api.w.org\/{rel}","templated":true}]}}