{"id":4583,"date":"2025-09-06T19:59:50","date_gmt":"2025-09-06T23:59:50","guid":{"rendered":"https:\/\/www.manaus.am.gov.br\/manauscult\/soumanaus-2025-conquista-publico-e-turistas\/"},"modified":"2025-09-06T19:59:50","modified_gmt":"2025-09-06T23:59:50","slug":"soumanaus-2025-conquista-publico-e-turistas","status":"publish","type":"post","link":"https:\/\/www.manaus.am.gov.br\/manauscult\/soumanaus-2025-conquista-publico-e-turistas\/","title":{"rendered":"Com pre\u00e7os acess\u00edveis e sabores regionais, \u2018#SouManaus 2025\u2019 conquista p\u00fablico e turistas"},"content":{"rendered":"\n<p>Com uma rica variedade de card\u00e1pios e produtos artesanais regionais, a Prefeitura de Manaus, por meio da Funda\u00e7\u00e3o Municipal de Cultura, Turismo e Eventos (ManausCult), deu continuidade, neste s\u00e1bado, 6\/9, ao \u201c#SouManaus 2025\u201d. Realizado no centro hist\u00f3rico, o evento conta com barracas, food trucks, al\u00e9m de um espa\u00e7o dedicado ao artesanato e \u00e0 Economia Criativa, e em apenas dois dias, j\u00e1 atraiu mais de 10 mil pessoas.<\/p>\n\n\n\n<p>Neste ano, o \u201c#SouManaus\u201d tem atra\u00eddo turistas de todo o Brasil e do mundo, com uma das principais atra\u00e7\u00f5es sendo a rica e diversificada culin\u00e1ria regional, que vai de pratos tradicionais a cria\u00e7\u00f5es inovadoras de chefs locais. O Festival Gastron\u00f4mico re\u00fane cerca de 95 pontos de venda, entre eles 32 barracas com op\u00e7\u00f5es tanto da gastronomia gourmet e tradicional quanto food trucks e alternativas da culin\u00e1ria criativa.<\/p>\n\n\n\n<p>A merendeira Elita Assis, de 51 anos, elogiou o evento por ser acess\u00edvel e proporcionar uma festa de qualidade para os amazonenses, especialmente aqueles que procuram por comidas com pre\u00e7os acess\u00edveis. \u201cA comida est\u00e1 uma del\u00edcia, tem para todos os gostos, e os pre\u00e7os s\u00e3o \u00f3timos, variando de R$ 10 a R$ 25, o que cabe no bolso de qualquer um\u201d, disse Elita Assis.<br><br><\/p>\n\n\n\n<figure class=\"wp-block-image size-full\"><img loading=\"lazy\" decoding=\"async\" width=\"4160\" height=\"2774\" src=\"https:\/\/www.manaus.am.gov.br\/manauscult\/wp-content\/uploads\/sites\/11\/2025\/09\/Com-precos-acessiveis-e-sabores-regionais-\u2018SouManaus-2025-conquista-publico-e-turistas-2.jpeg\" alt=\"\" class=\"wp-image-4585\" srcset=\"https:\/\/www.manaus.am.gov.br\/manauscult\/wp-content\/uploads\/sites\/11\/2025\/09\/Com-precos-acessiveis-e-sabores-regionais-\u2018SouManaus-2025-conquista-publico-e-turistas-2.jpeg 4160w, https:\/\/www.manaus.am.gov.br\/manauscult\/wp-content\/uploads\/sites\/11\/2025\/09\/Com-precos-acessiveis-e-sabores-regionais-\u2018SouManaus-2025-conquista-publico-e-turistas-2-300x200.jpeg 300w, https:\/\/www.manaus.am.gov.br\/manauscult\/wp-content\/uploads\/sites\/11\/2025\/09\/Com-precos-acessiveis-e-sabores-regionais-\u2018SouManaus-2025-conquista-publico-e-turistas-2-1024x683.jpeg 1024w, https:\/\/www.manaus.am.gov.br\/manauscult\/wp-content\/uploads\/sites\/11\/2025\/09\/Com-precos-acessiveis-e-sabores-regionais-\u2018SouManaus-2025-conquista-publico-e-turistas-2-768x512.jpeg 768w, https:\/\/www.manaus.am.gov.br\/manauscult\/wp-content\/uploads\/sites\/11\/2025\/09\/Com-precos-acessiveis-e-sabores-regionais-\u2018SouManaus-2025-conquista-publico-e-turistas-2-1536x1024.jpeg 1536w, https:\/\/www.manaus.am.gov.br\/manauscult\/wp-content\/uploads\/sites\/11\/2025\/09\/Com-precos-acessiveis-e-sabores-regionais-\u2018SouManaus-2025-conquista-publico-e-turistas-2-2048x1366.jpeg 2048w\" sizes=\"(max-width: 4160px) 100vw, 4160px\" \/><\/figure>\n\n\n\n<p><strong>Vitrine para o artesanato<\/strong><\/p>\n\n\n\n<p>Al\u00e9m da m\u00fasica, gastronomia e interven\u00e7\u00f5es culturais, o \u201c#SouManaus 2025\u201d tamb\u00e9m se destaca como uma grande vitrine para o artesanato e a economia criativa local. Este ano, a feira conta com a participa\u00e7\u00e3o de grupos como o RecicloLab, que re\u00fane 24 artes\u00e3os e empreendedores de diferentes segmentos, desde o a\u00e7o trabalhado at\u00e9 o artesanato ind\u00edgena.<\/p>\n\n\n\n<figure class=\"wp-block-image size-large is-resized\"><img loading=\"lazy\" decoding=\"async\" width=\"683\" height=\"1024\" src=\"https:\/\/www.manaus.am.gov.br\/manauscult\/wp-content\/uploads\/sites\/11\/2025\/09\/Com-precos-acessiveis-e-sabores-regionais-\u2018SouManaus-2025-conquista-publico-e-turistas-5-683x1024.jpeg\" alt=\"\" class=\"wp-image-4584\" style=\"width:518px;height:auto\" srcset=\"https:\/\/www.manaus.am.gov.br\/manauscult\/wp-content\/uploads\/sites\/11\/2025\/09\/Com-precos-acessiveis-e-sabores-regionais-\u2018SouManaus-2025-conquista-publico-e-turistas-5-683x1024.jpeg 683w, https:\/\/www.manaus.am.gov.br\/manauscult\/wp-content\/uploads\/sites\/11\/2025\/09\/Com-precos-acessiveis-e-sabores-regionais-\u2018SouManaus-2025-conquista-publico-e-turistas-5-200x300.jpeg 200w, https:\/\/www.manaus.am.gov.br\/manauscult\/wp-content\/uploads\/sites\/11\/2025\/09\/Com-precos-acessiveis-e-sabores-regionais-\u2018SouManaus-2025-conquista-publico-e-turistas-5-768x1152.jpeg 768w, https:\/\/www.manaus.am.gov.br\/manauscult\/wp-content\/uploads\/sites\/11\/2025\/09\/Com-precos-acessiveis-e-sabores-regionais-\u2018SouManaus-2025-conquista-publico-e-turistas-5-1024x1536.jpeg 1024w, https:\/\/www.manaus.am.gov.br\/manauscult\/wp-content\/uploads\/sites\/11\/2025\/09\/Com-precos-acessiveis-e-sabores-regionais-\u2018SouManaus-2025-conquista-publico-e-turistas-5-1366x2048.jpeg 1366w\" sizes=\"(max-width: 683px) 100vw, 683px\" \/><\/figure>\n\n\n\n<p>De acordo com a representante do coletivo, Karla Soares, de 45 anos, o evento tem sido uma oportunidade valiosa de gera\u00e7\u00e3o de emprego e renda para quem vive do pr\u00f3prio trabalho. \u201cEstamos aqui dando suporte e ajudando a divulgar as marcas desses artes\u00e3os. Muitos dependem dessas vendas para complementar ou garantir sua renda, e o evento oferece exatamente isso, visibilidade, oportunidade e valoriza\u00e7\u00e3o\u201d, afirmou a coordenadora.&nbsp;<\/p>\n\n\n\n<p>\u2014 \u2014 \u2014<br><strong>Texto &#8211; <\/strong>Thalia Rodrigues \/ Semcom<br><strong>Fotos &#8211;\u00a0<\/strong>Divulga\u00e7\u00e3o \/ Semcom<\/p>\n","protected":false},"excerpt":{"rendered":"","protected":false},"author":68,"featured_media":4587,"comment_status":"closed","ping_status":"closed","sticky":false,"template":"","format":"standard","meta":{"footnotes":""},"categories":[1203],"tags":[1664,1665,11],"acf":[],"yoast_head":"<!-- This site is optimized with the Yoast SEO plugin v23.0 - https:\/\/yoast.com\/wordpress\/plugins\/seo\/ -->\n<title>Com pre\u00e7os acess\u00edveis e sabores regionais, \u2018#SouManaus 2025\u2019 conquista p\u00fablico e turistas<\/title>\n<meta name=\"description\" content=\"Com uma rica variedade de card\u00e1pios e produtos artesanais regionais, a Prefeitura de Manaus, por meio da Funda\u00e7\u00e3o Municipal de Cultura, Turismo e Eventos (ManausCult), deu continuidade, neste s\u00e1bado, 6\/9, ao \u201c#SouManaus 2025\u201d. Realizado no centro hist\u00f3rico, o evento conta com barracas, food trucks, al\u00e9m de um espa\u00e7o dedicado ao artesanato e \u00e0 Economia Criativa, e em apenas dois dias, j\u00e1 atraiu mais de 10 mil pessoas.\" \/>\n<meta name=\"robots\" content=\"noindex, follow\" \/>\n<meta property=\"og:locale\" content=\"pt_BR\" \/>\n<meta property=\"og:type\" content=\"article\" \/>\n<meta property=\"og:title\" content=\"Com pre\u00e7os acess\u00edveis e sabores regionais, \u2018#SouManaus 2025\u2019 conquista p\u00fablico e turistas\" \/>\n<meta property=\"og:description\" content=\"Com uma rica variedade de card\u00e1pios e produtos artesanais regionais, a Prefeitura de Manaus, por meio da Funda\u00e7\u00e3o Municipal de Cultura, Turismo e Eventos (ManausCult), deu continuidade, neste s\u00e1bado, 6\/9, ao \u201c#SouManaus 2025\u201d. Realizado no centro hist\u00f3rico, o evento conta com barracas, food trucks, al\u00e9m de um espa\u00e7o dedicado ao artesanato e \u00e0 Economia Criativa, e em apenas dois dias, j\u00e1 atraiu mais de 10 mil pessoas.\" \/>\n<meta property=\"og:url\" content=\"https:\/\/www.manaus.am.gov.br\/manauscult\/soumanaus-2025-conquista-publico-e-turistas\/\" \/>\n<meta property=\"og:site_name\" content=\"MANAUSCULT\" \/>\n<meta property=\"article:published_time\" content=\"2025-09-06T23:59:50+00:00\" \/>\n<meta property=\"og:image\" content=\"https:\/\/www.manaus.am.gov.br\/manauscult\/wp-content\/uploads\/sites\/11\/2025\/09\/Com-precos-acessiveis-e-sabores-regionais-\u2018SouManaus-2025-conquista-publico-e-turistas-4.jpg\" \/>\n\t<meta property=\"og:image:width\" content=\"799\" \/>\n\t<meta property=\"og:image:height\" content=\"533\" \/>\n\t<meta property=\"og:image:type\" content=\"image\/jpeg\" \/>\n<meta name=\"author\" content=\"bvalente\" \/>\n<meta name=\"twitter:card\" content=\"summary_large_image\" \/>\n<meta name=\"twitter:label1\" content=\"Written by\" \/>\n\t<meta name=\"twitter:data1\" content=\"bvalente\" \/>\n\t<meta name=\"twitter:label2\" content=\"Est. reading time\" \/>\n\t<meta name=\"twitter:data2\" content=\"3 minutos\" \/>\n<script type=\"application\/ld+json\" class=\"yoast-schema-graph\">{\"@context\":\"https:\/\/schema.org\",\"@graph\":[{\"@type\":\"WebPage\",\"@id\":\"https:\/\/www.manaus.am.gov.br\/manauscult\/soumanaus-2025-conquista-publico-e-turistas\/\",\"url\":\"https:\/\/www.manaus.am.gov.br\/manauscult\/soumanaus-2025-conquista-publico-e-turistas\/\",\"name\":\"Com pre\u00e7os acess\u00edveis e sabores regionais, \u2018#SouManaus 2025\u2019 conquista p\u00fablico e turistas\",\"isPartOf\":{\"@id\":\"https:\/\/www.manaus.am.gov.br\/manauscult\/#website\"},\"primaryImageOfPage\":{\"@id\":\"https:\/\/www.manaus.am.gov.br\/manauscult\/soumanaus-2025-conquista-publico-e-turistas\/#primaryimage\"},\"image\":{\"@id\":\"https:\/\/www.manaus.am.gov.br\/manauscult\/soumanaus-2025-conquista-publico-e-turistas\/#primaryimage\"},\"thumbnailUrl\":\"https:\/\/www.manaus.am.gov.br\/manauscult\/wp-content\/uploads\/sites\/11\/2025\/09\/Com-precos-acessiveis-e-sabores-regionais-\u2018SouManaus-2025-conquista-publico-e-turistas-4.jpg\",\"datePublished\":\"2025-09-06T23:59:50+00:00\",\"dateModified\":\"2025-09-06T23:59:50+00:00\",\"author\":{\"@id\":\"https:\/\/www.manaus.am.gov.br\/manauscult\/#\/schema\/person\/466a0e03ae4b6062809046bd560ac955\"},\"description\":\"Com uma rica variedade de card\u00e1pios e produtos artesanais regionais, a Prefeitura de Manaus, por meio da Funda\u00e7\u00e3o Municipal de Cultura, Turismo e Eventos (ManausCult), deu continuidade, neste s\u00e1bado, 6\/9, ao \u201c#SouManaus 2025\u201d. Realizado no centro hist\u00f3rico, o evento conta com barracas, food trucks, al\u00e9m de um espa\u00e7o dedicado ao artesanato e \u00e0 Economia Criativa, e em apenas dois dias, j\u00e1 atraiu mais de 10 mil pessoas.\",\"breadcrumb\":{\"@id\":\"https:\/\/www.manaus.am.gov.br\/manauscult\/soumanaus-2025-conquista-publico-e-turistas\/#breadcrumb\"},\"inLanguage\":\"pt-BR\",\"potentialAction\":[{\"@type\":\"ReadAction\",\"target\":[\"https:\/\/www.manaus.am.gov.br\/manauscult\/soumanaus-2025-conquista-publico-e-turistas\/\"]}]},{\"@type\":\"ImageObject\",\"inLanguage\":\"pt-BR\",\"@id\":\"https:\/\/www.manaus.am.gov.br\/manauscult\/soumanaus-2025-conquista-publico-e-turistas\/#primaryimage\",\"url\":\"https:\/\/www.manaus.am.gov.br\/manauscult\/wp-content\/uploads\/sites\/11\/2025\/09\/Com-precos-acessiveis-e-sabores-regionais-\u2018SouManaus-2025-conquista-publico-e-turistas-4.jpg\",\"contentUrl\":\"https:\/\/www.manaus.am.gov.br\/manauscult\/wp-content\/uploads\/sites\/11\/2025\/09\/Com-precos-acessiveis-e-sabores-regionais-\u2018SouManaus-2025-conquista-publico-e-turistas-4.jpg\",\"width\":799,\"height\":533},{\"@type\":\"BreadcrumbList\",\"@id\":\"https:\/\/www.manaus.am.gov.br\/manauscult\/soumanaus-2025-conquista-publico-e-turistas\/#breadcrumb\",\"itemListElement\":[{\"@type\":\"ListItem\",\"position\":1,\"name\":\"Home\",\"item\":\"https:\/\/www.manaus.am.gov.br\/manauscult\/\"},{\"@type\":\"ListItem\",\"position\":2,\"name\":\"Com pre\u00e7os acess\u00edveis e sabores regionais, \u2018#SouManaus 2025\u2019 conquista p\u00fablico e turistas\"}]},{\"@type\":\"WebSite\",\"@id\":\"https:\/\/www.manaus.am.gov.br\/manauscult\/#website\",\"url\":\"https:\/\/www.manaus.am.gov.br\/manauscult\/\",\"name\":\"MANAUSCULT\",\"description\":\"Prefeitura de Manaus\",\"potentialAction\":[{\"@type\":\"SearchAction\",\"target\":{\"@type\":\"EntryPoint\",\"urlTemplate\":\"https:\/\/www.manaus.am.gov.br\/manauscult\/?s={search_term_string}\"},\"query-input\":\"required name=search_term_string\"}],\"inLanguage\":\"pt-BR\"},{\"@type\":\"Person\",\"@id\":\"https:\/\/www.manaus.am.gov.br\/manauscult\/#\/schema\/person\/466a0e03ae4b6062809046bd560ac955\",\"name\":\"bvalente\",\"image\":{\"@type\":\"ImageObject\",\"inLanguage\":\"pt-BR\",\"@id\":\"https:\/\/www.manaus.am.gov.br\/manauscult\/#\/schema\/person\/image\/\",\"url\":\"https:\/\/secure.gravatar.com\/avatar\/3e69bc2b014bdad41adfec3a39de07d2?s=96&d=mm&r=g\",\"contentUrl\":\"https:\/\/secure.gravatar.com\/avatar\/3e69bc2b014bdad41adfec3a39de07d2?s=96&d=mm&r=g\",\"caption\":\"bvalente\"}}]}<\/script>\n<!-- \/ Yoast SEO plugin. -->","yoast_head_json":{"title":"Com pre\u00e7os acess\u00edveis e sabores regionais, \u2018#SouManaus 2025\u2019 conquista p\u00fablico e turistas","description":"Com uma rica variedade de card\u00e1pios e produtos artesanais regionais, a Prefeitura de Manaus, por meio da Funda\u00e7\u00e3o Municipal de Cultura, Turismo e Eventos (ManausCult), deu continuidade, neste s\u00e1bado, 6\/9, ao \u201c#SouManaus 2025\u201d. Realizado no centro hist\u00f3rico, o evento conta com barracas, food trucks, al\u00e9m de um espa\u00e7o dedicado ao artesanato e \u00e0 Economia Criativa, e em apenas dois dias, j\u00e1 atraiu mais de 10 mil pessoas.","robots":{"index":"noindex","follow":"follow"},"og_locale":"pt_BR","og_type":"article","og_title":"Com pre\u00e7os acess\u00edveis e sabores regionais, \u2018#SouManaus 2025\u2019 conquista p\u00fablico e turistas","og_description":"Com uma rica variedade de card\u00e1pios e produtos artesanais regionais, a Prefeitura de Manaus, por meio da Funda\u00e7\u00e3o Municipal de Cultura, Turismo e Eventos (ManausCult), deu continuidade, neste s\u00e1bado, 6\/9, ao \u201c#SouManaus 2025\u201d. Realizado no centro hist\u00f3rico, o evento conta com barracas, food trucks, al\u00e9m de um espa\u00e7o dedicado ao artesanato e \u00e0 Economia Criativa, e em apenas dois dias, j\u00e1 atraiu mais de 10 mil pessoas.","og_url":"https:\/\/www.manaus.am.gov.br\/manauscult\/soumanaus-2025-conquista-publico-e-turistas\/","og_site_name":"MANAUSCULT","article_published_time":"2025-09-06T23:59:50+00:00","og_image":[{"width":799,"height":533,"url":"https:\/\/www.manaus.am.gov.br\/manauscult\/wp-content\/uploads\/sites\/11\/2025\/09\/Com-precos-acessiveis-e-sabores-regionais-\u2018SouManaus-2025-conquista-publico-e-turistas-4.jpg","type":"image\/jpeg"}],"author":"bvalente","twitter_card":"summary_large_image","twitter_misc":{"Written by":"bvalente","Est. reading time":"3 minutos"},"schema":{"@context":"https:\/\/schema.org","@graph":[{"@type":"WebPage","@id":"https:\/\/www.manaus.am.gov.br\/manauscult\/soumanaus-2025-conquista-publico-e-turistas\/","url":"https:\/\/www.manaus.am.gov.br\/manauscult\/soumanaus-2025-conquista-publico-e-turistas\/","name":"Com pre\u00e7os acess\u00edveis e sabores regionais, \u2018#SouManaus 2025\u2019 conquista p\u00fablico e turistas","isPartOf":{"@id":"https:\/\/www.manaus.am.gov.br\/manauscult\/#website"},"primaryImageOfPage":{"@id":"https:\/\/www.manaus.am.gov.br\/manauscult\/soumanaus-2025-conquista-publico-e-turistas\/#primaryimage"},"image":{"@id":"https:\/\/www.manaus.am.gov.br\/manauscult\/soumanaus-2025-conquista-publico-e-turistas\/#primaryimage"},"thumbnailUrl":"https:\/\/www.manaus.am.gov.br\/manauscult\/wp-content\/uploads\/sites\/11\/2025\/09\/Com-precos-acessiveis-e-sabores-regionais-\u2018SouManaus-2025-conquista-publico-e-turistas-4.jpg","datePublished":"2025-09-06T23:59:50+00:00","dateModified":"2025-09-06T23:59:50+00:00","author":{"@id":"https:\/\/www.manaus.am.gov.br\/manauscult\/#\/schema\/person\/466a0e03ae4b6062809046bd560ac955"},"description":"Com uma rica variedade de card\u00e1pios e produtos artesanais regionais, a Prefeitura de Manaus, por meio da Funda\u00e7\u00e3o Municipal de Cultura, Turismo e Eventos (ManausCult), deu continuidade, neste s\u00e1bado, 6\/9, ao \u201c#SouManaus 2025\u201d. Realizado no centro hist\u00f3rico, o evento conta com barracas, food trucks, al\u00e9m de um espa\u00e7o dedicado ao artesanato e \u00e0 Economia Criativa, e em apenas dois dias, j\u00e1 atraiu mais de 10 mil pessoas.","breadcrumb":{"@id":"https:\/\/www.manaus.am.gov.br\/manauscult\/soumanaus-2025-conquista-publico-e-turistas\/#breadcrumb"},"inLanguage":"pt-BR","potentialAction":[{"@type":"ReadAction","target":["https:\/\/www.manaus.am.gov.br\/manauscult\/soumanaus-2025-conquista-publico-e-turistas\/"]}]},{"@type":"ImageObject","inLanguage":"pt-BR","@id":"https:\/\/www.manaus.am.gov.br\/manauscult\/soumanaus-2025-conquista-publico-e-turistas\/#primaryimage","url":"https:\/\/www.manaus.am.gov.br\/manauscult\/wp-content\/uploads\/sites\/11\/2025\/09\/Com-precos-acessiveis-e-sabores-regionais-\u2018SouManaus-2025-conquista-publico-e-turistas-4.jpg","contentUrl":"https:\/\/www.manaus.am.gov.br\/manauscult\/wp-content\/uploads\/sites\/11\/2025\/09\/Com-precos-acessiveis-e-sabores-regionais-\u2018SouManaus-2025-conquista-publico-e-turistas-4.jpg","width":799,"height":533},{"@type":"BreadcrumbList","@id":"https:\/\/www.manaus.am.gov.br\/manauscult\/soumanaus-2025-conquista-publico-e-turistas\/#breadcrumb","itemListElement":[{"@type":"ListItem","position":1,"name":"Home","item":"https:\/\/www.manaus.am.gov.br\/manauscult\/"},{"@type":"ListItem","position":2,"name":"Com pre\u00e7os acess\u00edveis e sabores regionais, \u2018#SouManaus 2025\u2019 conquista p\u00fablico e turistas"}]},{"@type":"WebSite","@id":"https:\/\/www.manaus.am.gov.br\/manauscult\/#website","url":"https:\/\/www.manaus.am.gov.br\/manauscult\/","name":"MANAUSCULT","description":"Prefeitura de Manaus","potentialAction":[{"@type":"SearchAction","target":{"@type":"EntryPoint","urlTemplate":"https:\/\/www.manaus.am.gov.br\/manauscult\/?s={search_term_string}"},"query-input":"required name=search_term_string"}],"inLanguage":"pt-BR"},{"@type":"Person","@id":"https:\/\/www.manaus.am.gov.br\/manauscult\/#\/schema\/person\/466a0e03ae4b6062809046bd560ac955","name":"bvalente","image":{"@type":"ImageObject","inLanguage":"pt-BR","@id":"https:\/\/www.manaus.am.gov.br\/manauscult\/#\/schema\/person\/image\/","url":"https:\/\/secure.gravatar.com\/avatar\/3e69bc2b014bdad41adfec3a39de07d2?s=96&d=mm&r=g","contentUrl":"https:\/\/secure.gravatar.com\/avatar\/3e69bc2b014bdad41adfec3a39de07d2?s=96&d=mm&r=g","caption":"bvalente"}}]}},"_links":{"self":[{"href":"https:\/\/www.manaus.am.gov.br\/manauscult\/wp-json\/wp\/v2\/posts\/4583"}],"collection":[{"href":"https:\/\/www.manaus.am.gov.br\/manauscult\/wp-json\/wp\/v2\/posts"}],"about":[{"href":"https:\/\/www.manaus.am.gov.br\/manauscult\/wp-json\/wp\/v2\/types\/post"}],"author":[{"embeddable":true,"href":"https:\/\/www.manaus.am.gov.br\/manauscult\/wp-json\/wp\/v2\/users\/68"}],"replies":[{"embeddable":true,"href":"https:\/\/www.manaus.am.gov.br\/manauscult\/wp-json\/wp\/v2\/comments?post=4583"}],"version-history":[{"count":1,"href":"https:\/\/www.manaus.am.gov.br\/manauscult\/wp-json\/wp\/v2\/posts\/4583\/revisions"}],"predecessor-version":[{"id":4588,"href":"https:\/\/www.manaus.am.gov.br\/manauscult\/wp-json\/wp\/v2\/posts\/4583\/revisions\/4588"}],"wp:featuredmedia":[{"embeddable":true,"href":"https:\/\/www.manaus.am.gov.br\/manauscult\/wp-json\/wp\/v2\/media\/4587"}],"wp:attachment":[{"href":"https:\/\/www.manaus.am.gov.br\/manauscult\/wp-json\/wp\/v2\/media?parent=4583"}],"wp:term":[{"taxonomy":"category","embeddable":true,"href":"https:\/\/www.manaus.am.gov.br\/manauscult\/wp-json\/wp\/v2\/categories?post=4583"},{"taxonomy":"post_tag","embeddable":true,"href":"https:\/\/www.manaus.am.gov.br\/manauscult\/wp-json\/wp\/v2\/tags?post=4583"}],"curies":[{"name":"wp","href":"https:\/\/api.w.org\/{rel}","templated":true}]}}