{"id":4581,"date":"2025-09-06T19:53:43","date_gmt":"2025-09-06T23:53:43","guid":{"rendered":"https:\/\/www.manaus.am.gov.br\/manauscult\/mirante-lucia-almeida\/"},"modified":"2025-09-06T19:53:45","modified_gmt":"2025-09-06T23:53:45","slug":"mirante-lucia-almeida","status":"publish","type":"post","link":"https:\/\/www.manaus.am.gov.br\/manauscult\/mirante-lucia-almeida\/","title":{"rendered":"Mirante L\u00facia Almeida se destaca no segundo dia do \u2018#SouManaus Passo a Pa\u00e7o 2025\u2019"},"content":{"rendered":"\n<p>No segundo dia do #SouManaus Passo a Pa\u00e7o 2025\u201d, evento da prefeitura, o mirante L\u00facia Almeida registra intensa movimenta\u00e7\u00e3o, tornando-se um dos espa\u00e7os mais procurados pelos visitantes. Com vis\u00e3o privilegiada do palco Malcher, o mirante atrai p\u00fablico que busca assistir \u00e0s atra\u00e7\u00f5es com conforto, al\u00e9m de aproveitar a atmosfera cultural e o conv\u00edvio com outros espectadores.<br><br>A \u00e1rea tamb\u00e9m se destaca pela diversidade de op\u00e7\u00f5es comerciais, incluindo barracas de alimenta\u00e7\u00e3o, artesanato e servi\u00e7os, que registram fluxo constante de pessoas durante todo o dia.<br><br>A movimenta\u00e7\u00e3o refor\u00e7a o papel do mirante como polo de conviv\u00eancia e atividade econ\u00f4mica local, valorizando tanto o lazer quanto o com\u00e9rcio. \u201c\u00c9 um lugar que combina cultura, gastronomia e lazer, proporcionando uma experi\u00eancia completa para quem quer curtir o evento de forma confort\u00e1vel e privilegiada\u201d, comenta a telespectadora Lene Belo, enfatizando a atmosfera \u00fanica do espa\u00e7o.<br><br>Al\u00e9m de ser ponto de encontro do p\u00fablico, o mirante oferece conforto e proximidade com o palco, tornando-se refer\u00eancia dentro da programa\u00e7\u00e3o do \u201c#SouManaus Passo a Pa\u00e7o 2025\u201d.<br><br>A combina\u00e7\u00e3o de cultura, lazer e com\u00e9rcio faz do mirante L\u00facia Almeida um dos locais mais movimentados e apreciados durante o festival.<\/p>\n\n\n\n<p>\u2014 \u2014- \u2014-<\/p>\n\n\n\n<p><strong>Texto &#8211; <\/strong>Yasmin Ferreira \/Semcom<br><strong>Fotos &#8211;<\/strong> Luciano Vin\u00edcius \/Semcom<\/p>\n","protected":false},"excerpt":{"rendered":"","protected":false},"author":68,"featured_media":4582,"comment_status":"closed","ping_status":"closed","sticky":false,"template":"","format":"standard","meta":{"footnotes":""},"categories":[508],"tags":[1663,11],"acf":[],"yoast_head":"<!-- This site is optimized with the Yoast SEO plugin v23.0 - https:\/\/yoast.com\/wordpress\/plugins\/seo\/ -->\n<title>Mirante L\u00facia Almeida se destaca no segundo dia do \u2018#SouManaus Passo a Pa\u00e7o 2025\u2019<\/title>\n<meta name=\"description\" content=\"No segundo dia do #SouManaus Passo a Pa\u00e7o 2025\u201d, evento da prefeitura, o mirante L\u00facia Almeida registra intensa movimenta\u00e7\u00e3o, tornando-se um dos espa\u00e7os mais procurados pelos visitantes. Com vis\u00e3o privilegiada do palco Malcher, o mirante atrai p\u00fablico que busca assistir \u00e0s atra\u00e7\u00f5es com conforto, al\u00e9m de aproveitar a atmosfera cultural e o conv\u00edvio com outros espectadores.\" \/>\n<meta name=\"robots\" content=\"noindex, follow\" \/>\n<meta property=\"og:locale\" content=\"pt_BR\" \/>\n<meta property=\"og:type\" content=\"article\" \/>\n<meta property=\"og:title\" content=\"Mirante L\u00facia Almeida se destaca no segundo dia do \u2018#SouManaus Passo a Pa\u00e7o 2025\u2019\" \/>\n<meta property=\"og:description\" content=\"No segundo dia do #SouManaus Passo a Pa\u00e7o 2025\u201d, evento da prefeitura, o mirante L\u00facia Almeida registra intensa movimenta\u00e7\u00e3o, tornando-se um dos espa\u00e7os mais procurados pelos visitantes. Com vis\u00e3o privilegiada do palco Malcher, o mirante atrai p\u00fablico que busca assistir \u00e0s atra\u00e7\u00f5es com conforto, al\u00e9m de aproveitar a atmosfera cultural e o conv\u00edvio com outros espectadores.\" \/>\n<meta property=\"og:url\" content=\"https:\/\/www.manaus.am.gov.br\/manauscult\/mirante-lucia-almeida\/\" \/>\n<meta property=\"og:site_name\" content=\"MANAUSCULT\" \/>\n<meta property=\"article:published_time\" content=\"2025-09-06T23:53:43+00:00\" \/>\n<meta property=\"article:modified_time\" content=\"2025-09-06T23:53:45+00:00\" \/>\n<meta property=\"og:image\" content=\"https:\/\/www.manaus.am.gov.br\/manauscult\/wp-content\/uploads\/sites\/11\/2025\/09\/Mirante-Lucia-Almeida-se-destaca-no-segundo-dia-do-SouManaus-Passo-a-Paco-2025.jpeg\" \/>\n\t<meta property=\"og:image:width\" content=\"4160\" \/>\n\t<meta property=\"og:image:height\" content=\"2774\" \/>\n\t<meta property=\"og:image:type\" content=\"image\/jpeg\" \/>\n<meta name=\"author\" content=\"bvalente\" \/>\n<meta name=\"twitter:card\" content=\"summary_large_image\" \/>\n<meta name=\"twitter:label1\" content=\"Written by\" \/>\n\t<meta name=\"twitter:data1\" content=\"bvalente\" \/>\n\t<meta name=\"twitter:label2\" content=\"Est. reading time\" \/>\n\t<meta name=\"twitter:data2\" content=\"2 minutos\" \/>\n<script type=\"application\/ld+json\" class=\"yoast-schema-graph\">{\"@context\":\"https:\/\/schema.org\",\"@graph\":[{\"@type\":\"WebPage\",\"@id\":\"https:\/\/www.manaus.am.gov.br\/manauscult\/mirante-lucia-almeida\/\",\"url\":\"https:\/\/www.manaus.am.gov.br\/manauscult\/mirante-lucia-almeida\/\",\"name\":\"Mirante L\u00facia Almeida se destaca no segundo dia do \u2018#SouManaus Passo a Pa\u00e7o 2025\u2019\",\"isPartOf\":{\"@id\":\"https:\/\/www.manaus.am.gov.br\/manauscult\/#website\"},\"primaryImageOfPage\":{\"@id\":\"https:\/\/www.manaus.am.gov.br\/manauscult\/mirante-lucia-almeida\/#primaryimage\"},\"image\":{\"@id\":\"https:\/\/www.manaus.am.gov.br\/manauscult\/mirante-lucia-almeida\/#primaryimage\"},\"thumbnailUrl\":\"https:\/\/www.manaus.am.gov.br\/manauscult\/wp-content\/uploads\/sites\/11\/2025\/09\/Mirante-Lucia-Almeida-se-destaca-no-segundo-dia-do-SouManaus-Passo-a-Paco-2025.jpeg\",\"datePublished\":\"2025-09-06T23:53:43+00:00\",\"dateModified\":\"2025-09-06T23:53:45+00:00\",\"author\":{\"@id\":\"https:\/\/www.manaus.am.gov.br\/manauscult\/#\/schema\/person\/466a0e03ae4b6062809046bd560ac955\"},\"description\":\"No segundo dia do #SouManaus Passo a Pa\u00e7o 2025\u201d, evento da prefeitura, o mirante L\u00facia Almeida registra intensa movimenta\u00e7\u00e3o, tornando-se um dos espa\u00e7os mais procurados pelos visitantes. Com vis\u00e3o privilegiada do palco Malcher, o mirante atrai p\u00fablico que busca assistir \u00e0s atra\u00e7\u00f5es com conforto, al\u00e9m de aproveitar a atmosfera cultural e o conv\u00edvio com outros espectadores.\",\"breadcrumb\":{\"@id\":\"https:\/\/www.manaus.am.gov.br\/manauscult\/mirante-lucia-almeida\/#breadcrumb\"},\"inLanguage\":\"pt-BR\",\"potentialAction\":[{\"@type\":\"ReadAction\",\"target\":[\"https:\/\/www.manaus.am.gov.br\/manauscult\/mirante-lucia-almeida\/\"]}]},{\"@type\":\"ImageObject\",\"inLanguage\":\"pt-BR\",\"@id\":\"https:\/\/www.manaus.am.gov.br\/manauscult\/mirante-lucia-almeida\/#primaryimage\",\"url\":\"https:\/\/www.manaus.am.gov.br\/manauscult\/wp-content\/uploads\/sites\/11\/2025\/09\/Mirante-Lucia-Almeida-se-destaca-no-segundo-dia-do-SouManaus-Passo-a-Paco-2025.jpeg\",\"contentUrl\":\"https:\/\/www.manaus.am.gov.br\/manauscult\/wp-content\/uploads\/sites\/11\/2025\/09\/Mirante-Lucia-Almeida-se-destaca-no-segundo-dia-do-SouManaus-Passo-a-Paco-2025.jpeg\",\"width\":4160,\"height\":2774},{\"@type\":\"BreadcrumbList\",\"@id\":\"https:\/\/www.manaus.am.gov.br\/manauscult\/mirante-lucia-almeida\/#breadcrumb\",\"itemListElement\":[{\"@type\":\"ListItem\",\"position\":1,\"name\":\"Home\",\"item\":\"https:\/\/www.manaus.am.gov.br\/manauscult\/\"},{\"@type\":\"ListItem\",\"position\":2,\"name\":\"Mirante L\u00facia Almeida se destaca no segundo dia do \u2018#SouManaus Passo a Pa\u00e7o 2025\u2019\"}]},{\"@type\":\"WebSite\",\"@id\":\"https:\/\/www.manaus.am.gov.br\/manauscult\/#website\",\"url\":\"https:\/\/www.manaus.am.gov.br\/manauscult\/\",\"name\":\"MANAUSCULT\",\"description\":\"Prefeitura de Manaus\",\"potentialAction\":[{\"@type\":\"SearchAction\",\"target\":{\"@type\":\"EntryPoint\",\"urlTemplate\":\"https:\/\/www.manaus.am.gov.br\/manauscult\/?s={search_term_string}\"},\"query-input\":\"required name=search_term_string\"}],\"inLanguage\":\"pt-BR\"},{\"@type\":\"Person\",\"@id\":\"https:\/\/www.manaus.am.gov.br\/manauscult\/#\/schema\/person\/466a0e03ae4b6062809046bd560ac955\",\"name\":\"bvalente\",\"image\":{\"@type\":\"ImageObject\",\"inLanguage\":\"pt-BR\",\"@id\":\"https:\/\/www.manaus.am.gov.br\/manauscult\/#\/schema\/person\/image\/\",\"url\":\"https:\/\/secure.gravatar.com\/avatar\/3e69bc2b014bdad41adfec3a39de07d2?s=96&d=mm&r=g\",\"contentUrl\":\"https:\/\/secure.gravatar.com\/avatar\/3e69bc2b014bdad41adfec3a39de07d2?s=96&d=mm&r=g\",\"caption\":\"bvalente\"}}]}<\/script>\n<!-- \/ Yoast SEO plugin. -->","yoast_head_json":{"title":"Mirante L\u00facia Almeida se destaca no segundo dia do \u2018#SouManaus Passo a Pa\u00e7o 2025\u2019","description":"No segundo dia do #SouManaus Passo a Pa\u00e7o 2025\u201d, evento da prefeitura, o mirante L\u00facia Almeida registra intensa movimenta\u00e7\u00e3o, tornando-se um dos espa\u00e7os mais procurados pelos visitantes. Com vis\u00e3o privilegiada do palco Malcher, o mirante atrai p\u00fablico que busca assistir \u00e0s atra\u00e7\u00f5es com conforto, al\u00e9m de aproveitar a atmosfera cultural e o conv\u00edvio com outros espectadores.","robots":{"index":"noindex","follow":"follow"},"og_locale":"pt_BR","og_type":"article","og_title":"Mirante L\u00facia Almeida se destaca no segundo dia do \u2018#SouManaus Passo a Pa\u00e7o 2025\u2019","og_description":"No segundo dia do #SouManaus Passo a Pa\u00e7o 2025\u201d, evento da prefeitura, o mirante L\u00facia Almeida registra intensa movimenta\u00e7\u00e3o, tornando-se um dos espa\u00e7os mais procurados pelos visitantes. Com vis\u00e3o privilegiada do palco Malcher, o mirante atrai p\u00fablico que busca assistir \u00e0s atra\u00e7\u00f5es com conforto, al\u00e9m de aproveitar a atmosfera cultural e o conv\u00edvio com outros espectadores.","og_url":"https:\/\/www.manaus.am.gov.br\/manauscult\/mirante-lucia-almeida\/","og_site_name":"MANAUSCULT","article_published_time":"2025-09-06T23:53:43+00:00","article_modified_time":"2025-09-06T23:53:45+00:00","og_image":[{"width":4160,"height":2774,"url":"https:\/\/www.manaus.am.gov.br\/manauscult\/wp-content\/uploads\/sites\/11\/2025\/09\/Mirante-Lucia-Almeida-se-destaca-no-segundo-dia-do-SouManaus-Passo-a-Paco-2025.jpeg","type":"image\/jpeg"}],"author":"bvalente","twitter_card":"summary_large_image","twitter_misc":{"Written by":"bvalente","Est. reading time":"2 minutos"},"schema":{"@context":"https:\/\/schema.org","@graph":[{"@type":"WebPage","@id":"https:\/\/www.manaus.am.gov.br\/manauscult\/mirante-lucia-almeida\/","url":"https:\/\/www.manaus.am.gov.br\/manauscult\/mirante-lucia-almeida\/","name":"Mirante L\u00facia Almeida se destaca no segundo dia do \u2018#SouManaus Passo a Pa\u00e7o 2025\u2019","isPartOf":{"@id":"https:\/\/www.manaus.am.gov.br\/manauscult\/#website"},"primaryImageOfPage":{"@id":"https:\/\/www.manaus.am.gov.br\/manauscult\/mirante-lucia-almeida\/#primaryimage"},"image":{"@id":"https:\/\/www.manaus.am.gov.br\/manauscult\/mirante-lucia-almeida\/#primaryimage"},"thumbnailUrl":"https:\/\/www.manaus.am.gov.br\/manauscult\/wp-content\/uploads\/sites\/11\/2025\/09\/Mirante-Lucia-Almeida-se-destaca-no-segundo-dia-do-SouManaus-Passo-a-Paco-2025.jpeg","datePublished":"2025-09-06T23:53:43+00:00","dateModified":"2025-09-06T23:53:45+00:00","author":{"@id":"https:\/\/www.manaus.am.gov.br\/manauscult\/#\/schema\/person\/466a0e03ae4b6062809046bd560ac955"},"description":"No segundo dia do #SouManaus Passo a Pa\u00e7o 2025\u201d, evento da prefeitura, o mirante L\u00facia Almeida registra intensa movimenta\u00e7\u00e3o, tornando-se um dos espa\u00e7os mais procurados pelos visitantes. Com vis\u00e3o privilegiada do palco Malcher, o mirante atrai p\u00fablico que busca assistir \u00e0s atra\u00e7\u00f5es com conforto, al\u00e9m de aproveitar a atmosfera cultural e o conv\u00edvio com outros espectadores.","breadcrumb":{"@id":"https:\/\/www.manaus.am.gov.br\/manauscult\/mirante-lucia-almeida\/#breadcrumb"},"inLanguage":"pt-BR","potentialAction":[{"@type":"ReadAction","target":["https:\/\/www.manaus.am.gov.br\/manauscult\/mirante-lucia-almeida\/"]}]},{"@type":"ImageObject","inLanguage":"pt-BR","@id":"https:\/\/www.manaus.am.gov.br\/manauscult\/mirante-lucia-almeida\/#primaryimage","url":"https:\/\/www.manaus.am.gov.br\/manauscult\/wp-content\/uploads\/sites\/11\/2025\/09\/Mirante-Lucia-Almeida-se-destaca-no-segundo-dia-do-SouManaus-Passo-a-Paco-2025.jpeg","contentUrl":"https:\/\/www.manaus.am.gov.br\/manauscult\/wp-content\/uploads\/sites\/11\/2025\/09\/Mirante-Lucia-Almeida-se-destaca-no-segundo-dia-do-SouManaus-Passo-a-Paco-2025.jpeg","width":4160,"height":2774},{"@type":"BreadcrumbList","@id":"https:\/\/www.manaus.am.gov.br\/manauscult\/mirante-lucia-almeida\/#breadcrumb","itemListElement":[{"@type":"ListItem","position":1,"name":"Home","item":"https:\/\/www.manaus.am.gov.br\/manauscult\/"},{"@type":"ListItem","position":2,"name":"Mirante L\u00facia Almeida se destaca no segundo dia do \u2018#SouManaus Passo a Pa\u00e7o 2025\u2019"}]},{"@type":"WebSite","@id":"https:\/\/www.manaus.am.gov.br\/manauscult\/#website","url":"https:\/\/www.manaus.am.gov.br\/manauscult\/","name":"MANAUSCULT","description":"Prefeitura de Manaus","potentialAction":[{"@type":"SearchAction","target":{"@type":"EntryPoint","urlTemplate":"https:\/\/www.manaus.am.gov.br\/manauscult\/?s={search_term_string}"},"query-input":"required name=search_term_string"}],"inLanguage":"pt-BR"},{"@type":"Person","@id":"https:\/\/www.manaus.am.gov.br\/manauscult\/#\/schema\/person\/466a0e03ae4b6062809046bd560ac955","name":"bvalente","image":{"@type":"ImageObject","inLanguage":"pt-BR","@id":"https:\/\/www.manaus.am.gov.br\/manauscult\/#\/schema\/person\/image\/","url":"https:\/\/secure.gravatar.com\/avatar\/3e69bc2b014bdad41adfec3a39de07d2?s=96&d=mm&r=g","contentUrl":"https:\/\/secure.gravatar.com\/avatar\/3e69bc2b014bdad41adfec3a39de07d2?s=96&d=mm&r=g","caption":"bvalente"}}]}},"_links":{"self":[{"href":"https:\/\/www.manaus.am.gov.br\/manauscult\/wp-json\/wp\/v2\/posts\/4581"}],"collection":[{"href":"https:\/\/www.manaus.am.gov.br\/manauscult\/wp-json\/wp\/v2\/posts"}],"about":[{"href":"https:\/\/www.manaus.am.gov.br\/manauscult\/wp-json\/wp\/v2\/types\/post"}],"author":[{"embeddable":true,"href":"https:\/\/www.manaus.am.gov.br\/manauscult\/wp-json\/wp\/v2\/users\/68"}],"replies":[{"embeddable":true,"href":"https:\/\/www.manaus.am.gov.br\/manauscult\/wp-json\/wp\/v2\/comments?post=4581"}],"version-history":[{"count":0,"href":"https:\/\/www.manaus.am.gov.br\/manauscult\/wp-json\/wp\/v2\/posts\/4581\/revisions"}],"wp:featuredmedia":[{"embeddable":true,"href":"https:\/\/www.manaus.am.gov.br\/manauscult\/wp-json\/wp\/v2\/media\/4582"}],"wp:attachment":[{"href":"https:\/\/www.manaus.am.gov.br\/manauscult\/wp-json\/wp\/v2\/media?parent=4581"}],"wp:term":[{"taxonomy":"category","embeddable":true,"href":"https:\/\/www.manaus.am.gov.br\/manauscult\/wp-json\/wp\/v2\/categories?post=4581"},{"taxonomy":"post_tag","embeddable":true,"href":"https:\/\/www.manaus.am.gov.br\/manauscult\/wp-json\/wp\/v2\/tags?post=4581"}],"curies":[{"name":"wp","href":"https:\/\/api.w.org\/{rel}","templated":true}]}}