{"id":4570,"date":"2025-09-06T02:11:07","date_gmt":"2025-09-06T06:11:07","guid":{"rendered":"https:\/\/www.manaus.am.gov.br\/manauscult\/louvor-e-adoracao-soumanaus\/"},"modified":"2025-09-06T02:11:09","modified_gmt":"2025-09-06T06:11:09","slug":"louvor-e-adoracao-soumanaus","status":"publish","type":"post","link":"https:\/\/www.manaus.am.gov.br\/manauscult\/louvor-e-adoracao-soumanaus\/","title":{"rendered":"Louvor e adora\u00e7\u00e3o marcam a primeira noite do &#8216;#Sou Manaus Passo a Pa\u00e7o 2025&#8217; com Fernandinho, Eli Soares e padre Alessandro Campos"},"content":{"rendered":"\n<p>Muito louvor e adora\u00e7\u00e3o marcaram o palco Alf\u00e2ndega no primeiro dia do &#8220;#SouManaus Passo a Pa\u00e7o 2025&#8221;. Os cantores do segmento crist\u00e3o Fernandinho, Eli Soares e padre Alessandro Campos foram as atra\u00e7\u00f5es nacionais do palco, nesta sexta-feira, 5\/9. O maior festival de artes integradas do Brasil \u00e9 realizado pela Prefeitura de Manaus, por meio da Funda\u00e7\u00e3o Municipal de Cultura, Turismo e Eventos (Manauscult).<\/p>\n\n\n\n<p>O p\u00fablico que acompanhou de perto os shows p\u00f4de cantar e adorar com o repert\u00f3rio de artistas como Isabelle Ribeiro, Celio Costa e Tony Salles. Os intervalos entre os shows foram agitados pelo DJ JC.<\/p>\n\n\n\n<p>Com d\u00e9cadas de carreira e dono de hits como &#8220;Uma Nova Hist\u00f3ria&#8221;, &#8220;Faz Chover&#8221; e &#8220;Galileu&#8221;, o cantor e compositor Fernandinho destacou que o p\u00fablico manauara \u00e9 especial e acolhedor.<\/p>\n\n\n\n<p>&#8220;\u00c9 uma alegria muito grande estar aqui em Manaus, nesta cidade maravilhosa, cidade \u00edmpar de tudo que temos no Brasil. Eu me sinto privilegiado e honrado de participar desse festival t\u00e3o maravilhoso&#8221;, celebrou.<\/p>\n\n\n\n<p>Pela primeira vez cantando em Manaus, o padre Alessandro Campos, que une can\u00e7\u00f5es da comunidade cat\u00f3lica com cl\u00e1ssicos da M\u00fasica Popular Brasileira (MPB), compartilhou a alegria em participar do festival.<\/p>\n\n\n\n<p>&#8220;Estou muito feliz de estar aqui pela primeira vez fazendo um show. N\u00f3s rodamos o Brasil inteiro e faltava aqui em Manaus. E estrear em um evento como esse \u00e9 motivo de muita alegria para mim&#8221;, festejou.<\/p>\n\n\n\n<p>J\u00e1 Eli Soares entoou m\u00fasicas crist\u00e3s contempor\u00e2neas. O cantor coleciona indica\u00e7\u00f5es e vit\u00f3rias no Grammy Latino de melhor \u00e1lbum de m\u00fasica crist\u00e3 em l\u00edngua portuguesa.<\/p>\n\n\n\n<p>&#8220;\u00c9 muito bom ser recebido por Manaus com tanto carinho. E \u00e9 um privil\u00e9gio muito grande fazer parte de um movimento e ver tanta gente reunida. Uma concentra\u00e7\u00e3o, uma noite aben\u00e7oada e que o nome de Jesus seja glorificado&#8221;, disse.<\/p>\n\n\n\n<p>Finalista na edi\u00e7\u00e3o de 2021 do The Voice Brasil Kids, a cantora Isabelle Ribeiro levou para o palco m\u00fasicas crist\u00e3s cl\u00e1ssicas, entre as quais, &#8220;Todavia me Alegrarei&#8221; e &#8220;Me Batiza com Fogo&#8221;, al\u00e9m de autorais como &#8220;Levanta da Cama&#8221;, que j\u00e1 soma mais de um milh\u00e3o de visualiza\u00e7\u00f5es nas plataformas digitais.<\/p>\n\n\n\n<p>&#8220;Nossa, eu estou muito feliz. \u00c9 uma honra estar aqui. O #SouManaus marcou a minha vida. J\u00e1 \u00e9 o quarto ano que participo. Estou escrevendo muitas hist\u00f3rias aqui&#8221;, garantiu a cantora.<\/p>\n\n\n\n<p>Quem \u00e9 f\u00e3 de carteirinha da Isabelle \u00e9 a professora Velkilane Andrade, que trouxe a fam\u00edlia para acompanhar de perto a apresenta\u00e7\u00e3o da jovem e promissora cantora gospel.<\/p>\n\n\n\n<p>&#8220;Ela \u00e9 uma representante do nosso Estado. A Isabelle \u00e9 a nossa eterna campe\u00e3 e estamos aqui com um cora\u00e7\u00e3o com mil expectativas, para juntos louvarmos ao Senhor e ministrar na presen\u00e7a de Deus&#8221;, garantiu.<\/p>\n\n\n\n<p>J\u00e1 o estudante Ant\u00f4nio Amorim chegou cedo para garantir um bom lugar e assistir ao show do Fernandinho. Para ele, ver de perto o cantor gospel celebrado nacionalmente \u00e9 um momento extraordin\u00e1rio.<\/p>\n\n\n\n<p>&#8220;\u00c9 um grande momento na minha vida para ver e ouvir um astro que escuto desde crian\u00e7a. \u00c9 muito lindo tudo que a gente sente no show&#8221;, compartilhou.<\/p>\n\n\n\n<p>O #SouManaus Passo a Pa\u00e7o 2025 segue at\u00e9 o pr\u00f3ximo domingo, 7\/9, reunindo diversas manifesta\u00e7\u00f5es e correntes art\u00edsticas e culturais.<\/p>\n\n\n\n<p>&#8212; &#8212; &#8212;<\/p>\n\n\n\n<p><strong>Texto \u2013<\/strong> Tiago Auzier \/ Semcom<\/p>\n\n\n\n<p><strong>Fotos \u2013<\/strong> Cl\u00f3vis Miranda \/ Semcom<\/p>\n","protected":false},"excerpt":{"rendered":"","protected":false},"author":57,"featured_media":4571,"comment_status":"closed","ping_status":"closed","sticky":false,"template":"","format":"standard","meta":{"footnotes":""},"categories":[508],"tags":[667,1655,9,11],"acf":[],"yoast_head":"<!-- This site is optimized with the Yoast SEO plugin v23.0 - https:\/\/yoast.com\/wordpress\/plugins\/seo\/ -->\n<title>Louvor e adora\u00e7\u00e3o marcam a primeira noite do #Sou Manaus<\/title>\n<meta name=\"description\" content=\"Muito louvor e adora\u00e7\u00e3o marcaram o palco Alf\u00e2ndega no primeiro dia do #SouManaus Passo a Pa\u00e7o 2025, nesta sexta-feira, 5\/9.\" \/>\n<meta name=\"robots\" content=\"noindex, follow\" \/>\n<meta property=\"og:locale\" content=\"pt_BR\" \/>\n<meta property=\"og:type\" content=\"article\" \/>\n<meta property=\"og:title\" content=\"Louvor e adora\u00e7\u00e3o marcam a primeira noite do #Sou Manaus\" \/>\n<meta property=\"og:description\" content=\"Muito louvor e adora\u00e7\u00e3o marcaram o palco Alf\u00e2ndega no primeiro dia do #SouManaus Passo a Pa\u00e7o 2025, nesta sexta-feira, 5\/9.\" \/>\n<meta property=\"og:url\" content=\"https:\/\/www.manaus.am.gov.br\/manauscult\/louvor-e-adoracao-soumanaus\/\" \/>\n<meta property=\"og:site_name\" content=\"MANAUSCULT\" \/>\n<meta property=\"article:published_time\" content=\"2025-09-06T06:11:07+00:00\" \/>\n<meta property=\"article:modified_time\" content=\"2025-09-06T06:11:09+00:00\" \/>\n<meta property=\"og:image\" content=\"https:\/\/www.manaus.am.gov.br\/manauscult\/wp-content\/uploads\/sites\/11\/2025\/09\/Louvor-e-adoracao-1.jpg\" \/>\n\t<meta property=\"og:image:width\" content=\"800\" \/>\n\t<meta property=\"og:image:height\" content=\"533\" \/>\n\t<meta property=\"og:image:type\" content=\"image\/jpeg\" \/>\n<meta name=\"author\" content=\"Thiago Fernando\" \/>\n<meta name=\"twitter:card\" content=\"summary_large_image\" \/>\n<meta name=\"twitter:label1\" content=\"Written by\" \/>\n\t<meta name=\"twitter:data1\" content=\"Thiago Fernando\" \/>\n\t<meta name=\"twitter:label2\" content=\"Est. reading time\" \/>\n\t<meta name=\"twitter:data2\" content=\"4 minutos\" \/>\n<script type=\"application\/ld+json\" class=\"yoast-schema-graph\">{\"@context\":\"https:\/\/schema.org\",\"@graph\":[{\"@type\":\"WebPage\",\"@id\":\"https:\/\/www.manaus.am.gov.br\/manauscult\/louvor-e-adoracao-soumanaus\/\",\"url\":\"https:\/\/www.manaus.am.gov.br\/manauscult\/louvor-e-adoracao-soumanaus\/\",\"name\":\"Louvor e adora\u00e7\u00e3o marcam a primeira noite do #Sou Manaus\",\"isPartOf\":{\"@id\":\"https:\/\/www.manaus.am.gov.br\/manauscult\/#website\"},\"primaryImageOfPage\":{\"@id\":\"https:\/\/www.manaus.am.gov.br\/manauscult\/louvor-e-adoracao-soumanaus\/#primaryimage\"},\"image\":{\"@id\":\"https:\/\/www.manaus.am.gov.br\/manauscult\/louvor-e-adoracao-soumanaus\/#primaryimage\"},\"thumbnailUrl\":\"https:\/\/www.manaus.am.gov.br\/manauscult\/wp-content\/uploads\/sites\/11\/2025\/09\/Louvor-e-adoracao-1.jpg\",\"datePublished\":\"2025-09-06T06:11:07+00:00\",\"dateModified\":\"2025-09-06T06:11:09+00:00\",\"author\":{\"@id\":\"https:\/\/www.manaus.am.gov.br\/manauscult\/#\/schema\/person\/a5ee5376db6e21af026374b369f30882\"},\"description\":\"Muito louvor e adora\u00e7\u00e3o marcaram o palco Alf\u00e2ndega no primeiro dia do #SouManaus Passo a Pa\u00e7o 2025, nesta sexta-feira, 5\/9.\",\"breadcrumb\":{\"@id\":\"https:\/\/www.manaus.am.gov.br\/manauscult\/louvor-e-adoracao-soumanaus\/#breadcrumb\"},\"inLanguage\":\"pt-BR\",\"potentialAction\":[{\"@type\":\"ReadAction\",\"target\":[\"https:\/\/www.manaus.am.gov.br\/manauscult\/louvor-e-adoracao-soumanaus\/\"]}]},{\"@type\":\"ImageObject\",\"inLanguage\":\"pt-BR\",\"@id\":\"https:\/\/www.manaus.am.gov.br\/manauscult\/louvor-e-adoracao-soumanaus\/#primaryimage\",\"url\":\"https:\/\/www.manaus.am.gov.br\/manauscult\/wp-content\/uploads\/sites\/11\/2025\/09\/Louvor-e-adoracao-1.jpg\",\"contentUrl\":\"https:\/\/www.manaus.am.gov.br\/manauscult\/wp-content\/uploads\/sites\/11\/2025\/09\/Louvor-e-adoracao-1.jpg\",\"width\":800,\"height\":533,\"caption\":\"Louvor e adora\u00e7\u00e3o\"},{\"@type\":\"BreadcrumbList\",\"@id\":\"https:\/\/www.manaus.am.gov.br\/manauscult\/louvor-e-adoracao-soumanaus\/#breadcrumb\",\"itemListElement\":[{\"@type\":\"ListItem\",\"position\":1,\"name\":\"Home\",\"item\":\"https:\/\/www.manaus.am.gov.br\/manauscult\/\"},{\"@type\":\"ListItem\",\"position\":2,\"name\":\"Louvor e adora\u00e7\u00e3o marcam a primeira noite do &#8216;#Sou Manaus Passo a Pa\u00e7o 2025&#8217; com Fernandinho, Eli Soares e padre Alessandro Campos\"}]},{\"@type\":\"WebSite\",\"@id\":\"https:\/\/www.manaus.am.gov.br\/manauscult\/#website\",\"url\":\"https:\/\/www.manaus.am.gov.br\/manauscult\/\",\"name\":\"MANAUSCULT\",\"description\":\"Prefeitura de Manaus\",\"potentialAction\":[{\"@type\":\"SearchAction\",\"target\":{\"@type\":\"EntryPoint\",\"urlTemplate\":\"https:\/\/www.manaus.am.gov.br\/manauscult\/?s={search_term_string}\"},\"query-input\":\"required name=search_term_string\"}],\"inLanguage\":\"pt-BR\"},{\"@type\":\"Person\",\"@id\":\"https:\/\/www.manaus.am.gov.br\/manauscult\/#\/schema\/person\/a5ee5376db6e21af026374b369f30882\",\"name\":\"Thiago Fernando\",\"image\":{\"@type\":\"ImageObject\",\"inLanguage\":\"pt-BR\",\"@id\":\"https:\/\/www.manaus.am.gov.br\/manauscult\/#\/schema\/person\/image\/\",\"url\":\"https:\/\/secure.gravatar.com\/avatar\/f5aab8722444041451501c077052ac07?s=96&d=mm&r=g\",\"contentUrl\":\"https:\/\/secure.gravatar.com\/avatar\/f5aab8722444041451501c077052ac07?s=96&d=mm&r=g\",\"caption\":\"Thiago Fernando\"}}]}<\/script>\n<!-- \/ Yoast SEO plugin. -->","yoast_head_json":{"title":"Louvor e adora\u00e7\u00e3o marcam a primeira noite do #Sou Manaus","description":"Muito louvor e adora\u00e7\u00e3o marcaram o palco Alf\u00e2ndega no primeiro dia do #SouManaus Passo a Pa\u00e7o 2025, nesta sexta-feira, 5\/9.","robots":{"index":"noindex","follow":"follow"},"og_locale":"pt_BR","og_type":"article","og_title":"Louvor e adora\u00e7\u00e3o marcam a primeira noite do #Sou Manaus","og_description":"Muito louvor e adora\u00e7\u00e3o marcaram o palco Alf\u00e2ndega no primeiro dia do #SouManaus Passo a Pa\u00e7o 2025, nesta sexta-feira, 5\/9.","og_url":"https:\/\/www.manaus.am.gov.br\/manauscult\/louvor-e-adoracao-soumanaus\/","og_site_name":"MANAUSCULT","article_published_time":"2025-09-06T06:11:07+00:00","article_modified_time":"2025-09-06T06:11:09+00:00","og_image":[{"width":800,"height":533,"url":"https:\/\/www.manaus.am.gov.br\/manauscult\/wp-content\/uploads\/sites\/11\/2025\/09\/Louvor-e-adoracao-1.jpg","type":"image\/jpeg"}],"author":"Thiago Fernando","twitter_card":"summary_large_image","twitter_misc":{"Written by":"Thiago Fernando","Est. reading time":"4 minutos"},"schema":{"@context":"https:\/\/schema.org","@graph":[{"@type":"WebPage","@id":"https:\/\/www.manaus.am.gov.br\/manauscult\/louvor-e-adoracao-soumanaus\/","url":"https:\/\/www.manaus.am.gov.br\/manauscult\/louvor-e-adoracao-soumanaus\/","name":"Louvor e adora\u00e7\u00e3o marcam a primeira noite do #Sou Manaus","isPartOf":{"@id":"https:\/\/www.manaus.am.gov.br\/manauscult\/#website"},"primaryImageOfPage":{"@id":"https:\/\/www.manaus.am.gov.br\/manauscult\/louvor-e-adoracao-soumanaus\/#primaryimage"},"image":{"@id":"https:\/\/www.manaus.am.gov.br\/manauscult\/louvor-e-adoracao-soumanaus\/#primaryimage"},"thumbnailUrl":"https:\/\/www.manaus.am.gov.br\/manauscult\/wp-content\/uploads\/sites\/11\/2025\/09\/Louvor-e-adoracao-1.jpg","datePublished":"2025-09-06T06:11:07+00:00","dateModified":"2025-09-06T06:11:09+00:00","author":{"@id":"https:\/\/www.manaus.am.gov.br\/manauscult\/#\/schema\/person\/a5ee5376db6e21af026374b369f30882"},"description":"Muito louvor e adora\u00e7\u00e3o marcaram o palco Alf\u00e2ndega no primeiro dia do #SouManaus Passo a Pa\u00e7o 2025, nesta sexta-feira, 5\/9.","breadcrumb":{"@id":"https:\/\/www.manaus.am.gov.br\/manauscult\/louvor-e-adoracao-soumanaus\/#breadcrumb"},"inLanguage":"pt-BR","potentialAction":[{"@type":"ReadAction","target":["https:\/\/www.manaus.am.gov.br\/manauscult\/louvor-e-adoracao-soumanaus\/"]}]},{"@type":"ImageObject","inLanguage":"pt-BR","@id":"https:\/\/www.manaus.am.gov.br\/manauscult\/louvor-e-adoracao-soumanaus\/#primaryimage","url":"https:\/\/www.manaus.am.gov.br\/manauscult\/wp-content\/uploads\/sites\/11\/2025\/09\/Louvor-e-adoracao-1.jpg","contentUrl":"https:\/\/www.manaus.am.gov.br\/manauscult\/wp-content\/uploads\/sites\/11\/2025\/09\/Louvor-e-adoracao-1.jpg","width":800,"height":533,"caption":"Louvor e adora\u00e7\u00e3o"},{"@type":"BreadcrumbList","@id":"https:\/\/www.manaus.am.gov.br\/manauscult\/louvor-e-adoracao-soumanaus\/#breadcrumb","itemListElement":[{"@type":"ListItem","position":1,"name":"Home","item":"https:\/\/www.manaus.am.gov.br\/manauscult\/"},{"@type":"ListItem","position":2,"name":"Louvor e adora\u00e7\u00e3o marcam a primeira noite do &#8216;#Sou Manaus Passo a Pa\u00e7o 2025&#8217; com Fernandinho, Eli Soares e padre Alessandro Campos"}]},{"@type":"WebSite","@id":"https:\/\/www.manaus.am.gov.br\/manauscult\/#website","url":"https:\/\/www.manaus.am.gov.br\/manauscult\/","name":"MANAUSCULT","description":"Prefeitura de Manaus","potentialAction":[{"@type":"SearchAction","target":{"@type":"EntryPoint","urlTemplate":"https:\/\/www.manaus.am.gov.br\/manauscult\/?s={search_term_string}"},"query-input":"required name=search_term_string"}],"inLanguage":"pt-BR"},{"@type":"Person","@id":"https:\/\/www.manaus.am.gov.br\/manauscult\/#\/schema\/person\/a5ee5376db6e21af026374b369f30882","name":"Thiago Fernando","image":{"@type":"ImageObject","inLanguage":"pt-BR","@id":"https:\/\/www.manaus.am.gov.br\/manauscult\/#\/schema\/person\/image\/","url":"https:\/\/secure.gravatar.com\/avatar\/f5aab8722444041451501c077052ac07?s=96&d=mm&r=g","contentUrl":"https:\/\/secure.gravatar.com\/avatar\/f5aab8722444041451501c077052ac07?s=96&d=mm&r=g","caption":"Thiago Fernando"}}]}},"_links":{"self":[{"href":"https:\/\/www.manaus.am.gov.br\/manauscult\/wp-json\/wp\/v2\/posts\/4570"}],"collection":[{"href":"https:\/\/www.manaus.am.gov.br\/manauscult\/wp-json\/wp\/v2\/posts"}],"about":[{"href":"https:\/\/www.manaus.am.gov.br\/manauscult\/wp-json\/wp\/v2\/types\/post"}],"author":[{"embeddable":true,"href":"https:\/\/www.manaus.am.gov.br\/manauscult\/wp-json\/wp\/v2\/users\/57"}],"replies":[{"embeddable":true,"href":"https:\/\/www.manaus.am.gov.br\/manauscult\/wp-json\/wp\/v2\/comments?post=4570"}],"version-history":[{"count":0,"href":"https:\/\/www.manaus.am.gov.br\/manauscult\/wp-json\/wp\/v2\/posts\/4570\/revisions"}],"wp:featuredmedia":[{"embeddable":true,"href":"https:\/\/www.manaus.am.gov.br\/manauscult\/wp-json\/wp\/v2\/media\/4571"}],"wp:attachment":[{"href":"https:\/\/www.manaus.am.gov.br\/manauscult\/wp-json\/wp\/v2\/media?parent=4570"}],"wp:term":[{"taxonomy":"category","embeddable":true,"href":"https:\/\/www.manaus.am.gov.br\/manauscult\/wp-json\/wp\/v2\/categories?post=4570"},{"taxonomy":"post_tag","embeddable":true,"href":"https:\/\/www.manaus.am.gov.br\/manauscult\/wp-json\/wp\/v2\/tags?post=4570"}],"curies":[{"name":"wp","href":"https:\/\/api.w.org\/{rel}","templated":true}]}}