{"id":4568,"date":"2025-09-06T01:54:18","date_gmt":"2025-09-06T05:54:18","guid":{"rendered":"https:\/\/www.manaus.am.gov.br\/manauscult\/palco-malcher-soumanaus\/"},"modified":"2025-09-06T01:54:20","modified_gmt":"2025-09-06T05:54:20","slug":"palco-malcher-soumanaus","status":"publish","type":"post","link":"https:\/\/www.manaus.am.gov.br\/manauscult\/palco-malcher-soumanaus\/","title":{"rendered":"Simone Mendes, John Veiga, Jyou Guerra e George Japa abrem primeira noite do festival no palco Malcher"},"content":{"rendered":"\n<p>A primeira noite do festival &#8220;#SouManaus Passo a Pa\u00e7o 2025&#8221; iniciou com shows de Simone Mendes, John Veiga &amp; Jyou Guerra e George Japa, no palco Malcher, animando milhares de pessoas que se reuniram no centro hist\u00f3rico da capital para celebrar com muita m\u00fasica este feriado de 5\/9.&nbsp;<\/p>\n\n\n\n<p>Marcando o anivers\u00e1rio de 10 anos do maior festival gratuito de artes integradas do Brasil, a Prefeitura de Manaus preparou uma programa\u00e7\u00e3o mais que especial nos tr\u00eas dias do &#8220;#SouManaus Passo a Pa\u00e7o&#8221;.&nbsp;<\/p>\n\n\n\n<p>O diretor-presidente da Manauscult, Jender Lobato, afirmou que a edi\u00e7\u00e3o de 2025 do #SouManaus deve quebrar todos os recordes, mas que para isso acontecer existe uma uni\u00e3o de esfor\u00e7os de toda a prefeitura, para proporcionar esse evento hist\u00f3rico \u00e0 popula\u00e7\u00e3o.&nbsp;<\/p>\n\n\n\n<p>\u201cEstamos recebendo um p\u00fablico gigantesco aqui, com certeza iremos atingir todos os recordes do #SouManaus. Isso para n\u00f3s \u00e9 uma alegria muito grande, porque existe um planejamento que \u00e9 feito no decorrer do ano em que a Manauscult conduz o planejamento, mas para que esse planejamento aconte\u00e7a n\u00f3s precisamos da Prefeitura de Manaus e de todas as secretarias\u201d, iniciou.&nbsp;<\/p>\n\n\n\n<p>\u201cExiste uma equipe grandiosa, n\u00f3s temos mais de mil homens trabalhando s\u00f3 da equipe de seguran\u00e7a, n\u00f3s temos mais de mil homens trabalhando s\u00f3 da nossa equipe da Manauscult, e isso tudo faz com que a gente possa ter um evento grandioso, com a presen\u00e7a de p\u00fablico maci\u00e7a e ao mesmo tempo um evento em que as pessoas conseguem entrar com tranquilidade\u201d, completou.&nbsp;<\/p>\n\n\n\n<p>Uma das grandes estrelas do festival, que abriu a programa\u00e7\u00e3o do palco Malcher, Simone Mendes foi muito aguardada pelo p\u00fablico por conta de seus sucessos do sertanejo e pelo seu carisma marcante.&nbsp;<\/p>\n\n\n\n<p>A artista contou que foi grandioso e lindo cantar no palco do #SouManaus 2025, sentir o amor do p\u00fablico e retribuir esse sentimento, que \u00e9 tanto, que a cantora j\u00e1 disse que quer logo voltar para Manaus.<\/p>\n\n\n\n<p>&#8220;\u00c9 dif\u00edcil colocar em uma s\u00f3 palavra o que foi cantar aqui em Manaus, no SouManaus. \u00c9 m\u00e1gico, poderoso, grandioso, lindo, emocionante. Tem tanta coisa dentro de mim que eu vivi, tanto amor, que n\u00e3o se explica, eu n\u00e3o consigo explicar. Cantar para esse povo mais uma vez enche o meu cora\u00e7\u00e3o de gratid\u00e3o e de alegria. Eu sempre venho com amor para c\u00e1. Meu p\u00fablico pergunta quando eu volto. Eu quero voltar de novo, quero v\u00ea-los novamente. Isso \u00e9 uma troca de amor, de la\u00e7os, enfim, sem palavras, indescrit\u00edvel cantar para voc\u00eas, muito, muito, muito obrigada&#8221;, comentou Simone Mendes.&nbsp;<\/p>\n\n\n\n<p>Os f\u00e3s da sertaneja chegaram cedo para garantir a grade e ficar bem pertinho dela. &#8220;Eu fa\u00e7o parte do f\u00e3-clube &#8216;Sempre Simone &#8211; Manaus&#8217;. Estou muito emocionada, confesso que nesses dias foi dif\u00edcil dormir, com ansiedade, toda hora acordando. Estamos todos emocionados. Se tivesse que estar aqui meio-dia, 10h, 11h, a gente ia estar aqui s\u00f3 para prestigiar e v\u00ea-la&#8221;, afirmou Elizabeth Mota.&nbsp;<\/p>\n\n\n\n<p>&#8220;Eu amo a Simone h\u00e1 15 anos. H\u00e1 15 anos eu a acompanho, desde o tempo da dupla, e eu cheguei cedo aqui para garantir a grade, porque eu adoro interagir com a Simone. Estou muito feliz&#8221;, disse a industri\u00e1ria Denise Ferreira.&nbsp;<\/p>\n\n\n\n<p>A programa\u00e7\u00e3o no palco Malcher, neste dia 5\/9, ainda teve shows da dupla Bruno e Marrone e encerrou com Joelma. Neste s\u00e1bado, 6\/9, as atra\u00e7\u00f5es do palco Malcher s\u00e3o do trio Ant\u00f4nio Bahia, Cl\u00e1udia Trindade e Rebecca Grana, seguido de David Assayag e Patrick Ara\u00fajo, com as atra\u00e7\u00f5es nacionais sendo Ivete Sangalo, Pablo e Calcinha Preta.&nbsp;&nbsp;<\/p>\n\n\n\n<p>&#8212; &#8212; &#8212;&nbsp;<\/p>\n\n\n\n<p><strong>Texto &#8211;<\/strong> Geraldo Farias \/ Semcom<\/p>\n\n\n\n<p><strong>Fotos &#8211;<\/strong> Ant\u00f4nio Pereira \/ Semcom<\/p>\n","protected":false},"excerpt":{"rendered":"","protected":false},"author":57,"featured_media":4569,"comment_status":"closed","ping_status":"closed","sticky":false,"template":"","format":"standard","meta":{"footnotes":""},"categories":[508],"tags":[9,1151,11],"acf":[],"yoast_head":"<!-- This site is optimized with the Yoast SEO plugin v23.0 - https:\/\/yoast.com\/wordpress\/plugins\/seo\/ -->\n<title>Primeira noite do #SouManaus no palco Malcher<\/title>\n<meta name=\"description\" content=\"A primeira noite do #SouManaus Passo a Pa\u00e7o 2025 iniciou com shows de Simone Mendes, John Veiga &amp; Jyou Guerra e George Japa, no palco Malcher\" \/>\n<meta name=\"robots\" content=\"noindex, follow\" \/>\n<meta property=\"og:locale\" content=\"pt_BR\" \/>\n<meta property=\"og:type\" content=\"article\" \/>\n<meta property=\"og:title\" content=\"Primeira noite do #SouManaus no palco Malcher\" \/>\n<meta property=\"og:description\" content=\"A primeira noite do #SouManaus Passo a Pa\u00e7o 2025 iniciou com shows de Simone Mendes, John Veiga &amp; Jyou Guerra e George Japa, no palco Malcher\" \/>\n<meta property=\"og:url\" content=\"https:\/\/www.manaus.am.gov.br\/manauscult\/palco-malcher-soumanaus\/\" \/>\n<meta property=\"og:site_name\" content=\"MANAUSCULT\" \/>\n<meta property=\"article:published_time\" content=\"2025-09-06T05:54:18+00:00\" \/>\n<meta property=\"article:modified_time\" content=\"2025-09-06T05:54:20+00:00\" \/>\n<meta property=\"og:image\" content=\"https:\/\/www.manaus.am.gov.br\/manauscult\/wp-content\/uploads\/sites\/11\/2025\/09\/Palco-Malcher-3.jpg\" \/>\n\t<meta property=\"og:image:width\" content=\"800\" \/>\n\t<meta property=\"og:image:height\" content=\"534\" \/>\n\t<meta property=\"og:image:type\" content=\"image\/jpeg\" \/>\n<meta name=\"author\" content=\"Thiago Fernando\" \/>\n<meta name=\"twitter:card\" content=\"summary_large_image\" \/>\n<meta name=\"twitter:label1\" content=\"Written by\" \/>\n\t<meta name=\"twitter:data1\" content=\"Thiago Fernando\" \/>\n\t<meta name=\"twitter:label2\" content=\"Est. reading time\" \/>\n\t<meta name=\"twitter:data2\" content=\"4 minutos\" \/>\n<script type=\"application\/ld+json\" class=\"yoast-schema-graph\">{\"@context\":\"https:\/\/schema.org\",\"@graph\":[{\"@type\":\"WebPage\",\"@id\":\"https:\/\/www.manaus.am.gov.br\/manauscult\/palco-malcher-soumanaus\/\",\"url\":\"https:\/\/www.manaus.am.gov.br\/manauscult\/palco-malcher-soumanaus\/\",\"name\":\"Primeira noite do #SouManaus no palco Malcher\",\"isPartOf\":{\"@id\":\"https:\/\/www.manaus.am.gov.br\/manauscult\/#website\"},\"primaryImageOfPage\":{\"@id\":\"https:\/\/www.manaus.am.gov.br\/manauscult\/palco-malcher-soumanaus\/#primaryimage\"},\"image\":{\"@id\":\"https:\/\/www.manaus.am.gov.br\/manauscult\/palco-malcher-soumanaus\/#primaryimage\"},\"thumbnailUrl\":\"https:\/\/www.manaus.am.gov.br\/manauscult\/wp-content\/uploads\/sites\/11\/2025\/09\/Palco-Malcher-3.jpg\",\"datePublished\":\"2025-09-06T05:54:18+00:00\",\"dateModified\":\"2025-09-06T05:54:20+00:00\",\"author\":{\"@id\":\"https:\/\/www.manaus.am.gov.br\/manauscult\/#\/schema\/person\/a5ee5376db6e21af026374b369f30882\"},\"description\":\"A primeira noite do #SouManaus Passo a Pa\u00e7o 2025 iniciou com shows de Simone Mendes, John Veiga & Jyou Guerra e George Japa, no palco Malcher\",\"breadcrumb\":{\"@id\":\"https:\/\/www.manaus.am.gov.br\/manauscult\/palco-malcher-soumanaus\/#breadcrumb\"},\"inLanguage\":\"pt-BR\",\"potentialAction\":[{\"@type\":\"ReadAction\",\"target\":[\"https:\/\/www.manaus.am.gov.br\/manauscult\/palco-malcher-soumanaus\/\"]}]},{\"@type\":\"ImageObject\",\"inLanguage\":\"pt-BR\",\"@id\":\"https:\/\/www.manaus.am.gov.br\/manauscult\/palco-malcher-soumanaus\/#primaryimage\",\"url\":\"https:\/\/www.manaus.am.gov.br\/manauscult\/wp-content\/uploads\/sites\/11\/2025\/09\/Palco-Malcher-3.jpg\",\"contentUrl\":\"https:\/\/www.manaus.am.gov.br\/manauscult\/wp-content\/uploads\/sites\/11\/2025\/09\/Palco-Malcher-3.jpg\",\"width\":800,\"height\":534,\"caption\":\"Palco Malcher\"},{\"@type\":\"BreadcrumbList\",\"@id\":\"https:\/\/www.manaus.am.gov.br\/manauscult\/palco-malcher-soumanaus\/#breadcrumb\",\"itemListElement\":[{\"@type\":\"ListItem\",\"position\":1,\"name\":\"Home\",\"item\":\"https:\/\/www.manaus.am.gov.br\/manauscult\/\"},{\"@type\":\"ListItem\",\"position\":2,\"name\":\"Simone Mendes, John Veiga, Jyou Guerra e George Japa abrem primeira noite do festival no palco Malcher\"}]},{\"@type\":\"WebSite\",\"@id\":\"https:\/\/www.manaus.am.gov.br\/manauscult\/#website\",\"url\":\"https:\/\/www.manaus.am.gov.br\/manauscult\/\",\"name\":\"MANAUSCULT\",\"description\":\"Prefeitura de Manaus\",\"potentialAction\":[{\"@type\":\"SearchAction\",\"target\":{\"@type\":\"EntryPoint\",\"urlTemplate\":\"https:\/\/www.manaus.am.gov.br\/manauscult\/?s={search_term_string}\"},\"query-input\":\"required name=search_term_string\"}],\"inLanguage\":\"pt-BR\"},{\"@type\":\"Person\",\"@id\":\"https:\/\/www.manaus.am.gov.br\/manauscult\/#\/schema\/person\/a5ee5376db6e21af026374b369f30882\",\"name\":\"Thiago Fernando\",\"image\":{\"@type\":\"ImageObject\",\"inLanguage\":\"pt-BR\",\"@id\":\"https:\/\/www.manaus.am.gov.br\/manauscult\/#\/schema\/person\/image\/\",\"url\":\"https:\/\/secure.gravatar.com\/avatar\/f5aab8722444041451501c077052ac07?s=96&d=mm&r=g\",\"contentUrl\":\"https:\/\/secure.gravatar.com\/avatar\/f5aab8722444041451501c077052ac07?s=96&d=mm&r=g\",\"caption\":\"Thiago Fernando\"}}]}<\/script>\n<!-- \/ Yoast SEO plugin. -->","yoast_head_json":{"title":"Primeira noite do #SouManaus no palco Malcher","description":"A primeira noite do #SouManaus Passo a Pa\u00e7o 2025 iniciou com shows de Simone Mendes, John Veiga & Jyou Guerra e George Japa, no palco Malcher","robots":{"index":"noindex","follow":"follow"},"og_locale":"pt_BR","og_type":"article","og_title":"Primeira noite do #SouManaus no palco Malcher","og_description":"A primeira noite do #SouManaus Passo a Pa\u00e7o 2025 iniciou com shows de Simone Mendes, John Veiga & Jyou Guerra e George Japa, no palco Malcher","og_url":"https:\/\/www.manaus.am.gov.br\/manauscult\/palco-malcher-soumanaus\/","og_site_name":"MANAUSCULT","article_published_time":"2025-09-06T05:54:18+00:00","article_modified_time":"2025-09-06T05:54:20+00:00","og_image":[{"width":800,"height":534,"url":"https:\/\/www.manaus.am.gov.br\/manauscult\/wp-content\/uploads\/sites\/11\/2025\/09\/Palco-Malcher-3.jpg","type":"image\/jpeg"}],"author":"Thiago Fernando","twitter_card":"summary_large_image","twitter_misc":{"Written by":"Thiago Fernando","Est. reading time":"4 minutos"},"schema":{"@context":"https:\/\/schema.org","@graph":[{"@type":"WebPage","@id":"https:\/\/www.manaus.am.gov.br\/manauscult\/palco-malcher-soumanaus\/","url":"https:\/\/www.manaus.am.gov.br\/manauscult\/palco-malcher-soumanaus\/","name":"Primeira noite do #SouManaus no palco Malcher","isPartOf":{"@id":"https:\/\/www.manaus.am.gov.br\/manauscult\/#website"},"primaryImageOfPage":{"@id":"https:\/\/www.manaus.am.gov.br\/manauscult\/palco-malcher-soumanaus\/#primaryimage"},"image":{"@id":"https:\/\/www.manaus.am.gov.br\/manauscult\/palco-malcher-soumanaus\/#primaryimage"},"thumbnailUrl":"https:\/\/www.manaus.am.gov.br\/manauscult\/wp-content\/uploads\/sites\/11\/2025\/09\/Palco-Malcher-3.jpg","datePublished":"2025-09-06T05:54:18+00:00","dateModified":"2025-09-06T05:54:20+00:00","author":{"@id":"https:\/\/www.manaus.am.gov.br\/manauscult\/#\/schema\/person\/a5ee5376db6e21af026374b369f30882"},"description":"A primeira noite do #SouManaus Passo a Pa\u00e7o 2025 iniciou com shows de Simone Mendes, John Veiga & Jyou Guerra e George Japa, no palco Malcher","breadcrumb":{"@id":"https:\/\/www.manaus.am.gov.br\/manauscult\/palco-malcher-soumanaus\/#breadcrumb"},"inLanguage":"pt-BR","potentialAction":[{"@type":"ReadAction","target":["https:\/\/www.manaus.am.gov.br\/manauscult\/palco-malcher-soumanaus\/"]}]},{"@type":"ImageObject","inLanguage":"pt-BR","@id":"https:\/\/www.manaus.am.gov.br\/manauscult\/palco-malcher-soumanaus\/#primaryimage","url":"https:\/\/www.manaus.am.gov.br\/manauscult\/wp-content\/uploads\/sites\/11\/2025\/09\/Palco-Malcher-3.jpg","contentUrl":"https:\/\/www.manaus.am.gov.br\/manauscult\/wp-content\/uploads\/sites\/11\/2025\/09\/Palco-Malcher-3.jpg","width":800,"height":534,"caption":"Palco Malcher"},{"@type":"BreadcrumbList","@id":"https:\/\/www.manaus.am.gov.br\/manauscult\/palco-malcher-soumanaus\/#breadcrumb","itemListElement":[{"@type":"ListItem","position":1,"name":"Home","item":"https:\/\/www.manaus.am.gov.br\/manauscult\/"},{"@type":"ListItem","position":2,"name":"Simone Mendes, John Veiga, Jyou Guerra e George Japa abrem primeira noite do festival no palco Malcher"}]},{"@type":"WebSite","@id":"https:\/\/www.manaus.am.gov.br\/manauscult\/#website","url":"https:\/\/www.manaus.am.gov.br\/manauscult\/","name":"MANAUSCULT","description":"Prefeitura de Manaus","potentialAction":[{"@type":"SearchAction","target":{"@type":"EntryPoint","urlTemplate":"https:\/\/www.manaus.am.gov.br\/manauscult\/?s={search_term_string}"},"query-input":"required name=search_term_string"}],"inLanguage":"pt-BR"},{"@type":"Person","@id":"https:\/\/www.manaus.am.gov.br\/manauscult\/#\/schema\/person\/a5ee5376db6e21af026374b369f30882","name":"Thiago Fernando","image":{"@type":"ImageObject","inLanguage":"pt-BR","@id":"https:\/\/www.manaus.am.gov.br\/manauscult\/#\/schema\/person\/image\/","url":"https:\/\/secure.gravatar.com\/avatar\/f5aab8722444041451501c077052ac07?s=96&d=mm&r=g","contentUrl":"https:\/\/secure.gravatar.com\/avatar\/f5aab8722444041451501c077052ac07?s=96&d=mm&r=g","caption":"Thiago Fernando"}}]}},"_links":{"self":[{"href":"https:\/\/www.manaus.am.gov.br\/manauscult\/wp-json\/wp\/v2\/posts\/4568"}],"collection":[{"href":"https:\/\/www.manaus.am.gov.br\/manauscult\/wp-json\/wp\/v2\/posts"}],"about":[{"href":"https:\/\/www.manaus.am.gov.br\/manauscult\/wp-json\/wp\/v2\/types\/post"}],"author":[{"embeddable":true,"href":"https:\/\/www.manaus.am.gov.br\/manauscult\/wp-json\/wp\/v2\/users\/57"}],"replies":[{"embeddable":true,"href":"https:\/\/www.manaus.am.gov.br\/manauscult\/wp-json\/wp\/v2\/comments?post=4568"}],"version-history":[{"count":0,"href":"https:\/\/www.manaus.am.gov.br\/manauscult\/wp-json\/wp\/v2\/posts\/4568\/revisions"}],"wp:featuredmedia":[{"embeddable":true,"href":"https:\/\/www.manaus.am.gov.br\/manauscult\/wp-json\/wp\/v2\/media\/4569"}],"wp:attachment":[{"href":"https:\/\/www.manaus.am.gov.br\/manauscult\/wp-json\/wp\/v2\/media?parent=4568"}],"wp:term":[{"taxonomy":"category","embeddable":true,"href":"https:\/\/www.manaus.am.gov.br\/manauscult\/wp-json\/wp\/v2\/categories?post=4568"},{"taxonomy":"post_tag","embeddable":true,"href":"https:\/\/www.manaus.am.gov.br\/manauscult\/wp-json\/wp\/v2\/tags?post=4568"}],"curies":[{"name":"wp","href":"https:\/\/api.w.org\/{rel}","templated":true}]}}