{"id":4566,"date":"2025-09-06T01:43:30","date_gmt":"2025-09-06T05:43:30","guid":{"rendered":"https:\/\/www.manaus.am.gov.br\/manauscult\/espaco-moda-soumanaus\/"},"modified":"2025-09-06T01:43:31","modified_gmt":"2025-09-06T05:43:31","slug":"espaco-moda-soumanaus","status":"publish","type":"post","link":"https:\/\/www.manaus.am.gov.br\/manauscult\/espaco-moda-soumanaus\/","title":{"rendered":"#SouManaus estreia com brilho e criatividade no Espa\u00e7o Moda"},"content":{"rendered":"\n<p>No primeiro dia do <a href=\"https:\/\/www.manaus.am.gov.br\/\">#SouManaus<\/a> Passo a Pa\u00e7o 2025, realizado nesta sexta-feira, 5\/9, o p\u00fablico j\u00e1 percebeu que a festa vai muito al\u00e9m da m\u00fasica e da gastronomia. O Espa\u00e7o Moda \u00e9 um dos grandes destaques do evento, reunindo arte, estilo e identidade em um s\u00f3 lugar.<\/p>\n\n\n\n<p>Quem passou por l\u00e1 encontrou uma verdadeira vitrine da criatividade amazonense: roupas autorais, acess\u00f3rios exclusivos, tecidos com estampas regionais e at\u00e9 oficinas de customiza\u00e7\u00e3o, onde o p\u00fablico pode colocar a m\u00e3o na massa e experimentar novas possibilidades de estilo. O espa\u00e7o tamb\u00e9m virou ponto de encontro para quem quer conhecer artistas locais e valorizar o design feito na cidade.<\/p>\n\n\n\n<p>A artista pl\u00e1stica Carolina Marrocos, 39 anos, que exp\u00f5e suas cria\u00e7\u00f5es no espa\u00e7o, contou que o ambiente \u00e9 uma oportunidade \u00fanica de aproxima\u00e7\u00e3o com o p\u00fablico:<\/p>\n\n\n\n<p>&#8220;O Espa\u00e7o Moda \u00e9 uma celebra\u00e7\u00e3o da nossa identidade. Aqui, cada pe\u00e7a carrega um pouco da hist\u00f3ria e da cultura de Manaus. \u00c9 incr\u00edvel ver o p\u00fablico se encantando, experimentando e se reconhecendo nesse universo criativo\u201d, destacou.<\/p>\n\n\n\n<p>Al\u00e9m da exposi\u00e7\u00e3o e venda de pe\u00e7as, o local conta com desfiles interativos, apresenta\u00e7\u00f5es culturais e um clima descontra\u00eddo que j\u00e1 conquistou os visitantes. \u00c9 o ponto certo para quem busca originalidade e quer sair do festival levando um pedacinho da moda amazonense.<\/p>\n\n\n\n<p>&#8212; &#8212; &#8212;<\/p>\n\n\n\n<p><strong>Texto &#8211;<\/strong> Naira Nascimento \/ IMMU<\/p>\n\n\n\n<p><strong>Fotos &#8211;<\/strong> Karol Silva \/ IMMU<\/p>\n","protected":false},"excerpt":{"rendered":"","protected":false},"author":57,"featured_media":4567,"comment_status":"closed","ping_status":"closed","sticky":false,"template":"","format":"standard","meta":{"footnotes":""},"categories":[508],"tags":[183,1654,1553,11],"acf":[],"yoast_head":"<!-- This site is optimized with the Yoast SEO plugin v23.0 - https:\/\/yoast.com\/wordpress\/plugins\/seo\/ -->\n<title>#SouManaus estreia com brilho e criatividade no Espa\u00e7o Moda<\/title>\n<meta name=\"description\" content=\"O Espa\u00e7o Moda \u00e9 um dos grandes destaques do #SouManaus , reunindo arte, estilo e identidade em um s\u00f3 lugar.\" \/>\n<meta name=\"robots\" content=\"noindex, follow\" \/>\n<meta property=\"og:locale\" content=\"pt_BR\" \/>\n<meta property=\"og:type\" content=\"article\" \/>\n<meta property=\"og:title\" content=\"#SouManaus estreia com brilho e criatividade no Espa\u00e7o Moda\" \/>\n<meta property=\"og:description\" content=\"O Espa\u00e7o Moda \u00e9 um dos grandes destaques do #SouManaus , reunindo arte, estilo e identidade em um s\u00f3 lugar.\" \/>\n<meta property=\"og:url\" content=\"https:\/\/www.manaus.am.gov.br\/manauscult\/espaco-moda-soumanaus\/\" \/>\n<meta property=\"og:site_name\" content=\"MANAUSCULT\" \/>\n<meta property=\"article:published_time\" content=\"2025-09-06T05:43:30+00:00\" \/>\n<meta property=\"article:modified_time\" content=\"2025-09-06T05:43:31+00:00\" \/>\n<meta property=\"og:image\" content=\"https:\/\/www.manaus.am.gov.br\/manauscult\/wp-content\/uploads\/sites\/11\/2025\/09\/Espaco-Moda-2.jpeg\" \/>\n\t<meta property=\"og:image:width\" content=\"1280\" \/>\n\t<meta property=\"og:image:height\" content=\"854\" \/>\n\t<meta property=\"og:image:type\" content=\"image\/jpeg\" \/>\n<meta name=\"author\" content=\"Thiago Fernando\" \/>\n<meta name=\"twitter:card\" content=\"summary_large_image\" \/>\n<meta name=\"twitter:label1\" content=\"Written by\" \/>\n\t<meta name=\"twitter:data1\" content=\"Thiago Fernando\" \/>\n\t<meta name=\"twitter:label2\" content=\"Est. reading time\" \/>\n\t<meta name=\"twitter:data2\" content=\"2 minutos\" \/>\n<script type=\"application\/ld+json\" class=\"yoast-schema-graph\">{\"@context\":\"https:\/\/schema.org\",\"@graph\":[{\"@type\":\"WebPage\",\"@id\":\"https:\/\/www.manaus.am.gov.br\/manauscult\/espaco-moda-soumanaus\/\",\"url\":\"https:\/\/www.manaus.am.gov.br\/manauscult\/espaco-moda-soumanaus\/\",\"name\":\"#SouManaus estreia com brilho e criatividade no Espa\u00e7o Moda\",\"isPartOf\":{\"@id\":\"https:\/\/www.manaus.am.gov.br\/manauscult\/#website\"},\"primaryImageOfPage\":{\"@id\":\"https:\/\/www.manaus.am.gov.br\/manauscult\/espaco-moda-soumanaus\/#primaryimage\"},\"image\":{\"@id\":\"https:\/\/www.manaus.am.gov.br\/manauscult\/espaco-moda-soumanaus\/#primaryimage\"},\"thumbnailUrl\":\"https:\/\/www.manaus.am.gov.br\/manauscult\/wp-content\/uploads\/sites\/11\/2025\/09\/Espaco-Moda-2.jpeg\",\"datePublished\":\"2025-09-06T05:43:30+00:00\",\"dateModified\":\"2025-09-06T05:43:31+00:00\",\"author\":{\"@id\":\"https:\/\/www.manaus.am.gov.br\/manauscult\/#\/schema\/person\/a5ee5376db6e21af026374b369f30882\"},\"description\":\"O Espa\u00e7o Moda \u00e9 um dos grandes destaques do #SouManaus , reunindo arte, estilo e identidade em um s\u00f3 lugar.\",\"breadcrumb\":{\"@id\":\"https:\/\/www.manaus.am.gov.br\/manauscult\/espaco-moda-soumanaus\/#breadcrumb\"},\"inLanguage\":\"pt-BR\",\"potentialAction\":[{\"@type\":\"ReadAction\",\"target\":[\"https:\/\/www.manaus.am.gov.br\/manauscult\/espaco-moda-soumanaus\/\"]}]},{\"@type\":\"ImageObject\",\"inLanguage\":\"pt-BR\",\"@id\":\"https:\/\/www.manaus.am.gov.br\/manauscult\/espaco-moda-soumanaus\/#primaryimage\",\"url\":\"https:\/\/www.manaus.am.gov.br\/manauscult\/wp-content\/uploads\/sites\/11\/2025\/09\/Espaco-Moda-2.jpeg\",\"contentUrl\":\"https:\/\/www.manaus.am.gov.br\/manauscult\/wp-content\/uploads\/sites\/11\/2025\/09\/Espaco-Moda-2.jpeg\",\"width\":1280,\"height\":854,\"caption\":\"Espa\u00e7o Moda\"},{\"@type\":\"BreadcrumbList\",\"@id\":\"https:\/\/www.manaus.am.gov.br\/manauscult\/espaco-moda-soumanaus\/#breadcrumb\",\"itemListElement\":[{\"@type\":\"ListItem\",\"position\":1,\"name\":\"Home\",\"item\":\"https:\/\/www.manaus.am.gov.br\/manauscult\/\"},{\"@type\":\"ListItem\",\"position\":2,\"name\":\"#SouManaus estreia com brilho e criatividade no Espa\u00e7o Moda\"}]},{\"@type\":\"WebSite\",\"@id\":\"https:\/\/www.manaus.am.gov.br\/manauscult\/#website\",\"url\":\"https:\/\/www.manaus.am.gov.br\/manauscult\/\",\"name\":\"MANAUSCULT\",\"description\":\"Prefeitura de Manaus\",\"potentialAction\":[{\"@type\":\"SearchAction\",\"target\":{\"@type\":\"EntryPoint\",\"urlTemplate\":\"https:\/\/www.manaus.am.gov.br\/manauscult\/?s={search_term_string}\"},\"query-input\":\"required name=search_term_string\"}],\"inLanguage\":\"pt-BR\"},{\"@type\":\"Person\",\"@id\":\"https:\/\/www.manaus.am.gov.br\/manauscult\/#\/schema\/person\/a5ee5376db6e21af026374b369f30882\",\"name\":\"Thiago Fernando\",\"image\":{\"@type\":\"ImageObject\",\"inLanguage\":\"pt-BR\",\"@id\":\"https:\/\/www.manaus.am.gov.br\/manauscult\/#\/schema\/person\/image\/\",\"url\":\"https:\/\/secure.gravatar.com\/avatar\/f5aab8722444041451501c077052ac07?s=96&d=mm&r=g\",\"contentUrl\":\"https:\/\/secure.gravatar.com\/avatar\/f5aab8722444041451501c077052ac07?s=96&d=mm&r=g\",\"caption\":\"Thiago Fernando\"}}]}<\/script>\n<!-- \/ Yoast SEO plugin. -->","yoast_head_json":{"title":"#SouManaus estreia com brilho e criatividade no Espa\u00e7o Moda","description":"O Espa\u00e7o Moda \u00e9 um dos grandes destaques do #SouManaus , reunindo arte, estilo e identidade em um s\u00f3 lugar.","robots":{"index":"noindex","follow":"follow"},"og_locale":"pt_BR","og_type":"article","og_title":"#SouManaus estreia com brilho e criatividade no Espa\u00e7o Moda","og_description":"O Espa\u00e7o Moda \u00e9 um dos grandes destaques do #SouManaus , reunindo arte, estilo e identidade em um s\u00f3 lugar.","og_url":"https:\/\/www.manaus.am.gov.br\/manauscult\/espaco-moda-soumanaus\/","og_site_name":"MANAUSCULT","article_published_time":"2025-09-06T05:43:30+00:00","article_modified_time":"2025-09-06T05:43:31+00:00","og_image":[{"width":1280,"height":854,"url":"https:\/\/www.manaus.am.gov.br\/manauscult\/wp-content\/uploads\/sites\/11\/2025\/09\/Espaco-Moda-2.jpeg","type":"image\/jpeg"}],"author":"Thiago Fernando","twitter_card":"summary_large_image","twitter_misc":{"Written by":"Thiago Fernando","Est. reading time":"2 minutos"},"schema":{"@context":"https:\/\/schema.org","@graph":[{"@type":"WebPage","@id":"https:\/\/www.manaus.am.gov.br\/manauscult\/espaco-moda-soumanaus\/","url":"https:\/\/www.manaus.am.gov.br\/manauscult\/espaco-moda-soumanaus\/","name":"#SouManaus estreia com brilho e criatividade no Espa\u00e7o Moda","isPartOf":{"@id":"https:\/\/www.manaus.am.gov.br\/manauscult\/#website"},"primaryImageOfPage":{"@id":"https:\/\/www.manaus.am.gov.br\/manauscult\/espaco-moda-soumanaus\/#primaryimage"},"image":{"@id":"https:\/\/www.manaus.am.gov.br\/manauscult\/espaco-moda-soumanaus\/#primaryimage"},"thumbnailUrl":"https:\/\/www.manaus.am.gov.br\/manauscult\/wp-content\/uploads\/sites\/11\/2025\/09\/Espaco-Moda-2.jpeg","datePublished":"2025-09-06T05:43:30+00:00","dateModified":"2025-09-06T05:43:31+00:00","author":{"@id":"https:\/\/www.manaus.am.gov.br\/manauscult\/#\/schema\/person\/a5ee5376db6e21af026374b369f30882"},"description":"O Espa\u00e7o Moda \u00e9 um dos grandes destaques do #SouManaus , reunindo arte, estilo e identidade em um s\u00f3 lugar.","breadcrumb":{"@id":"https:\/\/www.manaus.am.gov.br\/manauscult\/espaco-moda-soumanaus\/#breadcrumb"},"inLanguage":"pt-BR","potentialAction":[{"@type":"ReadAction","target":["https:\/\/www.manaus.am.gov.br\/manauscult\/espaco-moda-soumanaus\/"]}]},{"@type":"ImageObject","inLanguage":"pt-BR","@id":"https:\/\/www.manaus.am.gov.br\/manauscult\/espaco-moda-soumanaus\/#primaryimage","url":"https:\/\/www.manaus.am.gov.br\/manauscult\/wp-content\/uploads\/sites\/11\/2025\/09\/Espaco-Moda-2.jpeg","contentUrl":"https:\/\/www.manaus.am.gov.br\/manauscult\/wp-content\/uploads\/sites\/11\/2025\/09\/Espaco-Moda-2.jpeg","width":1280,"height":854,"caption":"Espa\u00e7o Moda"},{"@type":"BreadcrumbList","@id":"https:\/\/www.manaus.am.gov.br\/manauscult\/espaco-moda-soumanaus\/#breadcrumb","itemListElement":[{"@type":"ListItem","position":1,"name":"Home","item":"https:\/\/www.manaus.am.gov.br\/manauscult\/"},{"@type":"ListItem","position":2,"name":"#SouManaus estreia com brilho e criatividade no Espa\u00e7o Moda"}]},{"@type":"WebSite","@id":"https:\/\/www.manaus.am.gov.br\/manauscult\/#website","url":"https:\/\/www.manaus.am.gov.br\/manauscult\/","name":"MANAUSCULT","description":"Prefeitura de Manaus","potentialAction":[{"@type":"SearchAction","target":{"@type":"EntryPoint","urlTemplate":"https:\/\/www.manaus.am.gov.br\/manauscult\/?s={search_term_string}"},"query-input":"required name=search_term_string"}],"inLanguage":"pt-BR"},{"@type":"Person","@id":"https:\/\/www.manaus.am.gov.br\/manauscult\/#\/schema\/person\/a5ee5376db6e21af026374b369f30882","name":"Thiago Fernando","image":{"@type":"ImageObject","inLanguage":"pt-BR","@id":"https:\/\/www.manaus.am.gov.br\/manauscult\/#\/schema\/person\/image\/","url":"https:\/\/secure.gravatar.com\/avatar\/f5aab8722444041451501c077052ac07?s=96&d=mm&r=g","contentUrl":"https:\/\/secure.gravatar.com\/avatar\/f5aab8722444041451501c077052ac07?s=96&d=mm&r=g","caption":"Thiago Fernando"}}]}},"_links":{"self":[{"href":"https:\/\/www.manaus.am.gov.br\/manauscult\/wp-json\/wp\/v2\/posts\/4566"}],"collection":[{"href":"https:\/\/www.manaus.am.gov.br\/manauscult\/wp-json\/wp\/v2\/posts"}],"about":[{"href":"https:\/\/www.manaus.am.gov.br\/manauscult\/wp-json\/wp\/v2\/types\/post"}],"author":[{"embeddable":true,"href":"https:\/\/www.manaus.am.gov.br\/manauscult\/wp-json\/wp\/v2\/users\/57"}],"replies":[{"embeddable":true,"href":"https:\/\/www.manaus.am.gov.br\/manauscult\/wp-json\/wp\/v2\/comments?post=4566"}],"version-history":[{"count":0,"href":"https:\/\/www.manaus.am.gov.br\/manauscult\/wp-json\/wp\/v2\/posts\/4566\/revisions"}],"wp:featuredmedia":[{"embeddable":true,"href":"https:\/\/www.manaus.am.gov.br\/manauscult\/wp-json\/wp\/v2\/media\/4567"}],"wp:attachment":[{"href":"https:\/\/www.manaus.am.gov.br\/manauscult\/wp-json\/wp\/v2\/media?parent=4566"}],"wp:term":[{"taxonomy":"category","embeddable":true,"href":"https:\/\/www.manaus.am.gov.br\/manauscult\/wp-json\/wp\/v2\/categories?post=4566"},{"taxonomy":"post_tag","embeddable":true,"href":"https:\/\/www.manaus.am.gov.br\/manauscult\/wp-json\/wp\/v2\/tags?post=4566"}],"curies":[{"name":"wp","href":"https:\/\/api.w.org\/{rel}","templated":true}]}}