{"id":4563,"date":"2025-09-06T01:04:14","date_gmt":"2025-09-06T05:04:14","guid":{"rendered":"https:\/\/www.manaus.am.gov.br\/manauscult\/transporte-coletivo-soumanaus\/"},"modified":"2025-09-06T01:04:16","modified_gmt":"2025-09-06T05:04:16","slug":"transporte-coletivo-soumanaus","status":"publish","type":"post","link":"https:\/\/www.manaus.am.gov.br\/manauscult\/transporte-coletivo-soumanaus\/","title":{"rendered":"Transporte coletivo garante chegada r\u00e1pida ao primeiro dia do #SouManaus Passo a Pa\u00e7o 2025"},"content":{"rendered":"\n<p>O primeiro dia do #SouManaus Passo a Pa\u00e7o 2025, realizado nesta sexta-feira, 6\/9, contou com uma opera\u00e7\u00e3o especial de transporte coletivo organizada pela <a href=\"https:\/\/www.manaus.am.gov.br\/\">Prefeitura de Manaus<\/a>, por meio do Instituto Municipal de Mobilidade Urbana (IMMU). A estrat\u00e9gia garantiu mais conforto e rapidez para quem escolheu o \u00f4nibus como principal meio de transporte at\u00e9 o centro\u00a0hist\u00f3rico.<\/p>\n\n\n\n<p>Nos tr\u00eas dias de festival, 81 linhas de \u00f4nibus estar\u00e3o em circula\u00e7\u00e3o, com 324 ve\u00edculos dispon\u00edveis para atender a popula\u00e7\u00e3o. Al\u00e9m disso, outros 25 coletivos ficam posicionados em pontos estrat\u00e9gicos do Centro, prontos para refor\u00e7ar o servi\u00e7o em caso de demanda acima do normal. Para o retorno, ap\u00f3s a meia-noite, 23 linhas ter\u00e3o viagens extras, alcan\u00e7ando inclusive os bairros mais afastados da capital.<\/p>\n\n\n\n<p>Um dos diferenciais deste ano \u00e9 a utiliza\u00e7\u00e3o do corredor exclusivo para \u00f4nibus da avenida Epaminondas, que facilita o deslocamento at\u00e9 a Matriz, pr\u00f3ximo aos palcos principais.<\/p>\n\n\n\n<p>A vice-presidente de Transporte do IMMU, Viviane Cabral, destacou a import\u00e2ncia da medida para a mobilidade durante o evento.<\/p>\n\n\n\n<p>\u201cEstamos preparados para oferecer um transporte eficiente e seguro, com linhas refor\u00e7adas e viagens extras, garantindo que todos possam chegar e voltar para casa com tranquilidade. O corredor exclusivo da Epaminondas \u00e9 um diferencial, pois d\u00e1 mais agilidade aos \u00f4nibus que chegam at\u00e9 a Matriz\u201d, afirmou.<\/p>\n\n\n\n<p>Para o p\u00fablico, a experi\u00eancia tamb\u00e9m tem sido positiva. A estudante Emily Silva, 23 anos, moradora da zona Centro-Sul, aprovou a organiza\u00e7\u00e3o.<\/p>\n\n\n\n<p>&#8220;Achei muito f\u00e1cil chegar at\u00e9 aqui hoje. Peguei o \u00f4nibus no bairro e, quando entrou na Epaminondas, veio rapidinho, sem pegar engarrafamento. Com certeza vou usar o transporte coletivo todos os dias do festival\u201d, contou.<\/p>\n\n\n\n<p>Com a opera\u00e7\u00e3o, o IMMU refor\u00e7a que o transporte coletivo \u00e9 a forma mais pr\u00e1tica, acess\u00edvel e eficiente de chegar ao #SouManaus Passo a Pa\u00e7o 2025.<\/p>\n\n\n\n<p>&#8212; &#8212; &#8212;<\/p>\n\n\n\n<p><strong>Texto &#8211;<\/strong> Naira Nascimento\/IMMU<\/p>\n\n\n\n<p><strong>Fotos &#8211;<\/strong> Karol Silva \/ IMMU<\/p>\n","protected":false},"excerpt":{"rendered":"","protected":false},"author":57,"featured_media":4564,"comment_status":"closed","ping_status":"closed","sticky":false,"template":"","format":"standard","meta":{"footnotes":""},"categories":[508],"tags":[183,9,11,1653],"acf":[],"yoast_head":"<!-- This site is optimized with the Yoast SEO plugin v23.0 - https:\/\/yoast.com\/wordpress\/plugins\/seo\/ -->\n<title>Transporte coletivo garante chegada r\u00e1pida ao #SouManaus<\/title>\n<meta name=\"description\" content=\"O primeiro dia do #SouManaus Passo a Pa\u00e7o 2025 contou com uma opera\u00e7\u00e3o especial de transporte coletivo organizada pela Prefeitura de Manaus.\" \/>\n<meta name=\"robots\" content=\"noindex, follow\" \/>\n<meta property=\"og:locale\" content=\"pt_BR\" \/>\n<meta property=\"og:type\" content=\"article\" \/>\n<meta property=\"og:title\" content=\"Transporte coletivo garante chegada r\u00e1pida ao #SouManaus\" \/>\n<meta property=\"og:description\" content=\"O primeiro dia do #SouManaus Passo a Pa\u00e7o 2025 contou com uma opera\u00e7\u00e3o especial de transporte coletivo organizada pela Prefeitura de Manaus.\" \/>\n<meta property=\"og:url\" content=\"https:\/\/www.manaus.am.gov.br\/manauscult\/transporte-coletivo-soumanaus\/\" \/>\n<meta property=\"og:site_name\" content=\"MANAUSCULT\" \/>\n<meta property=\"article:published_time\" content=\"2025-09-06T05:04:14+00:00\" \/>\n<meta property=\"article:modified_time\" content=\"2025-09-06T05:04:16+00:00\" \/>\n<meta property=\"og:image\" content=\"https:\/\/www.manaus.am.gov.br\/manauscult\/wp-content\/uploads\/sites\/11\/2025\/09\/Transporte-coletivo-3.jpeg\" \/>\n\t<meta property=\"og:image:width\" content=\"1280\" \/>\n\t<meta property=\"og:image:height\" content=\"854\" \/>\n\t<meta property=\"og:image:type\" content=\"image\/jpeg\" \/>\n<meta name=\"author\" content=\"Thiago Fernando\" \/>\n<meta name=\"twitter:card\" content=\"summary_large_image\" \/>\n<meta name=\"twitter:label1\" content=\"Written by\" \/>\n\t<meta name=\"twitter:data1\" content=\"Thiago Fernando\" \/>\n\t<meta name=\"twitter:label2\" content=\"Est. reading time\" \/>\n\t<meta name=\"twitter:data2\" content=\"2 minutos\" \/>\n<script type=\"application\/ld+json\" class=\"yoast-schema-graph\">{\"@context\":\"https:\/\/schema.org\",\"@graph\":[{\"@type\":\"WebPage\",\"@id\":\"https:\/\/www.manaus.am.gov.br\/manauscult\/transporte-coletivo-soumanaus\/\",\"url\":\"https:\/\/www.manaus.am.gov.br\/manauscult\/transporte-coletivo-soumanaus\/\",\"name\":\"Transporte coletivo garante chegada r\u00e1pida ao #SouManaus\",\"isPartOf\":{\"@id\":\"https:\/\/www.manaus.am.gov.br\/manauscult\/#website\"},\"primaryImageOfPage\":{\"@id\":\"https:\/\/www.manaus.am.gov.br\/manauscult\/transporte-coletivo-soumanaus\/#primaryimage\"},\"image\":{\"@id\":\"https:\/\/www.manaus.am.gov.br\/manauscult\/transporte-coletivo-soumanaus\/#primaryimage\"},\"thumbnailUrl\":\"https:\/\/www.manaus.am.gov.br\/manauscult\/wp-content\/uploads\/sites\/11\/2025\/09\/Transporte-coletivo-3.jpeg\",\"datePublished\":\"2025-09-06T05:04:14+00:00\",\"dateModified\":\"2025-09-06T05:04:16+00:00\",\"author\":{\"@id\":\"https:\/\/www.manaus.am.gov.br\/manauscult\/#\/schema\/person\/a5ee5376db6e21af026374b369f30882\"},\"description\":\"O primeiro dia do #SouManaus Passo a Pa\u00e7o 2025 contou com uma opera\u00e7\u00e3o especial de transporte coletivo organizada pela Prefeitura de Manaus.\",\"breadcrumb\":{\"@id\":\"https:\/\/www.manaus.am.gov.br\/manauscult\/transporte-coletivo-soumanaus\/#breadcrumb\"},\"inLanguage\":\"pt-BR\",\"potentialAction\":[{\"@type\":\"ReadAction\",\"target\":[\"https:\/\/www.manaus.am.gov.br\/manauscult\/transporte-coletivo-soumanaus\/\"]}]},{\"@type\":\"ImageObject\",\"inLanguage\":\"pt-BR\",\"@id\":\"https:\/\/www.manaus.am.gov.br\/manauscult\/transporte-coletivo-soumanaus\/#primaryimage\",\"url\":\"https:\/\/www.manaus.am.gov.br\/manauscult\/wp-content\/uploads\/sites\/11\/2025\/09\/Transporte-coletivo-3.jpeg\",\"contentUrl\":\"https:\/\/www.manaus.am.gov.br\/manauscult\/wp-content\/uploads\/sites\/11\/2025\/09\/Transporte-coletivo-3.jpeg\",\"width\":1280,\"height\":854,\"caption\":\"Transporte coletivo\"},{\"@type\":\"BreadcrumbList\",\"@id\":\"https:\/\/www.manaus.am.gov.br\/manauscult\/transporte-coletivo-soumanaus\/#breadcrumb\",\"itemListElement\":[{\"@type\":\"ListItem\",\"position\":1,\"name\":\"Home\",\"item\":\"https:\/\/www.manaus.am.gov.br\/manauscult\/\"},{\"@type\":\"ListItem\",\"position\":2,\"name\":\"Transporte coletivo garante chegada r\u00e1pida ao primeiro dia do #SouManaus Passo a Pa\u00e7o 2025\"}]},{\"@type\":\"WebSite\",\"@id\":\"https:\/\/www.manaus.am.gov.br\/manauscult\/#website\",\"url\":\"https:\/\/www.manaus.am.gov.br\/manauscult\/\",\"name\":\"MANAUSCULT\",\"description\":\"Prefeitura de Manaus\",\"potentialAction\":[{\"@type\":\"SearchAction\",\"target\":{\"@type\":\"EntryPoint\",\"urlTemplate\":\"https:\/\/www.manaus.am.gov.br\/manauscult\/?s={search_term_string}\"},\"query-input\":\"required name=search_term_string\"}],\"inLanguage\":\"pt-BR\"},{\"@type\":\"Person\",\"@id\":\"https:\/\/www.manaus.am.gov.br\/manauscult\/#\/schema\/person\/a5ee5376db6e21af026374b369f30882\",\"name\":\"Thiago Fernando\",\"image\":{\"@type\":\"ImageObject\",\"inLanguage\":\"pt-BR\",\"@id\":\"https:\/\/www.manaus.am.gov.br\/manauscult\/#\/schema\/person\/image\/\",\"url\":\"https:\/\/secure.gravatar.com\/avatar\/f5aab8722444041451501c077052ac07?s=96&d=mm&r=g\",\"contentUrl\":\"https:\/\/secure.gravatar.com\/avatar\/f5aab8722444041451501c077052ac07?s=96&d=mm&r=g\",\"caption\":\"Thiago Fernando\"}}]}<\/script>\n<!-- \/ Yoast SEO plugin. -->","yoast_head_json":{"title":"Transporte coletivo garante chegada r\u00e1pida ao #SouManaus","description":"O primeiro dia do #SouManaus Passo a Pa\u00e7o 2025 contou com uma opera\u00e7\u00e3o especial de transporte coletivo organizada pela Prefeitura de Manaus.","robots":{"index":"noindex","follow":"follow"},"og_locale":"pt_BR","og_type":"article","og_title":"Transporte coletivo garante chegada r\u00e1pida ao #SouManaus","og_description":"O primeiro dia do #SouManaus Passo a Pa\u00e7o 2025 contou com uma opera\u00e7\u00e3o especial de transporte coletivo organizada pela Prefeitura de Manaus.","og_url":"https:\/\/www.manaus.am.gov.br\/manauscult\/transporte-coletivo-soumanaus\/","og_site_name":"MANAUSCULT","article_published_time":"2025-09-06T05:04:14+00:00","article_modified_time":"2025-09-06T05:04:16+00:00","og_image":[{"width":1280,"height":854,"url":"https:\/\/www.manaus.am.gov.br\/manauscult\/wp-content\/uploads\/sites\/11\/2025\/09\/Transporte-coletivo-3.jpeg","type":"image\/jpeg"}],"author":"Thiago Fernando","twitter_card":"summary_large_image","twitter_misc":{"Written by":"Thiago Fernando","Est. reading time":"2 minutos"},"schema":{"@context":"https:\/\/schema.org","@graph":[{"@type":"WebPage","@id":"https:\/\/www.manaus.am.gov.br\/manauscult\/transporte-coletivo-soumanaus\/","url":"https:\/\/www.manaus.am.gov.br\/manauscult\/transporte-coletivo-soumanaus\/","name":"Transporte coletivo garante chegada r\u00e1pida ao #SouManaus","isPartOf":{"@id":"https:\/\/www.manaus.am.gov.br\/manauscult\/#website"},"primaryImageOfPage":{"@id":"https:\/\/www.manaus.am.gov.br\/manauscult\/transporte-coletivo-soumanaus\/#primaryimage"},"image":{"@id":"https:\/\/www.manaus.am.gov.br\/manauscult\/transporte-coletivo-soumanaus\/#primaryimage"},"thumbnailUrl":"https:\/\/www.manaus.am.gov.br\/manauscult\/wp-content\/uploads\/sites\/11\/2025\/09\/Transporte-coletivo-3.jpeg","datePublished":"2025-09-06T05:04:14+00:00","dateModified":"2025-09-06T05:04:16+00:00","author":{"@id":"https:\/\/www.manaus.am.gov.br\/manauscult\/#\/schema\/person\/a5ee5376db6e21af026374b369f30882"},"description":"O primeiro dia do #SouManaus Passo a Pa\u00e7o 2025 contou com uma opera\u00e7\u00e3o especial de transporte coletivo organizada pela Prefeitura de Manaus.","breadcrumb":{"@id":"https:\/\/www.manaus.am.gov.br\/manauscult\/transporte-coletivo-soumanaus\/#breadcrumb"},"inLanguage":"pt-BR","potentialAction":[{"@type":"ReadAction","target":["https:\/\/www.manaus.am.gov.br\/manauscult\/transporte-coletivo-soumanaus\/"]}]},{"@type":"ImageObject","inLanguage":"pt-BR","@id":"https:\/\/www.manaus.am.gov.br\/manauscult\/transporte-coletivo-soumanaus\/#primaryimage","url":"https:\/\/www.manaus.am.gov.br\/manauscult\/wp-content\/uploads\/sites\/11\/2025\/09\/Transporte-coletivo-3.jpeg","contentUrl":"https:\/\/www.manaus.am.gov.br\/manauscult\/wp-content\/uploads\/sites\/11\/2025\/09\/Transporte-coletivo-3.jpeg","width":1280,"height":854,"caption":"Transporte coletivo"},{"@type":"BreadcrumbList","@id":"https:\/\/www.manaus.am.gov.br\/manauscult\/transporte-coletivo-soumanaus\/#breadcrumb","itemListElement":[{"@type":"ListItem","position":1,"name":"Home","item":"https:\/\/www.manaus.am.gov.br\/manauscult\/"},{"@type":"ListItem","position":2,"name":"Transporte coletivo garante chegada r\u00e1pida ao primeiro dia do #SouManaus Passo a Pa\u00e7o 2025"}]},{"@type":"WebSite","@id":"https:\/\/www.manaus.am.gov.br\/manauscult\/#website","url":"https:\/\/www.manaus.am.gov.br\/manauscult\/","name":"MANAUSCULT","description":"Prefeitura de Manaus","potentialAction":[{"@type":"SearchAction","target":{"@type":"EntryPoint","urlTemplate":"https:\/\/www.manaus.am.gov.br\/manauscult\/?s={search_term_string}"},"query-input":"required name=search_term_string"}],"inLanguage":"pt-BR"},{"@type":"Person","@id":"https:\/\/www.manaus.am.gov.br\/manauscult\/#\/schema\/person\/a5ee5376db6e21af026374b369f30882","name":"Thiago Fernando","image":{"@type":"ImageObject","inLanguage":"pt-BR","@id":"https:\/\/www.manaus.am.gov.br\/manauscult\/#\/schema\/person\/image\/","url":"https:\/\/secure.gravatar.com\/avatar\/f5aab8722444041451501c077052ac07?s=96&d=mm&r=g","contentUrl":"https:\/\/secure.gravatar.com\/avatar\/f5aab8722444041451501c077052ac07?s=96&d=mm&r=g","caption":"Thiago Fernando"}}]}},"_links":{"self":[{"href":"https:\/\/www.manaus.am.gov.br\/manauscult\/wp-json\/wp\/v2\/posts\/4563"}],"collection":[{"href":"https:\/\/www.manaus.am.gov.br\/manauscult\/wp-json\/wp\/v2\/posts"}],"about":[{"href":"https:\/\/www.manaus.am.gov.br\/manauscult\/wp-json\/wp\/v2\/types\/post"}],"author":[{"embeddable":true,"href":"https:\/\/www.manaus.am.gov.br\/manauscult\/wp-json\/wp\/v2\/users\/57"}],"replies":[{"embeddable":true,"href":"https:\/\/www.manaus.am.gov.br\/manauscult\/wp-json\/wp\/v2\/comments?post=4563"}],"version-history":[{"count":0,"href":"https:\/\/www.manaus.am.gov.br\/manauscult\/wp-json\/wp\/v2\/posts\/4563\/revisions"}],"wp:featuredmedia":[{"embeddable":true,"href":"https:\/\/www.manaus.am.gov.br\/manauscult\/wp-json\/wp\/v2\/media\/4564"}],"wp:attachment":[{"href":"https:\/\/www.manaus.am.gov.br\/manauscult\/wp-json\/wp\/v2\/media?parent=4563"}],"wp:term":[{"taxonomy":"category","embeddable":true,"href":"https:\/\/www.manaus.am.gov.br\/manauscult\/wp-json\/wp\/v2\/categories?post=4563"},{"taxonomy":"post_tag","embeddable":true,"href":"https:\/\/www.manaus.am.gov.br\/manauscult\/wp-json\/wp\/v2\/tags?post=4563"}],"curies":[{"name":"wp","href":"https:\/\/api.w.org\/{rel}","templated":true}]}}