{"id":4561,"date":"2025-09-06T00:53:46","date_gmt":"2025-09-06T04:53:46","guid":{"rendered":"https:\/\/www.manaus.am.gov.br\/manauscult\/povos-indigenas-soumanaus-2025\/"},"modified":"2025-09-06T00:53:48","modified_gmt":"2025-09-06T04:53:48","slug":"povos-indigenas-soumanaus-2025","status":"publish","type":"post","link":"https:\/\/www.manaus.am.gov.br\/manauscult\/povos-indigenas-soumanaus-2025\/","title":{"rendered":"#SouManaus 2025 come\u00e7a em grande estilo com show que destaca os povos ind\u00edgenas no palco Coreto"},"content":{"rendered":"\n<p>Na primeira noite do #SouManaus Passo a Pa\u00e7o 2025, realizado nesta sexta-feira, 5\/9, o palco Coreto encantou a popula\u00e7\u00e3o que passou pela pra\u00e7a Dom II, gra\u00e7as a for\u00e7a e a beleza das apresenta\u00e7\u00f5es de povos ind\u00edgenas, que refor\u00e7ou a valoriza\u00e7\u00e3o da cultura ancestral como parte essencial da identidade amaz\u00f4nica.<\/p>\n\n\n\n<p>A programa\u00e7\u00e3o teve in\u00edcio \u00e0s 17h com apresenta\u00e7\u00f5es dos grupos ind\u00edgenas Aiue, Cipia e Kurata. A coordenadora e produtora da Funda\u00e7\u00e3o Municipal de Cultura, Evento e Turismo (Manauscult), Monik Ventilare, destacou que o palco reuniu a diversidade art\u00edstica como parte da proposta do festival.<\/p>\n\n\n\n<p>\u201cNesta primeira noite, iniciamos com os povos ind\u00edgenas, guerreiros e guerreiras Aiue. Este palco \u00e9 o cora\u00e7\u00e3o do festival, principalmente nessa pra\u00e7a considerada um territ\u00f3rio sagrado, e n\u00e3o seria diferente no maior festival de artes integradas termos apresenta\u00e7\u00f5es incr\u00edveis como essas. A Prefeitura de Manaus sempre est\u00e1 aberta em refor\u00e7ar e valorizar nossa cultura\u201d, afirmou Monik.<\/p>\n\n\n\n<p>O cacique Lu\u00eds Kokana, 42, l\u00edder de 15 povos ind\u00edgenas, compartilhou seu sentimento em poder se apresentar neste grande evento. \u201cHoje, o sentimento \u00e9 de conquista. Estamos conquistando o nosso espa\u00e7o na nossa terra. \u00c9 uma grande satisfa\u00e7\u00e3o poder mostrar a nossa representa\u00e7\u00e3o ao mundo dos povos origin\u00e1rios. Hoje, temos uma Prefeitura de Manaus que nos valoriza. Antes n\u00e3o \u00e9ramos vistos, agora somos contemplados por participar desse grande festival\u201d, afirmou Lu\u00eds Kokana.<\/p>\n\n\n\n<p>A professora de dan\u00e7a Maise Ribeiro, 57 anos, que \u00e9 do povo mura, celebrou a apresenta\u00e7\u00e3o dos povos origin\u00e1rios no Coreto. \u201cO #SouManaus \u00e9 um evento totalmente inclusivo, \u00e9 aberto para todos os gostos.&nbsp;Al\u00e9m dos artistas nacionais e locais, a&nbsp;parte que eu mais gosto, acho interessante e verdadeira, \u00e9 trazer para n\u00f3s a presen\u00e7a dos nossos ancestrais dos povos origin\u00e1rios, que t\u00eam a oportunidade de mostrar a sua cultura e energia que todos precisam conhecer\u201d, relatou Maise.<\/p>\n\n\n\n<p>&#8212; &#8212; &#8212;<\/p>\n\n\n\n<p><strong>Texto &#8211;<\/strong> Rayana Coutinho \/ Seminf<\/p>\n\n\n\n<p><strong>Fotos &#8211;<\/strong> Maria Amed \/ Seminf<\/p>\n","protected":false},"excerpt":{"rendered":"","protected":false},"author":57,"featured_media":4562,"comment_status":"closed","ping_status":"closed","sticky":false,"template":"","format":"standard","meta":{"footnotes":""},"categories":[508],"tags":[183,1553,1652,11],"acf":[],"yoast_head":"<!-- This site is optimized with the Yoast SEO plugin v23.0 - https:\/\/yoast.com\/wordpress\/plugins\/seo\/ -->\n<title>#SouManaus 2025 come\u00e7a com destaque aos povos ind\u00edgenas<\/title>\n<meta name=\"description\" content=\"O palco Coreto encantou a popula\u00e7\u00e3o gra\u00e7as a for\u00e7a e a beleza das apresenta\u00e7\u00f5es de povos ind\u00edgenas, que refor\u00e7ou a valoriza\u00e7\u00e3o dos ancestrais.\" \/>\n<meta name=\"robots\" content=\"noindex, follow\" \/>\n<meta property=\"og:locale\" content=\"pt_BR\" \/>\n<meta property=\"og:type\" content=\"article\" \/>\n<meta property=\"og:title\" content=\"#SouManaus 2025 come\u00e7a com destaque aos povos ind\u00edgenas\" \/>\n<meta property=\"og:description\" content=\"O palco Coreto encantou a popula\u00e7\u00e3o gra\u00e7as a for\u00e7a e a beleza das apresenta\u00e7\u00f5es de povos ind\u00edgenas, que refor\u00e7ou a valoriza\u00e7\u00e3o dos ancestrais.\" \/>\n<meta property=\"og:url\" content=\"https:\/\/www.manaus.am.gov.br\/manauscult\/povos-indigenas-soumanaus-2025\/\" \/>\n<meta property=\"og:site_name\" content=\"MANAUSCULT\" \/>\n<meta property=\"article:published_time\" content=\"2025-09-06T04:53:46+00:00\" \/>\n<meta property=\"article:modified_time\" content=\"2025-09-06T04:53:48+00:00\" \/>\n<meta property=\"og:image\" content=\"https:\/\/www.manaus.am.gov.br\/manauscult\/wp-content\/uploads\/sites\/11\/2025\/09\/povos-indigenas-4.jpg\" \/>\n\t<meta property=\"og:image:width\" content=\"800\" \/>\n\t<meta property=\"og:image:height\" content=\"600\" \/>\n\t<meta property=\"og:image:type\" content=\"image\/jpeg\" \/>\n<meta name=\"author\" content=\"Thiago Fernando\" \/>\n<meta name=\"twitter:card\" content=\"summary_large_image\" \/>\n<meta name=\"twitter:label1\" content=\"Written by\" \/>\n\t<meta name=\"twitter:data1\" content=\"Thiago Fernando\" \/>\n\t<meta name=\"twitter:label2\" content=\"Est. reading time\" \/>\n\t<meta name=\"twitter:data2\" content=\"2 minutos\" \/>\n<script type=\"application\/ld+json\" class=\"yoast-schema-graph\">{\"@context\":\"https:\/\/schema.org\",\"@graph\":[{\"@type\":\"WebPage\",\"@id\":\"https:\/\/www.manaus.am.gov.br\/manauscult\/povos-indigenas-soumanaus-2025\/\",\"url\":\"https:\/\/www.manaus.am.gov.br\/manauscult\/povos-indigenas-soumanaus-2025\/\",\"name\":\"#SouManaus 2025 come\u00e7a com destaque aos povos ind\u00edgenas\",\"isPartOf\":{\"@id\":\"https:\/\/www.manaus.am.gov.br\/manauscult\/#website\"},\"primaryImageOfPage\":{\"@id\":\"https:\/\/www.manaus.am.gov.br\/manauscult\/povos-indigenas-soumanaus-2025\/#primaryimage\"},\"image\":{\"@id\":\"https:\/\/www.manaus.am.gov.br\/manauscult\/povos-indigenas-soumanaus-2025\/#primaryimage\"},\"thumbnailUrl\":\"https:\/\/www.manaus.am.gov.br\/manauscult\/wp-content\/uploads\/sites\/11\/2025\/09\/povos-indigenas-4.jpg\",\"datePublished\":\"2025-09-06T04:53:46+00:00\",\"dateModified\":\"2025-09-06T04:53:48+00:00\",\"author\":{\"@id\":\"https:\/\/www.manaus.am.gov.br\/manauscult\/#\/schema\/person\/a5ee5376db6e21af026374b369f30882\"},\"description\":\"O palco Coreto encantou a popula\u00e7\u00e3o gra\u00e7as a for\u00e7a e a beleza das apresenta\u00e7\u00f5es de povos ind\u00edgenas, que refor\u00e7ou a valoriza\u00e7\u00e3o dos ancestrais.\",\"breadcrumb\":{\"@id\":\"https:\/\/www.manaus.am.gov.br\/manauscult\/povos-indigenas-soumanaus-2025\/#breadcrumb\"},\"inLanguage\":\"pt-BR\",\"potentialAction\":[{\"@type\":\"ReadAction\",\"target\":[\"https:\/\/www.manaus.am.gov.br\/manauscult\/povos-indigenas-soumanaus-2025\/\"]}]},{\"@type\":\"ImageObject\",\"inLanguage\":\"pt-BR\",\"@id\":\"https:\/\/www.manaus.am.gov.br\/manauscult\/povos-indigenas-soumanaus-2025\/#primaryimage\",\"url\":\"https:\/\/www.manaus.am.gov.br\/manauscult\/wp-content\/uploads\/sites\/11\/2025\/09\/povos-indigenas-4.jpg\",\"contentUrl\":\"https:\/\/www.manaus.am.gov.br\/manauscult\/wp-content\/uploads\/sites\/11\/2025\/09\/povos-indigenas-4.jpg\",\"width\":800,\"height\":600,\"caption\":\"povos ind\u00edgenas\"},{\"@type\":\"BreadcrumbList\",\"@id\":\"https:\/\/www.manaus.am.gov.br\/manauscult\/povos-indigenas-soumanaus-2025\/#breadcrumb\",\"itemListElement\":[{\"@type\":\"ListItem\",\"position\":1,\"name\":\"Home\",\"item\":\"https:\/\/www.manaus.am.gov.br\/manauscult\/\"},{\"@type\":\"ListItem\",\"position\":2,\"name\":\"#SouManaus 2025 come\u00e7a em grande estilo com show que destaca os povos ind\u00edgenas no palco Coreto\"}]},{\"@type\":\"WebSite\",\"@id\":\"https:\/\/www.manaus.am.gov.br\/manauscult\/#website\",\"url\":\"https:\/\/www.manaus.am.gov.br\/manauscult\/\",\"name\":\"MANAUSCULT\",\"description\":\"Prefeitura de Manaus\",\"potentialAction\":[{\"@type\":\"SearchAction\",\"target\":{\"@type\":\"EntryPoint\",\"urlTemplate\":\"https:\/\/www.manaus.am.gov.br\/manauscult\/?s={search_term_string}\"},\"query-input\":\"required name=search_term_string\"}],\"inLanguage\":\"pt-BR\"},{\"@type\":\"Person\",\"@id\":\"https:\/\/www.manaus.am.gov.br\/manauscult\/#\/schema\/person\/a5ee5376db6e21af026374b369f30882\",\"name\":\"Thiago Fernando\",\"image\":{\"@type\":\"ImageObject\",\"inLanguage\":\"pt-BR\",\"@id\":\"https:\/\/www.manaus.am.gov.br\/manauscult\/#\/schema\/person\/image\/\",\"url\":\"https:\/\/secure.gravatar.com\/avatar\/f5aab8722444041451501c077052ac07?s=96&d=mm&r=g\",\"contentUrl\":\"https:\/\/secure.gravatar.com\/avatar\/f5aab8722444041451501c077052ac07?s=96&d=mm&r=g\",\"caption\":\"Thiago Fernando\"}}]}<\/script>\n<!-- \/ Yoast SEO plugin. -->","yoast_head_json":{"title":"#SouManaus 2025 come\u00e7a com destaque aos povos ind\u00edgenas","description":"O palco Coreto encantou a popula\u00e7\u00e3o gra\u00e7as a for\u00e7a e a beleza das apresenta\u00e7\u00f5es de povos ind\u00edgenas, que refor\u00e7ou a valoriza\u00e7\u00e3o dos ancestrais.","robots":{"index":"noindex","follow":"follow"},"og_locale":"pt_BR","og_type":"article","og_title":"#SouManaus 2025 come\u00e7a com destaque aos povos ind\u00edgenas","og_description":"O palco Coreto encantou a popula\u00e7\u00e3o gra\u00e7as a for\u00e7a e a beleza das apresenta\u00e7\u00f5es de povos ind\u00edgenas, que refor\u00e7ou a valoriza\u00e7\u00e3o dos ancestrais.","og_url":"https:\/\/www.manaus.am.gov.br\/manauscult\/povos-indigenas-soumanaus-2025\/","og_site_name":"MANAUSCULT","article_published_time":"2025-09-06T04:53:46+00:00","article_modified_time":"2025-09-06T04:53:48+00:00","og_image":[{"width":800,"height":600,"url":"https:\/\/www.manaus.am.gov.br\/manauscult\/wp-content\/uploads\/sites\/11\/2025\/09\/povos-indigenas-4.jpg","type":"image\/jpeg"}],"author":"Thiago Fernando","twitter_card":"summary_large_image","twitter_misc":{"Written by":"Thiago Fernando","Est. reading time":"2 minutos"},"schema":{"@context":"https:\/\/schema.org","@graph":[{"@type":"WebPage","@id":"https:\/\/www.manaus.am.gov.br\/manauscult\/povos-indigenas-soumanaus-2025\/","url":"https:\/\/www.manaus.am.gov.br\/manauscult\/povos-indigenas-soumanaus-2025\/","name":"#SouManaus 2025 come\u00e7a com destaque aos povos ind\u00edgenas","isPartOf":{"@id":"https:\/\/www.manaus.am.gov.br\/manauscult\/#website"},"primaryImageOfPage":{"@id":"https:\/\/www.manaus.am.gov.br\/manauscult\/povos-indigenas-soumanaus-2025\/#primaryimage"},"image":{"@id":"https:\/\/www.manaus.am.gov.br\/manauscult\/povos-indigenas-soumanaus-2025\/#primaryimage"},"thumbnailUrl":"https:\/\/www.manaus.am.gov.br\/manauscult\/wp-content\/uploads\/sites\/11\/2025\/09\/povos-indigenas-4.jpg","datePublished":"2025-09-06T04:53:46+00:00","dateModified":"2025-09-06T04:53:48+00:00","author":{"@id":"https:\/\/www.manaus.am.gov.br\/manauscult\/#\/schema\/person\/a5ee5376db6e21af026374b369f30882"},"description":"O palco Coreto encantou a popula\u00e7\u00e3o gra\u00e7as a for\u00e7a e a beleza das apresenta\u00e7\u00f5es de povos ind\u00edgenas, que refor\u00e7ou a valoriza\u00e7\u00e3o dos ancestrais.","breadcrumb":{"@id":"https:\/\/www.manaus.am.gov.br\/manauscult\/povos-indigenas-soumanaus-2025\/#breadcrumb"},"inLanguage":"pt-BR","potentialAction":[{"@type":"ReadAction","target":["https:\/\/www.manaus.am.gov.br\/manauscult\/povos-indigenas-soumanaus-2025\/"]}]},{"@type":"ImageObject","inLanguage":"pt-BR","@id":"https:\/\/www.manaus.am.gov.br\/manauscult\/povos-indigenas-soumanaus-2025\/#primaryimage","url":"https:\/\/www.manaus.am.gov.br\/manauscult\/wp-content\/uploads\/sites\/11\/2025\/09\/povos-indigenas-4.jpg","contentUrl":"https:\/\/www.manaus.am.gov.br\/manauscult\/wp-content\/uploads\/sites\/11\/2025\/09\/povos-indigenas-4.jpg","width":800,"height":600,"caption":"povos ind\u00edgenas"},{"@type":"BreadcrumbList","@id":"https:\/\/www.manaus.am.gov.br\/manauscult\/povos-indigenas-soumanaus-2025\/#breadcrumb","itemListElement":[{"@type":"ListItem","position":1,"name":"Home","item":"https:\/\/www.manaus.am.gov.br\/manauscult\/"},{"@type":"ListItem","position":2,"name":"#SouManaus 2025 come\u00e7a em grande estilo com show que destaca os povos ind\u00edgenas no palco Coreto"}]},{"@type":"WebSite","@id":"https:\/\/www.manaus.am.gov.br\/manauscult\/#website","url":"https:\/\/www.manaus.am.gov.br\/manauscult\/","name":"MANAUSCULT","description":"Prefeitura de Manaus","potentialAction":[{"@type":"SearchAction","target":{"@type":"EntryPoint","urlTemplate":"https:\/\/www.manaus.am.gov.br\/manauscult\/?s={search_term_string}"},"query-input":"required name=search_term_string"}],"inLanguage":"pt-BR"},{"@type":"Person","@id":"https:\/\/www.manaus.am.gov.br\/manauscult\/#\/schema\/person\/a5ee5376db6e21af026374b369f30882","name":"Thiago Fernando","image":{"@type":"ImageObject","inLanguage":"pt-BR","@id":"https:\/\/www.manaus.am.gov.br\/manauscult\/#\/schema\/person\/image\/","url":"https:\/\/secure.gravatar.com\/avatar\/f5aab8722444041451501c077052ac07?s=96&d=mm&r=g","contentUrl":"https:\/\/secure.gravatar.com\/avatar\/f5aab8722444041451501c077052ac07?s=96&d=mm&r=g","caption":"Thiago Fernando"}}]}},"_links":{"self":[{"href":"https:\/\/www.manaus.am.gov.br\/manauscult\/wp-json\/wp\/v2\/posts\/4561"}],"collection":[{"href":"https:\/\/www.manaus.am.gov.br\/manauscult\/wp-json\/wp\/v2\/posts"}],"about":[{"href":"https:\/\/www.manaus.am.gov.br\/manauscult\/wp-json\/wp\/v2\/types\/post"}],"author":[{"embeddable":true,"href":"https:\/\/www.manaus.am.gov.br\/manauscult\/wp-json\/wp\/v2\/users\/57"}],"replies":[{"embeddable":true,"href":"https:\/\/www.manaus.am.gov.br\/manauscult\/wp-json\/wp\/v2\/comments?post=4561"}],"version-history":[{"count":0,"href":"https:\/\/www.manaus.am.gov.br\/manauscult\/wp-json\/wp\/v2\/posts\/4561\/revisions"}],"wp:featuredmedia":[{"embeddable":true,"href":"https:\/\/www.manaus.am.gov.br\/manauscult\/wp-json\/wp\/v2\/media\/4562"}],"wp:attachment":[{"href":"https:\/\/www.manaus.am.gov.br\/manauscult\/wp-json\/wp\/v2\/media?parent=4561"}],"wp:term":[{"taxonomy":"category","embeddable":true,"href":"https:\/\/www.manaus.am.gov.br\/manauscult\/wp-json\/wp\/v2\/categories?post=4561"},{"taxonomy":"post_tag","embeddable":true,"href":"https:\/\/www.manaus.am.gov.br\/manauscult\/wp-json\/wp\/v2\/tags?post=4561"}],"curies":[{"name":"wp","href":"https:\/\/api.w.org\/{rel}","templated":true}]}}