{"id":4559,"date":"2025-09-06T00:20:46","date_gmt":"2025-09-06T04:20:46","guid":{"rendered":"https:\/\/www.manaus.am.gov.br\/manauscult\/espaco-cultura-urbana-artesanato\/"},"modified":"2025-09-06T00:20:47","modified_gmt":"2025-09-06T04:20:47","slug":"espaco-cultura-urbana-artesanato","status":"publish","type":"post","link":"https:\/\/www.manaus.am.gov.br\/manauscult\/espaco-cultura-urbana-artesanato\/","title":{"rendered":"Artesanato amaz\u00f4nico valoriza o Espa\u00e7o Cultura Urbana na edi\u00e7\u00e3o de 10 anos do #SouManaus Passo a Pa\u00e7o"},"content":{"rendered":"\n<p>O artesanato regional teve um local de destaque no Espa\u00e7o Cultura Urbana, um dos principais espa\u00e7os do <a href=\"https:\/\/www.manaus.am.gov.br\/\">#SouManaus Passo a Pa\u00e7o 2025<\/a>. Diversos expositores apresentaram pe\u00e7as autorais, que traduzem a riqueza da identidade amaz\u00f4nica em formas, cores e materiais, encantando o p\u00fablico que prestigiou o primeiro dia do maior festival de artes integradas gratuitas do Brasil, realizado nesta sexta-feira, 5\/9<\/p>\n\n\n\n<p>\u201cAcredito que trazer o artesanato para um evento desse porte \u00e9 muito importante, porque valoriza o nosso trabalho e aproxima o p\u00fablico da nossa cultura. Cada pe\u00e7a tem um significado e carrega um pouco da nossa hist\u00f3ria. Estou feliz por ter a oportunidade de mostrar o que produzimos aqui no festival\u201d, destacou a artes\u00e3 Tatiane Fernandes.<\/p>\n\n\n\n<p>Al\u00e9m das mostras art\u00edsticas, o local contou com jogos interativos e outras atividades que ampliaram a experi\u00eancia do p\u00fablico, refor\u00e7ando a proposta de integra\u00e7\u00e3o entre lazer, arte e identidade amaz\u00f4nica.<\/p>\n\n\n\n<p>Ao reunir artes\u00e3os, artistas e visitantes em um mesmo espa\u00e7o, o Espa\u00e7o Cultura Urbana reafirmou o papel do <a href=\"https:\/\/www.instagram.com\/prefeiturademanaus\/\">#SouManaus 2025<\/a> como um movimento de valoriza\u00e7\u00e3o cultural e de fortalecimento da economia criativa da cidade.<\/p>\n\n\n\n<p>&#8212; &#8212; &#8212;<\/p>\n\n\n\n<p><strong>Texto &#8211;<\/strong> Yasmin Ferreira \/ Semcom<\/p>\n\n\n\n<p><strong>Fotos &#8211;<\/strong> Luciano Vinicius \/ Semcom<\/p>\n\n\n\n<p><\/p>\n","protected":false},"excerpt":{"rendered":"","protected":false},"author":57,"featured_media":4560,"comment_status":"closed","ping_status":"closed","sticky":false,"template":"","format":"standard","meta":{"footnotes":""},"categories":[508],"tags":[183,1569,1553,11],"acf":[],"yoast_head":"<!-- This site is optimized with the Yoast SEO plugin v23.0 - https:\/\/yoast.com\/wordpress\/plugins\/seo\/ -->\n<title>Artesanato amaz\u00f4nico valoriza o Espa\u00e7o Cultura Urbana<\/title>\n<meta name=\"description\" content=\"O artesanato regional teve um local de destaque no Espa\u00e7o Cultura Urbana, um dos principais espa\u00e7os do #SouManaus Passo a Pa\u00e7o 2025\" \/>\n<meta name=\"robots\" content=\"noindex, follow\" \/>\n<meta property=\"og:locale\" content=\"pt_BR\" \/>\n<meta property=\"og:type\" content=\"article\" \/>\n<meta property=\"og:title\" content=\"Artesanato amaz\u00f4nico valoriza o Espa\u00e7o Cultura Urbana\" \/>\n<meta property=\"og:description\" content=\"O artesanato regional teve um local de destaque no Espa\u00e7o Cultura Urbana, um dos principais espa\u00e7os do #SouManaus Passo a Pa\u00e7o 2025\" \/>\n<meta property=\"og:url\" content=\"https:\/\/www.manaus.am.gov.br\/manauscult\/espaco-cultura-urbana-artesanato\/\" \/>\n<meta property=\"og:site_name\" content=\"MANAUSCULT\" \/>\n<meta property=\"article:published_time\" content=\"2025-09-06T04:20:46+00:00\" \/>\n<meta property=\"article:modified_time\" content=\"2025-09-06T04:20:47+00:00\" \/>\n<meta property=\"og:image\" content=\"https:\/\/www.manaus.am.gov.br\/manauscult\/wp-content\/uploads\/sites\/11\/2025\/09\/Espaco-Cultura-Urbana_Artesanato-3.jpeg\" \/>\n\t<meta property=\"og:image:width\" content=\"2560\" \/>\n\t<meta property=\"og:image:height\" content=\"1706\" \/>\n\t<meta property=\"og:image:type\" content=\"image\/jpeg\" \/>\n<meta name=\"author\" content=\"Thiago Fernando\" \/>\n<meta name=\"twitter:card\" content=\"summary_large_image\" \/>\n<meta name=\"twitter:label1\" content=\"Written by\" \/>\n\t<meta name=\"twitter:data1\" content=\"Thiago Fernando\" \/>\n\t<meta name=\"twitter:label2\" content=\"Est. reading time\" \/>\n\t<meta name=\"twitter:data2\" content=\"2 minutos\" \/>\n<script type=\"application\/ld+json\" class=\"yoast-schema-graph\">{\"@context\":\"https:\/\/schema.org\",\"@graph\":[{\"@type\":\"WebPage\",\"@id\":\"https:\/\/www.manaus.am.gov.br\/manauscult\/espaco-cultura-urbana-artesanato\/\",\"url\":\"https:\/\/www.manaus.am.gov.br\/manauscult\/espaco-cultura-urbana-artesanato\/\",\"name\":\"Artesanato amaz\u00f4nico valoriza o Espa\u00e7o Cultura Urbana\",\"isPartOf\":{\"@id\":\"https:\/\/www.manaus.am.gov.br\/manauscult\/#website\"},\"primaryImageOfPage\":{\"@id\":\"https:\/\/www.manaus.am.gov.br\/manauscult\/espaco-cultura-urbana-artesanato\/#primaryimage\"},\"image\":{\"@id\":\"https:\/\/www.manaus.am.gov.br\/manauscult\/espaco-cultura-urbana-artesanato\/#primaryimage\"},\"thumbnailUrl\":\"https:\/\/www.manaus.am.gov.br\/manauscult\/wp-content\/uploads\/sites\/11\/2025\/09\/Espaco-Cultura-Urbana_Artesanato-3.jpeg\",\"datePublished\":\"2025-09-06T04:20:46+00:00\",\"dateModified\":\"2025-09-06T04:20:47+00:00\",\"author\":{\"@id\":\"https:\/\/www.manaus.am.gov.br\/manauscult\/#\/schema\/person\/a5ee5376db6e21af026374b369f30882\"},\"description\":\"O artesanato regional teve um local de destaque no Espa\u00e7o Cultura Urbana, um dos principais espa\u00e7os do #SouManaus Passo a Pa\u00e7o 2025\",\"breadcrumb\":{\"@id\":\"https:\/\/www.manaus.am.gov.br\/manauscult\/espaco-cultura-urbana-artesanato\/#breadcrumb\"},\"inLanguage\":\"pt-BR\",\"potentialAction\":[{\"@type\":\"ReadAction\",\"target\":[\"https:\/\/www.manaus.am.gov.br\/manauscult\/espaco-cultura-urbana-artesanato\/\"]}]},{\"@type\":\"ImageObject\",\"inLanguage\":\"pt-BR\",\"@id\":\"https:\/\/www.manaus.am.gov.br\/manauscult\/espaco-cultura-urbana-artesanato\/#primaryimage\",\"url\":\"https:\/\/www.manaus.am.gov.br\/manauscult\/wp-content\/uploads\/sites\/11\/2025\/09\/Espaco-Cultura-Urbana_Artesanato-3.jpeg\",\"contentUrl\":\"https:\/\/www.manaus.am.gov.br\/manauscult\/wp-content\/uploads\/sites\/11\/2025\/09\/Espaco-Cultura-Urbana_Artesanato-3.jpeg\",\"width\":2560,\"height\":1706,\"caption\":\"Espa\u00e7o Cultura Urbana\"},{\"@type\":\"BreadcrumbList\",\"@id\":\"https:\/\/www.manaus.am.gov.br\/manauscult\/espaco-cultura-urbana-artesanato\/#breadcrumb\",\"itemListElement\":[{\"@type\":\"ListItem\",\"position\":1,\"name\":\"Home\",\"item\":\"https:\/\/www.manaus.am.gov.br\/manauscult\/\"},{\"@type\":\"ListItem\",\"position\":2,\"name\":\"Artesanato amaz\u00f4nico valoriza o Espa\u00e7o Cultura Urbana na edi\u00e7\u00e3o de 10 anos do #SouManaus Passo a Pa\u00e7o\"}]},{\"@type\":\"WebSite\",\"@id\":\"https:\/\/www.manaus.am.gov.br\/manauscult\/#website\",\"url\":\"https:\/\/www.manaus.am.gov.br\/manauscult\/\",\"name\":\"MANAUSCULT\",\"description\":\"Prefeitura de Manaus\",\"potentialAction\":[{\"@type\":\"SearchAction\",\"target\":{\"@type\":\"EntryPoint\",\"urlTemplate\":\"https:\/\/www.manaus.am.gov.br\/manauscult\/?s={search_term_string}\"},\"query-input\":\"required name=search_term_string\"}],\"inLanguage\":\"pt-BR\"},{\"@type\":\"Person\",\"@id\":\"https:\/\/www.manaus.am.gov.br\/manauscult\/#\/schema\/person\/a5ee5376db6e21af026374b369f30882\",\"name\":\"Thiago Fernando\",\"image\":{\"@type\":\"ImageObject\",\"inLanguage\":\"pt-BR\",\"@id\":\"https:\/\/www.manaus.am.gov.br\/manauscult\/#\/schema\/person\/image\/\",\"url\":\"https:\/\/secure.gravatar.com\/avatar\/f5aab8722444041451501c077052ac07?s=96&d=mm&r=g\",\"contentUrl\":\"https:\/\/secure.gravatar.com\/avatar\/f5aab8722444041451501c077052ac07?s=96&d=mm&r=g\",\"caption\":\"Thiago Fernando\"}}]}<\/script>\n<!-- \/ Yoast SEO plugin. -->","yoast_head_json":{"title":"Artesanato amaz\u00f4nico valoriza o Espa\u00e7o Cultura Urbana","description":"O artesanato regional teve um local de destaque no Espa\u00e7o Cultura Urbana, um dos principais espa\u00e7os do #SouManaus Passo a Pa\u00e7o 2025","robots":{"index":"noindex","follow":"follow"},"og_locale":"pt_BR","og_type":"article","og_title":"Artesanato amaz\u00f4nico valoriza o Espa\u00e7o Cultura Urbana","og_description":"O artesanato regional teve um local de destaque no Espa\u00e7o Cultura Urbana, um dos principais espa\u00e7os do #SouManaus Passo a Pa\u00e7o 2025","og_url":"https:\/\/www.manaus.am.gov.br\/manauscult\/espaco-cultura-urbana-artesanato\/","og_site_name":"MANAUSCULT","article_published_time":"2025-09-06T04:20:46+00:00","article_modified_time":"2025-09-06T04:20:47+00:00","og_image":[{"width":2560,"height":1706,"url":"https:\/\/www.manaus.am.gov.br\/manauscult\/wp-content\/uploads\/sites\/11\/2025\/09\/Espaco-Cultura-Urbana_Artesanato-3.jpeg","type":"image\/jpeg"}],"author":"Thiago Fernando","twitter_card":"summary_large_image","twitter_misc":{"Written by":"Thiago Fernando","Est. reading time":"2 minutos"},"schema":{"@context":"https:\/\/schema.org","@graph":[{"@type":"WebPage","@id":"https:\/\/www.manaus.am.gov.br\/manauscult\/espaco-cultura-urbana-artesanato\/","url":"https:\/\/www.manaus.am.gov.br\/manauscult\/espaco-cultura-urbana-artesanato\/","name":"Artesanato amaz\u00f4nico valoriza o Espa\u00e7o Cultura Urbana","isPartOf":{"@id":"https:\/\/www.manaus.am.gov.br\/manauscult\/#website"},"primaryImageOfPage":{"@id":"https:\/\/www.manaus.am.gov.br\/manauscult\/espaco-cultura-urbana-artesanato\/#primaryimage"},"image":{"@id":"https:\/\/www.manaus.am.gov.br\/manauscult\/espaco-cultura-urbana-artesanato\/#primaryimage"},"thumbnailUrl":"https:\/\/www.manaus.am.gov.br\/manauscult\/wp-content\/uploads\/sites\/11\/2025\/09\/Espaco-Cultura-Urbana_Artesanato-3.jpeg","datePublished":"2025-09-06T04:20:46+00:00","dateModified":"2025-09-06T04:20:47+00:00","author":{"@id":"https:\/\/www.manaus.am.gov.br\/manauscult\/#\/schema\/person\/a5ee5376db6e21af026374b369f30882"},"description":"O artesanato regional teve um local de destaque no Espa\u00e7o Cultura Urbana, um dos principais espa\u00e7os do #SouManaus Passo a Pa\u00e7o 2025","breadcrumb":{"@id":"https:\/\/www.manaus.am.gov.br\/manauscult\/espaco-cultura-urbana-artesanato\/#breadcrumb"},"inLanguage":"pt-BR","potentialAction":[{"@type":"ReadAction","target":["https:\/\/www.manaus.am.gov.br\/manauscult\/espaco-cultura-urbana-artesanato\/"]}]},{"@type":"ImageObject","inLanguage":"pt-BR","@id":"https:\/\/www.manaus.am.gov.br\/manauscult\/espaco-cultura-urbana-artesanato\/#primaryimage","url":"https:\/\/www.manaus.am.gov.br\/manauscult\/wp-content\/uploads\/sites\/11\/2025\/09\/Espaco-Cultura-Urbana_Artesanato-3.jpeg","contentUrl":"https:\/\/www.manaus.am.gov.br\/manauscult\/wp-content\/uploads\/sites\/11\/2025\/09\/Espaco-Cultura-Urbana_Artesanato-3.jpeg","width":2560,"height":1706,"caption":"Espa\u00e7o Cultura Urbana"},{"@type":"BreadcrumbList","@id":"https:\/\/www.manaus.am.gov.br\/manauscult\/espaco-cultura-urbana-artesanato\/#breadcrumb","itemListElement":[{"@type":"ListItem","position":1,"name":"Home","item":"https:\/\/www.manaus.am.gov.br\/manauscult\/"},{"@type":"ListItem","position":2,"name":"Artesanato amaz\u00f4nico valoriza o Espa\u00e7o Cultura Urbana na edi\u00e7\u00e3o de 10 anos do #SouManaus Passo a Pa\u00e7o"}]},{"@type":"WebSite","@id":"https:\/\/www.manaus.am.gov.br\/manauscult\/#website","url":"https:\/\/www.manaus.am.gov.br\/manauscult\/","name":"MANAUSCULT","description":"Prefeitura de Manaus","potentialAction":[{"@type":"SearchAction","target":{"@type":"EntryPoint","urlTemplate":"https:\/\/www.manaus.am.gov.br\/manauscult\/?s={search_term_string}"},"query-input":"required name=search_term_string"}],"inLanguage":"pt-BR"},{"@type":"Person","@id":"https:\/\/www.manaus.am.gov.br\/manauscult\/#\/schema\/person\/a5ee5376db6e21af026374b369f30882","name":"Thiago Fernando","image":{"@type":"ImageObject","inLanguage":"pt-BR","@id":"https:\/\/www.manaus.am.gov.br\/manauscult\/#\/schema\/person\/image\/","url":"https:\/\/secure.gravatar.com\/avatar\/f5aab8722444041451501c077052ac07?s=96&d=mm&r=g","contentUrl":"https:\/\/secure.gravatar.com\/avatar\/f5aab8722444041451501c077052ac07?s=96&d=mm&r=g","caption":"Thiago Fernando"}}]}},"_links":{"self":[{"href":"https:\/\/www.manaus.am.gov.br\/manauscult\/wp-json\/wp\/v2\/posts\/4559"}],"collection":[{"href":"https:\/\/www.manaus.am.gov.br\/manauscult\/wp-json\/wp\/v2\/posts"}],"about":[{"href":"https:\/\/www.manaus.am.gov.br\/manauscult\/wp-json\/wp\/v2\/types\/post"}],"author":[{"embeddable":true,"href":"https:\/\/www.manaus.am.gov.br\/manauscult\/wp-json\/wp\/v2\/users\/57"}],"replies":[{"embeddable":true,"href":"https:\/\/www.manaus.am.gov.br\/manauscult\/wp-json\/wp\/v2\/comments?post=4559"}],"version-history":[{"count":0,"href":"https:\/\/www.manaus.am.gov.br\/manauscult\/wp-json\/wp\/v2\/posts\/4559\/revisions"}],"wp:featuredmedia":[{"embeddable":true,"href":"https:\/\/www.manaus.am.gov.br\/manauscult\/wp-json\/wp\/v2\/media\/4560"}],"wp:attachment":[{"href":"https:\/\/www.manaus.am.gov.br\/manauscult\/wp-json\/wp\/v2\/media?parent=4559"}],"wp:term":[{"taxonomy":"category","embeddable":true,"href":"https:\/\/www.manaus.am.gov.br\/manauscult\/wp-json\/wp\/v2\/categories?post=4559"},{"taxonomy":"post_tag","embeddable":true,"href":"https:\/\/www.manaus.am.gov.br\/manauscult\/wp-json\/wp\/v2\/tags?post=4559"}],"curies":[{"name":"wp","href":"https:\/\/api.w.org\/{rel}","templated":true}]}}