{"id":4556,"date":"2025-09-06T00:09:55","date_gmt":"2025-09-06T04:09:55","guid":{"rendered":"https:\/\/www.manaus.am.gov.br\/manauscult\/espaco-cultura-urbana-2\/"},"modified":"2025-09-06T00:09:56","modified_gmt":"2025-09-06T04:09:56","slug":"espaco-cultura-urbana-2","status":"publish","type":"post","link":"https:\/\/www.manaus.am.gov.br\/manauscult\/espaco-cultura-urbana-2\/","title":{"rendered":"Rimas e jogos movimentam o Espa\u00e7o Cultura Urbana no #SouManaus 2025"},"content":{"rendered":"\n<p>O Espa\u00e7o Cultura Urbana foi um dos grandes destaques do primeiro dia do <a href=\"https:\/\/www.manaus.am.gov.br\/manauscult\/\">#SouManaus Passo a Pa\u00e7o 2025<\/a>, realizado nesta sexta-feira, 5\/9, reunindo m\u00fasica, lazer e arte em uma programa\u00e7\u00e3o que refletiu a diversidade e a for\u00e7a criativa da capital amazonense.<\/p>\n\n\n\n<p>As batalhas de rap atra\u00edram o p\u00fablico com rimas criativas e mensagens de impacto, transformando o espa\u00e7o em um palco de express\u00e3o social. \u201cA estrutura do evento \u00e9 de muita qualidade e \u00e9 gratificante ver a cultura urbana ocupando esse espa\u00e7o. Ter batalhas de rima, atividades do universo <em>gamer <\/em>e tantas outras atra\u00e7\u00f5es valoriza muito o p\u00fablico jovem. Fico feliz por ter participado e, especialmente, por ter sido o campe\u00e3o da batalha. N\u00e3o me arrependo de ter vindo e espero que essa experi\u00eancia se repita em outras edi\u00e7\u00f5es, porque o evento \u00e9 de excel\u00eancia e gostei demais\u201d, destacou vencedor da disputa, Xavier,<\/p>\n\n\n\n<p>O espa\u00e7o tamb\u00e9m contou com jogos interativos que promoveram momentos de lazer e integra\u00e7\u00e3o entre gera\u00e7\u00f5es, refor\u00e7ando o car\u00e1ter inclusivo do festival. O p\u00fablico ainda p\u00f4de prestigiar o artesanato regional que trouxe pe\u00e7as autorais de artistas locais, conectando a tradi\u00e7\u00e3o amaz\u00f4nica \u00e0 contemporaneidade.<\/p>\n\n\n\n<p>Com essa mistura de ritmos, talentos e saberes, o Espa\u00e7o Cultura Urbana refor\u00e7ou a proposta da \u201cFesta do Povo Floresta\u201d, tema que marca os 10 anos do #SouManaus 2025, celebrando a cidade como um territ\u00f3rio de encontros e m\u00faltiplas express\u00f5es<\/p>\n\n\n\n<p>&#8212; &#8212; &#8212;<\/p>\n\n\n\n<p><strong>Texto &#8211;<\/strong> Yasmin Ferreira \/ Semcom<\/p>\n\n\n\n<p><strong>Fotos &#8211;<\/strong> Luciano Vinicius \/ Semcom<\/p>\n","protected":false},"excerpt":{"rendered":"","protected":false},"author":57,"featured_media":4558,"comment_status":"closed","ping_status":"closed","sticky":false,"template":"","format":"standard","meta":{"footnotes":""},"categories":[508],"tags":[183,1569,1553,11],"acf":[],"yoast_head":"<!-- This site is optimized with the Yoast SEO plugin v23.0 - https:\/\/yoast.com\/wordpress\/plugins\/seo\/ -->\n<title>Rimas e jogos movimentam o Espa\u00e7o Cultura Urbana<\/title>\n<meta name=\"description\" content=\"O Espa\u00e7o Cultura Urbana foi um dos grandes destaques do primeiro dia do #SouManaus Passo a Pa\u00e7o 2025, realizado nesta sexta-feira, 5\/9.\" \/>\n<meta name=\"robots\" content=\"noindex, follow\" \/>\n<meta property=\"og:locale\" content=\"pt_BR\" \/>\n<meta property=\"og:type\" content=\"article\" \/>\n<meta property=\"og:title\" content=\"Rimas e jogos movimentam o Espa\u00e7o Cultura Urbana\" \/>\n<meta property=\"og:description\" content=\"O Espa\u00e7o Cultura Urbana foi um dos grandes destaques do primeiro dia do #SouManaus Passo a Pa\u00e7o 2025, realizado nesta sexta-feira, 5\/9.\" \/>\n<meta property=\"og:url\" content=\"https:\/\/www.manaus.am.gov.br\/manauscult\/espaco-cultura-urbana-2\/\" \/>\n<meta property=\"og:site_name\" content=\"MANAUSCULT\" \/>\n<meta property=\"article:published_time\" content=\"2025-09-06T04:09:55+00:00\" \/>\n<meta property=\"article:modified_time\" content=\"2025-09-06T04:09:56+00:00\" \/>\n<meta property=\"og:image\" content=\"https:\/\/www.manaus.am.gov.br\/manauscult\/wp-content\/uploads\/sites\/11\/2025\/09\/Espaco-Cultura-Urbana-3.jpeg\" \/>\n\t<meta property=\"og:image:width\" content=\"1600\" \/>\n\t<meta property=\"og:image:height\" content=\"1066\" \/>\n\t<meta property=\"og:image:type\" content=\"image\/jpeg\" \/>\n<meta name=\"author\" content=\"Thiago Fernando\" \/>\n<meta name=\"twitter:card\" content=\"summary_large_image\" \/>\n<meta name=\"twitter:label1\" content=\"Written by\" \/>\n\t<meta name=\"twitter:data1\" content=\"Thiago Fernando\" \/>\n\t<meta name=\"twitter:label2\" content=\"Est. reading time\" \/>\n\t<meta name=\"twitter:data2\" content=\"2 minutos\" \/>\n<script type=\"application\/ld+json\" class=\"yoast-schema-graph\">{\"@context\":\"https:\/\/schema.org\",\"@graph\":[{\"@type\":\"WebPage\",\"@id\":\"https:\/\/www.manaus.am.gov.br\/manauscult\/espaco-cultura-urbana-2\/\",\"url\":\"https:\/\/www.manaus.am.gov.br\/manauscult\/espaco-cultura-urbana-2\/\",\"name\":\"Rimas e jogos movimentam o Espa\u00e7o Cultura Urbana\",\"isPartOf\":{\"@id\":\"https:\/\/www.manaus.am.gov.br\/manauscult\/#website\"},\"primaryImageOfPage\":{\"@id\":\"https:\/\/www.manaus.am.gov.br\/manauscult\/espaco-cultura-urbana-2\/#primaryimage\"},\"image\":{\"@id\":\"https:\/\/www.manaus.am.gov.br\/manauscult\/espaco-cultura-urbana-2\/#primaryimage\"},\"thumbnailUrl\":\"https:\/\/www.manaus.am.gov.br\/manauscult\/wp-content\/uploads\/sites\/11\/2025\/09\/Espaco-Cultura-Urbana-3.jpeg\",\"datePublished\":\"2025-09-06T04:09:55+00:00\",\"dateModified\":\"2025-09-06T04:09:56+00:00\",\"author\":{\"@id\":\"https:\/\/www.manaus.am.gov.br\/manauscult\/#\/schema\/person\/a5ee5376db6e21af026374b369f30882\"},\"description\":\"O Espa\u00e7o Cultura Urbana foi um dos grandes destaques do primeiro dia do #SouManaus Passo a Pa\u00e7o 2025, realizado nesta sexta-feira, 5\/9.\",\"breadcrumb\":{\"@id\":\"https:\/\/www.manaus.am.gov.br\/manauscult\/espaco-cultura-urbana-2\/#breadcrumb\"},\"inLanguage\":\"pt-BR\",\"potentialAction\":[{\"@type\":\"ReadAction\",\"target\":[\"https:\/\/www.manaus.am.gov.br\/manauscult\/espaco-cultura-urbana-2\/\"]}]},{\"@type\":\"ImageObject\",\"inLanguage\":\"pt-BR\",\"@id\":\"https:\/\/www.manaus.am.gov.br\/manauscult\/espaco-cultura-urbana-2\/#primaryimage\",\"url\":\"https:\/\/www.manaus.am.gov.br\/manauscult\/wp-content\/uploads\/sites\/11\/2025\/09\/Espaco-Cultura-Urbana-3.jpeg\",\"contentUrl\":\"https:\/\/www.manaus.am.gov.br\/manauscult\/wp-content\/uploads\/sites\/11\/2025\/09\/Espaco-Cultura-Urbana-3.jpeg\",\"width\":1600,\"height\":1066,\"caption\":\"Espa\u00e7o Cultura Urbana\"},{\"@type\":\"BreadcrumbList\",\"@id\":\"https:\/\/www.manaus.am.gov.br\/manauscult\/espaco-cultura-urbana-2\/#breadcrumb\",\"itemListElement\":[{\"@type\":\"ListItem\",\"position\":1,\"name\":\"Home\",\"item\":\"https:\/\/www.manaus.am.gov.br\/manauscult\/\"},{\"@type\":\"ListItem\",\"position\":2,\"name\":\"Rimas e jogos movimentam o Espa\u00e7o Cultura Urbana no #SouManaus 2025\"}]},{\"@type\":\"WebSite\",\"@id\":\"https:\/\/www.manaus.am.gov.br\/manauscult\/#website\",\"url\":\"https:\/\/www.manaus.am.gov.br\/manauscult\/\",\"name\":\"MANAUSCULT\",\"description\":\"Prefeitura de Manaus\",\"potentialAction\":[{\"@type\":\"SearchAction\",\"target\":{\"@type\":\"EntryPoint\",\"urlTemplate\":\"https:\/\/www.manaus.am.gov.br\/manauscult\/?s={search_term_string}\"},\"query-input\":\"required name=search_term_string\"}],\"inLanguage\":\"pt-BR\"},{\"@type\":\"Person\",\"@id\":\"https:\/\/www.manaus.am.gov.br\/manauscult\/#\/schema\/person\/a5ee5376db6e21af026374b369f30882\",\"name\":\"Thiago Fernando\",\"image\":{\"@type\":\"ImageObject\",\"inLanguage\":\"pt-BR\",\"@id\":\"https:\/\/www.manaus.am.gov.br\/manauscult\/#\/schema\/person\/image\/\",\"url\":\"https:\/\/secure.gravatar.com\/avatar\/f5aab8722444041451501c077052ac07?s=96&d=mm&r=g\",\"contentUrl\":\"https:\/\/secure.gravatar.com\/avatar\/f5aab8722444041451501c077052ac07?s=96&d=mm&r=g\",\"caption\":\"Thiago Fernando\"}}]}<\/script>\n<!-- \/ Yoast SEO plugin. -->","yoast_head_json":{"title":"Rimas e jogos movimentam o Espa\u00e7o Cultura Urbana","description":"O Espa\u00e7o Cultura Urbana foi um dos grandes destaques do primeiro dia do #SouManaus Passo a Pa\u00e7o 2025, realizado nesta sexta-feira, 5\/9.","robots":{"index":"noindex","follow":"follow"},"og_locale":"pt_BR","og_type":"article","og_title":"Rimas e jogos movimentam o Espa\u00e7o Cultura Urbana","og_description":"O Espa\u00e7o Cultura Urbana foi um dos grandes destaques do primeiro dia do #SouManaus Passo a Pa\u00e7o 2025, realizado nesta sexta-feira, 5\/9.","og_url":"https:\/\/www.manaus.am.gov.br\/manauscult\/espaco-cultura-urbana-2\/","og_site_name":"MANAUSCULT","article_published_time":"2025-09-06T04:09:55+00:00","article_modified_time":"2025-09-06T04:09:56+00:00","og_image":[{"width":1600,"height":1066,"url":"https:\/\/www.manaus.am.gov.br\/manauscult\/wp-content\/uploads\/sites\/11\/2025\/09\/Espaco-Cultura-Urbana-3.jpeg","type":"image\/jpeg"}],"author":"Thiago Fernando","twitter_card":"summary_large_image","twitter_misc":{"Written by":"Thiago Fernando","Est. reading time":"2 minutos"},"schema":{"@context":"https:\/\/schema.org","@graph":[{"@type":"WebPage","@id":"https:\/\/www.manaus.am.gov.br\/manauscult\/espaco-cultura-urbana-2\/","url":"https:\/\/www.manaus.am.gov.br\/manauscult\/espaco-cultura-urbana-2\/","name":"Rimas e jogos movimentam o Espa\u00e7o Cultura Urbana","isPartOf":{"@id":"https:\/\/www.manaus.am.gov.br\/manauscult\/#website"},"primaryImageOfPage":{"@id":"https:\/\/www.manaus.am.gov.br\/manauscult\/espaco-cultura-urbana-2\/#primaryimage"},"image":{"@id":"https:\/\/www.manaus.am.gov.br\/manauscult\/espaco-cultura-urbana-2\/#primaryimage"},"thumbnailUrl":"https:\/\/www.manaus.am.gov.br\/manauscult\/wp-content\/uploads\/sites\/11\/2025\/09\/Espaco-Cultura-Urbana-3.jpeg","datePublished":"2025-09-06T04:09:55+00:00","dateModified":"2025-09-06T04:09:56+00:00","author":{"@id":"https:\/\/www.manaus.am.gov.br\/manauscult\/#\/schema\/person\/a5ee5376db6e21af026374b369f30882"},"description":"O Espa\u00e7o Cultura Urbana foi um dos grandes destaques do primeiro dia do #SouManaus Passo a Pa\u00e7o 2025, realizado nesta sexta-feira, 5\/9.","breadcrumb":{"@id":"https:\/\/www.manaus.am.gov.br\/manauscult\/espaco-cultura-urbana-2\/#breadcrumb"},"inLanguage":"pt-BR","potentialAction":[{"@type":"ReadAction","target":["https:\/\/www.manaus.am.gov.br\/manauscult\/espaco-cultura-urbana-2\/"]}]},{"@type":"ImageObject","inLanguage":"pt-BR","@id":"https:\/\/www.manaus.am.gov.br\/manauscult\/espaco-cultura-urbana-2\/#primaryimage","url":"https:\/\/www.manaus.am.gov.br\/manauscult\/wp-content\/uploads\/sites\/11\/2025\/09\/Espaco-Cultura-Urbana-3.jpeg","contentUrl":"https:\/\/www.manaus.am.gov.br\/manauscult\/wp-content\/uploads\/sites\/11\/2025\/09\/Espaco-Cultura-Urbana-3.jpeg","width":1600,"height":1066,"caption":"Espa\u00e7o Cultura Urbana"},{"@type":"BreadcrumbList","@id":"https:\/\/www.manaus.am.gov.br\/manauscult\/espaco-cultura-urbana-2\/#breadcrumb","itemListElement":[{"@type":"ListItem","position":1,"name":"Home","item":"https:\/\/www.manaus.am.gov.br\/manauscult\/"},{"@type":"ListItem","position":2,"name":"Rimas e jogos movimentam o Espa\u00e7o Cultura Urbana no #SouManaus 2025"}]},{"@type":"WebSite","@id":"https:\/\/www.manaus.am.gov.br\/manauscult\/#website","url":"https:\/\/www.manaus.am.gov.br\/manauscult\/","name":"MANAUSCULT","description":"Prefeitura de Manaus","potentialAction":[{"@type":"SearchAction","target":{"@type":"EntryPoint","urlTemplate":"https:\/\/www.manaus.am.gov.br\/manauscult\/?s={search_term_string}"},"query-input":"required name=search_term_string"}],"inLanguage":"pt-BR"},{"@type":"Person","@id":"https:\/\/www.manaus.am.gov.br\/manauscult\/#\/schema\/person\/a5ee5376db6e21af026374b369f30882","name":"Thiago Fernando","image":{"@type":"ImageObject","inLanguage":"pt-BR","@id":"https:\/\/www.manaus.am.gov.br\/manauscult\/#\/schema\/person\/image\/","url":"https:\/\/secure.gravatar.com\/avatar\/f5aab8722444041451501c077052ac07?s=96&d=mm&r=g","contentUrl":"https:\/\/secure.gravatar.com\/avatar\/f5aab8722444041451501c077052ac07?s=96&d=mm&r=g","caption":"Thiago Fernando"}}]}},"_links":{"self":[{"href":"https:\/\/www.manaus.am.gov.br\/manauscult\/wp-json\/wp\/v2\/posts\/4556"}],"collection":[{"href":"https:\/\/www.manaus.am.gov.br\/manauscult\/wp-json\/wp\/v2\/posts"}],"about":[{"href":"https:\/\/www.manaus.am.gov.br\/manauscult\/wp-json\/wp\/v2\/types\/post"}],"author":[{"embeddable":true,"href":"https:\/\/www.manaus.am.gov.br\/manauscult\/wp-json\/wp\/v2\/users\/57"}],"replies":[{"embeddable":true,"href":"https:\/\/www.manaus.am.gov.br\/manauscult\/wp-json\/wp\/v2\/comments?post=4556"}],"version-history":[{"count":0,"href":"https:\/\/www.manaus.am.gov.br\/manauscult\/wp-json\/wp\/v2\/posts\/4556\/revisions"}],"wp:featuredmedia":[{"embeddable":true,"href":"https:\/\/www.manaus.am.gov.br\/manauscult\/wp-json\/wp\/v2\/media\/4558"}],"wp:attachment":[{"href":"https:\/\/www.manaus.am.gov.br\/manauscult\/wp-json\/wp\/v2\/media?parent=4556"}],"wp:term":[{"taxonomy":"category","embeddable":true,"href":"https:\/\/www.manaus.am.gov.br\/manauscult\/wp-json\/wp\/v2\/categories?post=4556"},{"taxonomy":"post_tag","embeddable":true,"href":"https:\/\/www.manaus.am.gov.br\/manauscult\/wp-json\/wp\/v2\/tags?post=4556"}],"curies":[{"name":"wp","href":"https:\/\/api.w.org\/{rel}","templated":true}]}}