{"id":4552,"date":"2025-09-05T23:54:20","date_gmt":"2025-09-06T03:54:20","guid":{"rendered":"https:\/\/www.manaus.am.gov.br\/manauscult\/prefeitura-soumanaus-estacaodasartes\/"},"modified":"2025-09-05T23:54:21","modified_gmt":"2025-09-06T03:54:21","slug":"prefeitura-soumanaus-estacaodasartes","status":"publish","type":"post","link":"https:\/\/www.manaus.am.gov.br\/manauscult\/prefeitura-soumanaus-estacaodasartes\/","title":{"rendered":"Esta\u00e7\u00e3o das Artes leva cultura e divers\u00e3o ao mirante L\u00facia Almeida no \u2018#SouManaus Passo a Pa\u00e7o 2025\u2019"},"content":{"rendered":"\n<p>O \u201c#SouManaus Passo a Pa\u00e7o 2025\u201d, evento da prefeitura, traz uma novidade que promete encantar todas as idades: a Esta\u00e7\u00e3o das Artes. Montado no estacionamento do mirante L\u00facia Almeida, no centro hist\u00f3rico, o espa\u00e7o reunir\u00e1 atividades l\u00fadicas, educativas e culturais, refor\u00e7ando o car\u00e1ter inclusivo e diversificado do festival.<\/p>\n\n\n\n<p>A iniciativa \u00e9 fruto da parceria entre a Prefeitura de Manaus, por meio da Funda\u00e7\u00e3o Municipal de Cultura, Turismo e Eventos (ManausCult), e o Servi\u00e7o Social do Com\u00e9rcio (Sesc), que ser\u00e1 respons\u00e1vel por atra\u00e7\u00f5es especiais, como o BiblioSesc, o Planet\u00e1rio SESCi\u00eancia e a Oficina de Tecidos.<\/p>\n\n\n\n<p>Uma das novidades s\u00e3o jogos interativos a partir dos quais adultos e crian\u00e7as se divertem e estimulam o racioc\u00ednio l\u00f3gico.&nbsp;Um dos participantes do espa\u00e7o de brincadeiras foi o psic\u00f3logo Sayde Xavier, 38 anos.&nbsp;Acompanhado&nbsp;do sobrinho, ele falou sobre a import\u00e2ncia&nbsp;dos jogos&nbsp;para exercitar a mem\u00f3ria. &#8220;Estas atividades t\u00eam um papel muito importante no desenvolvimento infantil. Eles estimulam diversas fun\u00e7\u00f5es cognitivas, a coordena\u00e7\u00e3o motora e o desenvolvimento de habilidades manuais e f\u00edsicas, o que pode facilitar o desenvolvimento social da crian\u00e7a. Portanto, considero de extrema import\u00e2ncia&#8221;, afirmou.<\/p>\n\n\n\n<p>Outra atividade bastante procurada \u00e9 o teatro lambe-lambe oferecido pela Universidade do Estado do Amazonas (UEA). &#8220;Acreditamos que esta forma teatral, que utiliza pequenas caixas como casas de espet\u00e1culo, oferece uma oportunidade de levar a linguagem teatral a diversas localidades do Estado, considerando as dist\u00e2ncias geogr\u00e1ficas e a exist\u00eancia de in\u00fameras comunidades ribeirinhas. Na pr\u00e1tica, o espectador observa o espet\u00e1culo por meio de um orif\u00edcio na caixa. O processo de populariza\u00e7\u00e3o tem sido muito satisfat\u00f3rio. Sou grata pela oportunidade de compartilhar essa iniciativa&#8221;, disse a professora do curso de teatro, da UEA, Gigi Poccetti.<\/p>\n\n\n\n<p>Com essa estrutura in\u00e9dita, a Esta\u00e7\u00e3o das Artes se consolida como um dos pontos mais aguardados do festival, unindo arte, ci\u00eancia e lazer em um mesmo espa\u00e7o.<\/p>\n\n\n\n<p>&#8212; &#8212; &#8212;<\/p>\n\n\n\n<p>Texto &#8211; Alisson Castro\/Semcom<\/p>\n\n\n\n<p>Fotos &#8211; J\u00falio Batista\/Semcom <\/p>\n","protected":false},"excerpt":{"rendered":"","protected":false},"author":23,"featured_media":4553,"comment_status":"closed","ping_status":"closed","sticky":false,"template":"","format":"standard","meta":{"footnotes":""},"categories":[508],"tags":[1650,11,523],"acf":[],"yoast_head":"<!-- This site is optimized with the Yoast SEO plugin v23.0 - https:\/\/yoast.com\/wordpress\/plugins\/seo\/ -->\n<title>Esta\u00e7\u00e3o das Artes leva cultura e divers\u00e3o ao mirante L\u00facia Almeida no \u2018#SouManaus Passo a Pa\u00e7o 2025\u2019<\/title>\n<meta name=\"description\" content=\"O \u201c#SouManaus Passo a Pa\u00e7o 2025\u201d, evento da prefeitura, traz uma novidade que promete encantar todas as idades: a Esta\u00e7\u00e3o das Artes. Montado no estacionamento do mirante L\u00facia Almeida, no centro hist\u00f3rico\" \/>\n<meta name=\"robots\" content=\"noindex, follow\" \/>\n<meta property=\"og:locale\" content=\"pt_BR\" \/>\n<meta property=\"og:type\" content=\"article\" \/>\n<meta property=\"og:title\" content=\"Esta\u00e7\u00e3o das Artes leva cultura e divers\u00e3o ao mirante L\u00facia Almeida no \u2018#SouManaus Passo a Pa\u00e7o 2025\u2019\" \/>\n<meta property=\"og:description\" content=\"O \u201c#SouManaus Passo a Pa\u00e7o 2025\u201d, evento da prefeitura, traz uma novidade que promete encantar todas as idades: a Esta\u00e7\u00e3o das Artes. Montado no estacionamento do mirante L\u00facia Almeida, no centro hist\u00f3rico\" \/>\n<meta property=\"og:url\" content=\"https:\/\/www.manaus.am.gov.br\/manauscult\/prefeitura-soumanaus-estacaodasartes\/\" \/>\n<meta property=\"og:site_name\" content=\"MANAUSCULT\" \/>\n<meta property=\"article:published_time\" content=\"2025-09-06T03:54:20+00:00\" \/>\n<meta property=\"article:modified_time\" content=\"2025-09-06T03:54:21+00:00\" \/>\n<meta property=\"og:image\" content=\"https:\/\/www.manaus.am.gov.br\/manauscult\/wp-content\/uploads\/sites\/11\/2025\/09\/WhatsApp-Image-2025-09-05-at-20.51.54.jpeg\" \/>\n\t<meta property=\"og:image:width\" content=\"1200\" \/>\n\t<meta property=\"og:image:height\" content=\"1600\" \/>\n\t<meta property=\"og:image:type\" content=\"image\/jpeg\" \/>\n<meta name=\"author\" content=\"Adriana Costa\" \/>\n<meta name=\"twitter:card\" content=\"summary_large_image\" \/>\n<meta name=\"twitter:label1\" content=\"Written by\" \/>\n\t<meta name=\"twitter:data1\" content=\"Adriana Costa\" \/>\n\t<meta name=\"twitter:label2\" content=\"Est. reading time\" \/>\n\t<meta name=\"twitter:data2\" content=\"2 minutos\" \/>\n<script type=\"application\/ld+json\" class=\"yoast-schema-graph\">{\"@context\":\"https:\/\/schema.org\",\"@graph\":[{\"@type\":\"WebPage\",\"@id\":\"https:\/\/www.manaus.am.gov.br\/manauscult\/prefeitura-soumanaus-estacaodasartes\/\",\"url\":\"https:\/\/www.manaus.am.gov.br\/manauscult\/prefeitura-soumanaus-estacaodasartes\/\",\"name\":\"Esta\u00e7\u00e3o das Artes leva cultura e divers\u00e3o ao mirante L\u00facia Almeida no \u2018#SouManaus Passo a Pa\u00e7o 2025\u2019\",\"isPartOf\":{\"@id\":\"https:\/\/www.manaus.am.gov.br\/manauscult\/#website\"},\"primaryImageOfPage\":{\"@id\":\"https:\/\/www.manaus.am.gov.br\/manauscult\/prefeitura-soumanaus-estacaodasartes\/#primaryimage\"},\"image\":{\"@id\":\"https:\/\/www.manaus.am.gov.br\/manauscult\/prefeitura-soumanaus-estacaodasartes\/#primaryimage\"},\"thumbnailUrl\":\"https:\/\/www.manaus.am.gov.br\/manauscult\/wp-content\/uploads\/sites\/11\/2025\/09\/WhatsApp-Image-2025-09-05-at-20.51.54.jpeg\",\"datePublished\":\"2025-09-06T03:54:20+00:00\",\"dateModified\":\"2025-09-06T03:54:21+00:00\",\"author\":{\"@id\":\"https:\/\/www.manaus.am.gov.br\/manauscult\/#\/schema\/person\/4e49f4e267757a06ca072ec61b2b9968\"},\"description\":\"O \u201c#SouManaus Passo a Pa\u00e7o 2025\u201d, evento da prefeitura, traz uma novidade que promete encantar todas as idades: a Esta\u00e7\u00e3o das Artes. Montado no estacionamento do mirante L\u00facia Almeida, no centro hist\u00f3rico\",\"breadcrumb\":{\"@id\":\"https:\/\/www.manaus.am.gov.br\/manauscult\/prefeitura-soumanaus-estacaodasartes\/#breadcrumb\"},\"inLanguage\":\"pt-BR\",\"potentialAction\":[{\"@type\":\"ReadAction\",\"target\":[\"https:\/\/www.manaus.am.gov.br\/manauscult\/prefeitura-soumanaus-estacaodasartes\/\"]}]},{\"@type\":\"ImageObject\",\"inLanguage\":\"pt-BR\",\"@id\":\"https:\/\/www.manaus.am.gov.br\/manauscult\/prefeitura-soumanaus-estacaodasartes\/#primaryimage\",\"url\":\"https:\/\/www.manaus.am.gov.br\/manauscult\/wp-content\/uploads\/sites\/11\/2025\/09\/WhatsApp-Image-2025-09-05-at-20.51.54.jpeg\",\"contentUrl\":\"https:\/\/www.manaus.am.gov.br\/manauscult\/wp-content\/uploads\/sites\/11\/2025\/09\/WhatsApp-Image-2025-09-05-at-20.51.54.jpeg\",\"width\":1200,\"height\":1600},{\"@type\":\"BreadcrumbList\",\"@id\":\"https:\/\/www.manaus.am.gov.br\/manauscult\/prefeitura-soumanaus-estacaodasartes\/#breadcrumb\",\"itemListElement\":[{\"@type\":\"ListItem\",\"position\":1,\"name\":\"Home\",\"item\":\"https:\/\/www.manaus.am.gov.br\/manauscult\/\"},{\"@type\":\"ListItem\",\"position\":2,\"name\":\"Esta\u00e7\u00e3o das Artes leva cultura e divers\u00e3o ao mirante L\u00facia Almeida no \u2018#SouManaus Passo a Pa\u00e7o 2025\u2019\"}]},{\"@type\":\"WebSite\",\"@id\":\"https:\/\/www.manaus.am.gov.br\/manauscult\/#website\",\"url\":\"https:\/\/www.manaus.am.gov.br\/manauscult\/\",\"name\":\"MANAUSCULT\",\"description\":\"Prefeitura de Manaus\",\"potentialAction\":[{\"@type\":\"SearchAction\",\"target\":{\"@type\":\"EntryPoint\",\"urlTemplate\":\"https:\/\/www.manaus.am.gov.br\/manauscult\/?s={search_term_string}\"},\"query-input\":\"required name=search_term_string\"}],\"inLanguage\":\"pt-BR\"},{\"@type\":\"Person\",\"@id\":\"https:\/\/www.manaus.am.gov.br\/manauscult\/#\/schema\/person\/4e49f4e267757a06ca072ec61b2b9968\",\"name\":\"Adriana Costa\",\"image\":{\"@type\":\"ImageObject\",\"inLanguage\":\"pt-BR\",\"@id\":\"https:\/\/www.manaus.am.gov.br\/manauscult\/#\/schema\/person\/image\/\",\"url\":\"https:\/\/secure.gravatar.com\/avatar\/576258617ef7194f718179e766d57bd4?s=96&d=mm&r=g\",\"contentUrl\":\"https:\/\/secure.gravatar.com\/avatar\/576258617ef7194f718179e766d57bd4?s=96&d=mm&r=g\",\"caption\":\"Adriana Costa\"}}]}<\/script>\n<!-- \/ Yoast SEO plugin. -->","yoast_head_json":{"title":"Esta\u00e7\u00e3o das Artes leva cultura e divers\u00e3o ao mirante L\u00facia Almeida no \u2018#SouManaus Passo a Pa\u00e7o 2025\u2019","description":"O \u201c#SouManaus Passo a Pa\u00e7o 2025\u201d, evento da prefeitura, traz uma novidade que promete encantar todas as idades: a Esta\u00e7\u00e3o das Artes. Montado no estacionamento do mirante L\u00facia Almeida, no centro hist\u00f3rico","robots":{"index":"noindex","follow":"follow"},"og_locale":"pt_BR","og_type":"article","og_title":"Esta\u00e7\u00e3o das Artes leva cultura e divers\u00e3o ao mirante L\u00facia Almeida no \u2018#SouManaus Passo a Pa\u00e7o 2025\u2019","og_description":"O \u201c#SouManaus Passo a Pa\u00e7o 2025\u201d, evento da prefeitura, traz uma novidade que promete encantar todas as idades: a Esta\u00e7\u00e3o das Artes. Montado no estacionamento do mirante L\u00facia Almeida, no centro hist\u00f3rico","og_url":"https:\/\/www.manaus.am.gov.br\/manauscult\/prefeitura-soumanaus-estacaodasartes\/","og_site_name":"MANAUSCULT","article_published_time":"2025-09-06T03:54:20+00:00","article_modified_time":"2025-09-06T03:54:21+00:00","og_image":[{"width":1200,"height":1600,"url":"https:\/\/www.manaus.am.gov.br\/manauscult\/wp-content\/uploads\/sites\/11\/2025\/09\/WhatsApp-Image-2025-09-05-at-20.51.54.jpeg","type":"image\/jpeg"}],"author":"Adriana Costa","twitter_card":"summary_large_image","twitter_misc":{"Written by":"Adriana Costa","Est. reading time":"2 minutos"},"schema":{"@context":"https:\/\/schema.org","@graph":[{"@type":"WebPage","@id":"https:\/\/www.manaus.am.gov.br\/manauscult\/prefeitura-soumanaus-estacaodasartes\/","url":"https:\/\/www.manaus.am.gov.br\/manauscult\/prefeitura-soumanaus-estacaodasartes\/","name":"Esta\u00e7\u00e3o das Artes leva cultura e divers\u00e3o ao mirante L\u00facia Almeida no \u2018#SouManaus Passo a Pa\u00e7o 2025\u2019","isPartOf":{"@id":"https:\/\/www.manaus.am.gov.br\/manauscult\/#website"},"primaryImageOfPage":{"@id":"https:\/\/www.manaus.am.gov.br\/manauscult\/prefeitura-soumanaus-estacaodasartes\/#primaryimage"},"image":{"@id":"https:\/\/www.manaus.am.gov.br\/manauscult\/prefeitura-soumanaus-estacaodasartes\/#primaryimage"},"thumbnailUrl":"https:\/\/www.manaus.am.gov.br\/manauscult\/wp-content\/uploads\/sites\/11\/2025\/09\/WhatsApp-Image-2025-09-05-at-20.51.54.jpeg","datePublished":"2025-09-06T03:54:20+00:00","dateModified":"2025-09-06T03:54:21+00:00","author":{"@id":"https:\/\/www.manaus.am.gov.br\/manauscult\/#\/schema\/person\/4e49f4e267757a06ca072ec61b2b9968"},"description":"O \u201c#SouManaus Passo a Pa\u00e7o 2025\u201d, evento da prefeitura, traz uma novidade que promete encantar todas as idades: a Esta\u00e7\u00e3o das Artes. Montado no estacionamento do mirante L\u00facia Almeida, no centro hist\u00f3rico","breadcrumb":{"@id":"https:\/\/www.manaus.am.gov.br\/manauscult\/prefeitura-soumanaus-estacaodasartes\/#breadcrumb"},"inLanguage":"pt-BR","potentialAction":[{"@type":"ReadAction","target":["https:\/\/www.manaus.am.gov.br\/manauscult\/prefeitura-soumanaus-estacaodasartes\/"]}]},{"@type":"ImageObject","inLanguage":"pt-BR","@id":"https:\/\/www.manaus.am.gov.br\/manauscult\/prefeitura-soumanaus-estacaodasartes\/#primaryimage","url":"https:\/\/www.manaus.am.gov.br\/manauscult\/wp-content\/uploads\/sites\/11\/2025\/09\/WhatsApp-Image-2025-09-05-at-20.51.54.jpeg","contentUrl":"https:\/\/www.manaus.am.gov.br\/manauscult\/wp-content\/uploads\/sites\/11\/2025\/09\/WhatsApp-Image-2025-09-05-at-20.51.54.jpeg","width":1200,"height":1600},{"@type":"BreadcrumbList","@id":"https:\/\/www.manaus.am.gov.br\/manauscult\/prefeitura-soumanaus-estacaodasartes\/#breadcrumb","itemListElement":[{"@type":"ListItem","position":1,"name":"Home","item":"https:\/\/www.manaus.am.gov.br\/manauscult\/"},{"@type":"ListItem","position":2,"name":"Esta\u00e7\u00e3o das Artes leva cultura e divers\u00e3o ao mirante L\u00facia Almeida no \u2018#SouManaus Passo a Pa\u00e7o 2025\u2019"}]},{"@type":"WebSite","@id":"https:\/\/www.manaus.am.gov.br\/manauscult\/#website","url":"https:\/\/www.manaus.am.gov.br\/manauscult\/","name":"MANAUSCULT","description":"Prefeitura de Manaus","potentialAction":[{"@type":"SearchAction","target":{"@type":"EntryPoint","urlTemplate":"https:\/\/www.manaus.am.gov.br\/manauscult\/?s={search_term_string}"},"query-input":"required name=search_term_string"}],"inLanguage":"pt-BR"},{"@type":"Person","@id":"https:\/\/www.manaus.am.gov.br\/manauscult\/#\/schema\/person\/4e49f4e267757a06ca072ec61b2b9968","name":"Adriana Costa","image":{"@type":"ImageObject","inLanguage":"pt-BR","@id":"https:\/\/www.manaus.am.gov.br\/manauscult\/#\/schema\/person\/image\/","url":"https:\/\/secure.gravatar.com\/avatar\/576258617ef7194f718179e766d57bd4?s=96&d=mm&r=g","contentUrl":"https:\/\/secure.gravatar.com\/avatar\/576258617ef7194f718179e766d57bd4?s=96&d=mm&r=g","caption":"Adriana Costa"}}]}},"_links":{"self":[{"href":"https:\/\/www.manaus.am.gov.br\/manauscult\/wp-json\/wp\/v2\/posts\/4552"}],"collection":[{"href":"https:\/\/www.manaus.am.gov.br\/manauscult\/wp-json\/wp\/v2\/posts"}],"about":[{"href":"https:\/\/www.manaus.am.gov.br\/manauscult\/wp-json\/wp\/v2\/types\/post"}],"author":[{"embeddable":true,"href":"https:\/\/www.manaus.am.gov.br\/manauscult\/wp-json\/wp\/v2\/users\/23"}],"replies":[{"embeddable":true,"href":"https:\/\/www.manaus.am.gov.br\/manauscult\/wp-json\/wp\/v2\/comments?post=4552"}],"version-history":[{"count":0,"href":"https:\/\/www.manaus.am.gov.br\/manauscult\/wp-json\/wp\/v2\/posts\/4552\/revisions"}],"wp:featuredmedia":[{"embeddable":true,"href":"https:\/\/www.manaus.am.gov.br\/manauscult\/wp-json\/wp\/v2\/media\/4553"}],"wp:attachment":[{"href":"https:\/\/www.manaus.am.gov.br\/manauscult\/wp-json\/wp\/v2\/media?parent=4552"}],"wp:term":[{"taxonomy":"category","embeddable":true,"href":"https:\/\/www.manaus.am.gov.br\/manauscult\/wp-json\/wp\/v2\/categories?post=4552"},{"taxonomy":"post_tag","embeddable":true,"href":"https:\/\/www.manaus.am.gov.br\/manauscult\/wp-json\/wp\/v2\/tags?post=4552"}],"curies":[{"name":"wp","href":"https:\/\/api.w.org\/{rel}","templated":true}]}}