{"id":4550,"date":"2025-09-05T23:05:46","date_gmt":"2025-09-06T03:05:46","guid":{"rendered":"https:\/\/www.manaus.am.gov.br\/manauscult\/prefeitura-soumanaus-teatrodainstalacao\/"},"modified":"2025-09-05T23:05:48","modified_gmt":"2025-09-06T03:05:48","slug":"prefeitura-soumanaus-teatrodainstalacao","status":"publish","type":"post","link":"https:\/\/www.manaus.am.gov.br\/manauscult\/prefeitura-soumanaus-teatrodainstalacao\/","title":{"rendered":"Artistas locais brilham no primeiro dia do maior festival gratuito de artes integradas do Brasil"},"content":{"rendered":"\n<p>O primeiro dia do maior festival gratuito de artes integradas do Brasil,&nbsp; o \u201cSouManaus Passo a Pa\u00e7o 2025\u201d, trouxe \u00e0 tona a riqueza cultural de Manaus, reunindo aproximadamente 3.000 artistas entre locais e nacionais que ir\u00e3o se apresentar, ao longo de tr\u00eas dias, em diversas modalidades, incluindo m\u00fasica, teatro e dan\u00e7a. O p\u00fablico p\u00f4de conferir apresenta\u00e7\u00f5es inovadoras que transformaram a cidade em um grande palco a c\u00e9u aberto.<\/p>\n\n\n\n<p>Entre os destaques da noite, o espet\u00e1culo \u201cBal\u00f5es\u201d, do palha\u00e7o Jean Paladino, encantou crian\u00e7as e adultos no Teatro da Instala\u00e7\u00e3o. Com 32 anos, Jean \u00e9 veterano do \u201c#SouManaus\u201d e comemorou no palco seus 15 anos dedicados \u00e0 arte do palha\u00e7o. \u201cCada apresenta\u00e7\u00e3o \u00e9 uma oportunidade de tocar o cora\u00e7\u00e3o das pessoas e celebrar a alegria da vida a partir do riso\u201d, afirmou o artista.<\/p>\n\n\n\n<p>O espet\u00e1culo combina teatro e circo em uma performance interativa que conta a hist\u00f3ria da organiza\u00e7\u00e3o e arruma\u00e7\u00e3o da festa de anivers\u00e1rio do palha\u00e7o. O \u00e1pice do show acontece quando Jean entra em um bal\u00e3o de dois metros, surpreendendo o p\u00fablico com a ousadia e criatividade do n\u00famero. O resultado \u00e9 uma mistura de humor, emo\u00e7\u00e3o e encantamento que cativa todas as idades.<\/p>\n\n\n\n<p>O produtor das apresenta\u00e7\u00f5es do Teatro da Instala\u00e7\u00e3o, Kussuda&nbsp; Ricardo, destacou a import\u00e2ncia de valorizar os artistas locais e fomentar a cultura na cidade. \u201cNosso objetivo \u00e9 criar um espa\u00e7o democr\u00e1tico, para que talentos de todas as \u00e1reas das artes possam se apresentar e se conectar com o p\u00fablico. \u00c9 uma verdadeira celebra\u00e7\u00e3o da cultura de Manaus para todas as idades e p\u00fablicos\u201d, comentou o produtor.<\/p>\n\n\n\n<p>Entre os espectadores, a rea\u00e7\u00e3o foi un\u00e2nime. \u201c\u00c9 incr\u00edvel ver artistas da nossa cidade ganhando um palco t\u00e3o grandioso. Senti como se estivesse dentro da pr\u00f3pria festa do palha\u00e7o\u201d, disse o arquiteto Pietro Montani, 43 anos, que acompanhou a apresenta\u00e7\u00e3o com os filhos, a esposa e a sogra. O festival \u201cSouManaus Passo a Pa\u00e7o 2025\u201d segue pelos pr\u00f3ximos dois dias, 6 e 7\/9, prometendo mais shows, espet\u00e1culos e experi\u00eancias culturais \u00fanicas para todos.<\/p>\n\n\n\n<p>&#8212; &#8212; &#8212;<\/p>\n\n\n\n<p><strong>Texto <\/strong>&#8211; Valesca Martins\/ Semcom<\/p>\n\n\n\n<p><strong>Fotos <\/strong>&#8211; M\u00e1rcio Melo\/ Semcom<\/p>\n","protected":false},"excerpt":{"rendered":"","protected":false},"author":23,"featured_media":4551,"comment_status":"closed","ping_status":"closed","sticky":false,"template":"","format":"standard","meta":{"footnotes":""},"categories":[508],"tags":[1603,1649,11,523,623],"acf":[],"yoast_head":"<!-- This site is optimized with the Yoast SEO plugin v23.0 - https:\/\/yoast.com\/wordpress\/plugins\/seo\/ -->\n<title>Artistas locais brilham no primeiro dia do maior festival gratuito de artes integradas do Brasil<\/title>\n<meta name=\"description\" content=\"O primeiro dia do maior festival gratuito de artes integradas do Brasil, o \u201cSouManaus Passo a Pa\u00e7o 2025\u201d, trouxe \u00e0 tona a riqueza cultural de Manaus, reunindo aproximadamente 3.000 artistas entre locais e nacionais que ir\u00e3o se apresentar, ao longo de tr\u00eas dias, em diversas modalidades, incluindo m\u00fasica, teatro e dan\u00e7a. O p\u00fablico p\u00f4de conferir apresenta\u00e7\u00f5es inovadoras que transformaram a cidade em um grande palco a c\u00e9u aberto.\" \/>\n<meta name=\"robots\" content=\"noindex, follow\" \/>\n<meta property=\"og:locale\" content=\"pt_BR\" \/>\n<meta property=\"og:type\" content=\"article\" \/>\n<meta property=\"og:title\" content=\"Artistas locais brilham no primeiro dia do maior festival gratuito de artes integradas do Brasil\" \/>\n<meta property=\"og:description\" content=\"O primeiro dia do maior festival gratuito de artes integradas do Brasil, o \u201cSouManaus Passo a Pa\u00e7o 2025\u201d, trouxe \u00e0 tona a riqueza cultural de Manaus, reunindo aproximadamente 3.000 artistas entre locais e nacionais que ir\u00e3o se apresentar, ao longo de tr\u00eas dias, em diversas modalidades, incluindo m\u00fasica, teatro e dan\u00e7a. O p\u00fablico p\u00f4de conferir apresenta\u00e7\u00f5es inovadoras que transformaram a cidade em um grande palco a c\u00e9u aberto.\" \/>\n<meta property=\"og:url\" content=\"https:\/\/www.manaus.am.gov.br\/manauscult\/prefeitura-soumanaus-teatrodainstalacao\/\" \/>\n<meta property=\"og:site_name\" content=\"MANAUSCULT\" \/>\n<meta property=\"article:published_time\" content=\"2025-09-06T03:05:46+00:00\" \/>\n<meta property=\"article:modified_time\" content=\"2025-09-06T03:05:48+00:00\" \/>\n<meta property=\"og:image\" content=\"https:\/\/www.manaus.am.gov.br\/manauscult\/wp-content\/uploads\/sites\/11\/2025\/09\/WhatsApp-Image-2025-09-05-at-23.04.18-3.jpeg\" \/>\n\t<meta property=\"og:image:width\" content=\"1600\" \/>\n\t<meta property=\"og:image:height\" content=\"1066\" \/>\n\t<meta property=\"og:image:type\" content=\"image\/jpeg\" \/>\n<meta name=\"author\" content=\"Adriana Costa\" \/>\n<meta name=\"twitter:card\" content=\"summary_large_image\" \/>\n<meta name=\"twitter:label1\" content=\"Written by\" \/>\n\t<meta name=\"twitter:data1\" content=\"Adriana Costa\" \/>\n\t<meta name=\"twitter:label2\" content=\"Est. reading time\" \/>\n\t<meta name=\"twitter:data2\" content=\"3 minutos\" \/>\n<script type=\"application\/ld+json\" class=\"yoast-schema-graph\">{\"@context\":\"https:\/\/schema.org\",\"@graph\":[{\"@type\":\"WebPage\",\"@id\":\"https:\/\/www.manaus.am.gov.br\/manauscult\/prefeitura-soumanaus-teatrodainstalacao\/\",\"url\":\"https:\/\/www.manaus.am.gov.br\/manauscult\/prefeitura-soumanaus-teatrodainstalacao\/\",\"name\":\"Artistas locais brilham no primeiro dia do maior festival gratuito de artes integradas do Brasil\",\"isPartOf\":{\"@id\":\"https:\/\/www.manaus.am.gov.br\/manauscult\/#website\"},\"primaryImageOfPage\":{\"@id\":\"https:\/\/www.manaus.am.gov.br\/manauscult\/prefeitura-soumanaus-teatrodainstalacao\/#primaryimage\"},\"image\":{\"@id\":\"https:\/\/www.manaus.am.gov.br\/manauscult\/prefeitura-soumanaus-teatrodainstalacao\/#primaryimage\"},\"thumbnailUrl\":\"https:\/\/www.manaus.am.gov.br\/manauscult\/wp-content\/uploads\/sites\/11\/2025\/09\/WhatsApp-Image-2025-09-05-at-23.04.18-3.jpeg\",\"datePublished\":\"2025-09-06T03:05:46+00:00\",\"dateModified\":\"2025-09-06T03:05:48+00:00\",\"author\":{\"@id\":\"https:\/\/www.manaus.am.gov.br\/manauscult\/#\/schema\/person\/4e49f4e267757a06ca072ec61b2b9968\"},\"description\":\"O primeiro dia do maior festival gratuito de artes integradas do Brasil, o \u201cSouManaus Passo a Pa\u00e7o 2025\u201d, trouxe \u00e0 tona a riqueza cultural de Manaus, reunindo aproximadamente 3.000 artistas entre locais e nacionais que ir\u00e3o se apresentar, ao longo de tr\u00eas dias, em diversas modalidades, incluindo m\u00fasica, teatro e dan\u00e7a. O p\u00fablico p\u00f4de conferir apresenta\u00e7\u00f5es inovadoras que transformaram a cidade em um grande palco a c\u00e9u aberto.\",\"breadcrumb\":{\"@id\":\"https:\/\/www.manaus.am.gov.br\/manauscult\/prefeitura-soumanaus-teatrodainstalacao\/#breadcrumb\"},\"inLanguage\":\"pt-BR\",\"potentialAction\":[{\"@type\":\"ReadAction\",\"target\":[\"https:\/\/www.manaus.am.gov.br\/manauscult\/prefeitura-soumanaus-teatrodainstalacao\/\"]}]},{\"@type\":\"ImageObject\",\"inLanguage\":\"pt-BR\",\"@id\":\"https:\/\/www.manaus.am.gov.br\/manauscult\/prefeitura-soumanaus-teatrodainstalacao\/#primaryimage\",\"url\":\"https:\/\/www.manaus.am.gov.br\/manauscult\/wp-content\/uploads\/sites\/11\/2025\/09\/WhatsApp-Image-2025-09-05-at-23.04.18-3.jpeg\",\"contentUrl\":\"https:\/\/www.manaus.am.gov.br\/manauscult\/wp-content\/uploads\/sites\/11\/2025\/09\/WhatsApp-Image-2025-09-05-at-23.04.18-3.jpeg\",\"width\":1600,\"height\":1066},{\"@type\":\"BreadcrumbList\",\"@id\":\"https:\/\/www.manaus.am.gov.br\/manauscult\/prefeitura-soumanaus-teatrodainstalacao\/#breadcrumb\",\"itemListElement\":[{\"@type\":\"ListItem\",\"position\":1,\"name\":\"Home\",\"item\":\"https:\/\/www.manaus.am.gov.br\/manauscult\/\"},{\"@type\":\"ListItem\",\"position\":2,\"name\":\"Artistas locais brilham no primeiro dia do maior festival gratuito de artes integradas do Brasil\"}]},{\"@type\":\"WebSite\",\"@id\":\"https:\/\/www.manaus.am.gov.br\/manauscult\/#website\",\"url\":\"https:\/\/www.manaus.am.gov.br\/manauscult\/\",\"name\":\"MANAUSCULT\",\"description\":\"Prefeitura de Manaus\",\"potentialAction\":[{\"@type\":\"SearchAction\",\"target\":{\"@type\":\"EntryPoint\",\"urlTemplate\":\"https:\/\/www.manaus.am.gov.br\/manauscult\/?s={search_term_string}\"},\"query-input\":\"required name=search_term_string\"}],\"inLanguage\":\"pt-BR\"},{\"@type\":\"Person\",\"@id\":\"https:\/\/www.manaus.am.gov.br\/manauscult\/#\/schema\/person\/4e49f4e267757a06ca072ec61b2b9968\",\"name\":\"Adriana Costa\",\"image\":{\"@type\":\"ImageObject\",\"inLanguage\":\"pt-BR\",\"@id\":\"https:\/\/www.manaus.am.gov.br\/manauscult\/#\/schema\/person\/image\/\",\"url\":\"https:\/\/secure.gravatar.com\/avatar\/576258617ef7194f718179e766d57bd4?s=96&d=mm&r=g\",\"contentUrl\":\"https:\/\/secure.gravatar.com\/avatar\/576258617ef7194f718179e766d57bd4?s=96&d=mm&r=g\",\"caption\":\"Adriana Costa\"}}]}<\/script>\n<!-- \/ Yoast SEO plugin. -->","yoast_head_json":{"title":"Artistas locais brilham no primeiro dia do maior festival gratuito de artes integradas do Brasil","description":"O primeiro dia do maior festival gratuito de artes integradas do Brasil, o \u201cSouManaus Passo a Pa\u00e7o 2025\u201d, trouxe \u00e0 tona a riqueza cultural de Manaus, reunindo aproximadamente 3.000 artistas entre locais e nacionais que ir\u00e3o se apresentar, ao longo de tr\u00eas dias, em diversas modalidades, incluindo m\u00fasica, teatro e dan\u00e7a. O p\u00fablico p\u00f4de conferir apresenta\u00e7\u00f5es inovadoras que transformaram a cidade em um grande palco a c\u00e9u aberto.","robots":{"index":"noindex","follow":"follow"},"og_locale":"pt_BR","og_type":"article","og_title":"Artistas locais brilham no primeiro dia do maior festival gratuito de artes integradas do Brasil","og_description":"O primeiro dia do maior festival gratuito de artes integradas do Brasil, o \u201cSouManaus Passo a Pa\u00e7o 2025\u201d, trouxe \u00e0 tona a riqueza cultural de Manaus, reunindo aproximadamente 3.000 artistas entre locais e nacionais que ir\u00e3o se apresentar, ao longo de tr\u00eas dias, em diversas modalidades, incluindo m\u00fasica, teatro e dan\u00e7a. O p\u00fablico p\u00f4de conferir apresenta\u00e7\u00f5es inovadoras que transformaram a cidade em um grande palco a c\u00e9u aberto.","og_url":"https:\/\/www.manaus.am.gov.br\/manauscult\/prefeitura-soumanaus-teatrodainstalacao\/","og_site_name":"MANAUSCULT","article_published_time":"2025-09-06T03:05:46+00:00","article_modified_time":"2025-09-06T03:05:48+00:00","og_image":[{"width":1600,"height":1066,"url":"https:\/\/www.manaus.am.gov.br\/manauscult\/wp-content\/uploads\/sites\/11\/2025\/09\/WhatsApp-Image-2025-09-05-at-23.04.18-3.jpeg","type":"image\/jpeg"}],"author":"Adriana Costa","twitter_card":"summary_large_image","twitter_misc":{"Written by":"Adriana Costa","Est. reading time":"3 minutos"},"schema":{"@context":"https:\/\/schema.org","@graph":[{"@type":"WebPage","@id":"https:\/\/www.manaus.am.gov.br\/manauscult\/prefeitura-soumanaus-teatrodainstalacao\/","url":"https:\/\/www.manaus.am.gov.br\/manauscult\/prefeitura-soumanaus-teatrodainstalacao\/","name":"Artistas locais brilham no primeiro dia do maior festival gratuito de artes integradas do Brasil","isPartOf":{"@id":"https:\/\/www.manaus.am.gov.br\/manauscult\/#website"},"primaryImageOfPage":{"@id":"https:\/\/www.manaus.am.gov.br\/manauscult\/prefeitura-soumanaus-teatrodainstalacao\/#primaryimage"},"image":{"@id":"https:\/\/www.manaus.am.gov.br\/manauscult\/prefeitura-soumanaus-teatrodainstalacao\/#primaryimage"},"thumbnailUrl":"https:\/\/www.manaus.am.gov.br\/manauscult\/wp-content\/uploads\/sites\/11\/2025\/09\/WhatsApp-Image-2025-09-05-at-23.04.18-3.jpeg","datePublished":"2025-09-06T03:05:46+00:00","dateModified":"2025-09-06T03:05:48+00:00","author":{"@id":"https:\/\/www.manaus.am.gov.br\/manauscult\/#\/schema\/person\/4e49f4e267757a06ca072ec61b2b9968"},"description":"O primeiro dia do maior festival gratuito de artes integradas do Brasil, o \u201cSouManaus Passo a Pa\u00e7o 2025\u201d, trouxe \u00e0 tona a riqueza cultural de Manaus, reunindo aproximadamente 3.000 artistas entre locais e nacionais que ir\u00e3o se apresentar, ao longo de tr\u00eas dias, em diversas modalidades, incluindo m\u00fasica, teatro e dan\u00e7a. O p\u00fablico p\u00f4de conferir apresenta\u00e7\u00f5es inovadoras que transformaram a cidade em um grande palco a c\u00e9u aberto.","breadcrumb":{"@id":"https:\/\/www.manaus.am.gov.br\/manauscult\/prefeitura-soumanaus-teatrodainstalacao\/#breadcrumb"},"inLanguage":"pt-BR","potentialAction":[{"@type":"ReadAction","target":["https:\/\/www.manaus.am.gov.br\/manauscult\/prefeitura-soumanaus-teatrodainstalacao\/"]}]},{"@type":"ImageObject","inLanguage":"pt-BR","@id":"https:\/\/www.manaus.am.gov.br\/manauscult\/prefeitura-soumanaus-teatrodainstalacao\/#primaryimage","url":"https:\/\/www.manaus.am.gov.br\/manauscult\/wp-content\/uploads\/sites\/11\/2025\/09\/WhatsApp-Image-2025-09-05-at-23.04.18-3.jpeg","contentUrl":"https:\/\/www.manaus.am.gov.br\/manauscult\/wp-content\/uploads\/sites\/11\/2025\/09\/WhatsApp-Image-2025-09-05-at-23.04.18-3.jpeg","width":1600,"height":1066},{"@type":"BreadcrumbList","@id":"https:\/\/www.manaus.am.gov.br\/manauscult\/prefeitura-soumanaus-teatrodainstalacao\/#breadcrumb","itemListElement":[{"@type":"ListItem","position":1,"name":"Home","item":"https:\/\/www.manaus.am.gov.br\/manauscult\/"},{"@type":"ListItem","position":2,"name":"Artistas locais brilham no primeiro dia do maior festival gratuito de artes integradas do Brasil"}]},{"@type":"WebSite","@id":"https:\/\/www.manaus.am.gov.br\/manauscult\/#website","url":"https:\/\/www.manaus.am.gov.br\/manauscult\/","name":"MANAUSCULT","description":"Prefeitura de Manaus","potentialAction":[{"@type":"SearchAction","target":{"@type":"EntryPoint","urlTemplate":"https:\/\/www.manaus.am.gov.br\/manauscult\/?s={search_term_string}"},"query-input":"required name=search_term_string"}],"inLanguage":"pt-BR"},{"@type":"Person","@id":"https:\/\/www.manaus.am.gov.br\/manauscult\/#\/schema\/person\/4e49f4e267757a06ca072ec61b2b9968","name":"Adriana Costa","image":{"@type":"ImageObject","inLanguage":"pt-BR","@id":"https:\/\/www.manaus.am.gov.br\/manauscult\/#\/schema\/person\/image\/","url":"https:\/\/secure.gravatar.com\/avatar\/576258617ef7194f718179e766d57bd4?s=96&d=mm&r=g","contentUrl":"https:\/\/secure.gravatar.com\/avatar\/576258617ef7194f718179e766d57bd4?s=96&d=mm&r=g","caption":"Adriana Costa"}}]}},"_links":{"self":[{"href":"https:\/\/www.manaus.am.gov.br\/manauscult\/wp-json\/wp\/v2\/posts\/4550"}],"collection":[{"href":"https:\/\/www.manaus.am.gov.br\/manauscult\/wp-json\/wp\/v2\/posts"}],"about":[{"href":"https:\/\/www.manaus.am.gov.br\/manauscult\/wp-json\/wp\/v2\/types\/post"}],"author":[{"embeddable":true,"href":"https:\/\/www.manaus.am.gov.br\/manauscult\/wp-json\/wp\/v2\/users\/23"}],"replies":[{"embeddable":true,"href":"https:\/\/www.manaus.am.gov.br\/manauscult\/wp-json\/wp\/v2\/comments?post=4550"}],"version-history":[{"count":0,"href":"https:\/\/www.manaus.am.gov.br\/manauscult\/wp-json\/wp\/v2\/posts\/4550\/revisions"}],"wp:featuredmedia":[{"embeddable":true,"href":"https:\/\/www.manaus.am.gov.br\/manauscult\/wp-json\/wp\/v2\/media\/4551"}],"wp:attachment":[{"href":"https:\/\/www.manaus.am.gov.br\/manauscult\/wp-json\/wp\/v2\/media?parent=4550"}],"wp:term":[{"taxonomy":"category","embeddable":true,"href":"https:\/\/www.manaus.am.gov.br\/manauscult\/wp-json\/wp\/v2\/categories?post=4550"},{"taxonomy":"post_tag","embeddable":true,"href":"https:\/\/www.manaus.am.gov.br\/manauscult\/wp-json\/wp\/v2\/tags?post=4550"}],"curies":[{"name":"wp","href":"https:\/\/api.w.org\/{rel}","templated":true}]}}