{"id":4544,"date":"2025-09-05T21:09:30","date_gmt":"2025-09-06T01:09:30","guid":{"rendered":"https:\/\/www.manaus.am.gov.br\/manauscult\/prefeitura-sougamergeek-soumanaus\/"},"modified":"2025-09-05T21:09:32","modified_gmt":"2025-09-06T01:09:32","slug":"prefeitura-sougamergeek-soumanaus","status":"publish","type":"post","link":"https:\/\/www.manaus.am.gov.br\/manauscult\/prefeitura-sougamergeek-soumanaus\/","title":{"rendered":"Casar\u00e3o da Inova\u00e7\u00e3o recebe milhares de pessoas no primeiro dia do \u2018#SouGamerGeek\u2019 em Manaus"},"content":{"rendered":"\n<p>A Prefeitura de Manaus, por meio da Funda\u00e7\u00e3o Municipal de Cultura, Turismo e Evento (ManausCult), em parceria com a Secretaria Municipal do Trabalho, Empreendedorismo e Inova\u00e7\u00e3o (Semtepi), realizou, nesta sexta-feira, 5\/9, o primeiro dia do evento \u201c#SouGamerGeek\u201d. A programa\u00e7\u00e3o, que integra o \u201c#SouManaus Passo a Pa\u00e7o 2025\u201d, \u00e9 realizada no Casar\u00e3o da Inova\u00e7\u00e3o Cassina, no centro hist\u00f3rico da cidade, e j\u00e1 atraiu mais de 2.000 pessoas apenas no primeiro dia.<\/p>\n\n\n\n<p>Neste ano, o \u201c#SouManaus\u201d celebra uma d\u00e9cada de exist\u00eancia com o tema \u201cA Festa do Povo Floresta\u201d. Al\u00e9m da diversidade cultural, o festival tamb\u00e9m se destaca por atrair diferentes p\u00fablicos, inclusive o universo gamer, conectando crian\u00e7as e jovens, por meio da cultura&nbsp;<em>geek<\/em>,&nbsp;<em>cosplays<\/em>&nbsp;e refer\u00eancias populares, como Demon Slayer.<\/p>\n\n\n\n<p>Na ocasi\u00e3o, o secret\u00e1rio da Semtepi, Alonso Oliveira, destacou o papel do Casar\u00e3o da Inova\u00e7\u00e3o Cassina dentro do \u201c#SouManaus 2025\u201d, refor\u00e7ando o compromisso da prefeitura com a valoriza\u00e7\u00e3o da arte, da criatividade e do universo gamer.<\/p>\n\n\n\n<p>\u201cO Casar\u00e3o da Inova\u00e7\u00e3o Cassina est\u00e1 se consolidando como um espa\u00e7o voltado para o universo&nbsp;<em>gamer<\/em>&nbsp;e para a cultura&nbsp;<em>geek<\/em>&nbsp;como um todo. Aqui, o p\u00fablico encontra um ambiente preparado, com excelente estrutura f\u00edsica e tecnol\u00f3gica, onde pode interagir, se divertir e vivenciar experi\u00eancias imersivas ligadas ao mundo dos games,&nbsp;<em>cosplays<\/em>&nbsp;e muito mais\u201d, afirmou o secret\u00e1rio.<\/p>\n\n\n\n<p>De acordo com o coordenador da \u201cArena de Drones e Rob\u00f3tica\u201d, \u00c9der Nobre, que integra a equipe respons\u00e1vel pelas atividades do espa\u00e7o, os visitantes viver\u00e3o uma nova experi\u00eancia por meio dos drones.<\/p>\n\n\n\n<p>\u201cHoje, estamos aqui recepcionando os visitantes com a nossa Arena de Drones, onde \u00e9 poss\u00edvel jogar uma partida de futebol utilizando drones. \u00c9 uma experi\u00eancia inovadora e interativa. Muitos est\u00e3o tendo, pela primeira vez, a oportunidade de pilotar um drone e n\u00e3o tenho d\u00favidas de que est\u00e3o adorando\u201d, destacou \u00c9der.<\/p>\n\n\n\n<p>Lara Falbo, estudante de 10 anos, est\u00e1 participando, pela primeira vez, do concurso de cosplay no evento \u201c#SouManaus Passo a Pa\u00e7o 2025\u201d. A jovem competidora compartilhou sua empolga\u00e7\u00e3o com a experi\u00eancia. \u201cEst\u00e1 sendo incr\u00edvel, porque sempre quis participar deste campeonato. Minha personagem \u00e9 do anime Demon Slayer, e acredito que posso ganhar\u201d, disse Lara.<\/p>\n\n\n\n<p>&#8212; &#8212; &#8212;<\/p>\n\n\n\n<p><strong>Texto<\/strong> &#8211; Thalia Rodrigues \/ Semcom<\/p>\n\n\n\n<p><strong>Fotos<\/strong> \u2013 Semcom&nbsp;<\/p>\n","protected":false},"excerpt":{"rendered":"","protected":false},"author":23,"featured_media":4545,"comment_status":"closed","ping_status":"closed","sticky":false,"template":"","format":"standard","meta":{"footnotes":""},"categories":[508],"tags":[835,1644,1645,523],"acf":[],"yoast_head":"<!-- This site is optimized with the Yoast SEO plugin v23.0 - https:\/\/yoast.com\/wordpress\/plugins\/seo\/ -->\n<title>Casar\u00e3o da Inova\u00e7\u00e3o recebe milhares de pessoas no primeiro dia do \u2018#SouGamerGeek\u2019 em Manaus<\/title>\n<meta name=\"description\" content=\"A Prefeitura de Manaus, por meio da Funda\u00e7\u00e3o Municipal de Cultura, Turismo e Evento (ManausCult), em parceria com a Secretaria Municipal do Trabalho, Empreendedorismo e Inova\u00e7\u00e3o (Semtepi), realizou, nesta sexta-feira, 5\/9, o primeiro dia do evento \u201c#SouGamerGeek\u201d.\" \/>\n<meta name=\"robots\" content=\"noindex, follow\" \/>\n<meta property=\"og:locale\" content=\"pt_BR\" \/>\n<meta property=\"og:type\" content=\"article\" \/>\n<meta property=\"og:title\" content=\"Casar\u00e3o da Inova\u00e7\u00e3o recebe milhares de pessoas no primeiro dia do \u2018#SouGamerGeek\u2019 em Manaus\" \/>\n<meta property=\"og:description\" content=\"A Prefeitura de Manaus, por meio da Funda\u00e7\u00e3o Municipal de Cultura, Turismo e Evento (ManausCult), em parceria com a Secretaria Municipal do Trabalho, Empreendedorismo e Inova\u00e7\u00e3o (Semtepi), realizou, nesta sexta-feira, 5\/9, o primeiro dia do evento \u201c#SouGamerGeek\u201d.\" \/>\n<meta property=\"og:url\" content=\"https:\/\/www.manaus.am.gov.br\/manauscult\/prefeitura-sougamergeek-soumanaus\/\" \/>\n<meta property=\"og:site_name\" content=\"MANAUSCULT\" \/>\n<meta property=\"article:published_time\" content=\"2025-09-06T01:09:30+00:00\" \/>\n<meta property=\"article:modified_time\" content=\"2025-09-06T01:09:32+00:00\" \/>\n<meta property=\"og:image\" content=\"https:\/\/www.manaus.am.gov.br\/manauscult\/wp-content\/uploads\/sites\/11\/2025\/09\/WhatsApp-Image-2025-09-05-at-18.23.21.jpeg\" \/>\n\t<meta property=\"og:image:width\" content=\"4032\" \/>\n\t<meta property=\"og:image:height\" content=\"2268\" \/>\n\t<meta property=\"og:image:type\" content=\"image\/jpeg\" \/>\n<meta name=\"author\" content=\"Adriana Costa\" \/>\n<meta name=\"twitter:card\" content=\"summary_large_image\" \/>\n<meta name=\"twitter:label1\" content=\"Written by\" \/>\n\t<meta name=\"twitter:data1\" content=\"Adriana Costa\" \/>\n\t<meta name=\"twitter:label2\" content=\"Est. reading time\" \/>\n\t<meta name=\"twitter:data2\" content=\"3 minutos\" \/>\n<script type=\"application\/ld+json\" class=\"yoast-schema-graph\">{\"@context\":\"https:\/\/schema.org\",\"@graph\":[{\"@type\":\"WebPage\",\"@id\":\"https:\/\/www.manaus.am.gov.br\/manauscult\/prefeitura-sougamergeek-soumanaus\/\",\"url\":\"https:\/\/www.manaus.am.gov.br\/manauscult\/prefeitura-sougamergeek-soumanaus\/\",\"name\":\"Casar\u00e3o da Inova\u00e7\u00e3o recebe milhares de pessoas no primeiro dia do \u2018#SouGamerGeek\u2019 em Manaus\",\"isPartOf\":{\"@id\":\"https:\/\/www.manaus.am.gov.br\/manauscult\/#website\"},\"primaryImageOfPage\":{\"@id\":\"https:\/\/www.manaus.am.gov.br\/manauscult\/prefeitura-sougamergeek-soumanaus\/#primaryimage\"},\"image\":{\"@id\":\"https:\/\/www.manaus.am.gov.br\/manauscult\/prefeitura-sougamergeek-soumanaus\/#primaryimage\"},\"thumbnailUrl\":\"https:\/\/www.manaus.am.gov.br\/manauscult\/wp-content\/uploads\/sites\/11\/2025\/09\/WhatsApp-Image-2025-09-05-at-18.23.21.jpeg\",\"datePublished\":\"2025-09-06T01:09:30+00:00\",\"dateModified\":\"2025-09-06T01:09:32+00:00\",\"author\":{\"@id\":\"https:\/\/www.manaus.am.gov.br\/manauscult\/#\/schema\/person\/4e49f4e267757a06ca072ec61b2b9968\"},\"description\":\"A Prefeitura de Manaus, por meio da Funda\u00e7\u00e3o Municipal de Cultura, Turismo e Evento (ManausCult), em parceria com a Secretaria Municipal do Trabalho, Empreendedorismo e Inova\u00e7\u00e3o (Semtepi), realizou, nesta sexta-feira, 5\/9, o primeiro dia do evento \u201c#SouGamerGeek\u201d.\",\"breadcrumb\":{\"@id\":\"https:\/\/www.manaus.am.gov.br\/manauscult\/prefeitura-sougamergeek-soumanaus\/#breadcrumb\"},\"inLanguage\":\"pt-BR\",\"potentialAction\":[{\"@type\":\"ReadAction\",\"target\":[\"https:\/\/www.manaus.am.gov.br\/manauscult\/prefeitura-sougamergeek-soumanaus\/\"]}]},{\"@type\":\"ImageObject\",\"inLanguage\":\"pt-BR\",\"@id\":\"https:\/\/www.manaus.am.gov.br\/manauscult\/prefeitura-sougamergeek-soumanaus\/#primaryimage\",\"url\":\"https:\/\/www.manaus.am.gov.br\/manauscult\/wp-content\/uploads\/sites\/11\/2025\/09\/WhatsApp-Image-2025-09-05-at-18.23.21.jpeg\",\"contentUrl\":\"https:\/\/www.manaus.am.gov.br\/manauscult\/wp-content\/uploads\/sites\/11\/2025\/09\/WhatsApp-Image-2025-09-05-at-18.23.21.jpeg\",\"width\":4032,\"height\":2268},{\"@type\":\"BreadcrumbList\",\"@id\":\"https:\/\/www.manaus.am.gov.br\/manauscult\/prefeitura-sougamergeek-soumanaus\/#breadcrumb\",\"itemListElement\":[{\"@type\":\"ListItem\",\"position\":1,\"name\":\"Home\",\"item\":\"https:\/\/www.manaus.am.gov.br\/manauscult\/\"},{\"@type\":\"ListItem\",\"position\":2,\"name\":\"Casar\u00e3o da Inova\u00e7\u00e3o recebe milhares de pessoas no primeiro dia do \u2018#SouGamerGeek\u2019 em Manaus\"}]},{\"@type\":\"WebSite\",\"@id\":\"https:\/\/www.manaus.am.gov.br\/manauscult\/#website\",\"url\":\"https:\/\/www.manaus.am.gov.br\/manauscult\/\",\"name\":\"MANAUSCULT\",\"description\":\"Prefeitura de Manaus\",\"potentialAction\":[{\"@type\":\"SearchAction\",\"target\":{\"@type\":\"EntryPoint\",\"urlTemplate\":\"https:\/\/www.manaus.am.gov.br\/manauscult\/?s={search_term_string}\"},\"query-input\":\"required name=search_term_string\"}],\"inLanguage\":\"pt-BR\"},{\"@type\":\"Person\",\"@id\":\"https:\/\/www.manaus.am.gov.br\/manauscult\/#\/schema\/person\/4e49f4e267757a06ca072ec61b2b9968\",\"name\":\"Adriana Costa\",\"image\":{\"@type\":\"ImageObject\",\"inLanguage\":\"pt-BR\",\"@id\":\"https:\/\/www.manaus.am.gov.br\/manauscult\/#\/schema\/person\/image\/\",\"url\":\"https:\/\/secure.gravatar.com\/avatar\/576258617ef7194f718179e766d57bd4?s=96&d=mm&r=g\",\"contentUrl\":\"https:\/\/secure.gravatar.com\/avatar\/576258617ef7194f718179e766d57bd4?s=96&d=mm&r=g\",\"caption\":\"Adriana Costa\"}}]}<\/script>\n<!-- \/ Yoast SEO plugin. -->","yoast_head_json":{"title":"Casar\u00e3o da Inova\u00e7\u00e3o recebe milhares de pessoas no primeiro dia do \u2018#SouGamerGeek\u2019 em Manaus","description":"A Prefeitura de Manaus, por meio da Funda\u00e7\u00e3o Municipal de Cultura, Turismo e Evento (ManausCult), em parceria com a Secretaria Municipal do Trabalho, Empreendedorismo e Inova\u00e7\u00e3o (Semtepi), realizou, nesta sexta-feira, 5\/9, o primeiro dia do evento \u201c#SouGamerGeek\u201d.","robots":{"index":"noindex","follow":"follow"},"og_locale":"pt_BR","og_type":"article","og_title":"Casar\u00e3o da Inova\u00e7\u00e3o recebe milhares de pessoas no primeiro dia do \u2018#SouGamerGeek\u2019 em Manaus","og_description":"A Prefeitura de Manaus, por meio da Funda\u00e7\u00e3o Municipal de Cultura, Turismo e Evento (ManausCult), em parceria com a Secretaria Municipal do Trabalho, Empreendedorismo e Inova\u00e7\u00e3o (Semtepi), realizou, nesta sexta-feira, 5\/9, o primeiro dia do evento \u201c#SouGamerGeek\u201d.","og_url":"https:\/\/www.manaus.am.gov.br\/manauscult\/prefeitura-sougamergeek-soumanaus\/","og_site_name":"MANAUSCULT","article_published_time":"2025-09-06T01:09:30+00:00","article_modified_time":"2025-09-06T01:09:32+00:00","og_image":[{"width":4032,"height":2268,"url":"https:\/\/www.manaus.am.gov.br\/manauscult\/wp-content\/uploads\/sites\/11\/2025\/09\/WhatsApp-Image-2025-09-05-at-18.23.21.jpeg","type":"image\/jpeg"}],"author":"Adriana Costa","twitter_card":"summary_large_image","twitter_misc":{"Written by":"Adriana Costa","Est. reading time":"3 minutos"},"schema":{"@context":"https:\/\/schema.org","@graph":[{"@type":"WebPage","@id":"https:\/\/www.manaus.am.gov.br\/manauscult\/prefeitura-sougamergeek-soumanaus\/","url":"https:\/\/www.manaus.am.gov.br\/manauscult\/prefeitura-sougamergeek-soumanaus\/","name":"Casar\u00e3o da Inova\u00e7\u00e3o recebe milhares de pessoas no primeiro dia do \u2018#SouGamerGeek\u2019 em Manaus","isPartOf":{"@id":"https:\/\/www.manaus.am.gov.br\/manauscult\/#website"},"primaryImageOfPage":{"@id":"https:\/\/www.manaus.am.gov.br\/manauscult\/prefeitura-sougamergeek-soumanaus\/#primaryimage"},"image":{"@id":"https:\/\/www.manaus.am.gov.br\/manauscult\/prefeitura-sougamergeek-soumanaus\/#primaryimage"},"thumbnailUrl":"https:\/\/www.manaus.am.gov.br\/manauscult\/wp-content\/uploads\/sites\/11\/2025\/09\/WhatsApp-Image-2025-09-05-at-18.23.21.jpeg","datePublished":"2025-09-06T01:09:30+00:00","dateModified":"2025-09-06T01:09:32+00:00","author":{"@id":"https:\/\/www.manaus.am.gov.br\/manauscult\/#\/schema\/person\/4e49f4e267757a06ca072ec61b2b9968"},"description":"A Prefeitura de Manaus, por meio da Funda\u00e7\u00e3o Municipal de Cultura, Turismo e Evento (ManausCult), em parceria com a Secretaria Municipal do Trabalho, Empreendedorismo e Inova\u00e7\u00e3o (Semtepi), realizou, nesta sexta-feira, 5\/9, o primeiro dia do evento \u201c#SouGamerGeek\u201d.","breadcrumb":{"@id":"https:\/\/www.manaus.am.gov.br\/manauscult\/prefeitura-sougamergeek-soumanaus\/#breadcrumb"},"inLanguage":"pt-BR","potentialAction":[{"@type":"ReadAction","target":["https:\/\/www.manaus.am.gov.br\/manauscult\/prefeitura-sougamergeek-soumanaus\/"]}]},{"@type":"ImageObject","inLanguage":"pt-BR","@id":"https:\/\/www.manaus.am.gov.br\/manauscult\/prefeitura-sougamergeek-soumanaus\/#primaryimage","url":"https:\/\/www.manaus.am.gov.br\/manauscult\/wp-content\/uploads\/sites\/11\/2025\/09\/WhatsApp-Image-2025-09-05-at-18.23.21.jpeg","contentUrl":"https:\/\/www.manaus.am.gov.br\/manauscult\/wp-content\/uploads\/sites\/11\/2025\/09\/WhatsApp-Image-2025-09-05-at-18.23.21.jpeg","width":4032,"height":2268},{"@type":"BreadcrumbList","@id":"https:\/\/www.manaus.am.gov.br\/manauscult\/prefeitura-sougamergeek-soumanaus\/#breadcrumb","itemListElement":[{"@type":"ListItem","position":1,"name":"Home","item":"https:\/\/www.manaus.am.gov.br\/manauscult\/"},{"@type":"ListItem","position":2,"name":"Casar\u00e3o da Inova\u00e7\u00e3o recebe milhares de pessoas no primeiro dia do \u2018#SouGamerGeek\u2019 em Manaus"}]},{"@type":"WebSite","@id":"https:\/\/www.manaus.am.gov.br\/manauscult\/#website","url":"https:\/\/www.manaus.am.gov.br\/manauscult\/","name":"MANAUSCULT","description":"Prefeitura de Manaus","potentialAction":[{"@type":"SearchAction","target":{"@type":"EntryPoint","urlTemplate":"https:\/\/www.manaus.am.gov.br\/manauscult\/?s={search_term_string}"},"query-input":"required name=search_term_string"}],"inLanguage":"pt-BR"},{"@type":"Person","@id":"https:\/\/www.manaus.am.gov.br\/manauscult\/#\/schema\/person\/4e49f4e267757a06ca072ec61b2b9968","name":"Adriana Costa","image":{"@type":"ImageObject","inLanguage":"pt-BR","@id":"https:\/\/www.manaus.am.gov.br\/manauscult\/#\/schema\/person\/image\/","url":"https:\/\/secure.gravatar.com\/avatar\/576258617ef7194f718179e766d57bd4?s=96&d=mm&r=g","contentUrl":"https:\/\/secure.gravatar.com\/avatar\/576258617ef7194f718179e766d57bd4?s=96&d=mm&r=g","caption":"Adriana Costa"}}]}},"_links":{"self":[{"href":"https:\/\/www.manaus.am.gov.br\/manauscult\/wp-json\/wp\/v2\/posts\/4544"}],"collection":[{"href":"https:\/\/www.manaus.am.gov.br\/manauscult\/wp-json\/wp\/v2\/posts"}],"about":[{"href":"https:\/\/www.manaus.am.gov.br\/manauscult\/wp-json\/wp\/v2\/types\/post"}],"author":[{"embeddable":true,"href":"https:\/\/www.manaus.am.gov.br\/manauscult\/wp-json\/wp\/v2\/users\/23"}],"replies":[{"embeddable":true,"href":"https:\/\/www.manaus.am.gov.br\/manauscult\/wp-json\/wp\/v2\/comments?post=4544"}],"version-history":[{"count":0,"href":"https:\/\/www.manaus.am.gov.br\/manauscult\/wp-json\/wp\/v2\/posts\/4544\/revisions"}],"wp:featuredmedia":[{"embeddable":true,"href":"https:\/\/www.manaus.am.gov.br\/manauscult\/wp-json\/wp\/v2\/media\/4545"}],"wp:attachment":[{"href":"https:\/\/www.manaus.am.gov.br\/manauscult\/wp-json\/wp\/v2\/media?parent=4544"}],"wp:term":[{"taxonomy":"category","embeddable":true,"href":"https:\/\/www.manaus.am.gov.br\/manauscult\/wp-json\/wp\/v2\/categories?post=4544"},{"taxonomy":"post_tag","embeddable":true,"href":"https:\/\/www.manaus.am.gov.br\/manauscult\/wp-json\/wp\/v2\/tags?post=4544"}],"curies":[{"name":"wp","href":"https:\/\/api.w.org\/{rel}","templated":true}]}}