{"id":4542,"date":"2025-09-05T16:38:21","date_gmt":"2025-09-05T20:38:21","guid":{"rendered":"https:\/\/www.manaus.am.gov.br\/manauscult\/abertura-do-soumanaus-passo-a-paco-2025\/"},"modified":"2025-09-05T16:38:23","modified_gmt":"2025-09-05T20:38:23","slug":"abertura-do-soumanaus-passo-a-paco-2025","status":"publish","type":"post","link":"https:\/\/www.manaus.am.gov.br\/manauscult\/abertura-do-soumanaus-passo-a-paco-2025\/","title":{"rendered":"Prefeito David Almeida destaca seguran\u00e7a, integra\u00e7\u00e3o e proje\u00e7\u00e3o nacional na abertura do \u2018#SouManaus Passo a Pa\u00e7o 2025\u2019"},"content":{"rendered":"\n<p>O prefeito de Manaus, David Almeida, concedeu coletiva de imprensa na manh\u00e3 desta sexta-feira, 5\/9, com informa\u00e7\u00f5es sobre a abertura do \u201c#SouManaus Passo a Pa\u00e7o 2025\u201d, evento considerado o maior festival de artes integradas gratuitas do Brasil. A programa\u00e7\u00e3o come\u00e7a \u00e0s 17h, no centro hist\u00f3rico, e deve reunir milhares de pessoas nos pr\u00f3ximos dias.<\/p>\n\n\n\n<p>O chefe do Executivo municipal agradeceu o trabalho da imprensa e refor\u00e7ou que a mobiliza\u00e7\u00e3o das equipes da prefeitura, somada \u00e0 divulga\u00e7\u00e3o nos ve\u00edculos de comunica\u00e7\u00e3o, garantiu \u00e0 edi\u00e7\u00e3o deste ano, uma proje\u00e7\u00e3o in\u00e9dita. \u201cHoje em Manaus s\u00f3 se fala desse evento. \u00c9 fruto do trabalho conjunto das nossas equipes com voc\u00eas, que fazem a comunica\u00e7\u00e3o chegar at\u00e9 a popula\u00e7\u00e3o\u201d, disse.<\/p>\n\n\n\n<p>A seguran\u00e7a \u00e9 um dos principais focos desta edi\u00e7\u00e3o. Segundo o prefeito, ser\u00e3o 1,1 mil agentes envolvidos, incluindo 500 guardas municipais, o maior efetivo da hist\u00f3ria da corpora\u00e7\u00e3o, al\u00e9m de policiais militares, seguran\u00e7as privados e monitoramento por 200 c\u00e2meras com reconhecimento facial. \u201c\u00c9 um evento muito seguro. Quem vier pode trazer a fam\u00edlia e aproveitar com tranquilidade\u201d, ressaltou.<\/p>\n\n\n\n<p>A estrutura tamb\u00e9m conta com posto de sa\u00fade no local, integra\u00e7\u00e3o de secretarias municipais, cerca de 300 agentes de tr\u00e2nsito para garantir a fluidez vi\u00e1ria, al\u00e9m de refor\u00e7o no transporte coletivo, com mais de 300 \u00f4nibus, incluindo ve\u00edculos reservas, para atender o p\u00fablico ap\u00f3s os shows.<\/p>\n\n\n\n<p>O prefeito anunciou ainda novidades sustent\u00e1veis, como dez m\u00e1quinas de reciclagem espalhadas pelo per\u00edmetro do festival, e destacou o investimento na valoriza\u00e7\u00e3o de artistas locais, que este ano somam mais de 3 mil contemplados. Desde 2023, os cach\u00eas s\u00e3o pagos imediatamente ap\u00f3s as apresenta\u00e7\u00f5es.<\/p>\n\n\n\n<p>Sobre a grandiosidade do evento, David Almeida destacou que o palco principal \u00e9 o maior j\u00e1 montado na hist\u00f3ria art\u00edstica e cultural do Amazonas e adiantou planos para o futuro. \u201cO espa\u00e7o j\u00e1 ficou pequeno. Temos perspectivas de atra\u00e7\u00f5es internacionais e trabalhamos em um modelo de parceria p\u00fablico-privada que permitir\u00e1 ampliar ainda mais o alcance do festival, atraindo turistas de todo o Brasil e at\u00e9 do exterior\u201d.&nbsp;<\/p>\n\n\n\n<p>O prefeito tamb\u00e9m enfatizou que o \u201c#SouManaus\u201d integra a estrat\u00e9gia de revitaliza\u00e7\u00e3o do centro hist\u00f3rico, somando-se a obras de ordenamento, ilumina\u00e7\u00e3o e seguran\u00e7a. \u201cO centro limpo, ordenado e iluminado mostra que deu certo. Vamos manter esse trabalho de forma cont\u00ednua\u201d, afirmou.<\/p>\n\n\n\n<p>A expectativa da prefeitura \u00e9 receber mais de 180 mil pessoas j\u00e1 na primeira noite, que ter\u00e1, entre as atra\u00e7\u00f5es, o fen\u00f4meno infantil Maria Clara e JP, al\u00e9m de grandes nomes da m\u00fasica nacional.<\/p>\n\n\n\n<p><strong>\u2014 \u2014 \u2014<\/strong><br><strong>Texto &#8211; <\/strong>Emanuelle Baires\/Semcom-Prefeito<br><strong>Fotos &#8211; <\/strong>Dhyeizo Lemos\/Semcom-Prefeito<\/p>\n","protected":false},"excerpt":{"rendered":"","protected":false},"author":68,"featured_media":4543,"comment_status":"closed","ping_status":"closed","sticky":false,"template":"","format":"standard","meta":{"footnotes":""},"categories":[508],"tags":[1643,67,11],"acf":[],"yoast_head":"<!-- This site is optimized with the Yoast SEO plugin v23.0 - https:\/\/yoast.com\/wordpress\/plugins\/seo\/ -->\n<title>Prefeito David Almeida destaca seguran\u00e7a, integra\u00e7\u00e3o e proje\u00e7\u00e3o nacional na abertura do \u2018#SouManaus Passo a Pa\u00e7o 2025\u2019<\/title>\n<meta name=\"description\" content=\"O prefeito de Manaus, David Almeida, concedeu coletiva de imprensa na manh\u00e3 desta sexta-feira, 5\/9, com informa\u00e7\u00f5es sobre a abertura do \u201c#SouManaus Passo a Pa\u00e7o 2025\u201d, evento considerado o maior festival de artes integradas gratuitas do Brasil. A programa\u00e7\u00e3o come\u00e7a \u00e0s 17h, no centro hist\u00f3rico, e deve reunir milhares de pessoas nos pr\u00f3ximos dias.\" \/>\n<meta name=\"robots\" content=\"noindex, follow\" \/>\n<meta property=\"og:locale\" content=\"pt_BR\" \/>\n<meta property=\"og:type\" content=\"article\" \/>\n<meta property=\"og:title\" content=\"Prefeito David Almeida destaca seguran\u00e7a, integra\u00e7\u00e3o e proje\u00e7\u00e3o nacional na abertura do \u2018#SouManaus Passo a Pa\u00e7o 2025\u2019\" \/>\n<meta property=\"og:description\" content=\"O prefeito de Manaus, David Almeida, concedeu coletiva de imprensa na manh\u00e3 desta sexta-feira, 5\/9, com informa\u00e7\u00f5es sobre a abertura do \u201c#SouManaus Passo a Pa\u00e7o 2025\u201d, evento considerado o maior festival de artes integradas gratuitas do Brasil. A programa\u00e7\u00e3o come\u00e7a \u00e0s 17h, no centro hist\u00f3rico, e deve reunir milhares de pessoas nos pr\u00f3ximos dias.\" \/>\n<meta property=\"og:url\" content=\"https:\/\/www.manaus.am.gov.br\/manauscult\/abertura-do-soumanaus-passo-a-paco-2025\/\" \/>\n<meta property=\"og:site_name\" content=\"MANAUSCULT\" \/>\n<meta property=\"article:published_time\" content=\"2025-09-05T20:38:21+00:00\" \/>\n<meta property=\"article:modified_time\" content=\"2025-09-05T20:38:23+00:00\" \/>\n<meta property=\"og:image\" content=\"https:\/\/www.manaus.am.gov.br\/manauscult\/wp-content\/uploads\/sites\/11\/2025\/09\/WhatsApp-Image-2025-09-05-at-11.52.37.jpeg\" \/>\n\t<meta property=\"og:image:width\" content=\"3784\" \/>\n\t<meta property=\"og:image:height\" content=\"2523\" \/>\n\t<meta property=\"og:image:type\" content=\"image\/jpeg\" \/>\n<meta name=\"author\" content=\"bvalente\" \/>\n<meta name=\"twitter:card\" content=\"summary_large_image\" \/>\n<meta name=\"twitter:label1\" content=\"Written by\" \/>\n\t<meta name=\"twitter:data1\" content=\"bvalente\" \/>\n\t<meta name=\"twitter:label2\" content=\"Est. reading time\" \/>\n\t<meta name=\"twitter:data2\" content=\"3 minutos\" \/>\n<script type=\"application\/ld+json\" class=\"yoast-schema-graph\">{\"@context\":\"https:\/\/schema.org\",\"@graph\":[{\"@type\":\"WebPage\",\"@id\":\"https:\/\/www.manaus.am.gov.br\/manauscult\/abertura-do-soumanaus-passo-a-paco-2025\/\",\"url\":\"https:\/\/www.manaus.am.gov.br\/manauscult\/abertura-do-soumanaus-passo-a-paco-2025\/\",\"name\":\"Prefeito David Almeida destaca seguran\u00e7a, integra\u00e7\u00e3o e proje\u00e7\u00e3o nacional na abertura do \u2018#SouManaus Passo a Pa\u00e7o 2025\u2019\",\"isPartOf\":{\"@id\":\"https:\/\/www.manaus.am.gov.br\/manauscult\/#website\"},\"primaryImageOfPage\":{\"@id\":\"https:\/\/www.manaus.am.gov.br\/manauscult\/abertura-do-soumanaus-passo-a-paco-2025\/#primaryimage\"},\"image\":{\"@id\":\"https:\/\/www.manaus.am.gov.br\/manauscult\/abertura-do-soumanaus-passo-a-paco-2025\/#primaryimage\"},\"thumbnailUrl\":\"https:\/\/www.manaus.am.gov.br\/manauscult\/wp-content\/uploads\/sites\/11\/2025\/09\/WhatsApp-Image-2025-09-05-at-11.52.37.jpeg\",\"datePublished\":\"2025-09-05T20:38:21+00:00\",\"dateModified\":\"2025-09-05T20:38:23+00:00\",\"author\":{\"@id\":\"https:\/\/www.manaus.am.gov.br\/manauscult\/#\/schema\/person\/466a0e03ae4b6062809046bd560ac955\"},\"description\":\"O prefeito de Manaus, David Almeida, concedeu coletiva de imprensa na manh\u00e3 desta sexta-feira, 5\/9, com informa\u00e7\u00f5es sobre a abertura do \u201c#SouManaus Passo a Pa\u00e7o 2025\u201d, evento considerado o maior festival de artes integradas gratuitas do Brasil. A programa\u00e7\u00e3o come\u00e7a \u00e0s 17h, no centro hist\u00f3rico, e deve reunir milhares de pessoas nos pr\u00f3ximos dias.\",\"breadcrumb\":{\"@id\":\"https:\/\/www.manaus.am.gov.br\/manauscult\/abertura-do-soumanaus-passo-a-paco-2025\/#breadcrumb\"},\"inLanguage\":\"pt-BR\",\"potentialAction\":[{\"@type\":\"ReadAction\",\"target\":[\"https:\/\/www.manaus.am.gov.br\/manauscult\/abertura-do-soumanaus-passo-a-paco-2025\/\"]}]},{\"@type\":\"ImageObject\",\"inLanguage\":\"pt-BR\",\"@id\":\"https:\/\/www.manaus.am.gov.br\/manauscult\/abertura-do-soumanaus-passo-a-paco-2025\/#primaryimage\",\"url\":\"https:\/\/www.manaus.am.gov.br\/manauscult\/wp-content\/uploads\/sites\/11\/2025\/09\/WhatsApp-Image-2025-09-05-at-11.52.37.jpeg\",\"contentUrl\":\"https:\/\/www.manaus.am.gov.br\/manauscult\/wp-content\/uploads\/sites\/11\/2025\/09\/WhatsApp-Image-2025-09-05-at-11.52.37.jpeg\",\"width\":3784,\"height\":2523},{\"@type\":\"BreadcrumbList\",\"@id\":\"https:\/\/www.manaus.am.gov.br\/manauscult\/abertura-do-soumanaus-passo-a-paco-2025\/#breadcrumb\",\"itemListElement\":[{\"@type\":\"ListItem\",\"position\":1,\"name\":\"Home\",\"item\":\"https:\/\/www.manaus.am.gov.br\/manauscult\/\"},{\"@type\":\"ListItem\",\"position\":2,\"name\":\"Prefeito David Almeida destaca seguran\u00e7a, integra\u00e7\u00e3o e proje\u00e7\u00e3o nacional na abertura do \u2018#SouManaus Passo a Pa\u00e7o 2025\u2019\"}]},{\"@type\":\"WebSite\",\"@id\":\"https:\/\/www.manaus.am.gov.br\/manauscult\/#website\",\"url\":\"https:\/\/www.manaus.am.gov.br\/manauscult\/\",\"name\":\"MANAUSCULT\",\"description\":\"Prefeitura de Manaus\",\"potentialAction\":[{\"@type\":\"SearchAction\",\"target\":{\"@type\":\"EntryPoint\",\"urlTemplate\":\"https:\/\/www.manaus.am.gov.br\/manauscult\/?s={search_term_string}\"},\"query-input\":\"required name=search_term_string\"}],\"inLanguage\":\"pt-BR\"},{\"@type\":\"Person\",\"@id\":\"https:\/\/www.manaus.am.gov.br\/manauscult\/#\/schema\/person\/466a0e03ae4b6062809046bd560ac955\",\"name\":\"bvalente\",\"image\":{\"@type\":\"ImageObject\",\"inLanguage\":\"pt-BR\",\"@id\":\"https:\/\/www.manaus.am.gov.br\/manauscult\/#\/schema\/person\/image\/\",\"url\":\"https:\/\/secure.gravatar.com\/avatar\/3e69bc2b014bdad41adfec3a39de07d2?s=96&d=mm&r=g\",\"contentUrl\":\"https:\/\/secure.gravatar.com\/avatar\/3e69bc2b014bdad41adfec3a39de07d2?s=96&d=mm&r=g\",\"caption\":\"bvalente\"}}]}<\/script>\n<!-- \/ Yoast SEO plugin. -->","yoast_head_json":{"title":"Prefeito David Almeida destaca seguran\u00e7a, integra\u00e7\u00e3o e proje\u00e7\u00e3o nacional na abertura do \u2018#SouManaus Passo a Pa\u00e7o 2025\u2019","description":"O prefeito de Manaus, David Almeida, concedeu coletiva de imprensa na manh\u00e3 desta sexta-feira, 5\/9, com informa\u00e7\u00f5es sobre a abertura do \u201c#SouManaus Passo a Pa\u00e7o 2025\u201d, evento considerado o maior festival de artes integradas gratuitas do Brasil. A programa\u00e7\u00e3o come\u00e7a \u00e0s 17h, no centro hist\u00f3rico, e deve reunir milhares de pessoas nos pr\u00f3ximos dias.","robots":{"index":"noindex","follow":"follow"},"og_locale":"pt_BR","og_type":"article","og_title":"Prefeito David Almeida destaca seguran\u00e7a, integra\u00e7\u00e3o e proje\u00e7\u00e3o nacional na abertura do \u2018#SouManaus Passo a Pa\u00e7o 2025\u2019","og_description":"O prefeito de Manaus, David Almeida, concedeu coletiva de imprensa na manh\u00e3 desta sexta-feira, 5\/9, com informa\u00e7\u00f5es sobre a abertura do \u201c#SouManaus Passo a Pa\u00e7o 2025\u201d, evento considerado o maior festival de artes integradas gratuitas do Brasil. A programa\u00e7\u00e3o come\u00e7a \u00e0s 17h, no centro hist\u00f3rico, e deve reunir milhares de pessoas nos pr\u00f3ximos dias.","og_url":"https:\/\/www.manaus.am.gov.br\/manauscult\/abertura-do-soumanaus-passo-a-paco-2025\/","og_site_name":"MANAUSCULT","article_published_time":"2025-09-05T20:38:21+00:00","article_modified_time":"2025-09-05T20:38:23+00:00","og_image":[{"width":3784,"height":2523,"url":"https:\/\/www.manaus.am.gov.br\/manauscult\/wp-content\/uploads\/sites\/11\/2025\/09\/WhatsApp-Image-2025-09-05-at-11.52.37.jpeg","type":"image\/jpeg"}],"author":"bvalente","twitter_card":"summary_large_image","twitter_misc":{"Written by":"bvalente","Est. reading time":"3 minutos"},"schema":{"@context":"https:\/\/schema.org","@graph":[{"@type":"WebPage","@id":"https:\/\/www.manaus.am.gov.br\/manauscult\/abertura-do-soumanaus-passo-a-paco-2025\/","url":"https:\/\/www.manaus.am.gov.br\/manauscult\/abertura-do-soumanaus-passo-a-paco-2025\/","name":"Prefeito David Almeida destaca seguran\u00e7a, integra\u00e7\u00e3o e proje\u00e7\u00e3o nacional na abertura do \u2018#SouManaus Passo a Pa\u00e7o 2025\u2019","isPartOf":{"@id":"https:\/\/www.manaus.am.gov.br\/manauscult\/#website"},"primaryImageOfPage":{"@id":"https:\/\/www.manaus.am.gov.br\/manauscult\/abertura-do-soumanaus-passo-a-paco-2025\/#primaryimage"},"image":{"@id":"https:\/\/www.manaus.am.gov.br\/manauscult\/abertura-do-soumanaus-passo-a-paco-2025\/#primaryimage"},"thumbnailUrl":"https:\/\/www.manaus.am.gov.br\/manauscult\/wp-content\/uploads\/sites\/11\/2025\/09\/WhatsApp-Image-2025-09-05-at-11.52.37.jpeg","datePublished":"2025-09-05T20:38:21+00:00","dateModified":"2025-09-05T20:38:23+00:00","author":{"@id":"https:\/\/www.manaus.am.gov.br\/manauscult\/#\/schema\/person\/466a0e03ae4b6062809046bd560ac955"},"description":"O prefeito de Manaus, David Almeida, concedeu coletiva de imprensa na manh\u00e3 desta sexta-feira, 5\/9, com informa\u00e7\u00f5es sobre a abertura do \u201c#SouManaus Passo a Pa\u00e7o 2025\u201d, evento considerado o maior festival de artes integradas gratuitas do Brasil. A programa\u00e7\u00e3o come\u00e7a \u00e0s 17h, no centro hist\u00f3rico, e deve reunir milhares de pessoas nos pr\u00f3ximos dias.","breadcrumb":{"@id":"https:\/\/www.manaus.am.gov.br\/manauscult\/abertura-do-soumanaus-passo-a-paco-2025\/#breadcrumb"},"inLanguage":"pt-BR","potentialAction":[{"@type":"ReadAction","target":["https:\/\/www.manaus.am.gov.br\/manauscult\/abertura-do-soumanaus-passo-a-paco-2025\/"]}]},{"@type":"ImageObject","inLanguage":"pt-BR","@id":"https:\/\/www.manaus.am.gov.br\/manauscult\/abertura-do-soumanaus-passo-a-paco-2025\/#primaryimage","url":"https:\/\/www.manaus.am.gov.br\/manauscult\/wp-content\/uploads\/sites\/11\/2025\/09\/WhatsApp-Image-2025-09-05-at-11.52.37.jpeg","contentUrl":"https:\/\/www.manaus.am.gov.br\/manauscult\/wp-content\/uploads\/sites\/11\/2025\/09\/WhatsApp-Image-2025-09-05-at-11.52.37.jpeg","width":3784,"height":2523},{"@type":"BreadcrumbList","@id":"https:\/\/www.manaus.am.gov.br\/manauscult\/abertura-do-soumanaus-passo-a-paco-2025\/#breadcrumb","itemListElement":[{"@type":"ListItem","position":1,"name":"Home","item":"https:\/\/www.manaus.am.gov.br\/manauscult\/"},{"@type":"ListItem","position":2,"name":"Prefeito David Almeida destaca seguran\u00e7a, integra\u00e7\u00e3o e proje\u00e7\u00e3o nacional na abertura do \u2018#SouManaus Passo a Pa\u00e7o 2025\u2019"}]},{"@type":"WebSite","@id":"https:\/\/www.manaus.am.gov.br\/manauscult\/#website","url":"https:\/\/www.manaus.am.gov.br\/manauscult\/","name":"MANAUSCULT","description":"Prefeitura de Manaus","potentialAction":[{"@type":"SearchAction","target":{"@type":"EntryPoint","urlTemplate":"https:\/\/www.manaus.am.gov.br\/manauscult\/?s={search_term_string}"},"query-input":"required name=search_term_string"}],"inLanguage":"pt-BR"},{"@type":"Person","@id":"https:\/\/www.manaus.am.gov.br\/manauscult\/#\/schema\/person\/466a0e03ae4b6062809046bd560ac955","name":"bvalente","image":{"@type":"ImageObject","inLanguage":"pt-BR","@id":"https:\/\/www.manaus.am.gov.br\/manauscult\/#\/schema\/person\/image\/","url":"https:\/\/secure.gravatar.com\/avatar\/3e69bc2b014bdad41adfec3a39de07d2?s=96&d=mm&r=g","contentUrl":"https:\/\/secure.gravatar.com\/avatar\/3e69bc2b014bdad41adfec3a39de07d2?s=96&d=mm&r=g","caption":"bvalente"}}]}},"_links":{"self":[{"href":"https:\/\/www.manaus.am.gov.br\/manauscult\/wp-json\/wp\/v2\/posts\/4542"}],"collection":[{"href":"https:\/\/www.manaus.am.gov.br\/manauscult\/wp-json\/wp\/v2\/posts"}],"about":[{"href":"https:\/\/www.manaus.am.gov.br\/manauscult\/wp-json\/wp\/v2\/types\/post"}],"author":[{"embeddable":true,"href":"https:\/\/www.manaus.am.gov.br\/manauscult\/wp-json\/wp\/v2\/users\/68"}],"replies":[{"embeddable":true,"href":"https:\/\/www.manaus.am.gov.br\/manauscult\/wp-json\/wp\/v2\/comments?post=4542"}],"version-history":[{"count":0,"href":"https:\/\/www.manaus.am.gov.br\/manauscult\/wp-json\/wp\/v2\/posts\/4542\/revisions"}],"wp:featuredmedia":[{"embeddable":true,"href":"https:\/\/www.manaus.am.gov.br\/manauscult\/wp-json\/wp\/v2\/media\/4543"}],"wp:attachment":[{"href":"https:\/\/www.manaus.am.gov.br\/manauscult\/wp-json\/wp\/v2\/media?parent=4542"}],"wp:term":[{"taxonomy":"category","embeddable":true,"href":"https:\/\/www.manaus.am.gov.br\/manauscult\/wp-json\/wp\/v2\/categories?post=4542"},{"taxonomy":"post_tag","embeddable":true,"href":"https:\/\/www.manaus.am.gov.br\/manauscult\/wp-json\/wp\/v2\/tags?post=4542"}],"curies":[{"name":"wp","href":"https:\/\/api.w.org\/{rel}","templated":true}]}}