{"id":4540,"date":"2025-09-04T13:50:41","date_gmt":"2025-09-04T17:50:41","guid":{"rendered":"https:\/\/www.manaus.am.gov.br\/manauscult\/orientacoes-acesso-seguranca-soumanaus-2025\/"},"modified":"2025-09-04T13:50:42","modified_gmt":"2025-09-04T17:50:42","slug":"orientacoes-acesso-seguranca-soumanaus-2025","status":"publish","type":"post","link":"https:\/\/www.manaus.am.gov.br\/manauscult\/orientacoes-acesso-seguranca-soumanaus-2025\/","title":{"rendered":"Prefeitura refor\u00e7a orienta\u00e7\u00f5es de acesso e seguran\u00e7a para o \u2018#SouManaus Passo a Pa\u00e7o 2025\u2019"},"content":{"rendered":"\n<p>A Prefeitura de Manaus, por meio da Funda\u00e7\u00e3o Municipal de Cultura, Turismo e Eventos (Manauscult), divulgou, nesta quinta-feira, 4\/9, as regras de acesso e seguran\u00e7a para o p\u00fablico do \u201c#SouManaus Passo a Pa\u00e7o 2025\u201d, que neste ano celebra 10 anos de hist\u00f3ria e pretende reunir mais de 500 mil pessoas no centro hist\u00f3rico da cidade.<\/p>\n\n\n\n<p><br>Entre as medidas anunciadas, est\u00e1 a restri\u00e7\u00e3o de entrada para menores de idade durante a programa\u00e7\u00e3o noturna. Crian\u00e7as com menos de 12 anos n\u00e3o poder\u00e3o acessar o evento \u00e0 noite, mesmo acompanhadas dos pais ou respons\u00e1veis. J\u00e1 os adolescentes de 12 a 15 anos incompletos ter\u00e3o entrada permitida, desde que acompanhados por respons\u00e1veis legais e apresentando documento oficial com foto.<\/p>\n\n\n\n<p><br>O diretor-presidente da Manauscult, Jender Lobato, destacou que as regras seguem protocolos de grandes festivais nacionais e internacionais e t\u00eam como prioridade a prote\u00e7\u00e3o da popula\u00e7\u00e3o.<\/p>\n\n\n\n<p><br>\u201cO \u2018#SouManaus\u2019 \u00e9 uma festa para todos, mas tamb\u00e9m \u00e9 um evento de grande porte. Estabelecemos regras claras de acesso por uma quest\u00e3o de seguran\u00e7a coletiva. Nosso objetivo \u00e9 garantir que o p\u00fablico possa aproveitar com tranquilidade essa celebra\u00e7\u00e3o que j\u00e1 faz parte da identidade da cidade\u201d, afirmou.<\/p>\n\n\n\n<p><br>Al\u00e9m das restri\u00e7\u00f5es et\u00e1rias, a Manauscult tamb\u00e9m divulgou a lista de itens proibidos dentro do per\u00edmetro do festival.<\/p>\n\n\n\n<p>N\u00e3o ser\u00e1 permitido o acesso com:&nbsp;embalagens r\u00edgidas, latas, garrafas ou objetos de vidro e metal; capacetes; armas de fogo, armas brancas ou similares; cadeiras, bancos ou guarda-chuvas;<br>fogos de artif\u00edcio, explosivos, sinalizadores e objetos incendi\u00e1rios;&nbsp;bebidas;&nbsp;skates, bicicletas ou ve\u00edculos motorizados ou n\u00e3o;&nbsp;bast\u00f5es de selfie; subst\u00e2ncias t\u00f3xicas ou drogas; bandeiras, cartazes ou s\u00edmbolos de cunho comercial; drones; e alimentos que ofere\u00e7am risco \u00e0 seguran\u00e7a.<br><br>Por outro lado, o p\u00fablico pode levar alguns itens essenciais para o conforto durante a festa, como:&nbsp;garrafas de \u00e1gua em embalagem pl\u00e1stica;&nbsp;capa de chuva; \u00f3culos escuros ou de grau e protetor auricular.<br><br>A Prefeitura refor\u00e7a que o \u201c#SouManaus Passo a Pa\u00e7o 2025\u201d \u00e9 um evento gratuito e de acesso democr\u00e1tico, mas que requer responsabilidade tanto dos organizadores quanto do p\u00fablico. \u201cEsse cuidado \u00e9 fundamental para que possamos celebrar os 10 anos do festival de forma inesquec\u00edvel e segura\u201d, encerrou Jender Lobato.<\/p>\n\n\n\n<p>&#8212; &#8212; &#8212;<\/p>\n\n\n\n<p><strong>Texto<\/strong>\u00a0&#8211; J\u00e9ssica Trajano\/Manauscult<\/p>\n\n\n\n<p><strong>Foto \u2013 <\/strong>Arquivo\/Semcom<\/p>\n","protected":false},"excerpt":{"rendered":"","protected":false},"author":39,"featured_media":4541,"comment_status":"closed","ping_status":"closed","sticky":false,"template":"","format":"standard","meta":{"footnotes":""},"categories":[485],"tags":[1458,1641,9,1642,11],"acf":[],"yoast_head":"<!-- This site is optimized with the Yoast SEO plugin v23.0 - https:\/\/yoast.com\/wordpress\/plugins\/seo\/ -->\n<title>Orienta\u00e7\u00f5es de acesso e seguran\u00e7a para o \u2018#SouManaus 2025\u2019<\/title>\n<meta name=\"description\" content=\"Prefeitura de Manaus, por meio da Manauscult, refor\u00e7a orienta\u00e7\u00f5es de acesso e seguran\u00e7a para o \u2018#SouManaus Passo a Pa\u00e7o 2025\u2019.\" \/>\n<meta name=\"robots\" content=\"noindex, follow\" \/>\n<meta property=\"og:locale\" content=\"pt_BR\" \/>\n<meta property=\"og:type\" content=\"article\" \/>\n<meta property=\"og:title\" content=\"Orienta\u00e7\u00f5es de acesso e seguran\u00e7a para o \u2018#SouManaus 2025\u2019\" \/>\n<meta property=\"og:description\" content=\"Prefeitura de Manaus, por meio da Manauscult, refor\u00e7a orienta\u00e7\u00f5es de acesso e seguran\u00e7a para o \u2018#SouManaus Passo a Pa\u00e7o 2025\u2019.\" \/>\n<meta property=\"og:url\" content=\"https:\/\/www.manaus.am.gov.br\/manauscult\/orientacoes-acesso-seguranca-soumanaus-2025\/\" \/>\n<meta property=\"og:site_name\" content=\"MANAUSCULT\" \/>\n<meta property=\"article:published_time\" content=\"2025-09-04T17:50:41+00:00\" \/>\n<meta property=\"article:modified_time\" content=\"2025-09-04T17:50:42+00:00\" \/>\n<meta property=\"og:image\" content=\"https:\/\/www.manaus.am.gov.br\/manauscult\/wp-content\/uploads\/sites\/11\/2025\/09\/IMG_6041.jpeg\" \/>\n\t<meta property=\"og:image:width\" content=\"1242\" \/>\n\t<meta property=\"og:image:height\" content=\"817\" \/>\n\t<meta property=\"og:image:type\" content=\"image\/jpeg\" \/>\n<meta name=\"author\" content=\"Bruna Greco\" \/>\n<meta name=\"twitter:card\" content=\"summary_large_image\" \/>\n<meta name=\"twitter:label1\" content=\"Written by\" \/>\n\t<meta name=\"twitter:data1\" content=\"Bruna Greco\" \/>\n\t<meta name=\"twitter:label2\" content=\"Est. reading time\" \/>\n\t<meta name=\"twitter:data2\" content=\"3 minutos\" \/>\n<script type=\"application\/ld+json\" class=\"yoast-schema-graph\">{\"@context\":\"https:\/\/schema.org\",\"@graph\":[{\"@type\":\"WebPage\",\"@id\":\"https:\/\/www.manaus.am.gov.br\/manauscult\/orientacoes-acesso-seguranca-soumanaus-2025\/\",\"url\":\"https:\/\/www.manaus.am.gov.br\/manauscult\/orientacoes-acesso-seguranca-soumanaus-2025\/\",\"name\":\"Orienta\u00e7\u00f5es de acesso e seguran\u00e7a para o \u2018#SouManaus 2025\u2019\",\"isPartOf\":{\"@id\":\"https:\/\/www.manaus.am.gov.br\/manauscult\/#website\"},\"primaryImageOfPage\":{\"@id\":\"https:\/\/www.manaus.am.gov.br\/manauscult\/orientacoes-acesso-seguranca-soumanaus-2025\/#primaryimage\"},\"image\":{\"@id\":\"https:\/\/www.manaus.am.gov.br\/manauscult\/orientacoes-acesso-seguranca-soumanaus-2025\/#primaryimage\"},\"thumbnailUrl\":\"https:\/\/www.manaus.am.gov.br\/manauscult\/wp-content\/uploads\/sites\/11\/2025\/09\/IMG_6041.jpeg\",\"datePublished\":\"2025-09-04T17:50:41+00:00\",\"dateModified\":\"2025-09-04T17:50:42+00:00\",\"author\":{\"@id\":\"https:\/\/www.manaus.am.gov.br\/manauscult\/#\/schema\/person\/05d223aea2bf115f9883a6ff3683d81b\"},\"description\":\"Prefeitura de Manaus, por meio da Manauscult, refor\u00e7a orienta\u00e7\u00f5es de acesso e seguran\u00e7a para o \u2018#SouManaus Passo a Pa\u00e7o 2025\u2019.\",\"breadcrumb\":{\"@id\":\"https:\/\/www.manaus.am.gov.br\/manauscult\/orientacoes-acesso-seguranca-soumanaus-2025\/#breadcrumb\"},\"inLanguage\":\"pt-BR\",\"potentialAction\":[{\"@type\":\"ReadAction\",\"target\":[\"https:\/\/www.manaus.am.gov.br\/manauscult\/orientacoes-acesso-seguranca-soumanaus-2025\/\"]}]},{\"@type\":\"ImageObject\",\"inLanguage\":\"pt-BR\",\"@id\":\"https:\/\/www.manaus.am.gov.br\/manauscult\/orientacoes-acesso-seguranca-soumanaus-2025\/#primaryimage\",\"url\":\"https:\/\/www.manaus.am.gov.br\/manauscult\/wp-content\/uploads\/sites\/11\/2025\/09\/IMG_6041.jpeg\",\"contentUrl\":\"https:\/\/www.manaus.am.gov.br\/manauscult\/wp-content\/uploads\/sites\/11\/2025\/09\/IMG_6041.jpeg\",\"width\":1242,\"height\":817,\"caption\":\"#paratodosverem - Um dos palcos da \u00faltima edi\u00e7\u00e3o do #SouManaus Passo a Pa\u00e7o\"},{\"@type\":\"BreadcrumbList\",\"@id\":\"https:\/\/www.manaus.am.gov.br\/manauscult\/orientacoes-acesso-seguranca-soumanaus-2025\/#breadcrumb\",\"itemListElement\":[{\"@type\":\"ListItem\",\"position\":1,\"name\":\"Home\",\"item\":\"https:\/\/www.manaus.am.gov.br\/manauscult\/\"},{\"@type\":\"ListItem\",\"position\":2,\"name\":\"Prefeitura refor\u00e7a orienta\u00e7\u00f5es de acesso e seguran\u00e7a para o \u2018#SouManaus Passo a Pa\u00e7o 2025\u2019\"}]},{\"@type\":\"WebSite\",\"@id\":\"https:\/\/www.manaus.am.gov.br\/manauscult\/#website\",\"url\":\"https:\/\/www.manaus.am.gov.br\/manauscult\/\",\"name\":\"MANAUSCULT\",\"description\":\"Prefeitura de Manaus\",\"potentialAction\":[{\"@type\":\"SearchAction\",\"target\":{\"@type\":\"EntryPoint\",\"urlTemplate\":\"https:\/\/www.manaus.am.gov.br\/manauscult\/?s={search_term_string}\"},\"query-input\":\"required name=search_term_string\"}],\"inLanguage\":\"pt-BR\"},{\"@type\":\"Person\",\"@id\":\"https:\/\/www.manaus.am.gov.br\/manauscult\/#\/schema\/person\/05d223aea2bf115f9883a6ff3683d81b\",\"name\":\"Bruna Greco\",\"image\":{\"@type\":\"ImageObject\",\"inLanguage\":\"pt-BR\",\"@id\":\"https:\/\/www.manaus.am.gov.br\/manauscult\/#\/schema\/person\/image\/\",\"url\":\"https:\/\/secure.gravatar.com\/avatar\/9c877d1a6adc2a055330e5c09a8653ce?s=96&d=mm&r=g\",\"contentUrl\":\"https:\/\/secure.gravatar.com\/avatar\/9c877d1a6adc2a055330e5c09a8653ce?s=96&d=mm&r=g\",\"caption\":\"Bruna Greco\"}}]}<\/script>\n<!-- \/ Yoast SEO plugin. -->","yoast_head_json":{"title":"Orienta\u00e7\u00f5es de acesso e seguran\u00e7a para o \u2018#SouManaus 2025\u2019","description":"Prefeitura de Manaus, por meio da Manauscult, refor\u00e7a orienta\u00e7\u00f5es de acesso e seguran\u00e7a para o \u2018#SouManaus Passo a Pa\u00e7o 2025\u2019.","robots":{"index":"noindex","follow":"follow"},"og_locale":"pt_BR","og_type":"article","og_title":"Orienta\u00e7\u00f5es de acesso e seguran\u00e7a para o \u2018#SouManaus 2025\u2019","og_description":"Prefeitura de Manaus, por meio da Manauscult, refor\u00e7a orienta\u00e7\u00f5es de acesso e seguran\u00e7a para o \u2018#SouManaus Passo a Pa\u00e7o 2025\u2019.","og_url":"https:\/\/www.manaus.am.gov.br\/manauscult\/orientacoes-acesso-seguranca-soumanaus-2025\/","og_site_name":"MANAUSCULT","article_published_time":"2025-09-04T17:50:41+00:00","article_modified_time":"2025-09-04T17:50:42+00:00","og_image":[{"width":1242,"height":817,"url":"https:\/\/www.manaus.am.gov.br\/manauscult\/wp-content\/uploads\/sites\/11\/2025\/09\/IMG_6041.jpeg","type":"image\/jpeg"}],"author":"Bruna Greco","twitter_card":"summary_large_image","twitter_misc":{"Written by":"Bruna Greco","Est. reading time":"3 minutos"},"schema":{"@context":"https:\/\/schema.org","@graph":[{"@type":"WebPage","@id":"https:\/\/www.manaus.am.gov.br\/manauscult\/orientacoes-acesso-seguranca-soumanaus-2025\/","url":"https:\/\/www.manaus.am.gov.br\/manauscult\/orientacoes-acesso-seguranca-soumanaus-2025\/","name":"Orienta\u00e7\u00f5es de acesso e seguran\u00e7a para o \u2018#SouManaus 2025\u2019","isPartOf":{"@id":"https:\/\/www.manaus.am.gov.br\/manauscult\/#website"},"primaryImageOfPage":{"@id":"https:\/\/www.manaus.am.gov.br\/manauscult\/orientacoes-acesso-seguranca-soumanaus-2025\/#primaryimage"},"image":{"@id":"https:\/\/www.manaus.am.gov.br\/manauscult\/orientacoes-acesso-seguranca-soumanaus-2025\/#primaryimage"},"thumbnailUrl":"https:\/\/www.manaus.am.gov.br\/manauscult\/wp-content\/uploads\/sites\/11\/2025\/09\/IMG_6041.jpeg","datePublished":"2025-09-04T17:50:41+00:00","dateModified":"2025-09-04T17:50:42+00:00","author":{"@id":"https:\/\/www.manaus.am.gov.br\/manauscult\/#\/schema\/person\/05d223aea2bf115f9883a6ff3683d81b"},"description":"Prefeitura de Manaus, por meio da Manauscult, refor\u00e7a orienta\u00e7\u00f5es de acesso e seguran\u00e7a para o \u2018#SouManaus Passo a Pa\u00e7o 2025\u2019.","breadcrumb":{"@id":"https:\/\/www.manaus.am.gov.br\/manauscult\/orientacoes-acesso-seguranca-soumanaus-2025\/#breadcrumb"},"inLanguage":"pt-BR","potentialAction":[{"@type":"ReadAction","target":["https:\/\/www.manaus.am.gov.br\/manauscult\/orientacoes-acesso-seguranca-soumanaus-2025\/"]}]},{"@type":"ImageObject","inLanguage":"pt-BR","@id":"https:\/\/www.manaus.am.gov.br\/manauscult\/orientacoes-acesso-seguranca-soumanaus-2025\/#primaryimage","url":"https:\/\/www.manaus.am.gov.br\/manauscult\/wp-content\/uploads\/sites\/11\/2025\/09\/IMG_6041.jpeg","contentUrl":"https:\/\/www.manaus.am.gov.br\/manauscult\/wp-content\/uploads\/sites\/11\/2025\/09\/IMG_6041.jpeg","width":1242,"height":817,"caption":"#paratodosverem - Um dos palcos da \u00faltima edi\u00e7\u00e3o do #SouManaus Passo a Pa\u00e7o"},{"@type":"BreadcrumbList","@id":"https:\/\/www.manaus.am.gov.br\/manauscult\/orientacoes-acesso-seguranca-soumanaus-2025\/#breadcrumb","itemListElement":[{"@type":"ListItem","position":1,"name":"Home","item":"https:\/\/www.manaus.am.gov.br\/manauscult\/"},{"@type":"ListItem","position":2,"name":"Prefeitura refor\u00e7a orienta\u00e7\u00f5es de acesso e seguran\u00e7a para o \u2018#SouManaus Passo a Pa\u00e7o 2025\u2019"}]},{"@type":"WebSite","@id":"https:\/\/www.manaus.am.gov.br\/manauscult\/#website","url":"https:\/\/www.manaus.am.gov.br\/manauscult\/","name":"MANAUSCULT","description":"Prefeitura de Manaus","potentialAction":[{"@type":"SearchAction","target":{"@type":"EntryPoint","urlTemplate":"https:\/\/www.manaus.am.gov.br\/manauscult\/?s={search_term_string}"},"query-input":"required name=search_term_string"}],"inLanguage":"pt-BR"},{"@type":"Person","@id":"https:\/\/www.manaus.am.gov.br\/manauscult\/#\/schema\/person\/05d223aea2bf115f9883a6ff3683d81b","name":"Bruna Greco","image":{"@type":"ImageObject","inLanguage":"pt-BR","@id":"https:\/\/www.manaus.am.gov.br\/manauscult\/#\/schema\/person\/image\/","url":"https:\/\/secure.gravatar.com\/avatar\/9c877d1a6adc2a055330e5c09a8653ce?s=96&d=mm&r=g","contentUrl":"https:\/\/secure.gravatar.com\/avatar\/9c877d1a6adc2a055330e5c09a8653ce?s=96&d=mm&r=g","caption":"Bruna Greco"}}]}},"_links":{"self":[{"href":"https:\/\/www.manaus.am.gov.br\/manauscult\/wp-json\/wp\/v2\/posts\/4540"}],"collection":[{"href":"https:\/\/www.manaus.am.gov.br\/manauscult\/wp-json\/wp\/v2\/posts"}],"about":[{"href":"https:\/\/www.manaus.am.gov.br\/manauscult\/wp-json\/wp\/v2\/types\/post"}],"author":[{"embeddable":true,"href":"https:\/\/www.manaus.am.gov.br\/manauscult\/wp-json\/wp\/v2\/users\/39"}],"replies":[{"embeddable":true,"href":"https:\/\/www.manaus.am.gov.br\/manauscult\/wp-json\/wp\/v2\/comments?post=4540"}],"version-history":[{"count":0,"href":"https:\/\/www.manaus.am.gov.br\/manauscult\/wp-json\/wp\/v2\/posts\/4540\/revisions"}],"wp:featuredmedia":[{"embeddable":true,"href":"https:\/\/www.manaus.am.gov.br\/manauscult\/wp-json\/wp\/v2\/media\/4541"}],"wp:attachment":[{"href":"https:\/\/www.manaus.am.gov.br\/manauscult\/wp-json\/wp\/v2\/media?parent=4540"}],"wp:term":[{"taxonomy":"category","embeddable":true,"href":"https:\/\/www.manaus.am.gov.br\/manauscult\/wp-json\/wp\/v2\/categories?post=4540"},{"taxonomy":"post_tag","embeddable":true,"href":"https:\/\/www.manaus.am.gov.br\/manauscult\/wp-json\/wp\/v2\/tags?post=4540"}],"curies":[{"name":"wp","href":"https:\/\/api.w.org\/{rel}","templated":true}]}}