{"id":4531,"date":"2025-09-03T18:55:57","date_gmt":"2025-09-03T22:55:57","guid":{"rendered":"https:\/\/www.manaus.am.gov.br\/manauscult\/programacoes-artisticas-e-musicais-na-cidade\/"},"modified":"2025-09-03T18:58:22","modified_gmt":"2025-09-03T22:58:22","slug":"programacoes-artisticas-e-musicais-na-cidade","status":"publish","type":"post","link":"https:\/\/www.manaus.am.gov.br\/manauscult\/programacoes-artisticas-e-musicais-na-cidade\/","title":{"rendered":"Festival \u2018#SouManaus Passo a Pa\u00e7o 2025\u2019 celebra diversidade cultural com programa\u00e7\u00f5es art\u00edsticas e musicais na cidade"},"content":{"rendered":"\n<p>O \u201c#SouManaus Passo a Pa\u00e7o 2025\u201d, festival considerado o maior evento gratuito de artes integradas do Brasil, oferecer\u00e1 atra\u00e7\u00f5es para todos os p\u00fablicos nos dias 5, 6 e 7 de setembro, a partir das 16h, promovendo inclus\u00e3o, cultura e entretenimento. A programa\u00e7\u00e3o do evento, organizada pela Prefeitura de Manaus, por meio da Funda\u00e7\u00e3o Municipal de Cultura, Turismo e Eventos (ManausCult), iniciou na ter\u00e7a-feira, 2\/9, e conta tamb\u00e9m com uma programa\u00e7\u00e3o extensa que re\u00fane m\u00fasica, dan\u00e7a, gastronomia, teatro, cinema, esportes urbanos, games e muito mais.<\/p>\n\n\n\n<p>Para o diretor-presidente da ManausCult, Jander Lobato, o megaevento \u00e9 um verdadeiro encontro de identidades.<\/p>\n\n\n\n<p>\u201cO \u2018#SouManaus\u2019 \u00e9 uma oportunidade \u00fanica de democratizar o acesso \u00e0 cultura, valorizando artistas locais e nacionais, ao mesmo tempo em que oferece experi\u00eancias inovadoras para toda a popula\u00e7\u00e3o. Nosso objetivo \u00e9 fazer com que Manaus seja um verdadeiro palco de arte e diversidade durante esses quatro dias\u201d, disse.<\/p>\n\n\n\n<p><strong>Confira a programa\u00e7\u00e3o nos palcos:&nbsp;<\/strong><\/p>\n\n\n\n<p><strong>Palco Mangueir\u00e3o<\/strong><\/p>\n\n\n\n<p>Quinta-feira, 4\/9 &#8211; DJs, bandas locais e shows de artistas como Suzy Correa, Eterna Morada, Marcio Tinoco, Thiaggo Lima e Banda, Banda Uns e Outros.<\/p>\n\n\n\n<p>Sexta-feira, 5\/9 &#8211; DJ Cricket Bug, Maracatu Eco da Sapopema, Destilados, Experi\u00eancia Manacaos, Tributo aos Mamonas Assassinas, Banda Orion, Banda Casulo, Banda Madalena.<\/p>\n\n\n\n<p>S\u00e1bado, 6\/9 &#8211; Cortejo + Show Bumb\u00e1 Meu Bloco, Lico Magalh\u00e3es \u2013 Beirad\u00e3o, Banda Essence, Jhenifer Borher, The Stone Ramos, The Legions, Tomi Xote, Zona Tribal.<\/p>\n\n\n\n<p>Domingo, 7\/9 &#8211; \u201cSou Manaus Ancestralidade\u201d, Marquinho Negritude, Cl\u00f3vis e Banda, Tucumanos, Estatuto do Samba, Marcelo Nakamura.<\/p>\n\n\n\n<p><strong>Palco Malcher<\/strong><\/p>\n\n\n\n<p>Sexta-feira, 5\/9 &#8211; DJ Fergadore, Projeto BORA BB, George Japa, Simone Mendes, Bruno e Marrone, Joelma.<\/p>\n\n\n\n<p>S\u00e1bado, 6\/9 &#8211;<strong> <\/strong>DJ DL\u00edrio, Somos Norte, David Assayag e Patrick Ara\u00fajo, Ivete Sangalo, Pablo, Calcinha Preta.<\/p>\n\n\n\n<p>Domingo, 7\/9 &#8211; DJ Marcelo Cretin@, DJ Noelle, Uendel Pinheiro, Mikael, Gusttavo Lima, P\u00e9ricles, Ludmilla, Xand Avi\u00e3o.<\/p>\n\n\n\n<p><strong>Palco Alf\u00e2ndega<\/strong><\/p>\n\n\n\n<p>Sexta-feira, 5\/9 &#8211;<strong> <\/strong>Izabelle Ribeiro, DJ JC, C\u00e9lio Costa, Padre Alessandro Campos, Tr\u00eas Dobras, DJ Di Andrade, Tony Salles, Eli Soares, Fernandinho.<\/p>\n\n\n\n<p>S\u00e1bado, 6\/9 &#8211;<strong> <\/strong>DJ Rani, Lucas Moura, Rap Manauara, DJ Yuri, BK, Poesia Ac\u00fastica, Xam\u00e3.<\/p>\n\n\n\n<p><strong>Domingo, 7\/9 &#8211; <\/strong>DJ Bsrapha, Overload, Critical Age, Paralamas do Sucesso, Paula Toller, MC Livinho, Dubdogz.<\/p>\n\n\n\n<p><strong>Programa\u00e7\u00f5es culturais:<\/strong><\/p>\n\n\n\n<p>Museu da Cidade (Muma)<\/p>\n\n\n\n<p>Sexta-feira, 5\/9 &#8211; Grupo Plano Prefeito, Espet\u00e1culo Territ\u00f3rio Manauara.<\/p>\n\n\n\n<p>S\u00e1bado e domingo, 6 e 7\/9 &#8211; Gandicats.<\/p>\n\n\n\n<p>Centro de Arqueologia de Manaus (CAM)<\/p>\n\n\n\n<p>Quinta-feira, 4\/9, 19h \u00e0s 21h &#8211; Cine #SouManaus<\/p>\n\n\n\n<p>Mercado de Origem da Amaz\u00f4nia (Complexo Boothline)<\/p>\n\n\n\n<p>Quinta-feira, 4\/9 &#8211; Aula-Show de Gastronomia (9h \u00e0s 14h) e desfile \u201cTecelagem na Floresta\u201d (19h30).<\/p>\n\n\n\n<p>Sexta-feira, 5\/9 &#8211; Passinho Kids<\/p>\n\n\n\n<p>Dias 5 a 7\/9 &#8211; Atividades gastron\u00f4micas e culturais das 17h \u00e0s 23h.<\/p>\n\n\n\n<p>Espa\u00e7o Cultura Urbana<\/p>\n\n\n\n<p>De 5 a 7\/9 &#8211; Atividades de skate, parkour, slackline, batalhas de MC\u2019s, breaking, all style, grime, k-pop, slam, cosplay, B-boys e bandas locais<\/p>\n\n\n\n<p>Pra\u00e7a Dom Pedro II<\/p>\n\n\n\n<p>Quinta-feira, 4\/9 &#8211; Corrida #SouManaus \u2014 concentra\u00e7\u00e3o \u00e0s 19h, largada \u00e0s 20h.<\/p>\n\n\n\n<p>Teatro da Instala\u00e7\u00e3o<\/p>\n\n\n\n<p>De 5 a 7\/9 &#8211; Espet\u00e1culos: \u201cBal\u00f5es\u201d, \u201cSebasti\u00e3o\u201d, \u201cA Luta\u201d&nbsp;<\/p>\n\n\n\n<p>De 5 a 7\/9 &#8211; Stand-up Comedy com artistas como Teo J\u00fanior, UGomez, Jansen Serra e Leandro Leite.<\/p>\n\n\n\n<p>Estacionamento do Mirante L\u00facia Almeida<\/p>\n\n\n\n<p>Espa\u00e7o Esta\u00e7\u00e3o das Artes: artes circenses, bibliotecas, planet\u00e1rio, teatro Lambe-Lambe e espet\u00e1culos variados para crian\u00e7as e adultos.<\/p>\n\n\n\n<p>Estacionamento da ManausCult<\/p>\n\n\n\n<p>Exposi\u00e7\u00f5es de artes visuais e pain\u00e9is art\u00edsticos.<\/p>\n\n\n\n<p>Casar\u00e3o Cassina \u2013 Sou Gamer Geek&nbsp;<\/p>\n\n\n\n<p>De 5 a 7\/9 &#8211; Torneios de Free Fire, Clash Royale, Digimon TCG, Brawl Stars, Pok\u00e9mon Go, Just Dance, Street Fight 6, al\u00e9m de feiras, oficinas e atra\u00e7\u00f5es geek interativas.<\/p>\n\n\n\n<p>O \u201c#SouManaus\u201d reafirma seu compromisso com a democratiza\u00e7\u00e3o da arte e da cultura, proporcionando experi\u00eancias gratuitas e inclusivas, e posicionando Manaus como um polo de criatividade e diversidade art\u00edstica.<\/p>\n\n\n\n<p>\u2014 \u2014 \u2014<br><strong>Texto &#8211; <\/strong>J\u00e9ssica Trajano \/ ManausCult<br><strong>Fotos &#8211; <\/strong>Divulga\u00e7\u00e3o \/ManausCult<\/p>\n","protected":false},"excerpt":{"rendered":"","protected":false},"author":68,"featured_media":4532,"comment_status":"closed","ping_status":"closed","sticky":false,"template":"","format":"standard","meta":{"footnotes":""},"categories":[508],"tags":[1637,9,11],"acf":[],"yoast_head":"<!-- This site is optimized with the Yoast SEO plugin v23.0 - https:\/\/yoast.com\/wordpress\/plugins\/seo\/ -->\n<title>Festival \u2018#SouManaus Passo a Pa\u00e7o 2025\u2019 celebra diversidade cultural com programa\u00e7\u00f5es art\u00edsticas e musicais na cidade<\/title>\n<meta name=\"description\" content=\"O \u201c#SouManaus Passo a Pa\u00e7o 2025\u201d, festival considerado o maior evento gratuito de artes integradas do Brasil, oferecer\u00e1 atra\u00e7\u00f5es para todos os p\u00fablicos nos dias 5, 6 e 7 de setembro, a partir das 16h, promovendo inclus\u00e3o, cultura e entretenimento. A programa\u00e7\u00e3o do evento iniciou na ter\u00e7a-feira, 2\/9, e conta tamb\u00e9m com uma programa\u00e7\u00e3o extensa que re\u00fane m\u00fasica, dan\u00e7a, gastronomia, teatro, cinema, esportes urbanos, games e muito mais.\" \/>\n<meta name=\"robots\" content=\"noindex, follow\" \/>\n<meta property=\"og:locale\" content=\"pt_BR\" \/>\n<meta property=\"og:type\" content=\"article\" \/>\n<meta property=\"og:title\" content=\"Festival \u2018#SouManaus Passo a Pa\u00e7o 2025\u2019 celebra diversidade cultural com programa\u00e7\u00f5es art\u00edsticas e musicais na cidade\" \/>\n<meta property=\"og:description\" content=\"O \u201c#SouManaus Passo a Pa\u00e7o 2025\u201d, festival considerado o maior evento gratuito de artes integradas do Brasil, oferecer\u00e1 atra\u00e7\u00f5es para todos os p\u00fablicos nos dias 5, 6 e 7 de setembro, a partir das 16h, promovendo inclus\u00e3o, cultura e entretenimento. A programa\u00e7\u00e3o do evento iniciou na ter\u00e7a-feira, 2\/9, e conta tamb\u00e9m com uma programa\u00e7\u00e3o extensa que re\u00fane m\u00fasica, dan\u00e7a, gastronomia, teatro, cinema, esportes urbanos, games e muito mais.\" \/>\n<meta property=\"og:url\" content=\"https:\/\/www.manaus.am.gov.br\/manauscult\/programacoes-artisticas-e-musicais-na-cidade\/\" \/>\n<meta property=\"og:site_name\" content=\"MANAUSCULT\" \/>\n<meta property=\"article:published_time\" content=\"2025-09-03T22:55:57+00:00\" \/>\n<meta property=\"article:modified_time\" content=\"2025-09-03T22:58:22+00:00\" \/>\n<meta property=\"og:image\" content=\"https:\/\/www.manaus.am.gov.br\/manauscult\/wp-content\/uploads\/sites\/11\/2025\/09\/Lancamento-do-SouManaus-2025.jpg\" \/>\n\t<meta property=\"og:image:width\" content=\"2048\" \/>\n\t<meta property=\"og:image:height\" content=\"1365\" \/>\n\t<meta property=\"og:image:type\" content=\"image\/jpeg\" \/>\n<meta name=\"author\" content=\"bvalente\" \/>\n<meta name=\"twitter:card\" content=\"summary_large_image\" \/>\n<meta name=\"twitter:label1\" content=\"Written by\" \/>\n\t<meta name=\"twitter:data1\" content=\"bvalente\" \/>\n\t<meta name=\"twitter:label2\" content=\"Est. reading time\" \/>\n\t<meta name=\"twitter:data2\" content=\"4 minutos\" \/>\n<script type=\"application\/ld+json\" class=\"yoast-schema-graph\">{\"@context\":\"https:\/\/schema.org\",\"@graph\":[{\"@type\":\"WebPage\",\"@id\":\"https:\/\/www.manaus.am.gov.br\/manauscult\/programacoes-artisticas-e-musicais-na-cidade\/\",\"url\":\"https:\/\/www.manaus.am.gov.br\/manauscult\/programacoes-artisticas-e-musicais-na-cidade\/\",\"name\":\"Festival \u2018#SouManaus Passo a Pa\u00e7o 2025\u2019 celebra diversidade cultural com programa\u00e7\u00f5es art\u00edsticas e musicais na cidade\",\"isPartOf\":{\"@id\":\"https:\/\/www.manaus.am.gov.br\/manauscult\/#website\"},\"primaryImageOfPage\":{\"@id\":\"https:\/\/www.manaus.am.gov.br\/manauscult\/programacoes-artisticas-e-musicais-na-cidade\/#primaryimage\"},\"image\":{\"@id\":\"https:\/\/www.manaus.am.gov.br\/manauscult\/programacoes-artisticas-e-musicais-na-cidade\/#primaryimage\"},\"thumbnailUrl\":\"https:\/\/www.manaus.am.gov.br\/manauscult\/wp-content\/uploads\/sites\/11\/2025\/09\/Lancamento-do-SouManaus-2025.jpg\",\"datePublished\":\"2025-09-03T22:55:57+00:00\",\"dateModified\":\"2025-09-03T22:58:22+00:00\",\"author\":{\"@id\":\"https:\/\/www.manaus.am.gov.br\/manauscult\/#\/schema\/person\/466a0e03ae4b6062809046bd560ac955\"},\"description\":\"O \u201c#SouManaus Passo a Pa\u00e7o 2025\u201d, festival considerado o maior evento gratuito de artes integradas do Brasil, oferecer\u00e1 atra\u00e7\u00f5es para todos os p\u00fablicos nos dias 5, 6 e 7 de setembro, a partir das 16h, promovendo inclus\u00e3o, cultura e entretenimento. A programa\u00e7\u00e3o do evento iniciou na ter\u00e7a-feira, 2\/9, e conta tamb\u00e9m com uma programa\u00e7\u00e3o extensa que re\u00fane m\u00fasica, dan\u00e7a, gastronomia, teatro, cinema, esportes urbanos, games e muito mais.\",\"breadcrumb\":{\"@id\":\"https:\/\/www.manaus.am.gov.br\/manauscult\/programacoes-artisticas-e-musicais-na-cidade\/#breadcrumb\"},\"inLanguage\":\"pt-BR\",\"potentialAction\":[{\"@type\":\"ReadAction\",\"target\":[\"https:\/\/www.manaus.am.gov.br\/manauscult\/programacoes-artisticas-e-musicais-na-cidade\/\"]}]},{\"@type\":\"ImageObject\",\"inLanguage\":\"pt-BR\",\"@id\":\"https:\/\/www.manaus.am.gov.br\/manauscult\/programacoes-artisticas-e-musicais-na-cidade\/#primaryimage\",\"url\":\"https:\/\/www.manaus.am.gov.br\/manauscult\/wp-content\/uploads\/sites\/11\/2025\/09\/Lancamento-do-SouManaus-2025.jpg\",\"contentUrl\":\"https:\/\/www.manaus.am.gov.br\/manauscult\/wp-content\/uploads\/sites\/11\/2025\/09\/Lancamento-do-SouManaus-2025.jpg\",\"width\":2048,\"height\":1365},{\"@type\":\"BreadcrumbList\",\"@id\":\"https:\/\/www.manaus.am.gov.br\/manauscult\/programacoes-artisticas-e-musicais-na-cidade\/#breadcrumb\",\"itemListElement\":[{\"@type\":\"ListItem\",\"position\":1,\"name\":\"Home\",\"item\":\"https:\/\/www.manaus.am.gov.br\/manauscult\/\"},{\"@type\":\"ListItem\",\"position\":2,\"name\":\"Festival \u2018#SouManaus Passo a Pa\u00e7o 2025\u2019 celebra diversidade cultural com programa\u00e7\u00f5es art\u00edsticas e musicais na cidade\"}]},{\"@type\":\"WebSite\",\"@id\":\"https:\/\/www.manaus.am.gov.br\/manauscult\/#website\",\"url\":\"https:\/\/www.manaus.am.gov.br\/manauscult\/\",\"name\":\"MANAUSCULT\",\"description\":\"Prefeitura de Manaus\",\"potentialAction\":[{\"@type\":\"SearchAction\",\"target\":{\"@type\":\"EntryPoint\",\"urlTemplate\":\"https:\/\/www.manaus.am.gov.br\/manauscult\/?s={search_term_string}\"},\"query-input\":\"required name=search_term_string\"}],\"inLanguage\":\"pt-BR\"},{\"@type\":\"Person\",\"@id\":\"https:\/\/www.manaus.am.gov.br\/manauscult\/#\/schema\/person\/466a0e03ae4b6062809046bd560ac955\",\"name\":\"bvalente\",\"image\":{\"@type\":\"ImageObject\",\"inLanguage\":\"pt-BR\",\"@id\":\"https:\/\/www.manaus.am.gov.br\/manauscult\/#\/schema\/person\/image\/\",\"url\":\"https:\/\/secure.gravatar.com\/avatar\/3e69bc2b014bdad41adfec3a39de07d2?s=96&d=mm&r=g\",\"contentUrl\":\"https:\/\/secure.gravatar.com\/avatar\/3e69bc2b014bdad41adfec3a39de07d2?s=96&d=mm&r=g\",\"caption\":\"bvalente\"}}]}<\/script>\n<!-- \/ Yoast SEO plugin. -->","yoast_head_json":{"title":"Festival \u2018#SouManaus Passo a Pa\u00e7o 2025\u2019 celebra diversidade cultural com programa\u00e7\u00f5es art\u00edsticas e musicais na cidade","description":"O \u201c#SouManaus Passo a Pa\u00e7o 2025\u201d, festival considerado o maior evento gratuito de artes integradas do Brasil, oferecer\u00e1 atra\u00e7\u00f5es para todos os p\u00fablicos nos dias 5, 6 e 7 de setembro, a partir das 16h, promovendo inclus\u00e3o, cultura e entretenimento. A programa\u00e7\u00e3o do evento iniciou na ter\u00e7a-feira, 2\/9, e conta tamb\u00e9m com uma programa\u00e7\u00e3o extensa que re\u00fane m\u00fasica, dan\u00e7a, gastronomia, teatro, cinema, esportes urbanos, games e muito mais.","robots":{"index":"noindex","follow":"follow"},"og_locale":"pt_BR","og_type":"article","og_title":"Festival \u2018#SouManaus Passo a Pa\u00e7o 2025\u2019 celebra diversidade cultural com programa\u00e7\u00f5es art\u00edsticas e musicais na cidade","og_description":"O \u201c#SouManaus Passo a Pa\u00e7o 2025\u201d, festival considerado o maior evento gratuito de artes integradas do Brasil, oferecer\u00e1 atra\u00e7\u00f5es para todos os p\u00fablicos nos dias 5, 6 e 7 de setembro, a partir das 16h, promovendo inclus\u00e3o, cultura e entretenimento. A programa\u00e7\u00e3o do evento iniciou na ter\u00e7a-feira, 2\/9, e conta tamb\u00e9m com uma programa\u00e7\u00e3o extensa que re\u00fane m\u00fasica, dan\u00e7a, gastronomia, teatro, cinema, esportes urbanos, games e muito mais.","og_url":"https:\/\/www.manaus.am.gov.br\/manauscult\/programacoes-artisticas-e-musicais-na-cidade\/","og_site_name":"MANAUSCULT","article_published_time":"2025-09-03T22:55:57+00:00","article_modified_time":"2025-09-03T22:58:22+00:00","og_image":[{"width":2048,"height":1365,"url":"https:\/\/www.manaus.am.gov.br\/manauscult\/wp-content\/uploads\/sites\/11\/2025\/09\/Lancamento-do-SouManaus-2025.jpg","type":"image\/jpeg"}],"author":"bvalente","twitter_card":"summary_large_image","twitter_misc":{"Written by":"bvalente","Est. reading time":"4 minutos"},"schema":{"@context":"https:\/\/schema.org","@graph":[{"@type":"WebPage","@id":"https:\/\/www.manaus.am.gov.br\/manauscult\/programacoes-artisticas-e-musicais-na-cidade\/","url":"https:\/\/www.manaus.am.gov.br\/manauscult\/programacoes-artisticas-e-musicais-na-cidade\/","name":"Festival \u2018#SouManaus Passo a Pa\u00e7o 2025\u2019 celebra diversidade cultural com programa\u00e7\u00f5es art\u00edsticas e musicais na cidade","isPartOf":{"@id":"https:\/\/www.manaus.am.gov.br\/manauscult\/#website"},"primaryImageOfPage":{"@id":"https:\/\/www.manaus.am.gov.br\/manauscult\/programacoes-artisticas-e-musicais-na-cidade\/#primaryimage"},"image":{"@id":"https:\/\/www.manaus.am.gov.br\/manauscult\/programacoes-artisticas-e-musicais-na-cidade\/#primaryimage"},"thumbnailUrl":"https:\/\/www.manaus.am.gov.br\/manauscult\/wp-content\/uploads\/sites\/11\/2025\/09\/Lancamento-do-SouManaus-2025.jpg","datePublished":"2025-09-03T22:55:57+00:00","dateModified":"2025-09-03T22:58:22+00:00","author":{"@id":"https:\/\/www.manaus.am.gov.br\/manauscult\/#\/schema\/person\/466a0e03ae4b6062809046bd560ac955"},"description":"O \u201c#SouManaus Passo a Pa\u00e7o 2025\u201d, festival considerado o maior evento gratuito de artes integradas do Brasil, oferecer\u00e1 atra\u00e7\u00f5es para todos os p\u00fablicos nos dias 5, 6 e 7 de setembro, a partir das 16h, promovendo inclus\u00e3o, cultura e entretenimento. A programa\u00e7\u00e3o do evento iniciou na ter\u00e7a-feira, 2\/9, e conta tamb\u00e9m com uma programa\u00e7\u00e3o extensa que re\u00fane m\u00fasica, dan\u00e7a, gastronomia, teatro, cinema, esportes urbanos, games e muito mais.","breadcrumb":{"@id":"https:\/\/www.manaus.am.gov.br\/manauscult\/programacoes-artisticas-e-musicais-na-cidade\/#breadcrumb"},"inLanguage":"pt-BR","potentialAction":[{"@type":"ReadAction","target":["https:\/\/www.manaus.am.gov.br\/manauscult\/programacoes-artisticas-e-musicais-na-cidade\/"]}]},{"@type":"ImageObject","inLanguage":"pt-BR","@id":"https:\/\/www.manaus.am.gov.br\/manauscult\/programacoes-artisticas-e-musicais-na-cidade\/#primaryimage","url":"https:\/\/www.manaus.am.gov.br\/manauscult\/wp-content\/uploads\/sites\/11\/2025\/09\/Lancamento-do-SouManaus-2025.jpg","contentUrl":"https:\/\/www.manaus.am.gov.br\/manauscult\/wp-content\/uploads\/sites\/11\/2025\/09\/Lancamento-do-SouManaus-2025.jpg","width":2048,"height":1365},{"@type":"BreadcrumbList","@id":"https:\/\/www.manaus.am.gov.br\/manauscult\/programacoes-artisticas-e-musicais-na-cidade\/#breadcrumb","itemListElement":[{"@type":"ListItem","position":1,"name":"Home","item":"https:\/\/www.manaus.am.gov.br\/manauscult\/"},{"@type":"ListItem","position":2,"name":"Festival \u2018#SouManaus Passo a Pa\u00e7o 2025\u2019 celebra diversidade cultural com programa\u00e7\u00f5es art\u00edsticas e musicais na cidade"}]},{"@type":"WebSite","@id":"https:\/\/www.manaus.am.gov.br\/manauscult\/#website","url":"https:\/\/www.manaus.am.gov.br\/manauscult\/","name":"MANAUSCULT","description":"Prefeitura de Manaus","potentialAction":[{"@type":"SearchAction","target":{"@type":"EntryPoint","urlTemplate":"https:\/\/www.manaus.am.gov.br\/manauscult\/?s={search_term_string}"},"query-input":"required name=search_term_string"}],"inLanguage":"pt-BR"},{"@type":"Person","@id":"https:\/\/www.manaus.am.gov.br\/manauscult\/#\/schema\/person\/466a0e03ae4b6062809046bd560ac955","name":"bvalente","image":{"@type":"ImageObject","inLanguage":"pt-BR","@id":"https:\/\/www.manaus.am.gov.br\/manauscult\/#\/schema\/person\/image\/","url":"https:\/\/secure.gravatar.com\/avatar\/3e69bc2b014bdad41adfec3a39de07d2?s=96&d=mm&r=g","contentUrl":"https:\/\/secure.gravatar.com\/avatar\/3e69bc2b014bdad41adfec3a39de07d2?s=96&d=mm&r=g","caption":"bvalente"}}]}},"_links":{"self":[{"href":"https:\/\/www.manaus.am.gov.br\/manauscult\/wp-json\/wp\/v2\/posts\/4531"}],"collection":[{"href":"https:\/\/www.manaus.am.gov.br\/manauscult\/wp-json\/wp\/v2\/posts"}],"about":[{"href":"https:\/\/www.manaus.am.gov.br\/manauscult\/wp-json\/wp\/v2\/types\/post"}],"author":[{"embeddable":true,"href":"https:\/\/www.manaus.am.gov.br\/manauscult\/wp-json\/wp\/v2\/users\/68"}],"replies":[{"embeddable":true,"href":"https:\/\/www.manaus.am.gov.br\/manauscult\/wp-json\/wp\/v2\/comments?post=4531"}],"version-history":[{"count":1,"href":"https:\/\/www.manaus.am.gov.br\/manauscult\/wp-json\/wp\/v2\/posts\/4531\/revisions"}],"predecessor-version":[{"id":4533,"href":"https:\/\/www.manaus.am.gov.br\/manauscult\/wp-json\/wp\/v2\/posts\/4531\/revisions\/4533"}],"wp:featuredmedia":[{"embeddable":true,"href":"https:\/\/www.manaus.am.gov.br\/manauscult\/wp-json\/wp\/v2\/media\/4532"}],"wp:attachment":[{"href":"https:\/\/www.manaus.am.gov.br\/manauscult\/wp-json\/wp\/v2\/media?parent=4531"}],"wp:term":[{"taxonomy":"category","embeddable":true,"href":"https:\/\/www.manaus.am.gov.br\/manauscult\/wp-json\/wp\/v2\/categories?post=4531"},{"taxonomy":"post_tag","embeddable":true,"href":"https:\/\/www.manaus.am.gov.br\/manauscult\/wp-json\/wp\/v2\/tags?post=4531"}],"curies":[{"name":"wp","href":"https:\/\/api.w.org\/{rel}","templated":true}]}}