{"id":4529,"date":"2025-09-03T17:16:04","date_gmt":"2025-09-03T21:16:04","guid":{"rendered":"https:\/\/www.manaus.am.gov.br\/manauscult\/espacos-de-gastronomia\/"},"modified":"2025-09-03T17:16:06","modified_gmt":"2025-09-03T21:16:06","slug":"espacos-de-gastronomia","status":"publish","type":"post","link":"https:\/\/www.manaus.am.gov.br\/manauscult\/espacos-de-gastronomia\/","title":{"rendered":"Espa\u00e7os de gastronomia s\u00e3o destaque no \u2018#SouManaus Passo a Pa\u00e7o 2025\u2019"},"content":{"rendered":"\n<p>A Prefeitura de Manaus, por meio da Funda\u00e7\u00e3o Municipal de Cultura, Turismo e Eventos (ManausCult), est\u00e1 promovendo uma verdadeira celebra\u00e7\u00e3o da culin\u00e1ria local no \u201c#SouManaus Passo a Pa\u00e7o 2025\u201d, com uma programa\u00e7\u00e3o gastron\u00f4mica que re\u00fane tradi\u00e7\u00e3o, criatividade e inova\u00e7\u00e3o. Em parceria com a Associa\u00e7\u00e3o Brasileira de Bares e Restaurantes do Amazonas (Abrasel-AM), o festival fortalece o setor, gera empregos tempor\u00e1rios e proporciona experi\u00eancias \u00fanicas ao p\u00fablico.<\/p>\n\n\n\n<p>O evento re\u00fane tr\u00eas grandes iniciativas gastron\u00f4micas: o Festival Gastron\u00f4mico, o Espa\u00e7o da Gastronomia Criativa e a Aula Show de Gastronomia, que acontece no dia 4 de setembro, das 9h \u00e0s 14h, no Mercado de Origem da Amaz\u00f4nia (Complexo Boothline). Ao todo a \u00e1rea gastron\u00f4mica contar\u00e1 com 52 barracas, 106 carrinhos, quatro food trucks e seis bikes, oferecendo uma grande diversidade de produtos e pratos para todos os gostos.<\/p>\n\n\n\n<p>A programa\u00e7\u00e3o gastron\u00f4mica ser\u00e1 distribu\u00edda estrategicamente em diferentes espa\u00e7os do festival. Haver\u00e1 \u00e1reas dedicadas na pra\u00e7a Dom Pedro 2\u00ba, al\u00e9m de op\u00e7\u00f5es nos palcos&nbsp; Malcher e Alf\u00e2ndega, garantindo que visitantes de todos os pontos do evento possam aproveitar as experi\u00eancias culin\u00e1rias.<\/p>\n\n\n\n<p>\u201cO \u2018#SouManaus\u2019 \u00e9 um festival que une arte, cultura e gastronomia, e esta edi\u00e7\u00e3o refor\u00e7a o compromisso da prefeitura em valorizar os talentos locais, estimular a economia criativa e oferecer ao p\u00fablico experi\u00eancias completas\u201d, destaca o diretor-presidente da ManausCult, Jender Lobato.<\/p>\n\n\n\n<p>O Festival Gastron\u00f4mico celebra a culin\u00e1ria manauara, valorizando ingredientes, t\u00e9cnicas e saberes tradicionais com ra\u00edzes ind\u00edgenas, que fazem parte da identidade cultural da cidade. J\u00e1 o Espa\u00e7o da Gastronomia Criativa oferece desde pratos elaborados at\u00e9 comidas de rua, como churros, pipoca, tapioca, sorvete na chapa, a\u00e7a\u00ed, caldos e sopas, al\u00e9m de op\u00e7\u00f5es veganas e vegetarianas. Por sua vez, a Aula Show de Gastronomia apresenta chefs locais preparando pratos ao vivo, com degusta\u00e7\u00e3o e apresenta\u00e7\u00f5es culturais, proporcionando uma experi\u00eancia completa que une sabor, aprendizado e arte.<\/p>\n\n\n\n<p>A programa\u00e7\u00e3o gastron\u00f4mica tamb\u00e9m se conecta \u00e0 recente conquista de Manaus como candidata oficial ao t\u00edtulo de Cidade Criativa da Gastronomia da Unesco, reconhecimento que fortalecer\u00e1 a coopera\u00e7\u00e3o internacional e a economia criativa local. Al\u00e9m de valorizar produtores e estimular o turismo, o festival incentiva pr\u00e1ticas sustent\u00e1veis e a preserva\u00e7\u00e3o de saberes tradicionais da regi\u00e3o.<\/p>\n\n\n\n<p>Os pre\u00e7os foram pensados para garantir acessibilidade: pratos do Festival Gastron\u00f4mico custam at\u00e9 R$ 35, e as iguarias do Espa\u00e7o da Gastronomia Criativa chegam a R$ 25, permitindo que todos aproveitem os sabores da cidade.<\/p>\n\n\n\n<p>O \u201c#SouManaus Passo a Pa\u00e7o 2025\u201d acontece oficialmente nos dias 5, 6 e 7 de setembro, mas as atividades j\u00e1 come\u00e7aram no dia 2 de setembro, consolidando o festival como o maior evento gratuito de artes integradas do Brasil e um verdadeiro marco da gastronomia, da cultura e da arte manauara.<\/p>\n\n\n\n<p>\u2014 \u2014 \u2014<br><strong>Texto &#8211; <\/strong>J\u00e9ssica Trajano \/ ManausCult<br><strong>Fotos &#8211; <\/strong>Divulga\u00e7\u00e3o \/ManausCult<\/p>\n","protected":false},"excerpt":{"rendered":"","protected":false},"author":68,"featured_media":4530,"comment_status":"closed","ping_status":"closed","sticky":false,"template":"","format":"standard","meta":{"footnotes":""},"categories":[508],"tags":[1506,1636,11],"acf":[],"yoast_head":"<!-- This site is optimized with the Yoast SEO plugin v23.0 - https:\/\/yoast.com\/wordpress\/plugins\/seo\/ -->\n<title>Espa\u00e7os de gastronomia s\u00e3o destaque no \u2018#SouManaus Passo a Pa\u00e7o 2025\u2019<\/title>\n<meta name=\"description\" content=\"A Prefeitura de Manaus, por meio da Funda\u00e7\u00e3o Municipal de Cultura, Turismo e Eventos (ManausCult), est\u00e1 promovendo uma verdadeira celebra\u00e7\u00e3o da culin\u00e1ria local no \u201c#SouManaus Passo a Pa\u00e7o 2025\u201d, com uma programa\u00e7\u00e3o gastron\u00f4mica que re\u00fane tradi\u00e7\u00e3o, criatividade e inova\u00e7\u00e3o.\" \/>\n<meta name=\"robots\" content=\"noindex, follow\" \/>\n<meta property=\"og:locale\" content=\"pt_BR\" \/>\n<meta property=\"og:type\" content=\"article\" \/>\n<meta property=\"og:title\" content=\"Espa\u00e7os de gastronomia s\u00e3o destaque no \u2018#SouManaus Passo a Pa\u00e7o 2025\u2019\" \/>\n<meta property=\"og:description\" content=\"A Prefeitura de Manaus, por meio da Funda\u00e7\u00e3o Municipal de Cultura, Turismo e Eventos (ManausCult), est\u00e1 promovendo uma verdadeira celebra\u00e7\u00e3o da culin\u00e1ria local no \u201c#SouManaus Passo a Pa\u00e7o 2025\u201d, com uma programa\u00e7\u00e3o gastron\u00f4mica que re\u00fane tradi\u00e7\u00e3o, criatividade e inova\u00e7\u00e3o.\" \/>\n<meta property=\"og:url\" content=\"https:\/\/www.manaus.am.gov.br\/manauscult\/espacos-de-gastronomia\/\" \/>\n<meta property=\"og:site_name\" content=\"MANAUSCULT\" \/>\n<meta property=\"article:published_time\" content=\"2025-09-03T21:16:04+00:00\" \/>\n<meta property=\"article:modified_time\" content=\"2025-09-03T21:16:06+00:00\" \/>\n<meta property=\"og:image\" content=\"https:\/\/www.manaus.am.gov.br\/manauscult\/wp-content\/uploads\/sites\/11\/2025\/09\/Feira-gastronomica-no-SouManaus.jpg\" \/>\n\t<meta property=\"og:image:width\" content=\"2048\" \/>\n\t<meta property=\"og:image:height\" content=\"1365\" \/>\n\t<meta property=\"og:image:type\" content=\"image\/jpeg\" \/>\n<meta name=\"author\" content=\"bvalente\" \/>\n<meta name=\"twitter:card\" content=\"summary_large_image\" \/>\n<meta name=\"twitter:label1\" content=\"Written by\" \/>\n\t<meta name=\"twitter:data1\" content=\"bvalente\" \/>\n\t<meta name=\"twitter:label2\" content=\"Est. reading time\" \/>\n\t<meta name=\"twitter:data2\" content=\"3 minutos\" \/>\n<script type=\"application\/ld+json\" class=\"yoast-schema-graph\">{\"@context\":\"https:\/\/schema.org\",\"@graph\":[{\"@type\":\"WebPage\",\"@id\":\"https:\/\/www.manaus.am.gov.br\/manauscult\/espacos-de-gastronomia\/\",\"url\":\"https:\/\/www.manaus.am.gov.br\/manauscult\/espacos-de-gastronomia\/\",\"name\":\"Espa\u00e7os de gastronomia s\u00e3o destaque no \u2018#SouManaus Passo a Pa\u00e7o 2025\u2019\",\"isPartOf\":{\"@id\":\"https:\/\/www.manaus.am.gov.br\/manauscult\/#website\"},\"primaryImageOfPage\":{\"@id\":\"https:\/\/www.manaus.am.gov.br\/manauscult\/espacos-de-gastronomia\/#primaryimage\"},\"image\":{\"@id\":\"https:\/\/www.manaus.am.gov.br\/manauscult\/espacos-de-gastronomia\/#primaryimage\"},\"thumbnailUrl\":\"https:\/\/www.manaus.am.gov.br\/manauscult\/wp-content\/uploads\/sites\/11\/2025\/09\/Feira-gastronomica-no-SouManaus.jpg\",\"datePublished\":\"2025-09-03T21:16:04+00:00\",\"dateModified\":\"2025-09-03T21:16:06+00:00\",\"author\":{\"@id\":\"https:\/\/www.manaus.am.gov.br\/manauscult\/#\/schema\/person\/466a0e03ae4b6062809046bd560ac955\"},\"description\":\"A Prefeitura de Manaus, por meio da Funda\u00e7\u00e3o Municipal de Cultura, Turismo e Eventos (ManausCult), est\u00e1 promovendo uma verdadeira celebra\u00e7\u00e3o da culin\u00e1ria local no \u201c#SouManaus Passo a Pa\u00e7o 2025\u201d, com uma programa\u00e7\u00e3o gastron\u00f4mica que re\u00fane tradi\u00e7\u00e3o, criatividade e inova\u00e7\u00e3o.\",\"breadcrumb\":{\"@id\":\"https:\/\/www.manaus.am.gov.br\/manauscult\/espacos-de-gastronomia\/#breadcrumb\"},\"inLanguage\":\"pt-BR\",\"potentialAction\":[{\"@type\":\"ReadAction\",\"target\":[\"https:\/\/www.manaus.am.gov.br\/manauscult\/espacos-de-gastronomia\/\"]}]},{\"@type\":\"ImageObject\",\"inLanguage\":\"pt-BR\",\"@id\":\"https:\/\/www.manaus.am.gov.br\/manauscult\/espacos-de-gastronomia\/#primaryimage\",\"url\":\"https:\/\/www.manaus.am.gov.br\/manauscult\/wp-content\/uploads\/sites\/11\/2025\/09\/Feira-gastronomica-no-SouManaus.jpg\",\"contentUrl\":\"https:\/\/www.manaus.am.gov.br\/manauscult\/wp-content\/uploads\/sites\/11\/2025\/09\/Feira-gastronomica-no-SouManaus.jpg\",\"width\":2048,\"height\":1365},{\"@type\":\"BreadcrumbList\",\"@id\":\"https:\/\/www.manaus.am.gov.br\/manauscult\/espacos-de-gastronomia\/#breadcrumb\",\"itemListElement\":[{\"@type\":\"ListItem\",\"position\":1,\"name\":\"Home\",\"item\":\"https:\/\/www.manaus.am.gov.br\/manauscult\/\"},{\"@type\":\"ListItem\",\"position\":2,\"name\":\"Espa\u00e7os de gastronomia s\u00e3o destaque no \u2018#SouManaus Passo a Pa\u00e7o 2025\u2019\"}]},{\"@type\":\"WebSite\",\"@id\":\"https:\/\/www.manaus.am.gov.br\/manauscult\/#website\",\"url\":\"https:\/\/www.manaus.am.gov.br\/manauscult\/\",\"name\":\"MANAUSCULT\",\"description\":\"Prefeitura de Manaus\",\"potentialAction\":[{\"@type\":\"SearchAction\",\"target\":{\"@type\":\"EntryPoint\",\"urlTemplate\":\"https:\/\/www.manaus.am.gov.br\/manauscult\/?s={search_term_string}\"},\"query-input\":\"required name=search_term_string\"}],\"inLanguage\":\"pt-BR\"},{\"@type\":\"Person\",\"@id\":\"https:\/\/www.manaus.am.gov.br\/manauscult\/#\/schema\/person\/466a0e03ae4b6062809046bd560ac955\",\"name\":\"bvalente\",\"image\":{\"@type\":\"ImageObject\",\"inLanguage\":\"pt-BR\",\"@id\":\"https:\/\/www.manaus.am.gov.br\/manauscult\/#\/schema\/person\/image\/\",\"url\":\"https:\/\/secure.gravatar.com\/avatar\/3e69bc2b014bdad41adfec3a39de07d2?s=96&d=mm&r=g\",\"contentUrl\":\"https:\/\/secure.gravatar.com\/avatar\/3e69bc2b014bdad41adfec3a39de07d2?s=96&d=mm&r=g\",\"caption\":\"bvalente\"}}]}<\/script>\n<!-- \/ Yoast SEO plugin. -->","yoast_head_json":{"title":"Espa\u00e7os de gastronomia s\u00e3o destaque no \u2018#SouManaus Passo a Pa\u00e7o 2025\u2019","description":"A Prefeitura de Manaus, por meio da Funda\u00e7\u00e3o Municipal de Cultura, Turismo e Eventos (ManausCult), est\u00e1 promovendo uma verdadeira celebra\u00e7\u00e3o da culin\u00e1ria local no \u201c#SouManaus Passo a Pa\u00e7o 2025\u201d, com uma programa\u00e7\u00e3o gastron\u00f4mica que re\u00fane tradi\u00e7\u00e3o, criatividade e inova\u00e7\u00e3o.","robots":{"index":"noindex","follow":"follow"},"og_locale":"pt_BR","og_type":"article","og_title":"Espa\u00e7os de gastronomia s\u00e3o destaque no \u2018#SouManaus Passo a Pa\u00e7o 2025\u2019","og_description":"A Prefeitura de Manaus, por meio da Funda\u00e7\u00e3o Municipal de Cultura, Turismo e Eventos (ManausCult), est\u00e1 promovendo uma verdadeira celebra\u00e7\u00e3o da culin\u00e1ria local no \u201c#SouManaus Passo a Pa\u00e7o 2025\u201d, com uma programa\u00e7\u00e3o gastron\u00f4mica que re\u00fane tradi\u00e7\u00e3o, criatividade e inova\u00e7\u00e3o.","og_url":"https:\/\/www.manaus.am.gov.br\/manauscult\/espacos-de-gastronomia\/","og_site_name":"MANAUSCULT","article_published_time":"2025-09-03T21:16:04+00:00","article_modified_time":"2025-09-03T21:16:06+00:00","og_image":[{"width":2048,"height":1365,"url":"https:\/\/www.manaus.am.gov.br\/manauscult\/wp-content\/uploads\/sites\/11\/2025\/09\/Feira-gastronomica-no-SouManaus.jpg","type":"image\/jpeg"}],"author":"bvalente","twitter_card":"summary_large_image","twitter_misc":{"Written by":"bvalente","Est. reading time":"3 minutos"},"schema":{"@context":"https:\/\/schema.org","@graph":[{"@type":"WebPage","@id":"https:\/\/www.manaus.am.gov.br\/manauscult\/espacos-de-gastronomia\/","url":"https:\/\/www.manaus.am.gov.br\/manauscult\/espacos-de-gastronomia\/","name":"Espa\u00e7os de gastronomia s\u00e3o destaque no \u2018#SouManaus Passo a Pa\u00e7o 2025\u2019","isPartOf":{"@id":"https:\/\/www.manaus.am.gov.br\/manauscult\/#website"},"primaryImageOfPage":{"@id":"https:\/\/www.manaus.am.gov.br\/manauscult\/espacos-de-gastronomia\/#primaryimage"},"image":{"@id":"https:\/\/www.manaus.am.gov.br\/manauscult\/espacos-de-gastronomia\/#primaryimage"},"thumbnailUrl":"https:\/\/www.manaus.am.gov.br\/manauscult\/wp-content\/uploads\/sites\/11\/2025\/09\/Feira-gastronomica-no-SouManaus.jpg","datePublished":"2025-09-03T21:16:04+00:00","dateModified":"2025-09-03T21:16:06+00:00","author":{"@id":"https:\/\/www.manaus.am.gov.br\/manauscult\/#\/schema\/person\/466a0e03ae4b6062809046bd560ac955"},"description":"A Prefeitura de Manaus, por meio da Funda\u00e7\u00e3o Municipal de Cultura, Turismo e Eventos (ManausCult), est\u00e1 promovendo uma verdadeira celebra\u00e7\u00e3o da culin\u00e1ria local no \u201c#SouManaus Passo a Pa\u00e7o 2025\u201d, com uma programa\u00e7\u00e3o gastron\u00f4mica que re\u00fane tradi\u00e7\u00e3o, criatividade e inova\u00e7\u00e3o.","breadcrumb":{"@id":"https:\/\/www.manaus.am.gov.br\/manauscult\/espacos-de-gastronomia\/#breadcrumb"},"inLanguage":"pt-BR","potentialAction":[{"@type":"ReadAction","target":["https:\/\/www.manaus.am.gov.br\/manauscult\/espacos-de-gastronomia\/"]}]},{"@type":"ImageObject","inLanguage":"pt-BR","@id":"https:\/\/www.manaus.am.gov.br\/manauscult\/espacos-de-gastronomia\/#primaryimage","url":"https:\/\/www.manaus.am.gov.br\/manauscult\/wp-content\/uploads\/sites\/11\/2025\/09\/Feira-gastronomica-no-SouManaus.jpg","contentUrl":"https:\/\/www.manaus.am.gov.br\/manauscult\/wp-content\/uploads\/sites\/11\/2025\/09\/Feira-gastronomica-no-SouManaus.jpg","width":2048,"height":1365},{"@type":"BreadcrumbList","@id":"https:\/\/www.manaus.am.gov.br\/manauscult\/espacos-de-gastronomia\/#breadcrumb","itemListElement":[{"@type":"ListItem","position":1,"name":"Home","item":"https:\/\/www.manaus.am.gov.br\/manauscult\/"},{"@type":"ListItem","position":2,"name":"Espa\u00e7os de gastronomia s\u00e3o destaque no \u2018#SouManaus Passo a Pa\u00e7o 2025\u2019"}]},{"@type":"WebSite","@id":"https:\/\/www.manaus.am.gov.br\/manauscult\/#website","url":"https:\/\/www.manaus.am.gov.br\/manauscult\/","name":"MANAUSCULT","description":"Prefeitura de Manaus","potentialAction":[{"@type":"SearchAction","target":{"@type":"EntryPoint","urlTemplate":"https:\/\/www.manaus.am.gov.br\/manauscult\/?s={search_term_string}"},"query-input":"required name=search_term_string"}],"inLanguage":"pt-BR"},{"@type":"Person","@id":"https:\/\/www.manaus.am.gov.br\/manauscult\/#\/schema\/person\/466a0e03ae4b6062809046bd560ac955","name":"bvalente","image":{"@type":"ImageObject","inLanguage":"pt-BR","@id":"https:\/\/www.manaus.am.gov.br\/manauscult\/#\/schema\/person\/image\/","url":"https:\/\/secure.gravatar.com\/avatar\/3e69bc2b014bdad41adfec3a39de07d2?s=96&d=mm&r=g","contentUrl":"https:\/\/secure.gravatar.com\/avatar\/3e69bc2b014bdad41adfec3a39de07d2?s=96&d=mm&r=g","caption":"bvalente"}}]}},"_links":{"self":[{"href":"https:\/\/www.manaus.am.gov.br\/manauscult\/wp-json\/wp\/v2\/posts\/4529"}],"collection":[{"href":"https:\/\/www.manaus.am.gov.br\/manauscult\/wp-json\/wp\/v2\/posts"}],"about":[{"href":"https:\/\/www.manaus.am.gov.br\/manauscult\/wp-json\/wp\/v2\/types\/post"}],"author":[{"embeddable":true,"href":"https:\/\/www.manaus.am.gov.br\/manauscult\/wp-json\/wp\/v2\/users\/68"}],"replies":[{"embeddable":true,"href":"https:\/\/www.manaus.am.gov.br\/manauscult\/wp-json\/wp\/v2\/comments?post=4529"}],"version-history":[{"count":0,"href":"https:\/\/www.manaus.am.gov.br\/manauscult\/wp-json\/wp\/v2\/posts\/4529\/revisions"}],"wp:featuredmedia":[{"embeddable":true,"href":"https:\/\/www.manaus.am.gov.br\/manauscult\/wp-json\/wp\/v2\/media\/4530"}],"wp:attachment":[{"href":"https:\/\/www.manaus.am.gov.br\/manauscult\/wp-json\/wp\/v2\/media?parent=4529"}],"wp:term":[{"taxonomy":"category","embeddable":true,"href":"https:\/\/www.manaus.am.gov.br\/manauscult\/wp-json\/wp\/v2\/categories?post=4529"},{"taxonomy":"post_tag","embeddable":true,"href":"https:\/\/www.manaus.am.gov.br\/manauscult\/wp-json\/wp\/v2\/tags?post=4529"}],"curies":[{"name":"wp","href":"https:\/\/api.w.org\/{rel}","templated":true}]}}