{"id":4525,"date":"2025-09-02T22:13:32","date_gmt":"2025-09-03T02:13:32","guid":{"rendered":"https:\/\/www.manaus.am.gov.br\/manauscult\/programacao-cultural-mega-estrutura\/"},"modified":"2025-09-02T22:13:33","modified_gmt":"2025-09-03T02:13:33","slug":"programacao-cultural-mega-estrutura","status":"publish","type":"post","link":"https:\/\/www.manaus.am.gov.br\/manauscult\/programacao-cultural-mega-estrutura\/","title":{"rendered":"Prefeito David Almeida acompanha fase final da montagem da mega estrutura do \u2018#SouManaus Passo a Pa\u00e7o 2025\u2019 e refor\u00e7a programa\u00e7\u00e3o cultural"},"content":{"rendered":"\n<p>O prefeito de Manaus, David Almeida, acompanhou, na tarde desta ter\u00e7a-feira, 2\/9, a fase final da montagem da mega estrutura do festival \u201c#SouManaus Passo a Pa\u00e7o 2025\u201d, no Centro. A edi\u00e7\u00e3o deste ano conta com 17 palcos montados no per\u00edmetro do evento e ter\u00e1 a maior estrutura j\u00e1 instalada na cidade para um evento cultural.&nbsp;<\/p>\n\n\n\n<p>\u201cSomente de LED, n\u00f3s vamos ter mais de 550 metros quadrados. Esse palco \u00e9 um espet\u00e1culo \u00e0 parte de ilumina\u00e7\u00e3o e tecnologia. \u00c9 a maior estrutura j\u00e1 montada para eventos culturais na hist\u00f3ria de Manaus\u201d, enfatizou David Almeida.<\/p>\n\n\n\n<p>Na ocasi\u00e3o, o prefeito tamb\u00e9m anunciou a proposta de mudan\u00e7a de nomenclatura do palco principal do festival. O espa\u00e7o, at\u00e9 ent\u00e3o chamado de palco Malcher, passar\u00e1 a se chamar palco Mirante, em refer\u00eancia ao mirante L\u00facia Almeida, ponto tur\u00edstico localizado em frente ao espa\u00e7o. J\u00e1 o palco Alf\u00e2ndega mant\u00e9m o nome em homenagem ao pr\u00e9dio hist\u00f3rico vizinho.<\/p>\n\n\n\n<p>\u201cEsse \u00e9 o palco principal. N\u00f3s temos o pr\u00e9dio da Alf\u00e2ndega que fica ao lado do palco que homenageia o pr\u00e9dio da Alf\u00e2ndega. Ent\u00e3o, agora n\u00f3s vamos homenagear esse que \u00e9 o palco principal, vai ser o palco Mirante, que fica em frente ao mirante L\u00facia Almeida. Quando n\u00f3s formos nos referir ao palco principal, \u00e9 o palco Mirante\u201d, destacou o prefeito.<\/p>\n\n\n\n<p><strong>Programa\u00e7\u00e3o e novidades<\/strong><\/p>\n\n\n\n<p>A programa\u00e7\u00e3o do \u201c#SouManaus\u201d j\u00e1 come\u00e7ou com mostras de artes visuais, pintura, cinema e moda ind\u00edgena. Nesta ter\u00e7a-feira, os visitantes puderam conferir a mostra de cinema, com exibi\u00e7\u00f5es gratuitas de produ\u00e7\u00f5es locais e regionais. As exibi\u00e7\u00f5es acontecer\u00e3o, tamb\u00e9m, na quarta e quinta-feira, 3 e 4\/9, sempre as 19h, no Centro de Arqueologia de Manaus (CAM), no Centro, zona Sul.<\/p>\n\n\n\n<p>Outra programa\u00e7\u00e3o acess\u00edvel foi a \u201cOficina de Tingimento Natural\u201d, conduzida pelo estilista ind\u00edgena Sioduhi, do povo piratapuya (wa\u00edkahna), refer\u00eancia em futurismo ind\u00edgena amaz\u00f4nico. Durante a atividade, foram aplicadas t\u00e9cnicas de tingimento natural com a tecnologia ManioColor e o uso de fibras amaz\u00f4nicas, refor\u00e7ando que vestir-se \u00e9 tamb\u00e9m um ato de express\u00e3o cultural e resist\u00eancia.<\/p>\n\n\n\n<p>Entre as novidades, o prefeito destacou a corrida \u201c#SouManaus\u201d, que ser\u00e1 realizada na quinta-feira, 4\/9, v\u00e9spera do feriado da Amaz\u00f4nia. As inscri\u00e7\u00f5es esgotaram em minutos ap\u00f3s o in\u00edcio, com mais de 100 mil acessos ao site, e a entrega dos kits ser\u00e1 feita mediante doa\u00e7\u00e3o de um quilo de leite, nesta quarta-feira, 3, das 10h \u00e0s 21h, na Casa de Praia Zezinho Corr\u00eaa, na Ponta Negra.<\/p>\n\n\n\n<p>\u201cQueremos incentivar a pr\u00e1tica esportiva e, ao mesmo tempo, estimular a solidariedade. Amanh\u00e3 come\u00e7a a entrega dos kits, e fa\u00e7o um convite para que todos levem um quilo de leite no ato da retirada\u201d, ressaltou Almeida.<\/p>\n\n\n\n<p>Outro destaque \u00e9 a programa\u00e7\u00e3o gratuita para crian\u00e7as e fam\u00edlias. \u201cNa sexta-feira, dia 5, n\u00f3s vamos ter a Maria Clara e o JP em um evento para as crian\u00e7as. Voc\u00ea, papai, mam\u00e3e, titio, titia, vov\u00f4 e vov\u00f3, n\u00e3o precisa de pulseiras para ter acesso. E tamb\u00e9m teremos, no mesmo dia, o evento gospel e crist\u00e3o com o Fernandinho, Eli Soares e o padre Alessandro, tamb\u00e9m com entrada liberada\u201d, informou.<\/p>\n\n\n\n<p><strong>Acessibilidade garantida<\/strong><\/p>\n\n\n\n<p>A Prefeitura de Manaus tamb\u00e9m preparou uma ampla estrutura para garantir acessibilidade \u00e0s Pessoas com Defici\u00eancia (PcDs). No palco Mirante, ser\u00e3o 1.500 vagas por noite para PcDs, cada uma com direito \u00e0 acompanhante, totalizando 3 mil pessoas por noite. J\u00e1 no palco Alf\u00e2ndega, ser\u00e3o 1.000 vagas por noite, tamb\u00e9m com direito \u00e0 acompanhante, alcan\u00e7ando 2 mil pessoas por noite.<\/p>\n\n\n\n<p>Com a realiza\u00e7\u00e3o do \u201c#SouManaus Passo a Pa\u00e7o 2025\u201d, a gest\u00e3o do prefeito David Almeida refor\u00e7a o compromisso com a democratiza\u00e7\u00e3o da cultura e o incentivo ao lazer em Manaus, proporcionando experi\u00eancias gratuitas e inclusivas para todas as idades, al\u00e9m de valorizar a hist\u00f3ria e os espa\u00e7os da cidade.<\/p>\n\n\n\n<p>\u2014 \u2014 \u2014<br><strong>Texto &#8211;<\/strong> Emanuelle Baires\/Semcom-Prefeito<br><strong>Fotos &#8211; <\/strong>Ant\u00f4nio Pereira\/Semcom-Prefeito<\/p>\n","protected":false},"excerpt":{"rendered":"","protected":false},"author":68,"featured_media":4526,"comment_status":"closed","ping_status":"closed","sticky":false,"template":"","format":"standard","meta":{"footnotes":""},"categories":[508],"tags":[67,1635,11],"acf":[],"yoast_head":"<!-- This site is optimized with the Yoast SEO plugin v23.0 - https:\/\/yoast.com\/wordpress\/plugins\/seo\/ -->\n<title>Prefeito David Almeida acompanha fase final da montagem da mega estrutura do \u2018#SouManaus Passo a Pa\u00e7o 2025\u2019 e refor\u00e7a programa\u00e7\u00e3o cultural<\/title>\n<meta name=\"description\" content=\"O prefeito de Manaus, David Almeida, anunciou, na noite desta ter\u00e7a-feira, 2\/9, em entrevista ao vivo para a TV Band, a mudan\u00e7a de nomenclatura do palco principal do festival \u201c#SouManaus Passo a Pa\u00e7o 2025\u201d.\" \/>\n<meta name=\"robots\" content=\"noindex, follow\" \/>\n<meta property=\"og:locale\" content=\"pt_BR\" \/>\n<meta property=\"og:type\" content=\"article\" \/>\n<meta property=\"og:title\" content=\"Prefeito David Almeida acompanha fase final da montagem da mega estrutura do \u2018#SouManaus Passo a Pa\u00e7o 2025\u2019 e refor\u00e7a programa\u00e7\u00e3o cultural\" \/>\n<meta property=\"og:description\" content=\"O prefeito de Manaus, David Almeida, anunciou, na noite desta ter\u00e7a-feira, 2\/9, em entrevista ao vivo para a TV Band, a mudan\u00e7a de nomenclatura do palco principal do festival \u201c#SouManaus Passo a Pa\u00e7o 2025\u201d.\" \/>\n<meta property=\"og:url\" content=\"https:\/\/www.manaus.am.gov.br\/manauscult\/programacao-cultural-mega-estrutura\/\" \/>\n<meta property=\"og:site_name\" content=\"MANAUSCULT\" \/>\n<meta property=\"article:published_time\" content=\"2025-09-03T02:13:32+00:00\" \/>\n<meta property=\"article:modified_time\" content=\"2025-09-03T02:13:33+00:00\" \/>\n<meta property=\"og:image\" content=\"https:\/\/www.manaus.am.gov.br\/manauscult\/wp-content\/uploads\/sites\/11\/2025\/09\/WhatsApp-Image-2025-09-02-at-20.45.31.jpeg\" \/>\n\t<meta property=\"og:image:width\" content=\"4160\" \/>\n\t<meta property=\"og:image:height\" content=\"2772\" \/>\n\t<meta property=\"og:image:type\" content=\"image\/jpeg\" \/>\n<meta name=\"author\" content=\"bvalente\" \/>\n<meta name=\"twitter:card\" content=\"summary_large_image\" \/>\n<meta name=\"twitter:label1\" content=\"Written by\" \/>\n\t<meta name=\"twitter:data1\" content=\"bvalente\" \/>\n\t<meta name=\"twitter:label2\" content=\"Est. reading time\" \/>\n\t<meta name=\"twitter:data2\" content=\"4 minutos\" \/>\n<script type=\"application\/ld+json\" class=\"yoast-schema-graph\">{\"@context\":\"https:\/\/schema.org\",\"@graph\":[{\"@type\":\"WebPage\",\"@id\":\"https:\/\/www.manaus.am.gov.br\/manauscult\/programacao-cultural-mega-estrutura\/\",\"url\":\"https:\/\/www.manaus.am.gov.br\/manauscult\/programacao-cultural-mega-estrutura\/\",\"name\":\"Prefeito David Almeida acompanha fase final da montagem da mega estrutura do \u2018#SouManaus Passo a Pa\u00e7o 2025\u2019 e refor\u00e7a programa\u00e7\u00e3o cultural\",\"isPartOf\":{\"@id\":\"https:\/\/www.manaus.am.gov.br\/manauscult\/#website\"},\"primaryImageOfPage\":{\"@id\":\"https:\/\/www.manaus.am.gov.br\/manauscult\/programacao-cultural-mega-estrutura\/#primaryimage\"},\"image\":{\"@id\":\"https:\/\/www.manaus.am.gov.br\/manauscult\/programacao-cultural-mega-estrutura\/#primaryimage\"},\"thumbnailUrl\":\"https:\/\/www.manaus.am.gov.br\/manauscult\/wp-content\/uploads\/sites\/11\/2025\/09\/WhatsApp-Image-2025-09-02-at-20.45.31.jpeg\",\"datePublished\":\"2025-09-03T02:13:32+00:00\",\"dateModified\":\"2025-09-03T02:13:33+00:00\",\"author\":{\"@id\":\"https:\/\/www.manaus.am.gov.br\/manauscult\/#\/schema\/person\/466a0e03ae4b6062809046bd560ac955\"},\"description\":\"O prefeito de Manaus, David Almeida, anunciou, na noite desta ter\u00e7a-feira, 2\/9, em entrevista ao vivo para a TV Band, a mudan\u00e7a de nomenclatura do palco principal do festival \u201c#SouManaus Passo a Pa\u00e7o 2025\u201d.\",\"breadcrumb\":{\"@id\":\"https:\/\/www.manaus.am.gov.br\/manauscult\/programacao-cultural-mega-estrutura\/#breadcrumb\"},\"inLanguage\":\"pt-BR\",\"potentialAction\":[{\"@type\":\"ReadAction\",\"target\":[\"https:\/\/www.manaus.am.gov.br\/manauscult\/programacao-cultural-mega-estrutura\/\"]}]},{\"@type\":\"ImageObject\",\"inLanguage\":\"pt-BR\",\"@id\":\"https:\/\/www.manaus.am.gov.br\/manauscult\/programacao-cultural-mega-estrutura\/#primaryimage\",\"url\":\"https:\/\/www.manaus.am.gov.br\/manauscult\/wp-content\/uploads\/sites\/11\/2025\/09\/WhatsApp-Image-2025-09-02-at-20.45.31.jpeg\",\"contentUrl\":\"https:\/\/www.manaus.am.gov.br\/manauscult\/wp-content\/uploads\/sites\/11\/2025\/09\/WhatsApp-Image-2025-09-02-at-20.45.31.jpeg\",\"width\":4160,\"height\":2772},{\"@type\":\"BreadcrumbList\",\"@id\":\"https:\/\/www.manaus.am.gov.br\/manauscult\/programacao-cultural-mega-estrutura\/#breadcrumb\",\"itemListElement\":[{\"@type\":\"ListItem\",\"position\":1,\"name\":\"Home\",\"item\":\"https:\/\/www.manaus.am.gov.br\/manauscult\/\"},{\"@type\":\"ListItem\",\"position\":2,\"name\":\"Prefeito David Almeida acompanha fase final da montagem da mega estrutura do \u2018#SouManaus Passo a Pa\u00e7o 2025\u2019 e refor\u00e7a programa\u00e7\u00e3o cultural\"}]},{\"@type\":\"WebSite\",\"@id\":\"https:\/\/www.manaus.am.gov.br\/manauscult\/#website\",\"url\":\"https:\/\/www.manaus.am.gov.br\/manauscult\/\",\"name\":\"MANAUSCULT\",\"description\":\"Prefeitura de Manaus\",\"potentialAction\":[{\"@type\":\"SearchAction\",\"target\":{\"@type\":\"EntryPoint\",\"urlTemplate\":\"https:\/\/www.manaus.am.gov.br\/manauscult\/?s={search_term_string}\"},\"query-input\":\"required name=search_term_string\"}],\"inLanguage\":\"pt-BR\"},{\"@type\":\"Person\",\"@id\":\"https:\/\/www.manaus.am.gov.br\/manauscult\/#\/schema\/person\/466a0e03ae4b6062809046bd560ac955\",\"name\":\"bvalente\",\"image\":{\"@type\":\"ImageObject\",\"inLanguage\":\"pt-BR\",\"@id\":\"https:\/\/www.manaus.am.gov.br\/manauscult\/#\/schema\/person\/image\/\",\"url\":\"https:\/\/secure.gravatar.com\/avatar\/3e69bc2b014bdad41adfec3a39de07d2?s=96&d=mm&r=g\",\"contentUrl\":\"https:\/\/secure.gravatar.com\/avatar\/3e69bc2b014bdad41adfec3a39de07d2?s=96&d=mm&r=g\",\"caption\":\"bvalente\"}}]}<\/script>\n<!-- \/ Yoast SEO plugin. -->","yoast_head_json":{"title":"Prefeito David Almeida acompanha fase final da montagem da mega estrutura do \u2018#SouManaus Passo a Pa\u00e7o 2025\u2019 e refor\u00e7a programa\u00e7\u00e3o cultural","description":"O prefeito de Manaus, David Almeida, anunciou, na noite desta ter\u00e7a-feira, 2\/9, em entrevista ao vivo para a TV Band, a mudan\u00e7a de nomenclatura do palco principal do festival \u201c#SouManaus Passo a Pa\u00e7o 2025\u201d.","robots":{"index":"noindex","follow":"follow"},"og_locale":"pt_BR","og_type":"article","og_title":"Prefeito David Almeida acompanha fase final da montagem da mega estrutura do \u2018#SouManaus Passo a Pa\u00e7o 2025\u2019 e refor\u00e7a programa\u00e7\u00e3o cultural","og_description":"O prefeito de Manaus, David Almeida, anunciou, na noite desta ter\u00e7a-feira, 2\/9, em entrevista ao vivo para a TV Band, a mudan\u00e7a de nomenclatura do palco principal do festival \u201c#SouManaus Passo a Pa\u00e7o 2025\u201d.","og_url":"https:\/\/www.manaus.am.gov.br\/manauscult\/programacao-cultural-mega-estrutura\/","og_site_name":"MANAUSCULT","article_published_time":"2025-09-03T02:13:32+00:00","article_modified_time":"2025-09-03T02:13:33+00:00","og_image":[{"width":4160,"height":2772,"url":"https:\/\/www.manaus.am.gov.br\/manauscult\/wp-content\/uploads\/sites\/11\/2025\/09\/WhatsApp-Image-2025-09-02-at-20.45.31.jpeg","type":"image\/jpeg"}],"author":"bvalente","twitter_card":"summary_large_image","twitter_misc":{"Written by":"bvalente","Est. reading time":"4 minutos"},"schema":{"@context":"https:\/\/schema.org","@graph":[{"@type":"WebPage","@id":"https:\/\/www.manaus.am.gov.br\/manauscult\/programacao-cultural-mega-estrutura\/","url":"https:\/\/www.manaus.am.gov.br\/manauscult\/programacao-cultural-mega-estrutura\/","name":"Prefeito David Almeida acompanha fase final da montagem da mega estrutura do \u2018#SouManaus Passo a Pa\u00e7o 2025\u2019 e refor\u00e7a programa\u00e7\u00e3o cultural","isPartOf":{"@id":"https:\/\/www.manaus.am.gov.br\/manauscult\/#website"},"primaryImageOfPage":{"@id":"https:\/\/www.manaus.am.gov.br\/manauscult\/programacao-cultural-mega-estrutura\/#primaryimage"},"image":{"@id":"https:\/\/www.manaus.am.gov.br\/manauscult\/programacao-cultural-mega-estrutura\/#primaryimage"},"thumbnailUrl":"https:\/\/www.manaus.am.gov.br\/manauscult\/wp-content\/uploads\/sites\/11\/2025\/09\/WhatsApp-Image-2025-09-02-at-20.45.31.jpeg","datePublished":"2025-09-03T02:13:32+00:00","dateModified":"2025-09-03T02:13:33+00:00","author":{"@id":"https:\/\/www.manaus.am.gov.br\/manauscult\/#\/schema\/person\/466a0e03ae4b6062809046bd560ac955"},"description":"O prefeito de Manaus, David Almeida, anunciou, na noite desta ter\u00e7a-feira, 2\/9, em entrevista ao vivo para a TV Band, a mudan\u00e7a de nomenclatura do palco principal do festival \u201c#SouManaus Passo a Pa\u00e7o 2025\u201d.","breadcrumb":{"@id":"https:\/\/www.manaus.am.gov.br\/manauscult\/programacao-cultural-mega-estrutura\/#breadcrumb"},"inLanguage":"pt-BR","potentialAction":[{"@type":"ReadAction","target":["https:\/\/www.manaus.am.gov.br\/manauscult\/programacao-cultural-mega-estrutura\/"]}]},{"@type":"ImageObject","inLanguage":"pt-BR","@id":"https:\/\/www.manaus.am.gov.br\/manauscult\/programacao-cultural-mega-estrutura\/#primaryimage","url":"https:\/\/www.manaus.am.gov.br\/manauscult\/wp-content\/uploads\/sites\/11\/2025\/09\/WhatsApp-Image-2025-09-02-at-20.45.31.jpeg","contentUrl":"https:\/\/www.manaus.am.gov.br\/manauscult\/wp-content\/uploads\/sites\/11\/2025\/09\/WhatsApp-Image-2025-09-02-at-20.45.31.jpeg","width":4160,"height":2772},{"@type":"BreadcrumbList","@id":"https:\/\/www.manaus.am.gov.br\/manauscult\/programacao-cultural-mega-estrutura\/#breadcrumb","itemListElement":[{"@type":"ListItem","position":1,"name":"Home","item":"https:\/\/www.manaus.am.gov.br\/manauscult\/"},{"@type":"ListItem","position":2,"name":"Prefeito David Almeida acompanha fase final da montagem da mega estrutura do \u2018#SouManaus Passo a Pa\u00e7o 2025\u2019 e refor\u00e7a programa\u00e7\u00e3o cultural"}]},{"@type":"WebSite","@id":"https:\/\/www.manaus.am.gov.br\/manauscult\/#website","url":"https:\/\/www.manaus.am.gov.br\/manauscult\/","name":"MANAUSCULT","description":"Prefeitura de Manaus","potentialAction":[{"@type":"SearchAction","target":{"@type":"EntryPoint","urlTemplate":"https:\/\/www.manaus.am.gov.br\/manauscult\/?s={search_term_string}"},"query-input":"required name=search_term_string"}],"inLanguage":"pt-BR"},{"@type":"Person","@id":"https:\/\/www.manaus.am.gov.br\/manauscult\/#\/schema\/person\/466a0e03ae4b6062809046bd560ac955","name":"bvalente","image":{"@type":"ImageObject","inLanguage":"pt-BR","@id":"https:\/\/www.manaus.am.gov.br\/manauscult\/#\/schema\/person\/image\/","url":"https:\/\/secure.gravatar.com\/avatar\/3e69bc2b014bdad41adfec3a39de07d2?s=96&d=mm&r=g","contentUrl":"https:\/\/secure.gravatar.com\/avatar\/3e69bc2b014bdad41adfec3a39de07d2?s=96&d=mm&r=g","caption":"bvalente"}}]}},"_links":{"self":[{"href":"https:\/\/www.manaus.am.gov.br\/manauscult\/wp-json\/wp\/v2\/posts\/4525"}],"collection":[{"href":"https:\/\/www.manaus.am.gov.br\/manauscult\/wp-json\/wp\/v2\/posts"}],"about":[{"href":"https:\/\/www.manaus.am.gov.br\/manauscult\/wp-json\/wp\/v2\/types\/post"}],"author":[{"embeddable":true,"href":"https:\/\/www.manaus.am.gov.br\/manauscult\/wp-json\/wp\/v2\/users\/68"}],"replies":[{"embeddable":true,"href":"https:\/\/www.manaus.am.gov.br\/manauscult\/wp-json\/wp\/v2\/comments?post=4525"}],"version-history":[{"count":0,"href":"https:\/\/www.manaus.am.gov.br\/manauscult\/wp-json\/wp\/v2\/posts\/4525\/revisions"}],"wp:featuredmedia":[{"embeddable":true,"href":"https:\/\/www.manaus.am.gov.br\/manauscult\/wp-json\/wp\/v2\/media\/4526"}],"wp:attachment":[{"href":"https:\/\/www.manaus.am.gov.br\/manauscult\/wp-json\/wp\/v2\/media?parent=4525"}],"wp:term":[{"taxonomy":"category","embeddable":true,"href":"https:\/\/www.manaus.am.gov.br\/manauscult\/wp-json\/wp\/v2\/categories?post=4525"},{"taxonomy":"post_tag","embeddable":true,"href":"https:\/\/www.manaus.am.gov.br\/manauscult\/wp-json\/wp\/v2\/tags?post=4525"}],"curies":[{"name":"wp","href":"https:\/\/api.w.org\/{rel}","templated":true}]}}