{"id":4520,"date":"2025-09-02T12:48:48","date_gmt":"2025-09-02T16:48:48","guid":{"rendered":"https:\/\/www.manaus.am.gov.br\/manauscult\/prefeitura-semtepi-sougamer\/"},"modified":"2025-09-02T12:48:49","modified_gmt":"2025-09-02T16:48:49","slug":"prefeitura-semtepi-sougamer","status":"publish","type":"post","link":"https:\/\/www.manaus.am.gov.br\/manauscult\/prefeitura-semtepi-sougamer\/","title":{"rendered":"Prefeitura abre inscri\u00e7\u00f5es para espa\u00e7os Sou Gamer e Sou Geek no \u2018#SouManaus 2025\u2019"},"content":{"rendered":"\n<p>A Prefeitura de Manaus, por meio da Secretaria Municipal do Trabalho, Empreendedorismo e Inova\u00e7\u00e3o (Semtepi), abriu inscri\u00e7\u00f5es para participa\u00e7\u00e3o nos espa\u00e7os Sou Gamer e Sou Geek, durante o festival \u201c#SouManaus Passo a Pa\u00e7o 2025\u201d, que acontece nos dias 5, 6 e 7 de setembro, no centro hist\u00f3rico da capital.&nbsp;Os interessados podem se inscrever, de forma on-line e gratuita, pelo link&nbsp;<a href=\"https:\/\/forms.gle\/m97tPMJQ8YXtNEy4A\" target=\"_blank\" rel=\"noreferrer noopener\">https:\/\/forms.gle\/m97tPMJQ8YXtNEy4A<\/a>&nbsp;.<\/p>\n\n\n\n<p>Segundo o secret\u00e1rio da&nbsp;Semtepi, Alonso Oliveira, o objetivo \u00e9 valorizar a cena gamer e geek da cidade, criando oportunidades de integra\u00e7\u00e3o, divers\u00e3o e empreendedorismo, no maior evento gratuito de artes integradas do Brasil, organizado pela Prefeitura de Manaus, por meio da Funda\u00e7\u00e3o Municipal de Cultura, Eventos e Turismo&nbsp;(ManausCult).&nbsp;&nbsp;<\/p>\n\n\n\n<p>\u201cO \u2018#SouManaus\u2019 j\u00e1 \u00e9 reconhecido como o maior evento gratuito de artes integradas do Brasil, e este ano fortalecemos ainda mais os espa\u00e7os Sou Gamer e Sou Geek. Queremos que a juventude manauara e os apaixonados por cultura pop tenham acesso a uma programa\u00e7\u00e3o de qualidade, que une tecnologia, criatividade e inova\u00e7\u00e3o, al\u00e9m de incentivar novos talentos\u201d, destacou.&nbsp;<\/p>\n\n\n\n<p>A programa\u00e7\u00e3o ser\u00e1 realizada na rua Bernardo Ramos e no Casar\u00e3o da Inova\u00e7\u00e3o&nbsp;Cassina, oferecendo competi\u00e7\u00f5es de&nbsp;e-sports,&nbsp;cardgames, k-pop,&nbsp;<em>cosplay<\/em>, oficinas, al\u00e9m de \u00e1reas interativas de jogos e cultura pop.&nbsp;A abertura dos port\u00f5es ser\u00e1 \u00e0s 15h durante todos os dias de evento.&nbsp;<\/p>\n\n\n\n<p>Entre as atra\u00e7\u00f5es confirmadas est\u00e3o torneios de Free Fire, League&nbsp;of&nbsp;Legends: Wild&nbsp;Rift, Clash Royale,&nbsp;Brawl&nbsp;Stars, Street&nbsp;Fighter, Killer&nbsp;Instinct,&nbsp;Donkey&nbsp;Kong Country, Pok\u00e9mon GO e Fifa, al\u00e9m de concursos de Just Dance, K-Pop e Cosplay.&nbsp;O p\u00fablico tamb\u00e9m poder\u00e1 participar de oficinas de&nbsp;<em>boardgames<\/em>&nbsp;e&nbsp;<em>cardgames<\/em>, batalhas de rima e aproveitar os espa\u00e7os de jogos retr\u00f4 e realidade interativa.&nbsp;<\/p>\n\n\n\n<p>&#8212; &#8212; &#8212;<\/p>\n\n\n\n<p><strong>Texto\u00a0<\/strong>\u2013\u00a0Asafe\u00a0Augusto\/Semtepi\u00a0<\/p>\n\n\n\n<p><strong>Foto\u00a0<\/strong>&#8211; Jo\u00e3o Viana\/Semcom\u00a0<\/p>\n","protected":false},"excerpt":{"rendered":"","protected":false},"author":23,"featured_media":4521,"comment_status":"closed","ping_status":"closed","sticky":false,"template":"","format":"standard","meta":{"footnotes":""},"categories":[12],"tags":[183,11,38,1631,1632],"acf":[],"yoast_head":"<!-- This site is optimized with the Yoast SEO plugin v23.0 - https:\/\/yoast.com\/wordpress\/plugins\/seo\/ -->\n<title>Prefeitura abre inscri\u00e7\u00f5es para espa\u00e7os Sou Gamer e Sou Geek no \u2018#SouManaus 2025\u2019<\/title>\n<meta name=\"description\" content=\"A Prefeitura de Manaus, por meio da Secretaria Municipal do Trabalho, Empreendedorismo e Inova\u00e7\u00e3o (Semtepi), abriu inscri\u00e7\u00f5es para participa\u00e7\u00e3o nos espa\u00e7os Sou Gamer e Sou Geek, durante o festival \u201c#SouManaus Passo a Pa\u00e7o 2025\u201d, que acontece nos dias 5, 6 e 7 de setembro, no centro hist\u00f3rico da capital.\" \/>\n<meta name=\"robots\" content=\"noindex, follow\" \/>\n<meta property=\"og:locale\" content=\"pt_BR\" \/>\n<meta property=\"og:type\" content=\"article\" \/>\n<meta property=\"og:title\" content=\"Prefeitura abre inscri\u00e7\u00f5es para espa\u00e7os Sou Gamer e Sou Geek no \u2018#SouManaus 2025\u2019\" \/>\n<meta property=\"og:description\" content=\"A Prefeitura de Manaus, por meio da Secretaria Municipal do Trabalho, Empreendedorismo e Inova\u00e7\u00e3o (Semtepi), abriu inscri\u00e7\u00f5es para participa\u00e7\u00e3o nos espa\u00e7os Sou Gamer e Sou Geek, durante o festival \u201c#SouManaus Passo a Pa\u00e7o 2025\u201d, que acontece nos dias 5, 6 e 7 de setembro, no centro hist\u00f3rico da capital.\" \/>\n<meta property=\"og:url\" content=\"https:\/\/www.manaus.am.gov.br\/manauscult\/prefeitura-semtepi-sougamer\/\" \/>\n<meta property=\"og:site_name\" content=\"MANAUSCULT\" \/>\n<meta property=\"article:published_time\" content=\"2025-09-02T16:48:48+00:00\" \/>\n<meta property=\"article:modified_time\" content=\"2025-09-02T16:48:49+00:00\" \/>\n<meta property=\"og:image\" content=\"https:\/\/www.manaus.am.gov.br\/manauscult\/wp-content\/uploads\/sites\/11\/2025\/09\/Gamer-semtepi.jpg\" \/>\n\t<meta property=\"og:image:width\" content=\"800\" \/>\n\t<meta property=\"og:image:height\" content=\"564\" \/>\n\t<meta property=\"og:image:type\" content=\"image\/jpeg\" \/>\n<meta name=\"author\" content=\"Adriana Costa\" \/>\n<meta name=\"twitter:card\" content=\"summary_large_image\" \/>\n<meta name=\"twitter:label1\" content=\"Written by\" \/>\n\t<meta name=\"twitter:data1\" content=\"Adriana Costa\" \/>\n\t<meta name=\"twitter:label2\" content=\"Est. reading time\" \/>\n\t<meta name=\"twitter:data2\" content=\"2 minutos\" \/>\n<script type=\"application\/ld+json\" class=\"yoast-schema-graph\">{\"@context\":\"https:\/\/schema.org\",\"@graph\":[{\"@type\":\"WebPage\",\"@id\":\"https:\/\/www.manaus.am.gov.br\/manauscult\/prefeitura-semtepi-sougamer\/\",\"url\":\"https:\/\/www.manaus.am.gov.br\/manauscult\/prefeitura-semtepi-sougamer\/\",\"name\":\"Prefeitura abre inscri\u00e7\u00f5es para espa\u00e7os Sou Gamer e Sou Geek no \u2018#SouManaus 2025\u2019\",\"isPartOf\":{\"@id\":\"https:\/\/www.manaus.am.gov.br\/manauscult\/#website\"},\"primaryImageOfPage\":{\"@id\":\"https:\/\/www.manaus.am.gov.br\/manauscult\/prefeitura-semtepi-sougamer\/#primaryimage\"},\"image\":{\"@id\":\"https:\/\/www.manaus.am.gov.br\/manauscult\/prefeitura-semtepi-sougamer\/#primaryimage\"},\"thumbnailUrl\":\"https:\/\/www.manaus.am.gov.br\/manauscult\/wp-content\/uploads\/sites\/11\/2025\/09\/Gamer-semtepi.jpg\",\"datePublished\":\"2025-09-02T16:48:48+00:00\",\"dateModified\":\"2025-09-02T16:48:49+00:00\",\"author\":{\"@id\":\"https:\/\/www.manaus.am.gov.br\/manauscult\/#\/schema\/person\/4e49f4e267757a06ca072ec61b2b9968\"},\"description\":\"A Prefeitura de Manaus, por meio da Secretaria Municipal do Trabalho, Empreendedorismo e Inova\u00e7\u00e3o (Semtepi), abriu inscri\u00e7\u00f5es para participa\u00e7\u00e3o nos espa\u00e7os Sou Gamer e Sou Geek, durante o festival \u201c#SouManaus Passo a Pa\u00e7o 2025\u201d, que acontece nos dias 5, 6 e 7 de setembro, no centro hist\u00f3rico da capital.\",\"breadcrumb\":{\"@id\":\"https:\/\/www.manaus.am.gov.br\/manauscult\/prefeitura-semtepi-sougamer\/#breadcrumb\"},\"inLanguage\":\"pt-BR\",\"potentialAction\":[{\"@type\":\"ReadAction\",\"target\":[\"https:\/\/www.manaus.am.gov.br\/manauscult\/prefeitura-semtepi-sougamer\/\"]}]},{\"@type\":\"ImageObject\",\"inLanguage\":\"pt-BR\",\"@id\":\"https:\/\/www.manaus.am.gov.br\/manauscult\/prefeitura-semtepi-sougamer\/#primaryimage\",\"url\":\"https:\/\/www.manaus.am.gov.br\/manauscult\/wp-content\/uploads\/sites\/11\/2025\/09\/Gamer-semtepi.jpg\",\"contentUrl\":\"https:\/\/www.manaus.am.gov.br\/manauscult\/wp-content\/uploads\/sites\/11\/2025\/09\/Gamer-semtepi.jpg\",\"width\":800,\"height\":564},{\"@type\":\"BreadcrumbList\",\"@id\":\"https:\/\/www.manaus.am.gov.br\/manauscult\/prefeitura-semtepi-sougamer\/#breadcrumb\",\"itemListElement\":[{\"@type\":\"ListItem\",\"position\":1,\"name\":\"Home\",\"item\":\"https:\/\/www.manaus.am.gov.br\/manauscult\/\"},{\"@type\":\"ListItem\",\"position\":2,\"name\":\"Prefeitura abre inscri\u00e7\u00f5es para espa\u00e7os Sou Gamer e Sou Geek no \u2018#SouManaus 2025\u2019\"}]},{\"@type\":\"WebSite\",\"@id\":\"https:\/\/www.manaus.am.gov.br\/manauscult\/#website\",\"url\":\"https:\/\/www.manaus.am.gov.br\/manauscult\/\",\"name\":\"MANAUSCULT\",\"description\":\"Prefeitura de Manaus\",\"potentialAction\":[{\"@type\":\"SearchAction\",\"target\":{\"@type\":\"EntryPoint\",\"urlTemplate\":\"https:\/\/www.manaus.am.gov.br\/manauscult\/?s={search_term_string}\"},\"query-input\":\"required name=search_term_string\"}],\"inLanguage\":\"pt-BR\"},{\"@type\":\"Person\",\"@id\":\"https:\/\/www.manaus.am.gov.br\/manauscult\/#\/schema\/person\/4e49f4e267757a06ca072ec61b2b9968\",\"name\":\"Adriana Costa\",\"image\":{\"@type\":\"ImageObject\",\"inLanguage\":\"pt-BR\",\"@id\":\"https:\/\/www.manaus.am.gov.br\/manauscult\/#\/schema\/person\/image\/\",\"url\":\"https:\/\/secure.gravatar.com\/avatar\/576258617ef7194f718179e766d57bd4?s=96&d=mm&r=g\",\"contentUrl\":\"https:\/\/secure.gravatar.com\/avatar\/576258617ef7194f718179e766d57bd4?s=96&d=mm&r=g\",\"caption\":\"Adriana Costa\"}}]}<\/script>\n<!-- \/ Yoast SEO plugin. -->","yoast_head_json":{"title":"Prefeitura abre inscri\u00e7\u00f5es para espa\u00e7os Sou Gamer e Sou Geek no \u2018#SouManaus 2025\u2019","description":"A Prefeitura de Manaus, por meio da Secretaria Municipal do Trabalho, Empreendedorismo e Inova\u00e7\u00e3o (Semtepi), abriu inscri\u00e7\u00f5es para participa\u00e7\u00e3o nos espa\u00e7os Sou Gamer e Sou Geek, durante o festival \u201c#SouManaus Passo a Pa\u00e7o 2025\u201d, que acontece nos dias 5, 6 e 7 de setembro, no centro hist\u00f3rico da capital.","robots":{"index":"noindex","follow":"follow"},"og_locale":"pt_BR","og_type":"article","og_title":"Prefeitura abre inscri\u00e7\u00f5es para espa\u00e7os Sou Gamer e Sou Geek no \u2018#SouManaus 2025\u2019","og_description":"A Prefeitura de Manaus, por meio da Secretaria Municipal do Trabalho, Empreendedorismo e Inova\u00e7\u00e3o (Semtepi), abriu inscri\u00e7\u00f5es para participa\u00e7\u00e3o nos espa\u00e7os Sou Gamer e Sou Geek, durante o festival \u201c#SouManaus Passo a Pa\u00e7o 2025\u201d, que acontece nos dias 5, 6 e 7 de setembro, no centro hist\u00f3rico da capital.","og_url":"https:\/\/www.manaus.am.gov.br\/manauscult\/prefeitura-semtepi-sougamer\/","og_site_name":"MANAUSCULT","article_published_time":"2025-09-02T16:48:48+00:00","article_modified_time":"2025-09-02T16:48:49+00:00","og_image":[{"width":800,"height":564,"url":"https:\/\/www.manaus.am.gov.br\/manauscult\/wp-content\/uploads\/sites\/11\/2025\/09\/Gamer-semtepi.jpg","type":"image\/jpeg"}],"author":"Adriana Costa","twitter_card":"summary_large_image","twitter_misc":{"Written by":"Adriana Costa","Est. reading time":"2 minutos"},"schema":{"@context":"https:\/\/schema.org","@graph":[{"@type":"WebPage","@id":"https:\/\/www.manaus.am.gov.br\/manauscult\/prefeitura-semtepi-sougamer\/","url":"https:\/\/www.manaus.am.gov.br\/manauscult\/prefeitura-semtepi-sougamer\/","name":"Prefeitura abre inscri\u00e7\u00f5es para espa\u00e7os Sou Gamer e Sou Geek no \u2018#SouManaus 2025\u2019","isPartOf":{"@id":"https:\/\/www.manaus.am.gov.br\/manauscult\/#website"},"primaryImageOfPage":{"@id":"https:\/\/www.manaus.am.gov.br\/manauscult\/prefeitura-semtepi-sougamer\/#primaryimage"},"image":{"@id":"https:\/\/www.manaus.am.gov.br\/manauscult\/prefeitura-semtepi-sougamer\/#primaryimage"},"thumbnailUrl":"https:\/\/www.manaus.am.gov.br\/manauscult\/wp-content\/uploads\/sites\/11\/2025\/09\/Gamer-semtepi.jpg","datePublished":"2025-09-02T16:48:48+00:00","dateModified":"2025-09-02T16:48:49+00:00","author":{"@id":"https:\/\/www.manaus.am.gov.br\/manauscult\/#\/schema\/person\/4e49f4e267757a06ca072ec61b2b9968"},"description":"A Prefeitura de Manaus, por meio da Secretaria Municipal do Trabalho, Empreendedorismo e Inova\u00e7\u00e3o (Semtepi), abriu inscri\u00e7\u00f5es para participa\u00e7\u00e3o nos espa\u00e7os Sou Gamer e Sou Geek, durante o festival \u201c#SouManaus Passo a Pa\u00e7o 2025\u201d, que acontece nos dias 5, 6 e 7 de setembro, no centro hist\u00f3rico da capital.","breadcrumb":{"@id":"https:\/\/www.manaus.am.gov.br\/manauscult\/prefeitura-semtepi-sougamer\/#breadcrumb"},"inLanguage":"pt-BR","potentialAction":[{"@type":"ReadAction","target":["https:\/\/www.manaus.am.gov.br\/manauscult\/prefeitura-semtepi-sougamer\/"]}]},{"@type":"ImageObject","inLanguage":"pt-BR","@id":"https:\/\/www.manaus.am.gov.br\/manauscult\/prefeitura-semtepi-sougamer\/#primaryimage","url":"https:\/\/www.manaus.am.gov.br\/manauscult\/wp-content\/uploads\/sites\/11\/2025\/09\/Gamer-semtepi.jpg","contentUrl":"https:\/\/www.manaus.am.gov.br\/manauscult\/wp-content\/uploads\/sites\/11\/2025\/09\/Gamer-semtepi.jpg","width":800,"height":564},{"@type":"BreadcrumbList","@id":"https:\/\/www.manaus.am.gov.br\/manauscult\/prefeitura-semtepi-sougamer\/#breadcrumb","itemListElement":[{"@type":"ListItem","position":1,"name":"Home","item":"https:\/\/www.manaus.am.gov.br\/manauscult\/"},{"@type":"ListItem","position":2,"name":"Prefeitura abre inscri\u00e7\u00f5es para espa\u00e7os Sou Gamer e Sou Geek no \u2018#SouManaus 2025\u2019"}]},{"@type":"WebSite","@id":"https:\/\/www.manaus.am.gov.br\/manauscult\/#website","url":"https:\/\/www.manaus.am.gov.br\/manauscult\/","name":"MANAUSCULT","description":"Prefeitura de Manaus","potentialAction":[{"@type":"SearchAction","target":{"@type":"EntryPoint","urlTemplate":"https:\/\/www.manaus.am.gov.br\/manauscult\/?s={search_term_string}"},"query-input":"required name=search_term_string"}],"inLanguage":"pt-BR"},{"@type":"Person","@id":"https:\/\/www.manaus.am.gov.br\/manauscult\/#\/schema\/person\/4e49f4e267757a06ca072ec61b2b9968","name":"Adriana Costa","image":{"@type":"ImageObject","inLanguage":"pt-BR","@id":"https:\/\/www.manaus.am.gov.br\/manauscult\/#\/schema\/person\/image\/","url":"https:\/\/secure.gravatar.com\/avatar\/576258617ef7194f718179e766d57bd4?s=96&d=mm&r=g","contentUrl":"https:\/\/secure.gravatar.com\/avatar\/576258617ef7194f718179e766d57bd4?s=96&d=mm&r=g","caption":"Adriana Costa"}}]}},"_links":{"self":[{"href":"https:\/\/www.manaus.am.gov.br\/manauscult\/wp-json\/wp\/v2\/posts\/4520"}],"collection":[{"href":"https:\/\/www.manaus.am.gov.br\/manauscult\/wp-json\/wp\/v2\/posts"}],"about":[{"href":"https:\/\/www.manaus.am.gov.br\/manauscult\/wp-json\/wp\/v2\/types\/post"}],"author":[{"embeddable":true,"href":"https:\/\/www.manaus.am.gov.br\/manauscult\/wp-json\/wp\/v2\/users\/23"}],"replies":[{"embeddable":true,"href":"https:\/\/www.manaus.am.gov.br\/manauscult\/wp-json\/wp\/v2\/comments?post=4520"}],"version-history":[{"count":0,"href":"https:\/\/www.manaus.am.gov.br\/manauscult\/wp-json\/wp\/v2\/posts\/4520\/revisions"}],"wp:featuredmedia":[{"embeddable":true,"href":"https:\/\/www.manaus.am.gov.br\/manauscult\/wp-json\/wp\/v2\/media\/4521"}],"wp:attachment":[{"href":"https:\/\/www.manaus.am.gov.br\/manauscult\/wp-json\/wp\/v2\/media?parent=4520"}],"wp:term":[{"taxonomy":"category","embeddable":true,"href":"https:\/\/www.manaus.am.gov.br\/manauscult\/wp-json\/wp\/v2\/categories?post=4520"},{"taxonomy":"post_tag","embeddable":true,"href":"https:\/\/www.manaus.am.gov.br\/manauscult\/wp-json\/wp\/v2\/tags?post=4520"}],"curies":[{"name":"wp","href":"https:\/\/api.w.org\/{rel}","templated":true}]}}