{"id":4504,"date":"2025-09-01T10:12:44","date_gmt":"2025-09-01T14:12:44","guid":{"rendered":"https:\/\/www.manaus.am.gov.br\/manauscult\/prefeitura-soumanaus-aulashowgastronomia\/"},"modified":"2025-09-01T10:12:46","modified_gmt":"2025-09-01T14:12:46","slug":"prefeitura-soumanaus-aulashowgastronomia","status":"publish","type":"post","link":"https:\/\/www.manaus.am.gov.br\/manauscult\/prefeitura-soumanaus-aulashowgastronomia\/","title":{"rendered":"\u2018Aula-Show de Gastronomia\u2019 celebra culin\u00e1ria amaz\u00f4nica no festival"},"content":{"rendered":"\n<p>A Prefeitura de Manaus, por meio da Funda\u00e7\u00e3o Municipal de Cultura, Turismo e Eventos (ManausCult), realiza na quinta-feira, 4\/9, das 9h \u00e0s 14h, no Mercado de Origem da Amaz\u00f4nia (complexo Booth Line), a \u201cAula-Show de Gastronomia\u201d, que integra a programa\u00e7\u00e3o oficial do \u201c#SouManaus Passo a Pa\u00e7o 2025\u201d, o maior festival gratuito de artes integradas do Brasil, que acontece nos dias 5, 6 e 7 de setembro, mas com in\u00edcio das atividades este ano j\u00e1 no dia 2 de setembro.<\/p>\n\n\n\n<p>O encontro reunir\u00e1 chefs de destaque da cena regional, que ir\u00e3o compartilhar t\u00e9cnicas, hist\u00f3rias e sabores que fazem da culin\u00e1ria amaz\u00f4nica um patrim\u00f4nio cultural \u00fanico. Ap\u00f3s as apresenta\u00e7\u00f5es, o p\u00fablico poder\u00e1 participar de uma roda de conversa e de sorteios especiais, encerrando a programa\u00e7\u00e3o \u00e0s 14h.<\/p>\n\n\n\n<p>Muito al\u00e9m de uma celebra\u00e7\u00e3o gastron\u00f4mica, a aula-show refor\u00e7a a candidatura de Manaus \u00e0 Rede de Cidades Criativas da Unesco, na categoria Gastronomia. O evento evidencia a pot\u00eancia da culin\u00e1ria local como elemento de identidade, sustentabilidade e desenvolvimento criativo.<\/p>\n\n\n\n<p>Segundo o diretor-presidente da ManausCult, Jender Lobato, a iniciativa vai al\u00e9m de uma mostra de sabores. \u201cA aula-show \u00e9 um espa\u00e7o onde a gastronomia dialoga com a cultura e a tradi\u00e7\u00e3o, revelando Manaus como uma cidade viva, criativa e cheia de pertencimento. Esse \u00e9 o esp\u00edrito do \u2018#SouManaus\u2019, um festival que celebra quem somos e projeta a nossa capital para o mundo\u201d, destacou.<\/p>\n\n\n\n<p>Chefs renomados<\/p>\n\n\n\n<p>Entre os convidados que traduzem a grandiosidade da gastronomia regional, destacam-se nomes de relev\u00e2ncia no cen\u00e1rio local e nacional. A chef Maria do C\u00e9u Athayde, amazonense com vasta experi\u00eancia no Brasil e no exterior, \u00e9 reconhecida pela pesquisa e valoriza\u00e7\u00e3o da cozinha de origem da Amaz\u00f4nia. \u00cdcone da gastronomia local, j\u00e1 marcou presen\u00e7a em diversos festivais e \u00e9 refer\u00eancia quando o assunto \u00e9 tradi\u00e7\u00e3o culin\u00e1ria amaz\u00f4nica.<\/p>\n\n\n\n<p>Outro nome de peso \u00e9 o chef Cl\u00e1udio Proc\u00f3pio, carioca de nascimento e amazonense de cora\u00e7\u00e3o, propriet\u00e1rio da Taberna do Chef Proc\u00f3pio, localizada no mercado municipal Adolpho Lisboa. Eleito Embaixador Gastron\u00f4mico do Norte pelo Pr\u00eamio D\u00f3lm\u00e3, Proc\u00f3pio \u00e9 tamb\u00e9m presidente da Associa\u00e7\u00e3o Amazonense de Gastronomia, sendo um dos principais nomes na defesa da culin\u00e1ria regional.<\/p>\n\n\n\n<p>A chef Selma Holanda dos Reis, natural de Novo Aripuan\u00e3, que \u00e9 uma das mais renomadas chefs do Amazonas, tamb\u00e9m tem presen\u00e7a confirmada no evento. Ela tem mais de 30 anos de atua\u00e7\u00e3o no Emp\u00f3rio dos Reis e lideran\u00e7a em restaurantes como Zefinha Amazonas e Cadeira de Macarr\u00e3o. Reconhecida por valorizar a culin\u00e1ria de raiz, Selma tamb\u00e9m foi apresentadora do programa \u201cSabores da Amaz\u00f4nia\u201d e jurada em competi\u00e7\u00f5es gastron\u00f4micas.<\/p>\n\n\n\n<p>O encontro ter\u00e1 media\u00e7\u00e3o do chef Heraldo Oliveira, mineiro de nascimento e manauara de cora\u00e7\u00e3o, \u00e9 gastr\u00f3logo, especialista em Hotelaria e Gastronomia, mestre em Estudos Culturais Contempor\u00e2neos e gestor do Centro de Turismo e Hospitalidade do Senac Amazonas. Atuou como professor, consultor e gestor em diferentes segmentos gastron\u00f4micos em Minas Gerais e no Amazonas, acumulando mais de 30 anos de experi\u00eancia. Premiado pelo Senac Minas por seu trabalho em sustentabilidade e combate ao desperd\u00edcio de alimentos, foi curador de festivais gastron\u00f4micos em Minas Gerais e participa ativamente da candidatura de Manaus \u00e0 Rede de Cidades Criativas da Gastronomia da Unesco. Seu lema \u00e9 \u201cA Gastronomia \u00e9 uma Arte Infinita\u201d.<\/p>\n\n\n\n<p>Festival<\/p>\n\n\n\n<p>O \u201c#SouManaus Passo a Pa\u00e7o 2025\u201d chega \u00e0 10\u00aa edi\u00e7\u00e3o transformando o centro hist\u00f3rico em um verdadeiro corredor de experi\u00eancias sensoriais. Ser\u00e3o tr\u00eas dias de viv\u00eancia cultural, com mais de 20 atra\u00e7\u00f5es nacionais e quase &nbsp;3.000 artistas regionais, ocupando palcos tem\u00e1ticos e espa\u00e7os alternativos com m\u00fasica, dan\u00e7a, teatro, artes visuais, moda, gastronomia e interven\u00e7\u00f5es urbanas.<\/p>\n\n\n\n<p>Muito mais que uma maratona de shows, o festival \u00e9 um movimento de valoriza\u00e7\u00e3o da identidade amaz\u00f4nica e um convite \u00e0 viv\u00eancia da cidade em toda a sua diversidade.<\/p>\n\n\n\n<p>&#8212; &#8212; &#8212;<\/p>\n\n\n\n<p><strong>Texto\u00a0<\/strong>&#8211; J\u00e9ssica Trajano\/ManausCult<\/p>\n\n\n\n<p><strong>Fotos <\/strong>\u2013 Arquivo\/Semcom e Divulga\u00e7\u00e3o <\/p>\n","protected":false},"excerpt":{"rendered":"","protected":false},"author":23,"featured_media":4505,"comment_status":"closed","ping_status":"closed","sticky":false,"template":"","format":"standard","meta":{"footnotes":""},"categories":[508],"tags":[183,1623,1624,234,11],"acf":[],"yoast_head":"<!-- This site is optimized with the Yoast SEO plugin v23.0 - https:\/\/yoast.com\/wordpress\/plugins\/seo\/ -->\n<title>\u2018Aula-Show de Gastronomia\u2019 celebra culin\u00e1ria amaz\u00f4nica no festival<\/title>\n<meta name=\"description\" content=\"A Prefeitura de Manaus, por meio da Funda\u00e7\u00e3o Municipal de Cultura, Turismo e Eventos (ManausCult), realiza na quinta-feira, 4\/9, das 9h \u00e0s 14h, no Mercado de Origem da Amaz\u00f4nia (complexo Booth Line), a \u201cAula-Show de Gastronomia\u201d\" \/>\n<meta name=\"robots\" content=\"noindex, follow\" \/>\n<meta property=\"og:locale\" content=\"pt_BR\" \/>\n<meta property=\"og:type\" content=\"article\" \/>\n<meta property=\"og:title\" content=\"\u2018Aula-Show de Gastronomia\u2019 celebra culin\u00e1ria amaz\u00f4nica no festival\" \/>\n<meta property=\"og:description\" content=\"A Prefeitura de Manaus, por meio da Funda\u00e7\u00e3o Municipal de Cultura, Turismo e Eventos (ManausCult), realiza na quinta-feira, 4\/9, das 9h \u00e0s 14h, no Mercado de Origem da Amaz\u00f4nia (complexo Booth Line), a \u201cAula-Show de Gastronomia\u201d\" \/>\n<meta property=\"og:url\" content=\"https:\/\/www.manaus.am.gov.br\/manauscult\/prefeitura-soumanaus-aulashowgastronomia\/\" \/>\n<meta property=\"og:site_name\" content=\"MANAUSCULT\" \/>\n<meta property=\"article:published_time\" content=\"2025-09-01T14:12:44+00:00\" \/>\n<meta property=\"article:modified_time\" content=\"2025-09-01T14:12:46+00:00\" \/>\n<meta property=\"og:image\" content=\"https:\/\/www.manaus.am.gov.br\/manauscult\/wp-content\/uploads\/sites\/11\/2025\/09\/54296067560_42e4292ef1_c.jpg\" \/>\n\t<meta property=\"og:image:width\" content=\"799\" \/>\n\t<meta property=\"og:image:height\" content=\"533\" \/>\n\t<meta property=\"og:image:type\" content=\"image\/jpeg\" \/>\n<meta name=\"author\" content=\"Adriana Costa\" \/>\n<meta name=\"twitter:card\" content=\"summary_large_image\" \/>\n<meta name=\"twitter:label1\" content=\"Written by\" \/>\n\t<meta name=\"twitter:data1\" content=\"Adriana Costa\" \/>\n\t<meta name=\"twitter:label2\" content=\"Est. reading time\" \/>\n\t<meta name=\"twitter:data2\" content=\"4 minutos\" \/>\n<script type=\"application\/ld+json\" class=\"yoast-schema-graph\">{\"@context\":\"https:\/\/schema.org\",\"@graph\":[{\"@type\":\"WebPage\",\"@id\":\"https:\/\/www.manaus.am.gov.br\/manauscult\/prefeitura-soumanaus-aulashowgastronomia\/\",\"url\":\"https:\/\/www.manaus.am.gov.br\/manauscult\/prefeitura-soumanaus-aulashowgastronomia\/\",\"name\":\"\u2018Aula-Show de Gastronomia\u2019 celebra culin\u00e1ria amaz\u00f4nica no festival\",\"isPartOf\":{\"@id\":\"https:\/\/www.manaus.am.gov.br\/manauscult\/#website\"},\"primaryImageOfPage\":{\"@id\":\"https:\/\/www.manaus.am.gov.br\/manauscult\/prefeitura-soumanaus-aulashowgastronomia\/#primaryimage\"},\"image\":{\"@id\":\"https:\/\/www.manaus.am.gov.br\/manauscult\/prefeitura-soumanaus-aulashowgastronomia\/#primaryimage\"},\"thumbnailUrl\":\"https:\/\/www.manaus.am.gov.br\/manauscult\/wp-content\/uploads\/sites\/11\/2025\/09\/54296067560_42e4292ef1_c.jpg\",\"datePublished\":\"2025-09-01T14:12:44+00:00\",\"dateModified\":\"2025-09-01T14:12:46+00:00\",\"author\":{\"@id\":\"https:\/\/www.manaus.am.gov.br\/manauscult\/#\/schema\/person\/4e49f4e267757a06ca072ec61b2b9968\"},\"description\":\"A Prefeitura de Manaus, por meio da Funda\u00e7\u00e3o Municipal de Cultura, Turismo e Eventos (ManausCult), realiza na quinta-feira, 4\/9, das 9h \u00e0s 14h, no Mercado de Origem da Amaz\u00f4nia (complexo Booth Line), a \u201cAula-Show de Gastronomia\u201d\",\"breadcrumb\":{\"@id\":\"https:\/\/www.manaus.am.gov.br\/manauscult\/prefeitura-soumanaus-aulashowgastronomia\/#breadcrumb\"},\"inLanguage\":\"pt-BR\",\"potentialAction\":[{\"@type\":\"ReadAction\",\"target\":[\"https:\/\/www.manaus.am.gov.br\/manauscult\/prefeitura-soumanaus-aulashowgastronomia\/\"]}]},{\"@type\":\"ImageObject\",\"inLanguage\":\"pt-BR\",\"@id\":\"https:\/\/www.manaus.am.gov.br\/manauscult\/prefeitura-soumanaus-aulashowgastronomia\/#primaryimage\",\"url\":\"https:\/\/www.manaus.am.gov.br\/manauscult\/wp-content\/uploads\/sites\/11\/2025\/09\/54296067560_42e4292ef1_c.jpg\",\"contentUrl\":\"https:\/\/www.manaus.am.gov.br\/manauscult\/wp-content\/uploads\/sites\/11\/2025\/09\/54296067560_42e4292ef1_c.jpg\",\"width\":799,\"height\":533},{\"@type\":\"BreadcrumbList\",\"@id\":\"https:\/\/www.manaus.am.gov.br\/manauscult\/prefeitura-soumanaus-aulashowgastronomia\/#breadcrumb\",\"itemListElement\":[{\"@type\":\"ListItem\",\"position\":1,\"name\":\"Home\",\"item\":\"https:\/\/www.manaus.am.gov.br\/manauscult\/\"},{\"@type\":\"ListItem\",\"position\":2,\"name\":\"\u2018Aula-Show de Gastronomia\u2019 celebra culin\u00e1ria amaz\u00f4nica no festival\"}]},{\"@type\":\"WebSite\",\"@id\":\"https:\/\/www.manaus.am.gov.br\/manauscult\/#website\",\"url\":\"https:\/\/www.manaus.am.gov.br\/manauscult\/\",\"name\":\"MANAUSCULT\",\"description\":\"Prefeitura de Manaus\",\"potentialAction\":[{\"@type\":\"SearchAction\",\"target\":{\"@type\":\"EntryPoint\",\"urlTemplate\":\"https:\/\/www.manaus.am.gov.br\/manauscult\/?s={search_term_string}\"},\"query-input\":\"required name=search_term_string\"}],\"inLanguage\":\"pt-BR\"},{\"@type\":\"Person\",\"@id\":\"https:\/\/www.manaus.am.gov.br\/manauscult\/#\/schema\/person\/4e49f4e267757a06ca072ec61b2b9968\",\"name\":\"Adriana Costa\",\"image\":{\"@type\":\"ImageObject\",\"inLanguage\":\"pt-BR\",\"@id\":\"https:\/\/www.manaus.am.gov.br\/manauscult\/#\/schema\/person\/image\/\",\"url\":\"https:\/\/secure.gravatar.com\/avatar\/576258617ef7194f718179e766d57bd4?s=96&d=mm&r=g\",\"contentUrl\":\"https:\/\/secure.gravatar.com\/avatar\/576258617ef7194f718179e766d57bd4?s=96&d=mm&r=g\",\"caption\":\"Adriana Costa\"}}]}<\/script>\n<!-- \/ Yoast SEO plugin. -->","yoast_head_json":{"title":"\u2018Aula-Show de Gastronomia\u2019 celebra culin\u00e1ria amaz\u00f4nica no festival","description":"A Prefeitura de Manaus, por meio da Funda\u00e7\u00e3o Municipal de Cultura, Turismo e Eventos (ManausCult), realiza na quinta-feira, 4\/9, das 9h \u00e0s 14h, no Mercado de Origem da Amaz\u00f4nia (complexo Booth Line), a \u201cAula-Show de Gastronomia\u201d","robots":{"index":"noindex","follow":"follow"},"og_locale":"pt_BR","og_type":"article","og_title":"\u2018Aula-Show de Gastronomia\u2019 celebra culin\u00e1ria amaz\u00f4nica no festival","og_description":"A Prefeitura de Manaus, por meio da Funda\u00e7\u00e3o Municipal de Cultura, Turismo e Eventos (ManausCult), realiza na quinta-feira, 4\/9, das 9h \u00e0s 14h, no Mercado de Origem da Amaz\u00f4nia (complexo Booth Line), a \u201cAula-Show de Gastronomia\u201d","og_url":"https:\/\/www.manaus.am.gov.br\/manauscult\/prefeitura-soumanaus-aulashowgastronomia\/","og_site_name":"MANAUSCULT","article_published_time":"2025-09-01T14:12:44+00:00","article_modified_time":"2025-09-01T14:12:46+00:00","og_image":[{"width":799,"height":533,"url":"https:\/\/www.manaus.am.gov.br\/manauscult\/wp-content\/uploads\/sites\/11\/2025\/09\/54296067560_42e4292ef1_c.jpg","type":"image\/jpeg"}],"author":"Adriana Costa","twitter_card":"summary_large_image","twitter_misc":{"Written by":"Adriana Costa","Est. reading time":"4 minutos"},"schema":{"@context":"https:\/\/schema.org","@graph":[{"@type":"WebPage","@id":"https:\/\/www.manaus.am.gov.br\/manauscult\/prefeitura-soumanaus-aulashowgastronomia\/","url":"https:\/\/www.manaus.am.gov.br\/manauscult\/prefeitura-soumanaus-aulashowgastronomia\/","name":"\u2018Aula-Show de Gastronomia\u2019 celebra culin\u00e1ria amaz\u00f4nica no festival","isPartOf":{"@id":"https:\/\/www.manaus.am.gov.br\/manauscult\/#website"},"primaryImageOfPage":{"@id":"https:\/\/www.manaus.am.gov.br\/manauscult\/prefeitura-soumanaus-aulashowgastronomia\/#primaryimage"},"image":{"@id":"https:\/\/www.manaus.am.gov.br\/manauscult\/prefeitura-soumanaus-aulashowgastronomia\/#primaryimage"},"thumbnailUrl":"https:\/\/www.manaus.am.gov.br\/manauscult\/wp-content\/uploads\/sites\/11\/2025\/09\/54296067560_42e4292ef1_c.jpg","datePublished":"2025-09-01T14:12:44+00:00","dateModified":"2025-09-01T14:12:46+00:00","author":{"@id":"https:\/\/www.manaus.am.gov.br\/manauscult\/#\/schema\/person\/4e49f4e267757a06ca072ec61b2b9968"},"description":"A Prefeitura de Manaus, por meio da Funda\u00e7\u00e3o Municipal de Cultura, Turismo e Eventos (ManausCult), realiza na quinta-feira, 4\/9, das 9h \u00e0s 14h, no Mercado de Origem da Amaz\u00f4nia (complexo Booth Line), a \u201cAula-Show de Gastronomia\u201d","breadcrumb":{"@id":"https:\/\/www.manaus.am.gov.br\/manauscult\/prefeitura-soumanaus-aulashowgastronomia\/#breadcrumb"},"inLanguage":"pt-BR","potentialAction":[{"@type":"ReadAction","target":["https:\/\/www.manaus.am.gov.br\/manauscult\/prefeitura-soumanaus-aulashowgastronomia\/"]}]},{"@type":"ImageObject","inLanguage":"pt-BR","@id":"https:\/\/www.manaus.am.gov.br\/manauscult\/prefeitura-soumanaus-aulashowgastronomia\/#primaryimage","url":"https:\/\/www.manaus.am.gov.br\/manauscult\/wp-content\/uploads\/sites\/11\/2025\/09\/54296067560_42e4292ef1_c.jpg","contentUrl":"https:\/\/www.manaus.am.gov.br\/manauscult\/wp-content\/uploads\/sites\/11\/2025\/09\/54296067560_42e4292ef1_c.jpg","width":799,"height":533},{"@type":"BreadcrumbList","@id":"https:\/\/www.manaus.am.gov.br\/manauscult\/prefeitura-soumanaus-aulashowgastronomia\/#breadcrumb","itemListElement":[{"@type":"ListItem","position":1,"name":"Home","item":"https:\/\/www.manaus.am.gov.br\/manauscult\/"},{"@type":"ListItem","position":2,"name":"\u2018Aula-Show de Gastronomia\u2019 celebra culin\u00e1ria amaz\u00f4nica no festival"}]},{"@type":"WebSite","@id":"https:\/\/www.manaus.am.gov.br\/manauscult\/#website","url":"https:\/\/www.manaus.am.gov.br\/manauscult\/","name":"MANAUSCULT","description":"Prefeitura de Manaus","potentialAction":[{"@type":"SearchAction","target":{"@type":"EntryPoint","urlTemplate":"https:\/\/www.manaus.am.gov.br\/manauscult\/?s={search_term_string}"},"query-input":"required name=search_term_string"}],"inLanguage":"pt-BR"},{"@type":"Person","@id":"https:\/\/www.manaus.am.gov.br\/manauscult\/#\/schema\/person\/4e49f4e267757a06ca072ec61b2b9968","name":"Adriana Costa","image":{"@type":"ImageObject","inLanguage":"pt-BR","@id":"https:\/\/www.manaus.am.gov.br\/manauscult\/#\/schema\/person\/image\/","url":"https:\/\/secure.gravatar.com\/avatar\/576258617ef7194f718179e766d57bd4?s=96&d=mm&r=g","contentUrl":"https:\/\/secure.gravatar.com\/avatar\/576258617ef7194f718179e766d57bd4?s=96&d=mm&r=g","caption":"Adriana Costa"}}]}},"_links":{"self":[{"href":"https:\/\/www.manaus.am.gov.br\/manauscult\/wp-json\/wp\/v2\/posts\/4504"}],"collection":[{"href":"https:\/\/www.manaus.am.gov.br\/manauscult\/wp-json\/wp\/v2\/posts"}],"about":[{"href":"https:\/\/www.manaus.am.gov.br\/manauscult\/wp-json\/wp\/v2\/types\/post"}],"author":[{"embeddable":true,"href":"https:\/\/www.manaus.am.gov.br\/manauscult\/wp-json\/wp\/v2\/users\/23"}],"replies":[{"embeddable":true,"href":"https:\/\/www.manaus.am.gov.br\/manauscult\/wp-json\/wp\/v2\/comments?post=4504"}],"version-history":[{"count":0,"href":"https:\/\/www.manaus.am.gov.br\/manauscult\/wp-json\/wp\/v2\/posts\/4504\/revisions"}],"wp:featuredmedia":[{"embeddable":true,"href":"https:\/\/www.manaus.am.gov.br\/manauscult\/wp-json\/wp\/v2\/media\/4505"}],"wp:attachment":[{"href":"https:\/\/www.manaus.am.gov.br\/manauscult\/wp-json\/wp\/v2\/media?parent=4504"}],"wp:term":[{"taxonomy":"category","embeddable":true,"href":"https:\/\/www.manaus.am.gov.br\/manauscult\/wp-json\/wp\/v2\/categories?post=4504"},{"taxonomy":"post_tag","embeddable":true,"href":"https:\/\/www.manaus.am.gov.br\/manauscult\/wp-json\/wp\/v2\/tags?post=4504"}],"curies":[{"name":"wp","href":"https:\/\/api.w.org\/{rel}","templated":true}]}}