{"id":4458,"date":"2025-08-28T14:28:44","date_gmt":"2025-08-28T18:28:44","guid":{"rendered":"https:\/\/www.manaus.am.gov.br\/manauscult\/projeto-uma-tarde-no-museu-programacao\/"},"modified":"2025-08-28T14:29:44","modified_gmt":"2025-08-28T18:29:44","slug":"projeto-uma-tarde-no-museu-programacao","status":"publish","type":"post","link":"https:\/\/www.manaus.am.gov.br\/manauscult\/projeto-uma-tarde-no-museu-programacao\/","title":{"rendered":"Projeto \u2018Uma Tarde no Museu\u2019 da prefeitura retorna com programa\u00e7\u00e3o interativa no Museu da Cidade de Manaus"},"content":{"rendered":"\n<p>A Prefeitura de Manaus, por meio da Funda\u00e7\u00e3o Municipal de Cultura, Turismo e Eventos (Manauscult), retoma, nesta sexta-feira, 29\/8, a partir das 14h, mais uma edi\u00e7\u00e3o do projeto \u201cUma Tarde no Museu\u201d, no Museu da Cidade de Manaus (Muma), no centro hist\u00f3rico da cidade. A iniciativa convida o p\u00fablico a embarcar em uma verdadeira viagem no tempo, com visitas guiadas encenadas por personagens hist\u00f3ricos que ganham vida por meio dos monitores do espa\u00e7o.<\/p>\n\n\n\n<p>Com uma programa\u00e7\u00e3o l\u00fadica, criativa e educativa, o projeto busca aproximar a popula\u00e7\u00e3o do patrim\u00f4nio art\u00edstico e hist\u00f3rico da capital amazonense, fortalecendo a identidade cultural manauara, por meio da educa\u00e7\u00e3o patrimonial e da arte.<\/p>\n\n\n\n<p><br>O diretor-presidente da Manauscult, Jender Lobato, destacou a import\u00e2ncia da iniciativa para o fortalecimento da mem\u00f3ria da cidade. \u201cO projeto \u2018Uma Tarde no Museu\u2019 \u00e9 uma oportunidade de aproximar as pessoas da nossa hist\u00f3ria de forma acess\u00edvel, interativa e envolvente. Queremos que cada visitante se sinta parte dessa narrativa e reconhe\u00e7a a riqueza cultural de Manaus\u201d, afirmou.<\/p>\n\n\n\n<p><br>A primeira edi\u00e7\u00e3o, realizada em 11 de julho, contou com a participa\u00e7\u00e3o de alunos do Centro Integrado Municipal de Educa\u00e7\u00e3o (Cime) e encantou os presentes. Agora, o projeto se expande, buscando novas parcerias com escolas, institui\u00e7\u00f5es de ensino e comunidades locais, ampliando o acesso e o di\u00e1logo com a popula\u00e7\u00e3o.<\/p>\n\n\n\n<p><br>Os interessados podem agendar visitas e levar suas turmas escolares ou comunidades para participar dessa experi\u00eancia cultural. Mais informa\u00e7\u00f5es e agendamentos podem ser feitos pelo e-mail:&nbsp;<a href=\"mailto:museu.manaus@gmail.com\" target=\"_blank\" rel=\"noreferrer noopener\">museu.manaus@gmail.com<\/a>.<\/p>\n\n\n\n<p>&#8212; &#8212; &#8212;<\/p>\n\n\n\n<p><strong>Texto &#8211;<\/strong>\u00a0J\u00e9ssica Trajano\/Manauscult\u00a0<\/p>\n\n\n\n<p><strong>Foto <\/strong>\u2013 Arquivo\/Manauscult<\/p>\n","protected":false},"excerpt":{"rendered":"","protected":false},"author":39,"featured_media":4459,"comment_status":"closed","ping_status":"closed","sticky":false,"template":"","format":"standard","meta":{"footnotes":""},"categories":[12],"tags":[9,929,11,1610,1611],"acf":[],"yoast_head":"<!-- This site is optimized with the Yoast SEO plugin v23.0 - https:\/\/yoast.com\/wordpress\/plugins\/seo\/ -->\n<title>Projeto \u2018Uma Tarde no Museu\u2019 retorna com programa\u00e7\u00e3o no Muma<\/title>\n<meta name=\"description\" content=\"Projeto \u2018Uma Tarde no Museu\u2019 da prefeitura retorna com programa\u00e7\u00e3o interativa no Museu da Cidade de Manaus.\" \/>\n<meta name=\"robots\" content=\"noindex, follow\" \/>\n<meta property=\"og:locale\" content=\"pt_BR\" \/>\n<meta property=\"og:type\" content=\"article\" \/>\n<meta property=\"og:title\" content=\"Projeto \u2018Uma Tarde no Museu\u2019 retorna com programa\u00e7\u00e3o no Muma\" \/>\n<meta property=\"og:description\" content=\"Projeto \u2018Uma Tarde no Museu\u2019 da prefeitura retorna com programa\u00e7\u00e3o interativa no Museu da Cidade de Manaus.\" \/>\n<meta property=\"og:url\" content=\"https:\/\/www.manaus.am.gov.br\/manauscult\/projeto-uma-tarde-no-museu-programacao\/\" \/>\n<meta property=\"og:site_name\" content=\"MANAUSCULT\" \/>\n<meta property=\"article:published_time\" content=\"2025-08-28T18:28:44+00:00\" \/>\n<meta property=\"article:modified_time\" content=\"2025-08-28T18:29:44+00:00\" \/>\n<meta property=\"og:image\" content=\"https:\/\/www.manaus.am.gov.br\/manauscult\/wp-content\/uploads\/sites\/11\/2025\/08\/WhatsApp-Image-2025-05-18-at-12.38.40-1024x682-1.jpeg\" \/>\n\t<meta property=\"og:image:width\" content=\"1024\" \/>\n\t<meta property=\"og:image:height\" content=\"682\" \/>\n\t<meta property=\"og:image:type\" content=\"image\/jpeg\" \/>\n<meta name=\"author\" content=\"Bruna Greco\" \/>\n<meta name=\"twitter:card\" content=\"summary_large_image\" \/>\n<meta name=\"twitter:label1\" content=\"Written by\" \/>\n\t<meta name=\"twitter:data1\" content=\"Bruna Greco\" \/>\n\t<meta name=\"twitter:label2\" content=\"Est. reading time\" \/>\n\t<meta name=\"twitter:data2\" content=\"2 minutos\" \/>\n<script type=\"application\/ld+json\" class=\"yoast-schema-graph\">{\"@context\":\"https:\/\/schema.org\",\"@graph\":[{\"@type\":\"WebPage\",\"@id\":\"https:\/\/www.manaus.am.gov.br\/manauscult\/projeto-uma-tarde-no-museu-programacao\/\",\"url\":\"https:\/\/www.manaus.am.gov.br\/manauscult\/projeto-uma-tarde-no-museu-programacao\/\",\"name\":\"Projeto \u2018Uma Tarde no Museu\u2019 retorna com programa\u00e7\u00e3o no Muma\",\"isPartOf\":{\"@id\":\"https:\/\/www.manaus.am.gov.br\/manauscult\/#website\"},\"primaryImageOfPage\":{\"@id\":\"https:\/\/www.manaus.am.gov.br\/manauscult\/projeto-uma-tarde-no-museu-programacao\/#primaryimage\"},\"image\":{\"@id\":\"https:\/\/www.manaus.am.gov.br\/manauscult\/projeto-uma-tarde-no-museu-programacao\/#primaryimage\"},\"thumbnailUrl\":\"https:\/\/www.manaus.am.gov.br\/manauscult\/wp-content\/uploads\/sites\/11\/2025\/08\/WhatsApp-Image-2025-05-18-at-12.38.40-1024x682-1.jpeg\",\"datePublished\":\"2025-08-28T18:28:44+00:00\",\"dateModified\":\"2025-08-28T18:29:44+00:00\",\"author\":{\"@id\":\"https:\/\/www.manaus.am.gov.br\/manauscult\/#\/schema\/person\/05d223aea2bf115f9883a6ff3683d81b\"},\"description\":\"Projeto \u2018Uma Tarde no Museu\u2019 da prefeitura retorna com programa\u00e7\u00e3o interativa no Museu da Cidade de Manaus.\",\"breadcrumb\":{\"@id\":\"https:\/\/www.manaus.am.gov.br\/manauscult\/projeto-uma-tarde-no-museu-programacao\/#breadcrumb\"},\"inLanguage\":\"pt-BR\",\"potentialAction\":[{\"@type\":\"ReadAction\",\"target\":[\"https:\/\/www.manaus.am.gov.br\/manauscult\/projeto-uma-tarde-no-museu-programacao\/\"]}]},{\"@type\":\"ImageObject\",\"inLanguage\":\"pt-BR\",\"@id\":\"https:\/\/www.manaus.am.gov.br\/manauscult\/projeto-uma-tarde-no-museu-programacao\/#primaryimage\",\"url\":\"https:\/\/www.manaus.am.gov.br\/manauscult\/wp-content\/uploads\/sites\/11\/2025\/08\/WhatsApp-Image-2025-05-18-at-12.38.40-1024x682-1.jpeg\",\"contentUrl\":\"https:\/\/www.manaus.am.gov.br\/manauscult\/wp-content\/uploads\/sites\/11\/2025\/08\/WhatsApp-Image-2025-05-18-at-12.38.40-1024x682-1.jpeg\",\"width\":1024,\"height\":682,\"caption\":\"#paratodosverem - Estudantes da Semed participando do projeto \u201cUma Tarde no Museu\u201d no Museu da Cidade de Manaus (Muma)\"},{\"@type\":\"BreadcrumbList\",\"@id\":\"https:\/\/www.manaus.am.gov.br\/manauscult\/projeto-uma-tarde-no-museu-programacao\/#breadcrumb\",\"itemListElement\":[{\"@type\":\"ListItem\",\"position\":1,\"name\":\"Home\",\"item\":\"https:\/\/www.manaus.am.gov.br\/manauscult\/\"},{\"@type\":\"ListItem\",\"position\":2,\"name\":\"Projeto \u2018Uma Tarde no Museu\u2019 da prefeitura retorna com programa\u00e7\u00e3o interativa no Museu da Cidade de Manaus\"}]},{\"@type\":\"WebSite\",\"@id\":\"https:\/\/www.manaus.am.gov.br\/manauscult\/#website\",\"url\":\"https:\/\/www.manaus.am.gov.br\/manauscult\/\",\"name\":\"MANAUSCULT\",\"description\":\"Prefeitura de Manaus\",\"potentialAction\":[{\"@type\":\"SearchAction\",\"target\":{\"@type\":\"EntryPoint\",\"urlTemplate\":\"https:\/\/www.manaus.am.gov.br\/manauscult\/?s={search_term_string}\"},\"query-input\":\"required name=search_term_string\"}],\"inLanguage\":\"pt-BR\"},{\"@type\":\"Person\",\"@id\":\"https:\/\/www.manaus.am.gov.br\/manauscult\/#\/schema\/person\/05d223aea2bf115f9883a6ff3683d81b\",\"name\":\"Bruna Greco\",\"image\":{\"@type\":\"ImageObject\",\"inLanguage\":\"pt-BR\",\"@id\":\"https:\/\/www.manaus.am.gov.br\/manauscult\/#\/schema\/person\/image\/\",\"url\":\"https:\/\/secure.gravatar.com\/avatar\/9c877d1a6adc2a055330e5c09a8653ce?s=96&d=mm&r=g\",\"contentUrl\":\"https:\/\/secure.gravatar.com\/avatar\/9c877d1a6adc2a055330e5c09a8653ce?s=96&d=mm&r=g\",\"caption\":\"Bruna Greco\"}}]}<\/script>\n<!-- \/ Yoast SEO plugin. -->","yoast_head_json":{"title":"Projeto \u2018Uma Tarde no Museu\u2019 retorna com programa\u00e7\u00e3o no Muma","description":"Projeto \u2018Uma Tarde no Museu\u2019 da prefeitura retorna com programa\u00e7\u00e3o interativa no Museu da Cidade de Manaus.","robots":{"index":"noindex","follow":"follow"},"og_locale":"pt_BR","og_type":"article","og_title":"Projeto \u2018Uma Tarde no Museu\u2019 retorna com programa\u00e7\u00e3o no Muma","og_description":"Projeto \u2018Uma Tarde no Museu\u2019 da prefeitura retorna com programa\u00e7\u00e3o interativa no Museu da Cidade de Manaus.","og_url":"https:\/\/www.manaus.am.gov.br\/manauscult\/projeto-uma-tarde-no-museu-programacao\/","og_site_name":"MANAUSCULT","article_published_time":"2025-08-28T18:28:44+00:00","article_modified_time":"2025-08-28T18:29:44+00:00","og_image":[{"width":1024,"height":682,"url":"https:\/\/www.manaus.am.gov.br\/manauscult\/wp-content\/uploads\/sites\/11\/2025\/08\/WhatsApp-Image-2025-05-18-at-12.38.40-1024x682-1.jpeg","type":"image\/jpeg"}],"author":"Bruna Greco","twitter_card":"summary_large_image","twitter_misc":{"Written by":"Bruna Greco","Est. reading time":"2 minutos"},"schema":{"@context":"https:\/\/schema.org","@graph":[{"@type":"WebPage","@id":"https:\/\/www.manaus.am.gov.br\/manauscult\/projeto-uma-tarde-no-museu-programacao\/","url":"https:\/\/www.manaus.am.gov.br\/manauscult\/projeto-uma-tarde-no-museu-programacao\/","name":"Projeto \u2018Uma Tarde no Museu\u2019 retorna com programa\u00e7\u00e3o no Muma","isPartOf":{"@id":"https:\/\/www.manaus.am.gov.br\/manauscult\/#website"},"primaryImageOfPage":{"@id":"https:\/\/www.manaus.am.gov.br\/manauscult\/projeto-uma-tarde-no-museu-programacao\/#primaryimage"},"image":{"@id":"https:\/\/www.manaus.am.gov.br\/manauscult\/projeto-uma-tarde-no-museu-programacao\/#primaryimage"},"thumbnailUrl":"https:\/\/www.manaus.am.gov.br\/manauscult\/wp-content\/uploads\/sites\/11\/2025\/08\/WhatsApp-Image-2025-05-18-at-12.38.40-1024x682-1.jpeg","datePublished":"2025-08-28T18:28:44+00:00","dateModified":"2025-08-28T18:29:44+00:00","author":{"@id":"https:\/\/www.manaus.am.gov.br\/manauscult\/#\/schema\/person\/05d223aea2bf115f9883a6ff3683d81b"},"description":"Projeto \u2018Uma Tarde no Museu\u2019 da prefeitura retorna com programa\u00e7\u00e3o interativa no Museu da Cidade de Manaus.","breadcrumb":{"@id":"https:\/\/www.manaus.am.gov.br\/manauscult\/projeto-uma-tarde-no-museu-programacao\/#breadcrumb"},"inLanguage":"pt-BR","potentialAction":[{"@type":"ReadAction","target":["https:\/\/www.manaus.am.gov.br\/manauscult\/projeto-uma-tarde-no-museu-programacao\/"]}]},{"@type":"ImageObject","inLanguage":"pt-BR","@id":"https:\/\/www.manaus.am.gov.br\/manauscult\/projeto-uma-tarde-no-museu-programacao\/#primaryimage","url":"https:\/\/www.manaus.am.gov.br\/manauscult\/wp-content\/uploads\/sites\/11\/2025\/08\/WhatsApp-Image-2025-05-18-at-12.38.40-1024x682-1.jpeg","contentUrl":"https:\/\/www.manaus.am.gov.br\/manauscult\/wp-content\/uploads\/sites\/11\/2025\/08\/WhatsApp-Image-2025-05-18-at-12.38.40-1024x682-1.jpeg","width":1024,"height":682,"caption":"#paratodosverem - Estudantes da Semed participando do projeto \u201cUma Tarde no Museu\u201d no Museu da Cidade de Manaus (Muma)"},{"@type":"BreadcrumbList","@id":"https:\/\/www.manaus.am.gov.br\/manauscult\/projeto-uma-tarde-no-museu-programacao\/#breadcrumb","itemListElement":[{"@type":"ListItem","position":1,"name":"Home","item":"https:\/\/www.manaus.am.gov.br\/manauscult\/"},{"@type":"ListItem","position":2,"name":"Projeto \u2018Uma Tarde no Museu\u2019 da prefeitura retorna com programa\u00e7\u00e3o interativa no Museu da Cidade de Manaus"}]},{"@type":"WebSite","@id":"https:\/\/www.manaus.am.gov.br\/manauscult\/#website","url":"https:\/\/www.manaus.am.gov.br\/manauscult\/","name":"MANAUSCULT","description":"Prefeitura de Manaus","potentialAction":[{"@type":"SearchAction","target":{"@type":"EntryPoint","urlTemplate":"https:\/\/www.manaus.am.gov.br\/manauscult\/?s={search_term_string}"},"query-input":"required name=search_term_string"}],"inLanguage":"pt-BR"},{"@type":"Person","@id":"https:\/\/www.manaus.am.gov.br\/manauscult\/#\/schema\/person\/05d223aea2bf115f9883a6ff3683d81b","name":"Bruna Greco","image":{"@type":"ImageObject","inLanguage":"pt-BR","@id":"https:\/\/www.manaus.am.gov.br\/manauscult\/#\/schema\/person\/image\/","url":"https:\/\/secure.gravatar.com\/avatar\/9c877d1a6adc2a055330e5c09a8653ce?s=96&d=mm&r=g","contentUrl":"https:\/\/secure.gravatar.com\/avatar\/9c877d1a6adc2a055330e5c09a8653ce?s=96&d=mm&r=g","caption":"Bruna Greco"}}]}},"_links":{"self":[{"href":"https:\/\/www.manaus.am.gov.br\/manauscult\/wp-json\/wp\/v2\/posts\/4458"}],"collection":[{"href":"https:\/\/www.manaus.am.gov.br\/manauscult\/wp-json\/wp\/v2\/posts"}],"about":[{"href":"https:\/\/www.manaus.am.gov.br\/manauscult\/wp-json\/wp\/v2\/types\/post"}],"author":[{"embeddable":true,"href":"https:\/\/www.manaus.am.gov.br\/manauscult\/wp-json\/wp\/v2\/users\/39"}],"replies":[{"embeddable":true,"href":"https:\/\/www.manaus.am.gov.br\/manauscult\/wp-json\/wp\/v2\/comments?post=4458"}],"version-history":[{"count":1,"href":"https:\/\/www.manaus.am.gov.br\/manauscult\/wp-json\/wp\/v2\/posts\/4458\/revisions"}],"predecessor-version":[{"id":4460,"href":"https:\/\/www.manaus.am.gov.br\/manauscult\/wp-json\/wp\/v2\/posts\/4458\/revisions\/4460"}],"wp:featuredmedia":[{"embeddable":true,"href":"https:\/\/www.manaus.am.gov.br\/manauscult\/wp-json\/wp\/v2\/media\/4459"}],"wp:attachment":[{"href":"https:\/\/www.manaus.am.gov.br\/manauscult\/wp-json\/wp\/v2\/media?parent=4458"}],"wp:term":[{"taxonomy":"category","embeddable":true,"href":"https:\/\/www.manaus.am.gov.br\/manauscult\/wp-json\/wp\/v2\/categories?post=4458"},{"taxonomy":"post_tag","embeddable":true,"href":"https:\/\/www.manaus.am.gov.br\/manauscult\/wp-json\/wp\/v2\/tags?post=4458"}],"curies":[{"name":"wp","href":"https:\/\/api.w.org\/{rel}","templated":true}]}}