{"id":4451,"date":"2025-08-27T18:08:02","date_gmt":"2025-08-27T22:08:02","guid":{"rendered":"https:\/\/www.manaus.am.gov.br\/manauscult\/acompanha-entrega-pulseiras\/"},"modified":"2025-08-27T18:08:02","modified_gmt":"2025-08-27T22:08:02","slug":"acompanha-entrega-pulseiras","status":"publish","type":"post","link":"https:\/\/www.manaus.am.gov.br\/manauscult\/acompanha-entrega-pulseiras\/","title":{"rendered":"Prefeito David Almeida acompanha entrega de pulseiras do #SouManaus Passo a Pa\u00e7o 2025 e alerta contra venda ilegal"},"content":{"rendered":"\n<p>O prefeito de Manaus, David Almeida, acompanhou, nesta quarta-feira, 27\/8, a entrega das pulseiras de acesso ao #SouManaus Passo a Pa\u00e7o 2025, que teve in\u00edcio ontem, 26 de agosto. O evento, 100% gratuito, acontecer\u00e1 nos dias 5, 6 e 7 de setembro, transformando o centro hist\u00f3rico da cidade em um grande palco a c\u00e9u aberto com m\u00fasica, artes, gastronomia e experi\u00eancias culturais.<\/p>\n\n\n\n<p>A entrega das pulseiras \u00e9 organizada em seis lotes, distribu\u00eddos em seis pontos de troca estrat\u00e9gicos em todas as zonas da cidade: Nova Era Torres e Flores, Galeria dos Rem\u00e9dios, Vit\u00f3ria Supermercados, Shopping Phelippe Daou e Casa de Praia Zezinho Corr\u00eaa. Cada participante garante o ingresso mediante a doa\u00e7\u00e3o de 1 kg de alimento n\u00e3o perec\u00edvel, destinado a fam\u00edlias em situa\u00e7\u00e3o de vulnerabilidade social.<\/p>\n\n\n\n<p>Durante a visita ao Shopping Phelippe Daou, o prefeito David Almeida refor\u00e7ou a import\u00e2ncia de n\u00e3o comprar ou vender pulseiras. \u201cVoc\u00ea que se inscreveu vem buscar a sua pulseira gratuitamente. N\u00e3o compre pulseiras porque \u00e9 proibido. Quem vende est\u00e1 infringindo a lei, e quem compra tamb\u00e9m pode ser responsabilizado. Cada pulseira \u00e9 vinculada ao CPF, ent\u00e3o \u00e9 f\u00e1cil identificar quem comercializou indevidamente\u201d.<\/p>\n\n\n\n<p>O presidente da Manauscult, Jender Lobato, complementou que a venda de pulseiras configura crime e alertou sobre golpes. \u201cNosso evento \u00e9 gratuito. Cada cadastro \u00e9 ligado ao CPF, e qualquer tentativa de venda ser\u00e1 responsabilizada criminalmente. Quem pensa em comprar pulseira pode estar adquirindo ingresso falsificado\u201d.<\/p>\n\n\n<div class=\"wp-block-image\">\n<figure class=\"aligncenter size-full is-resized\"><img loading=\"lazy\" decoding=\"async\" width=\"799\" height=\"533\" src=\"https:\/\/www.manaus.am.gov.br\/manauscult\/wp-content\/uploads\/sites\/11\/2025\/08\/54749226269_9843e94ee2_c.jpg\" alt=\"\" class=\"wp-image-4456\" style=\"width:639px;height:auto\" srcset=\"https:\/\/www.manaus.am.gov.br\/manauscult\/wp-content\/uploads\/sites\/11\/2025\/08\/54749226269_9843e94ee2_c.jpg 799w, https:\/\/www.manaus.am.gov.br\/manauscult\/wp-content\/uploads\/sites\/11\/2025\/08\/54749226269_9843e94ee2_c-300x200.jpg 300w, https:\/\/www.manaus.am.gov.br\/manauscult\/wp-content\/uploads\/sites\/11\/2025\/08\/54749226269_9843e94ee2_c-768x512.jpg 768w\" sizes=\"(max-width: 799px) 100vw, 799px\" \/><\/figure><\/div>\n\n\n<p>O espa\u00e7o do Shopping Phelippe Daou para a entrega das pulseiras se destacou pelo conforto: al\u00e9m de amplo, \u00e9 totalmente refrigerado, oferecendo um ambiente agrad\u00e1vel mesmo em dias de calor intenso. O esquema de organiza\u00e7\u00e3o e seguran\u00e7a implementado pela Prefeitura agradou aos participantes, que destacaram a tranquilidade, a calmaria e a efici\u00eancia do atendimento durante a retirada das pulseiras.<\/p>\n\n\n\n<p>A empreendedora Nayara, de 35 anos, elogiou a organiza\u00e7\u00e3o. \u201cEst\u00e1 bem organizado e simples. Estou ansiosa pelos shows da Ivete, Gustavo Lima e Xand Avi\u00e3o. \u00c9 uma oportunidade \u00fanica de participar de um grande evento e valorizar a cidade\u201d, afirmou.<\/p>\n\n\n\n<p>O estudante Ageu, de 23 anos, destacou a organiza\u00e7\u00e3o e compartilhou que est\u00e1 ansioso pelo show da Banda Calcinha Preta e dos Paralamas do Sucesso. \u201cA retirada da minha pulseira foi tranquila, sem brigas, muito animada. Nota 10 para a organiza\u00e7\u00e3o\u201d, disse.<\/p>\n\n\n<div class=\"wp-block-image\">\n<figure class=\"aligncenter size-full is-resized\"><img loading=\"lazy\" decoding=\"async\" width=\"799\" height=\"533\" src=\"https:\/\/www.manaus.am.gov.br\/manauscult\/wp-content\/uploads\/sites\/11\/2025\/08\/54749218328_49d7e9b928_c.jpg\" alt=\"\" class=\"wp-image-4454\" style=\"width:699px;height:auto\" srcset=\"https:\/\/www.manaus.am.gov.br\/manauscult\/wp-content\/uploads\/sites\/11\/2025\/08\/54749218328_49d7e9b928_c.jpg 799w, https:\/\/www.manaus.am.gov.br\/manauscult\/wp-content\/uploads\/sites\/11\/2025\/08\/54749218328_49d7e9b928_c-300x200.jpg 300w, https:\/\/www.manaus.am.gov.br\/manauscult\/wp-content\/uploads\/sites\/11\/2025\/08\/54749218328_49d7e9b928_c-768x512.jpg 768w\" sizes=\"(max-width: 799px) 100vw, 799px\" \/><\/figure><\/div>\n\n\n<p>O #SouManaus Passo a Pa\u00e7o 2025 promete movimentar Manaus com cultura, lazer e experi\u00eancias para toda a popula\u00e7\u00e3o, refor\u00e7ando o compromisso da Prefeitura com inclus\u00e3o social e valoriza\u00e7\u00e3o da cidade.<\/p>\n\n\n\n<p>&#8212; &#8212; &#8212;<\/p>\n\n\n\n<p><strong>Texto<\/strong> &#8211; Emanuelle Baires \/ Semcom-Prefeito<\/p>\n\n\n\n<p><strong>Fotos<\/strong> &#8211; Ant\u00f4nio Pereira \/ Semcom-Prefeito<\/p>\n\n\n\n<p><strong>Dispon\u00edveis em<\/strong> &#8211; <a href=\"https:\/\/flic.kr\/s\/aHBqjCsaz7\">https:\/\/flic.kr\/s\/aHBqjCsaz7<\/a><\/p>\n","protected":false},"excerpt":{"rendered":"","protected":false},"author":61,"featured_media":4455,"comment_status":"closed","ping_status":"closed","sticky":false,"template":"","format":"standard","meta":{"footnotes":""},"categories":[508],"tags":[1496,67,100,11],"acf":[],"yoast_head":"<!-- This site is optimized with the Yoast SEO plugin v23.0 - https:\/\/yoast.com\/wordpress\/plugins\/seo\/ -->\n<title>Prefeito David Almeida acompanha entrega de pulseiras do #SouManaus Passo a Pa\u00e7o 2025 e alerta contra venda ilegal<\/title>\n<meta name=\"description\" content=\"O prefeito de Manaus, David Almeida, acompanhou, nesta quarta-feira, 27\/8, a entrega das pulseiras de acesso ao #SouManaus Passo a Pa\u00e7o 2025.\" \/>\n<meta name=\"robots\" content=\"noindex, follow\" \/>\n<meta property=\"og:locale\" content=\"pt_BR\" \/>\n<meta property=\"og:type\" content=\"article\" \/>\n<meta property=\"og:title\" content=\"Prefeito David Almeida acompanha entrega de pulseiras do #SouManaus Passo a Pa\u00e7o 2025 e alerta contra venda ilegal\" \/>\n<meta property=\"og:description\" content=\"O prefeito de Manaus, David Almeida, acompanhou, nesta quarta-feira, 27\/8, a entrega das pulseiras de acesso ao #SouManaus Passo a Pa\u00e7o 2025.\" \/>\n<meta property=\"og:url\" content=\"https:\/\/www.manaus.am.gov.br\/manauscult\/acompanha-entrega-pulseiras\/\" \/>\n<meta property=\"og:site_name\" content=\"MANAUSCULT\" \/>\n<meta property=\"article:published_time\" content=\"2025-08-27T22:08:02+00:00\" \/>\n<meta property=\"og:image\" content=\"https:\/\/www.manaus.am.gov.br\/manauscult\/wp-content\/uploads\/sites\/11\/2025\/08\/54749348010_c7d3c6b060_c.jpg\" \/>\n\t<meta property=\"og:image:width\" content=\"799\" \/>\n\t<meta property=\"og:image:height\" content=\"533\" \/>\n\t<meta property=\"og:image:type\" content=\"image\/jpeg\" \/>\n<meta name=\"author\" content=\"smonteiro\" \/>\n<meta name=\"twitter:card\" content=\"summary_large_image\" \/>\n<meta name=\"twitter:label1\" content=\"Written by\" \/>\n\t<meta name=\"twitter:data1\" content=\"smonteiro\" \/>\n\t<meta name=\"twitter:label2\" content=\"Est. reading time\" \/>\n\t<meta name=\"twitter:data2\" content=\"3 minutos\" \/>\n<script type=\"application\/ld+json\" class=\"yoast-schema-graph\">{\"@context\":\"https:\/\/schema.org\",\"@graph\":[{\"@type\":\"WebPage\",\"@id\":\"https:\/\/www.manaus.am.gov.br\/manauscult\/acompanha-entrega-pulseiras\/\",\"url\":\"https:\/\/www.manaus.am.gov.br\/manauscult\/acompanha-entrega-pulseiras\/\",\"name\":\"Prefeito David Almeida acompanha entrega de pulseiras do #SouManaus Passo a Pa\u00e7o 2025 e alerta contra venda ilegal\",\"isPartOf\":{\"@id\":\"https:\/\/www.manaus.am.gov.br\/manauscult\/#website\"},\"primaryImageOfPage\":{\"@id\":\"https:\/\/www.manaus.am.gov.br\/manauscult\/acompanha-entrega-pulseiras\/#primaryimage\"},\"image\":{\"@id\":\"https:\/\/www.manaus.am.gov.br\/manauscult\/acompanha-entrega-pulseiras\/#primaryimage\"},\"thumbnailUrl\":\"https:\/\/www.manaus.am.gov.br\/manauscult\/wp-content\/uploads\/sites\/11\/2025\/08\/54749348010_c7d3c6b060_c.jpg\",\"datePublished\":\"2025-08-27T22:08:02+00:00\",\"dateModified\":\"2025-08-27T22:08:02+00:00\",\"author\":{\"@id\":\"https:\/\/www.manaus.am.gov.br\/manauscult\/#\/schema\/person\/ab4dcf766a54dff74e8d267f5c591961\"},\"description\":\"O prefeito de Manaus, David Almeida, acompanhou, nesta quarta-feira, 27\/8, a entrega das pulseiras de acesso ao #SouManaus Passo a Pa\u00e7o 2025.\",\"breadcrumb\":{\"@id\":\"https:\/\/www.manaus.am.gov.br\/manauscult\/acompanha-entrega-pulseiras\/#breadcrumb\"},\"inLanguage\":\"pt-BR\",\"potentialAction\":[{\"@type\":\"ReadAction\",\"target\":[\"https:\/\/www.manaus.am.gov.br\/manauscult\/acompanha-entrega-pulseiras\/\"]}]},{\"@type\":\"ImageObject\",\"inLanguage\":\"pt-BR\",\"@id\":\"https:\/\/www.manaus.am.gov.br\/manauscult\/acompanha-entrega-pulseiras\/#primaryimage\",\"url\":\"https:\/\/www.manaus.am.gov.br\/manauscult\/wp-content\/uploads\/sites\/11\/2025\/08\/54749348010_c7d3c6b060_c.jpg\",\"contentUrl\":\"https:\/\/www.manaus.am.gov.br\/manauscult\/wp-content\/uploads\/sites\/11\/2025\/08\/54749348010_c7d3c6b060_c.jpg\",\"width\":799,\"height\":533,\"caption\":\"#paratodosverem - o prefeito David Almeida e o diretor-presidente da Manauscult acompanhando a entrega de pulseiras para o #SouManaus 2025\"},{\"@type\":\"BreadcrumbList\",\"@id\":\"https:\/\/www.manaus.am.gov.br\/manauscult\/acompanha-entrega-pulseiras\/#breadcrumb\",\"itemListElement\":[{\"@type\":\"ListItem\",\"position\":1,\"name\":\"Home\",\"item\":\"https:\/\/www.manaus.am.gov.br\/manauscult\/\"},{\"@type\":\"ListItem\",\"position\":2,\"name\":\"Prefeito David Almeida acompanha entrega de pulseiras do #SouManaus Passo a Pa\u00e7o 2025 e alerta contra venda ilegal\"}]},{\"@type\":\"WebSite\",\"@id\":\"https:\/\/www.manaus.am.gov.br\/manauscult\/#website\",\"url\":\"https:\/\/www.manaus.am.gov.br\/manauscult\/\",\"name\":\"MANAUSCULT\",\"description\":\"Prefeitura de Manaus\",\"potentialAction\":[{\"@type\":\"SearchAction\",\"target\":{\"@type\":\"EntryPoint\",\"urlTemplate\":\"https:\/\/www.manaus.am.gov.br\/manauscult\/?s={search_term_string}\"},\"query-input\":\"required name=search_term_string\"}],\"inLanguage\":\"pt-BR\"},{\"@type\":\"Person\",\"@id\":\"https:\/\/www.manaus.am.gov.br\/manauscult\/#\/schema\/person\/ab4dcf766a54dff74e8d267f5c591961\",\"name\":\"smonteiro\",\"image\":{\"@type\":\"ImageObject\",\"inLanguage\":\"pt-BR\",\"@id\":\"https:\/\/www.manaus.am.gov.br\/manauscult\/#\/schema\/person\/image\/\",\"url\":\"https:\/\/secure.gravatar.com\/avatar\/21c8776ef61d9272c73322052e042d77?s=96&d=mm&r=g\",\"contentUrl\":\"https:\/\/secure.gravatar.com\/avatar\/21c8776ef61d9272c73322052e042d77?s=96&d=mm&r=g\",\"caption\":\"smonteiro\"}}]}<\/script>\n<!-- \/ Yoast SEO plugin. -->","yoast_head_json":{"title":"Prefeito David Almeida acompanha entrega de pulseiras do #SouManaus Passo a Pa\u00e7o 2025 e alerta contra venda ilegal","description":"O prefeito de Manaus, David Almeida, acompanhou, nesta quarta-feira, 27\/8, a entrega das pulseiras de acesso ao #SouManaus Passo a Pa\u00e7o 2025.","robots":{"index":"noindex","follow":"follow"},"og_locale":"pt_BR","og_type":"article","og_title":"Prefeito David Almeida acompanha entrega de pulseiras do #SouManaus Passo a Pa\u00e7o 2025 e alerta contra venda ilegal","og_description":"O prefeito de Manaus, David Almeida, acompanhou, nesta quarta-feira, 27\/8, a entrega das pulseiras de acesso ao #SouManaus Passo a Pa\u00e7o 2025.","og_url":"https:\/\/www.manaus.am.gov.br\/manauscult\/acompanha-entrega-pulseiras\/","og_site_name":"MANAUSCULT","article_published_time":"2025-08-27T22:08:02+00:00","og_image":[{"width":799,"height":533,"url":"https:\/\/www.manaus.am.gov.br\/manauscult\/wp-content\/uploads\/sites\/11\/2025\/08\/54749348010_c7d3c6b060_c.jpg","type":"image\/jpeg"}],"author":"smonteiro","twitter_card":"summary_large_image","twitter_misc":{"Written by":"smonteiro","Est. reading time":"3 minutos"},"schema":{"@context":"https:\/\/schema.org","@graph":[{"@type":"WebPage","@id":"https:\/\/www.manaus.am.gov.br\/manauscult\/acompanha-entrega-pulseiras\/","url":"https:\/\/www.manaus.am.gov.br\/manauscult\/acompanha-entrega-pulseiras\/","name":"Prefeito David Almeida acompanha entrega de pulseiras do #SouManaus Passo a Pa\u00e7o 2025 e alerta contra venda ilegal","isPartOf":{"@id":"https:\/\/www.manaus.am.gov.br\/manauscult\/#website"},"primaryImageOfPage":{"@id":"https:\/\/www.manaus.am.gov.br\/manauscult\/acompanha-entrega-pulseiras\/#primaryimage"},"image":{"@id":"https:\/\/www.manaus.am.gov.br\/manauscult\/acompanha-entrega-pulseiras\/#primaryimage"},"thumbnailUrl":"https:\/\/www.manaus.am.gov.br\/manauscult\/wp-content\/uploads\/sites\/11\/2025\/08\/54749348010_c7d3c6b060_c.jpg","datePublished":"2025-08-27T22:08:02+00:00","dateModified":"2025-08-27T22:08:02+00:00","author":{"@id":"https:\/\/www.manaus.am.gov.br\/manauscult\/#\/schema\/person\/ab4dcf766a54dff74e8d267f5c591961"},"description":"O prefeito de Manaus, David Almeida, acompanhou, nesta quarta-feira, 27\/8, a entrega das pulseiras de acesso ao #SouManaus Passo a Pa\u00e7o 2025.","breadcrumb":{"@id":"https:\/\/www.manaus.am.gov.br\/manauscult\/acompanha-entrega-pulseiras\/#breadcrumb"},"inLanguage":"pt-BR","potentialAction":[{"@type":"ReadAction","target":["https:\/\/www.manaus.am.gov.br\/manauscult\/acompanha-entrega-pulseiras\/"]}]},{"@type":"ImageObject","inLanguage":"pt-BR","@id":"https:\/\/www.manaus.am.gov.br\/manauscult\/acompanha-entrega-pulseiras\/#primaryimage","url":"https:\/\/www.manaus.am.gov.br\/manauscult\/wp-content\/uploads\/sites\/11\/2025\/08\/54749348010_c7d3c6b060_c.jpg","contentUrl":"https:\/\/www.manaus.am.gov.br\/manauscult\/wp-content\/uploads\/sites\/11\/2025\/08\/54749348010_c7d3c6b060_c.jpg","width":799,"height":533,"caption":"#paratodosverem - o prefeito David Almeida e o diretor-presidente da Manauscult acompanhando a entrega de pulseiras para o #SouManaus 2025"},{"@type":"BreadcrumbList","@id":"https:\/\/www.manaus.am.gov.br\/manauscult\/acompanha-entrega-pulseiras\/#breadcrumb","itemListElement":[{"@type":"ListItem","position":1,"name":"Home","item":"https:\/\/www.manaus.am.gov.br\/manauscult\/"},{"@type":"ListItem","position":2,"name":"Prefeito David Almeida acompanha entrega de pulseiras do #SouManaus Passo a Pa\u00e7o 2025 e alerta contra venda ilegal"}]},{"@type":"WebSite","@id":"https:\/\/www.manaus.am.gov.br\/manauscult\/#website","url":"https:\/\/www.manaus.am.gov.br\/manauscult\/","name":"MANAUSCULT","description":"Prefeitura de Manaus","potentialAction":[{"@type":"SearchAction","target":{"@type":"EntryPoint","urlTemplate":"https:\/\/www.manaus.am.gov.br\/manauscult\/?s={search_term_string}"},"query-input":"required name=search_term_string"}],"inLanguage":"pt-BR"},{"@type":"Person","@id":"https:\/\/www.manaus.am.gov.br\/manauscult\/#\/schema\/person\/ab4dcf766a54dff74e8d267f5c591961","name":"smonteiro","image":{"@type":"ImageObject","inLanguage":"pt-BR","@id":"https:\/\/www.manaus.am.gov.br\/manauscult\/#\/schema\/person\/image\/","url":"https:\/\/secure.gravatar.com\/avatar\/21c8776ef61d9272c73322052e042d77?s=96&d=mm&r=g","contentUrl":"https:\/\/secure.gravatar.com\/avatar\/21c8776ef61d9272c73322052e042d77?s=96&d=mm&r=g","caption":"smonteiro"}}]}},"_links":{"self":[{"href":"https:\/\/www.manaus.am.gov.br\/manauscult\/wp-json\/wp\/v2\/posts\/4451"}],"collection":[{"href":"https:\/\/www.manaus.am.gov.br\/manauscult\/wp-json\/wp\/v2\/posts"}],"about":[{"href":"https:\/\/www.manaus.am.gov.br\/manauscult\/wp-json\/wp\/v2\/types\/post"}],"author":[{"embeddable":true,"href":"https:\/\/www.manaus.am.gov.br\/manauscult\/wp-json\/wp\/v2\/users\/61"}],"replies":[{"embeddable":true,"href":"https:\/\/www.manaus.am.gov.br\/manauscult\/wp-json\/wp\/v2\/comments?post=4451"}],"version-history":[{"count":1,"href":"https:\/\/www.manaus.am.gov.br\/manauscult\/wp-json\/wp\/v2\/posts\/4451\/revisions"}],"predecessor-version":[{"id":4457,"href":"https:\/\/www.manaus.am.gov.br\/manauscult\/wp-json\/wp\/v2\/posts\/4451\/revisions\/4457"}],"wp:featuredmedia":[{"embeddable":true,"href":"https:\/\/www.manaus.am.gov.br\/manauscult\/wp-json\/wp\/v2\/media\/4455"}],"wp:attachment":[{"href":"https:\/\/www.manaus.am.gov.br\/manauscult\/wp-json\/wp\/v2\/media?parent=4451"}],"wp:term":[{"taxonomy":"category","embeddable":true,"href":"https:\/\/www.manaus.am.gov.br\/manauscult\/wp-json\/wp\/v2\/categories?post=4451"},{"taxonomy":"post_tag","embeddable":true,"href":"https:\/\/www.manaus.am.gov.br\/manauscult\/wp-json\/wp\/v2\/tags?post=4451"}],"curies":[{"name":"wp","href":"https:\/\/api.w.org\/{rel}","templated":true}]}}