{"id":4449,"date":"2025-08-27T14:17:38","date_gmt":"2025-08-27T18:17:38","guid":{"rendered":"https:\/\/www.manaus.am.gov.br\/manauscult\/prefeitura-manauscult-cinesoumanaus\/"},"modified":"2025-08-27T14:17:40","modified_gmt":"2025-08-27T18:17:40","slug":"prefeitura-manauscult-cinesoumanaus","status":"publish","type":"post","link":"https:\/\/www.manaus.am.gov.br\/manauscult\/prefeitura-manauscult-cinesoumanaus\/","title":{"rendered":"Mostra de cinema d\u00e1 voz \u00e0 diversidade e \u00e0 periferia no \u2018#SouManaus 2025\u2019"},"content":{"rendered":"\n<p>A 10\u00aa edi\u00e7\u00e3o do \u201c#SouManaus Passo a Pa\u00e7o 2025\u201d, o maior evento de artes integradas do Brasil, promovido pela Prefeitura de Manaus por meio da Funda\u00e7\u00e3o Municipal de Cultura, Turismo e Eventos (ManausCult), amplia ainda mais seu alcance cultural com a realiza\u00e7\u00e3o do \u201cCine Sou Manaus\u201d, mostra de cinema dedicada a coletivos e festivais que abordam quest\u00f5es sociais urgentes.<\/p>\n\n\n\n<p>A programa\u00e7\u00e3o acontece nos dias 2, 3 e 4 de setembro, sempre \u00e0s 19h, no Centro de Arqueologia de Manaus (CAM), com sess\u00f5es que re\u00fanem filmes de diferentes mostras: Festival Close, Cine Periferia, Tela Preta e Cine Aldeia.<\/p>\n\n\n\n<p>\u201cTrazer o cinema para dentro do #SouManaus significa abrir espa\u00e7o para novas linguagens e para narrativas que falam sobre diversidade, resist\u00eancia e identidade. O p\u00fablico ter\u00e1 contato com obras que refletem realidades muitas vezes invisibilizadas\u201d, destacou o diretor-presidente da ManausCult, Jender Lobato.<\/p>\n\n\n\n<p>O diretor de Cultura da ManausCult, Wallace Almeida, refor\u00e7ou o car\u00e1ter social da mostra. \u201cO \u2018Cine Sou Manaus\u2019 evidencia a pot\u00eancia das periferias, das comunidades ind\u00edgenas e das vozes negras na produ\u00e7\u00e3o audiovisual. \u00c9 um espa\u00e7o de valoriza\u00e7\u00e3o da arte que nasce dos territ\u00f3rios e dialoga diretamente com a cidade\u201d.<\/p>\n\n\n\n<p>Festival<\/p>\n\n\n\n<p>Neste ano, o \u201c#SouManaus Passo a Pa\u00e7o 2025\u201d celebra 10 anos de hist\u00f3ria, consolidando-se como o maior festival gratuito de artes integradas do Brasil. De 5 a 7 de setembro, o centro hist\u00f3rico da capital amazonense ser\u00e1 palco de uma ocupa\u00e7\u00e3o urbana de 63 mil metros quadrados, com 17 palcos distribu\u00eddos por ruas, pra\u00e7as e espa\u00e7os hist\u00f3ricos, reunindo mais de 20 atra\u00e7\u00f5es nacionais e quase 3.000 artistas.<\/p>\n\n\n\n<p>O \u201cCine Sou Manaus\u201d integra essa programa\u00e7\u00e3o m\u00faltipla, reafirmando o compromisso do festival com a diversidade cultural e a democratiza\u00e7\u00e3o do acesso \u00e0s artes.<\/p>\n\n\n\n<p>Programa\u00e7\u00e3o:<\/p>\n\n\n\n<p>Dia 2\/9 \u2013 Cine Diversidade (Festival Close)<\/p>\n\n\n\n<p>Filmes que abordam experi\u00eancias LGBTQIAPN+, como \u201cTens Cuidado\u201d, de Gabriel Le\u00e3o e Paulla Ba\u00e7al; \u201cAt\u00e9 que a \u00faltima luz se apague\u201d, de Williams Ferry; e \u201cManaus Hot City\u201d, de Rafael Ramos.<\/p>\n\n\n\n<p>Dia 3\/9 \u2013 Cine Periferia (Mostra Cine Palafita)<\/p>\n\n\n\n<p>Obras que retratam a vida em comunidades perif\u00e9ricas, incluindo \u201cAmamenta\u00e7\u00e3o \u2013 O Sonho de Camila\u201d, de Taly Nayandra, e \u201cChuvas de Novembro\u201d, de J. Juliano.<\/p>\n\n\n\n<p>Dia 4\/9 \u2013 Cine Etnias (Tela Preta e Cine Aldeia)<\/p>\n\n\n\n<p>Sess\u00f5es dedicadas a produ\u00e7\u00f5es negras e ind\u00edgenas, como \u201cAl\u00e9m da Mancha\u201d, de Wallace Abreu, \u201cTra\u00e7os da Resist\u00eancia\u201d e \u201cPintura Ancestral\u201d, de Tha\u00eds Kokama.<\/p>\n\n\n\n<p>&#8212; &#8212; &#8212;<\/p>\n\n\n\n<p><strong>Texto\u00a0<\/strong>&#8211; J\u00e9ssica Trajano\/ManausCult<\/p>\n\n\n\n<p><strong>Fotos\u00a0<\/strong>&#8211; Thelson Souza\/ManausCult<\/p>\n","protected":false},"excerpt":{"rendered":"","protected":false},"author":23,"featured_media":4450,"comment_status":"closed","ping_status":"closed","sticky":false,"template":"","format":"standard","meta":{"footnotes":""},"categories":[12],"tags":[1608,1127,9,11,1609],"acf":[],"yoast_head":"<!-- This site is optimized with the Yoast SEO plugin v23.0 - https:\/\/yoast.com\/wordpress\/plugins\/seo\/ -->\n<title>Mostra de cinema d\u00e1 voz \u00e0 diversidade e \u00e0 periferia no \u2018#SouManaus 2025\u2019<\/title>\n<meta name=\"description\" content=\"A 10\u00aa edi\u00e7\u00e3o do \u201c#SouManaus Passo a Pa\u00e7o 2025\u201d, o maior evento de artes integradas do Brasil, promovido pela Prefeitura de Manaus por meio da Funda\u00e7\u00e3o Municipal de Cultura, Turismo e Eventos (ManausCult), amplia ainda mais seu alcance cultural com a realiza\u00e7\u00e3o do \u201cCine Sou Manaus\u201d, mostra de cinema dedicada a coletivos e festivais que abordam quest\u00f5es sociais urgentes.\" \/>\n<meta name=\"robots\" content=\"noindex, follow\" \/>\n<meta property=\"og:locale\" content=\"pt_BR\" \/>\n<meta property=\"og:type\" content=\"article\" \/>\n<meta property=\"og:title\" content=\"Mostra de cinema d\u00e1 voz \u00e0 diversidade e \u00e0 periferia no \u2018#SouManaus 2025\u2019\" \/>\n<meta property=\"og:description\" content=\"A 10\u00aa edi\u00e7\u00e3o do \u201c#SouManaus Passo a Pa\u00e7o 2025\u201d, o maior evento de artes integradas do Brasil, promovido pela Prefeitura de Manaus por meio da Funda\u00e7\u00e3o Municipal de Cultura, Turismo e Eventos (ManausCult), amplia ainda mais seu alcance cultural com a realiza\u00e7\u00e3o do \u201cCine Sou Manaus\u201d, mostra de cinema dedicada a coletivos e festivais que abordam quest\u00f5es sociais urgentes.\" \/>\n<meta property=\"og:url\" content=\"https:\/\/www.manaus.am.gov.br\/manauscult\/prefeitura-manauscult-cinesoumanaus\/\" \/>\n<meta property=\"og:site_name\" content=\"MANAUSCULT\" \/>\n<meta property=\"article:published_time\" content=\"2025-08-27T18:17:38+00:00\" \/>\n<meta property=\"article:modified_time\" content=\"2025-08-27T18:17:40+00:00\" \/>\n<meta property=\"og:image\" content=\"https:\/\/www.manaus.am.gov.br\/manauscult\/wp-content\/uploads\/sites\/11\/2025\/08\/CAM-2-1.jpeg\" \/>\n\t<meta property=\"og:image:width\" content=\"2944\" \/>\n\t<meta property=\"og:image:height\" content=\"1968\" \/>\n\t<meta property=\"og:image:type\" content=\"image\/jpeg\" \/>\n<meta name=\"author\" content=\"Adriana Costa\" \/>\n<meta name=\"twitter:card\" content=\"summary_large_image\" \/>\n<meta name=\"twitter:label1\" content=\"Written by\" \/>\n\t<meta name=\"twitter:data1\" content=\"Adriana Costa\" \/>\n\t<meta name=\"twitter:label2\" content=\"Est. reading time\" \/>\n\t<meta name=\"twitter:data2\" content=\"3 minutos\" \/>\n<script type=\"application\/ld+json\" class=\"yoast-schema-graph\">{\"@context\":\"https:\/\/schema.org\",\"@graph\":[{\"@type\":\"WebPage\",\"@id\":\"https:\/\/www.manaus.am.gov.br\/manauscult\/prefeitura-manauscult-cinesoumanaus\/\",\"url\":\"https:\/\/www.manaus.am.gov.br\/manauscult\/prefeitura-manauscult-cinesoumanaus\/\",\"name\":\"Mostra de cinema d\u00e1 voz \u00e0 diversidade e \u00e0 periferia no \u2018#SouManaus 2025\u2019\",\"isPartOf\":{\"@id\":\"https:\/\/www.manaus.am.gov.br\/manauscult\/#website\"},\"primaryImageOfPage\":{\"@id\":\"https:\/\/www.manaus.am.gov.br\/manauscult\/prefeitura-manauscult-cinesoumanaus\/#primaryimage\"},\"image\":{\"@id\":\"https:\/\/www.manaus.am.gov.br\/manauscult\/prefeitura-manauscult-cinesoumanaus\/#primaryimage\"},\"thumbnailUrl\":\"https:\/\/www.manaus.am.gov.br\/manauscult\/wp-content\/uploads\/sites\/11\/2025\/08\/CAM-2-1.jpeg\",\"datePublished\":\"2025-08-27T18:17:38+00:00\",\"dateModified\":\"2025-08-27T18:17:40+00:00\",\"author\":{\"@id\":\"https:\/\/www.manaus.am.gov.br\/manauscult\/#\/schema\/person\/4e49f4e267757a06ca072ec61b2b9968\"},\"description\":\"A 10\u00aa edi\u00e7\u00e3o do \u201c#SouManaus Passo a Pa\u00e7o 2025\u201d, o maior evento de artes integradas do Brasil, promovido pela Prefeitura de Manaus por meio da Funda\u00e7\u00e3o Municipal de Cultura, Turismo e Eventos (ManausCult), amplia ainda mais seu alcance cultural com a realiza\u00e7\u00e3o do \u201cCine Sou Manaus\u201d, mostra de cinema dedicada a coletivos e festivais que abordam quest\u00f5es sociais urgentes.\",\"breadcrumb\":{\"@id\":\"https:\/\/www.manaus.am.gov.br\/manauscult\/prefeitura-manauscult-cinesoumanaus\/#breadcrumb\"},\"inLanguage\":\"pt-BR\",\"potentialAction\":[{\"@type\":\"ReadAction\",\"target\":[\"https:\/\/www.manaus.am.gov.br\/manauscult\/prefeitura-manauscult-cinesoumanaus\/\"]}]},{\"@type\":\"ImageObject\",\"inLanguage\":\"pt-BR\",\"@id\":\"https:\/\/www.manaus.am.gov.br\/manauscult\/prefeitura-manauscult-cinesoumanaus\/#primaryimage\",\"url\":\"https:\/\/www.manaus.am.gov.br\/manauscult\/wp-content\/uploads\/sites\/11\/2025\/08\/CAM-2-1.jpeg\",\"contentUrl\":\"https:\/\/www.manaus.am.gov.br\/manauscult\/wp-content\/uploads\/sites\/11\/2025\/08\/CAM-2-1.jpeg\",\"width\":2944,\"height\":1968},{\"@type\":\"BreadcrumbList\",\"@id\":\"https:\/\/www.manaus.am.gov.br\/manauscult\/prefeitura-manauscult-cinesoumanaus\/#breadcrumb\",\"itemListElement\":[{\"@type\":\"ListItem\",\"position\":1,\"name\":\"Home\",\"item\":\"https:\/\/www.manaus.am.gov.br\/manauscult\/\"},{\"@type\":\"ListItem\",\"position\":2,\"name\":\"Mostra de cinema d\u00e1 voz \u00e0 diversidade e \u00e0 periferia no \u2018#SouManaus 2025\u2019\"}]},{\"@type\":\"WebSite\",\"@id\":\"https:\/\/www.manaus.am.gov.br\/manauscult\/#website\",\"url\":\"https:\/\/www.manaus.am.gov.br\/manauscult\/\",\"name\":\"MANAUSCULT\",\"description\":\"Prefeitura de Manaus\",\"potentialAction\":[{\"@type\":\"SearchAction\",\"target\":{\"@type\":\"EntryPoint\",\"urlTemplate\":\"https:\/\/www.manaus.am.gov.br\/manauscult\/?s={search_term_string}\"},\"query-input\":\"required name=search_term_string\"}],\"inLanguage\":\"pt-BR\"},{\"@type\":\"Person\",\"@id\":\"https:\/\/www.manaus.am.gov.br\/manauscult\/#\/schema\/person\/4e49f4e267757a06ca072ec61b2b9968\",\"name\":\"Adriana Costa\",\"image\":{\"@type\":\"ImageObject\",\"inLanguage\":\"pt-BR\",\"@id\":\"https:\/\/www.manaus.am.gov.br\/manauscult\/#\/schema\/person\/image\/\",\"url\":\"https:\/\/secure.gravatar.com\/avatar\/576258617ef7194f718179e766d57bd4?s=96&d=mm&r=g\",\"contentUrl\":\"https:\/\/secure.gravatar.com\/avatar\/576258617ef7194f718179e766d57bd4?s=96&d=mm&r=g\",\"caption\":\"Adriana Costa\"}}]}<\/script>\n<!-- \/ Yoast SEO plugin. -->","yoast_head_json":{"title":"Mostra de cinema d\u00e1 voz \u00e0 diversidade e \u00e0 periferia no \u2018#SouManaus 2025\u2019","description":"A 10\u00aa edi\u00e7\u00e3o do \u201c#SouManaus Passo a Pa\u00e7o 2025\u201d, o maior evento de artes integradas do Brasil, promovido pela Prefeitura de Manaus por meio da Funda\u00e7\u00e3o Municipal de Cultura, Turismo e Eventos (ManausCult), amplia ainda mais seu alcance cultural com a realiza\u00e7\u00e3o do \u201cCine Sou Manaus\u201d, mostra de cinema dedicada a coletivos e festivais que abordam quest\u00f5es sociais urgentes.","robots":{"index":"noindex","follow":"follow"},"og_locale":"pt_BR","og_type":"article","og_title":"Mostra de cinema d\u00e1 voz \u00e0 diversidade e \u00e0 periferia no \u2018#SouManaus 2025\u2019","og_description":"A 10\u00aa edi\u00e7\u00e3o do \u201c#SouManaus Passo a Pa\u00e7o 2025\u201d, o maior evento de artes integradas do Brasil, promovido pela Prefeitura de Manaus por meio da Funda\u00e7\u00e3o Municipal de Cultura, Turismo e Eventos (ManausCult), amplia ainda mais seu alcance cultural com a realiza\u00e7\u00e3o do \u201cCine Sou Manaus\u201d, mostra de cinema dedicada a coletivos e festivais que abordam quest\u00f5es sociais urgentes.","og_url":"https:\/\/www.manaus.am.gov.br\/manauscult\/prefeitura-manauscult-cinesoumanaus\/","og_site_name":"MANAUSCULT","article_published_time":"2025-08-27T18:17:38+00:00","article_modified_time":"2025-08-27T18:17:40+00:00","og_image":[{"width":2944,"height":1968,"url":"https:\/\/www.manaus.am.gov.br\/manauscult\/wp-content\/uploads\/sites\/11\/2025\/08\/CAM-2-1.jpeg","type":"image\/jpeg"}],"author":"Adriana Costa","twitter_card":"summary_large_image","twitter_misc":{"Written by":"Adriana Costa","Est. reading time":"3 minutos"},"schema":{"@context":"https:\/\/schema.org","@graph":[{"@type":"WebPage","@id":"https:\/\/www.manaus.am.gov.br\/manauscult\/prefeitura-manauscult-cinesoumanaus\/","url":"https:\/\/www.manaus.am.gov.br\/manauscult\/prefeitura-manauscult-cinesoumanaus\/","name":"Mostra de cinema d\u00e1 voz \u00e0 diversidade e \u00e0 periferia no \u2018#SouManaus 2025\u2019","isPartOf":{"@id":"https:\/\/www.manaus.am.gov.br\/manauscult\/#website"},"primaryImageOfPage":{"@id":"https:\/\/www.manaus.am.gov.br\/manauscult\/prefeitura-manauscult-cinesoumanaus\/#primaryimage"},"image":{"@id":"https:\/\/www.manaus.am.gov.br\/manauscult\/prefeitura-manauscult-cinesoumanaus\/#primaryimage"},"thumbnailUrl":"https:\/\/www.manaus.am.gov.br\/manauscult\/wp-content\/uploads\/sites\/11\/2025\/08\/CAM-2-1.jpeg","datePublished":"2025-08-27T18:17:38+00:00","dateModified":"2025-08-27T18:17:40+00:00","author":{"@id":"https:\/\/www.manaus.am.gov.br\/manauscult\/#\/schema\/person\/4e49f4e267757a06ca072ec61b2b9968"},"description":"A 10\u00aa edi\u00e7\u00e3o do \u201c#SouManaus Passo a Pa\u00e7o 2025\u201d, o maior evento de artes integradas do Brasil, promovido pela Prefeitura de Manaus por meio da Funda\u00e7\u00e3o Municipal de Cultura, Turismo e Eventos (ManausCult), amplia ainda mais seu alcance cultural com a realiza\u00e7\u00e3o do \u201cCine Sou Manaus\u201d, mostra de cinema dedicada a coletivos e festivais que abordam quest\u00f5es sociais urgentes.","breadcrumb":{"@id":"https:\/\/www.manaus.am.gov.br\/manauscult\/prefeitura-manauscult-cinesoumanaus\/#breadcrumb"},"inLanguage":"pt-BR","potentialAction":[{"@type":"ReadAction","target":["https:\/\/www.manaus.am.gov.br\/manauscult\/prefeitura-manauscult-cinesoumanaus\/"]}]},{"@type":"ImageObject","inLanguage":"pt-BR","@id":"https:\/\/www.manaus.am.gov.br\/manauscult\/prefeitura-manauscult-cinesoumanaus\/#primaryimage","url":"https:\/\/www.manaus.am.gov.br\/manauscult\/wp-content\/uploads\/sites\/11\/2025\/08\/CAM-2-1.jpeg","contentUrl":"https:\/\/www.manaus.am.gov.br\/manauscult\/wp-content\/uploads\/sites\/11\/2025\/08\/CAM-2-1.jpeg","width":2944,"height":1968},{"@type":"BreadcrumbList","@id":"https:\/\/www.manaus.am.gov.br\/manauscult\/prefeitura-manauscult-cinesoumanaus\/#breadcrumb","itemListElement":[{"@type":"ListItem","position":1,"name":"Home","item":"https:\/\/www.manaus.am.gov.br\/manauscult\/"},{"@type":"ListItem","position":2,"name":"Mostra de cinema d\u00e1 voz \u00e0 diversidade e \u00e0 periferia no \u2018#SouManaus 2025\u2019"}]},{"@type":"WebSite","@id":"https:\/\/www.manaus.am.gov.br\/manauscult\/#website","url":"https:\/\/www.manaus.am.gov.br\/manauscult\/","name":"MANAUSCULT","description":"Prefeitura de Manaus","potentialAction":[{"@type":"SearchAction","target":{"@type":"EntryPoint","urlTemplate":"https:\/\/www.manaus.am.gov.br\/manauscult\/?s={search_term_string}"},"query-input":"required name=search_term_string"}],"inLanguage":"pt-BR"},{"@type":"Person","@id":"https:\/\/www.manaus.am.gov.br\/manauscult\/#\/schema\/person\/4e49f4e267757a06ca072ec61b2b9968","name":"Adriana Costa","image":{"@type":"ImageObject","inLanguage":"pt-BR","@id":"https:\/\/www.manaus.am.gov.br\/manauscult\/#\/schema\/person\/image\/","url":"https:\/\/secure.gravatar.com\/avatar\/576258617ef7194f718179e766d57bd4?s=96&d=mm&r=g","contentUrl":"https:\/\/secure.gravatar.com\/avatar\/576258617ef7194f718179e766d57bd4?s=96&d=mm&r=g","caption":"Adriana Costa"}}]}},"_links":{"self":[{"href":"https:\/\/www.manaus.am.gov.br\/manauscult\/wp-json\/wp\/v2\/posts\/4449"}],"collection":[{"href":"https:\/\/www.manaus.am.gov.br\/manauscult\/wp-json\/wp\/v2\/posts"}],"about":[{"href":"https:\/\/www.manaus.am.gov.br\/manauscult\/wp-json\/wp\/v2\/types\/post"}],"author":[{"embeddable":true,"href":"https:\/\/www.manaus.am.gov.br\/manauscult\/wp-json\/wp\/v2\/users\/23"}],"replies":[{"embeddable":true,"href":"https:\/\/www.manaus.am.gov.br\/manauscult\/wp-json\/wp\/v2\/comments?post=4449"}],"version-history":[{"count":0,"href":"https:\/\/www.manaus.am.gov.br\/manauscult\/wp-json\/wp\/v2\/posts\/4449\/revisions"}],"wp:featuredmedia":[{"embeddable":true,"href":"https:\/\/www.manaus.am.gov.br\/manauscult\/wp-json\/wp\/v2\/media\/4450"}],"wp:attachment":[{"href":"https:\/\/www.manaus.am.gov.br\/manauscult\/wp-json\/wp\/v2\/media?parent=4449"}],"wp:term":[{"taxonomy":"category","embeddable":true,"href":"https:\/\/www.manaus.am.gov.br\/manauscult\/wp-json\/wp\/v2\/categories?post=4449"},{"taxonomy":"post_tag","embeddable":true,"href":"https:\/\/www.manaus.am.gov.br\/manauscult\/wp-json\/wp\/v2\/tags?post=4449"}],"curies":[{"name":"wp","href":"https:\/\/api.w.org\/{rel}","templated":true}]}}