{"id":4444,"date":"2025-08-27T11:59:11","date_gmt":"2025-08-27T15:59:11","guid":{"rendered":"https:\/\/www.manaus.am.gov.br\/manauscult\/conclusao-devolutivas-setoriais-pnab-2025\/"},"modified":"2025-08-27T11:59:11","modified_gmt":"2025-08-27T15:59:11","slug":"conclusao-devolutivas-setoriais-pnab-2025","status":"publish","type":"post","link":"https:\/\/www.manaus.am.gov.br\/manauscult\/conclusao-devolutivas-setoriais-pnab-2025\/","title":{"rendered":"Prefeitura de Manaus conclui devolutivas setoriais da Pol\u00edtica Nacional Aldir Blanc 2025"},"content":{"rendered":"\n<p>A Prefeitura de Manaus, por meio do Conselho Municipal de Cultura (Concultura), encerrou, nesta quarta-feira, 27\/8, a rodada de reuni\u00f5es devolutivas das setoriais do ciclo da Pol\u00edtica Nacional Aldir Blanc (Pnab) 2025. Os encontros aconteceram no Centro de Arqueologia de Manaus (CAM), no Centro, reunindo artistas e representantes de todos os segmentos culturais do munic\u00edpio.<\/p>\n\n\n\n<p>Durante tr\u00eas dias de programa\u00e7\u00e3o, foram debatidas as contribui\u00e7\u00f5es apresentadas nas escutas p\u00fablicas de junho, que servir\u00e3o de base para a elabora\u00e7\u00e3o das modalidades dos pr\u00f3ximos editais da Pnab. O processo refor\u00e7ou o compromisso da Prefeitura de Manaus em assegurar a participa\u00e7\u00e3o direta da classe art\u00edstica na formula\u00e7\u00e3o das pol\u00edticas culturais municipais.<\/p>\n\n\n\n<p>De acordo com o presidente do Concultura, Tony Medeiros, a etapa consolida um importante exerc\u00edcio democr\u00e1tico. \u201cEssas devolutivas permitiram ouvir os artistas, responder \u00e0s demandas levantadas e garantir que a Prefeitura de Manaus cumpra a legisla\u00e7\u00e3o, chamando cada segmento a participar ativamente da constru\u00e7\u00e3o dos editais. \u00c9 cidadania cultural na pr\u00e1tica\u201d, destacou.<\/p>\n\n\n\n<p>Com a conclus\u00e3o das devolutivas, o Concultura dar\u00e1 sequ\u00eancia \u00e0 elabora\u00e7\u00e3o do Plano de A\u00e7\u00e3o da Pnab 2025, que nortear\u00e1 o fomento aos diversos setores art\u00edsticos da cidade.<\/p>\n\n\n\n<figure class=\"wp-block-image size-large\"><img loading=\"lazy\" decoding=\"async\" width=\"1024\" height=\"576\" src=\"https:\/\/www.manaus.am.gov.br\/manauscult\/wp-content\/uploads\/sites\/11\/2025\/08\/WhatsApp-Image-2025-08-27-at-11.34.20-1-1024x576.jpeg\" alt=\"\" class=\"wp-image-4446\" srcset=\"https:\/\/www.manaus.am.gov.br\/manauscult\/wp-content\/uploads\/sites\/11\/2025\/08\/WhatsApp-Image-2025-08-27-at-11.34.20-1-1024x576.jpeg 1024w, https:\/\/www.manaus.am.gov.br\/manauscult\/wp-content\/uploads\/sites\/11\/2025\/08\/WhatsApp-Image-2025-08-27-at-11.34.20-1-300x169.jpeg 300w, https:\/\/www.manaus.am.gov.br\/manauscult\/wp-content\/uploads\/sites\/11\/2025\/08\/WhatsApp-Image-2025-08-27-at-11.34.20-1-768x432.jpeg 768w, https:\/\/www.manaus.am.gov.br\/manauscult\/wp-content\/uploads\/sites\/11\/2025\/08\/WhatsApp-Image-2025-08-27-at-11.34.20-1-1536x864.jpeg 1536w, https:\/\/www.manaus.am.gov.br\/manauscult\/wp-content\/uploads\/sites\/11\/2025\/08\/WhatsApp-Image-2025-08-27-at-11.34.20-1.jpeg 1600w\" sizes=\"(max-width: 1024px) 100vw, 1024px\" \/><\/figure>\n\n\n\n<p>&#8212; &#8212; &#8212;<\/p>\n\n\n\n<p><strong>Texto<\/strong> &#8211; Ismael Oliveira\/Concultura<\/p>\n\n\n\n<p><strong>Fotos &#8211;<\/strong> Mateus Santos\/Concultura<\/p>\n","protected":false},"excerpt":{"rendered":"","protected":false},"author":39,"featured_media":4445,"comment_status":"closed","ping_status":"closed","sticky":false,"template":"","format":"standard","meta":{"footnotes":""},"categories":[376],"tags":[45,1606,94,1607,11],"acf":[],"yoast_head":"<!-- This site is optimized with the Yoast SEO plugin v23.0 - https:\/\/yoast.com\/wordpress\/plugins\/seo\/ -->\n<title>Prefeitura conclui devolutivas setoriais da Pnab 2025<\/title>\n<meta name=\"description\" content=\"Prefeitura de Manaus, por meio do Concultura, conclui devolutivas setoriais da Pol\u00edtica Nacional Aldir Blanc 2025.\" \/>\n<meta name=\"robots\" content=\"noindex, follow\" \/>\n<meta property=\"og:locale\" content=\"pt_BR\" \/>\n<meta property=\"og:type\" content=\"article\" \/>\n<meta property=\"og:title\" content=\"Prefeitura conclui devolutivas setoriais da Pnab 2025\" \/>\n<meta property=\"og:description\" content=\"Prefeitura de Manaus, por meio do Concultura, conclui devolutivas setoriais da Pol\u00edtica Nacional Aldir Blanc 2025.\" \/>\n<meta property=\"og:url\" content=\"https:\/\/www.manaus.am.gov.br\/manauscult\/conclusao-devolutivas-setoriais-pnab-2025\/\" \/>\n<meta property=\"og:site_name\" content=\"MANAUSCULT\" \/>\n<meta property=\"article:published_time\" content=\"2025-08-27T15:59:11+00:00\" \/>\n<meta property=\"og:image\" content=\"https:\/\/www.manaus.am.gov.br\/manauscult\/wp-content\/uploads\/sites\/11\/2025\/08\/WhatsApp-Image-2025-08-27-at-11.34.20.jpeg\" \/>\n\t<meta property=\"og:image:width\" content=\"1600\" \/>\n\t<meta property=\"og:image:height\" content=\"1200\" \/>\n\t<meta property=\"og:image:type\" content=\"image\/jpeg\" \/>\n<meta name=\"author\" content=\"Bruna Greco\" \/>\n<meta name=\"twitter:card\" content=\"summary_large_image\" \/>\n<meta name=\"twitter:label1\" content=\"Written by\" \/>\n\t<meta name=\"twitter:data1\" content=\"Bruna Greco\" \/>\n\t<meta name=\"twitter:label2\" content=\"Est. reading time\" \/>\n\t<meta name=\"twitter:data2\" content=\"2 minutos\" \/>\n<script type=\"application\/ld+json\" class=\"yoast-schema-graph\">{\"@context\":\"https:\/\/schema.org\",\"@graph\":[{\"@type\":\"WebPage\",\"@id\":\"https:\/\/www.manaus.am.gov.br\/manauscult\/conclusao-devolutivas-setoriais-pnab-2025\/\",\"url\":\"https:\/\/www.manaus.am.gov.br\/manauscult\/conclusao-devolutivas-setoriais-pnab-2025\/\",\"name\":\"Prefeitura conclui devolutivas setoriais da Pnab 2025\",\"isPartOf\":{\"@id\":\"https:\/\/www.manaus.am.gov.br\/manauscult\/#website\"},\"primaryImageOfPage\":{\"@id\":\"https:\/\/www.manaus.am.gov.br\/manauscult\/conclusao-devolutivas-setoriais-pnab-2025\/#primaryimage\"},\"image\":{\"@id\":\"https:\/\/www.manaus.am.gov.br\/manauscult\/conclusao-devolutivas-setoriais-pnab-2025\/#primaryimage\"},\"thumbnailUrl\":\"https:\/\/www.manaus.am.gov.br\/manauscult\/wp-content\/uploads\/sites\/11\/2025\/08\/WhatsApp-Image-2025-08-27-at-11.34.20.jpeg\",\"datePublished\":\"2025-08-27T15:59:11+00:00\",\"dateModified\":\"2025-08-27T15:59:11+00:00\",\"author\":{\"@id\":\"https:\/\/www.manaus.am.gov.br\/manauscult\/#\/schema\/person\/05d223aea2bf115f9883a6ff3683d81b\"},\"description\":\"Prefeitura de Manaus, por meio do Concultura, conclui devolutivas setoriais da Pol\u00edtica Nacional Aldir Blanc 2025.\",\"breadcrumb\":{\"@id\":\"https:\/\/www.manaus.am.gov.br\/manauscult\/conclusao-devolutivas-setoriais-pnab-2025\/#breadcrumb\"},\"inLanguage\":\"pt-BR\",\"potentialAction\":[{\"@type\":\"ReadAction\",\"target\":[\"https:\/\/www.manaus.am.gov.br\/manauscult\/conclusao-devolutivas-setoriais-pnab-2025\/\"]}]},{\"@type\":\"ImageObject\",\"inLanguage\":\"pt-BR\",\"@id\":\"https:\/\/www.manaus.am.gov.br\/manauscult\/conclusao-devolutivas-setoriais-pnab-2025\/#primaryimage\",\"url\":\"https:\/\/www.manaus.am.gov.br\/manauscult\/wp-content\/uploads\/sites\/11\/2025\/08\/WhatsApp-Image-2025-08-27-at-11.34.20.jpeg\",\"contentUrl\":\"https:\/\/www.manaus.am.gov.br\/manauscult\/wp-content\/uploads\/sites\/11\/2025\/08\/WhatsApp-Image-2025-08-27-at-11.34.20.jpeg\",\"width\":1600,\"height\":1200,\"caption\":\"#paratodosverem - Artistas e representantes de todos os segmentos culturais reunidos durante encerramento das devolutivas das setoriais do ciclo da Pnab 2025\"},{\"@type\":\"BreadcrumbList\",\"@id\":\"https:\/\/www.manaus.am.gov.br\/manauscult\/conclusao-devolutivas-setoriais-pnab-2025\/#breadcrumb\",\"itemListElement\":[{\"@type\":\"ListItem\",\"position\":1,\"name\":\"Home\",\"item\":\"https:\/\/www.manaus.am.gov.br\/manauscult\/\"},{\"@type\":\"ListItem\",\"position\":2,\"name\":\"Prefeitura de Manaus conclui devolutivas setoriais da Pol\u00edtica Nacional Aldir Blanc 2025\"}]},{\"@type\":\"WebSite\",\"@id\":\"https:\/\/www.manaus.am.gov.br\/manauscult\/#website\",\"url\":\"https:\/\/www.manaus.am.gov.br\/manauscult\/\",\"name\":\"MANAUSCULT\",\"description\":\"Prefeitura de Manaus\",\"potentialAction\":[{\"@type\":\"SearchAction\",\"target\":{\"@type\":\"EntryPoint\",\"urlTemplate\":\"https:\/\/www.manaus.am.gov.br\/manauscult\/?s={search_term_string}\"},\"query-input\":\"required name=search_term_string\"}],\"inLanguage\":\"pt-BR\"},{\"@type\":\"Person\",\"@id\":\"https:\/\/www.manaus.am.gov.br\/manauscult\/#\/schema\/person\/05d223aea2bf115f9883a6ff3683d81b\",\"name\":\"Bruna Greco\",\"image\":{\"@type\":\"ImageObject\",\"inLanguage\":\"pt-BR\",\"@id\":\"https:\/\/www.manaus.am.gov.br\/manauscult\/#\/schema\/person\/image\/\",\"url\":\"https:\/\/secure.gravatar.com\/avatar\/9c877d1a6adc2a055330e5c09a8653ce?s=96&d=mm&r=g\",\"contentUrl\":\"https:\/\/secure.gravatar.com\/avatar\/9c877d1a6adc2a055330e5c09a8653ce?s=96&d=mm&r=g\",\"caption\":\"Bruna Greco\"}}]}<\/script>\n<!-- \/ Yoast SEO plugin. -->","yoast_head_json":{"title":"Prefeitura conclui devolutivas setoriais da Pnab 2025","description":"Prefeitura de Manaus, por meio do Concultura, conclui devolutivas setoriais da Pol\u00edtica Nacional Aldir Blanc 2025.","robots":{"index":"noindex","follow":"follow"},"og_locale":"pt_BR","og_type":"article","og_title":"Prefeitura conclui devolutivas setoriais da Pnab 2025","og_description":"Prefeitura de Manaus, por meio do Concultura, conclui devolutivas setoriais da Pol\u00edtica Nacional Aldir Blanc 2025.","og_url":"https:\/\/www.manaus.am.gov.br\/manauscult\/conclusao-devolutivas-setoriais-pnab-2025\/","og_site_name":"MANAUSCULT","article_published_time":"2025-08-27T15:59:11+00:00","og_image":[{"width":1600,"height":1200,"url":"https:\/\/www.manaus.am.gov.br\/manauscult\/wp-content\/uploads\/sites\/11\/2025\/08\/WhatsApp-Image-2025-08-27-at-11.34.20.jpeg","type":"image\/jpeg"}],"author":"Bruna Greco","twitter_card":"summary_large_image","twitter_misc":{"Written by":"Bruna Greco","Est. reading time":"2 minutos"},"schema":{"@context":"https:\/\/schema.org","@graph":[{"@type":"WebPage","@id":"https:\/\/www.manaus.am.gov.br\/manauscult\/conclusao-devolutivas-setoriais-pnab-2025\/","url":"https:\/\/www.manaus.am.gov.br\/manauscult\/conclusao-devolutivas-setoriais-pnab-2025\/","name":"Prefeitura conclui devolutivas setoriais da Pnab 2025","isPartOf":{"@id":"https:\/\/www.manaus.am.gov.br\/manauscult\/#website"},"primaryImageOfPage":{"@id":"https:\/\/www.manaus.am.gov.br\/manauscult\/conclusao-devolutivas-setoriais-pnab-2025\/#primaryimage"},"image":{"@id":"https:\/\/www.manaus.am.gov.br\/manauscult\/conclusao-devolutivas-setoriais-pnab-2025\/#primaryimage"},"thumbnailUrl":"https:\/\/www.manaus.am.gov.br\/manauscult\/wp-content\/uploads\/sites\/11\/2025\/08\/WhatsApp-Image-2025-08-27-at-11.34.20.jpeg","datePublished":"2025-08-27T15:59:11+00:00","dateModified":"2025-08-27T15:59:11+00:00","author":{"@id":"https:\/\/www.manaus.am.gov.br\/manauscult\/#\/schema\/person\/05d223aea2bf115f9883a6ff3683d81b"},"description":"Prefeitura de Manaus, por meio do Concultura, conclui devolutivas setoriais da Pol\u00edtica Nacional Aldir Blanc 2025.","breadcrumb":{"@id":"https:\/\/www.manaus.am.gov.br\/manauscult\/conclusao-devolutivas-setoriais-pnab-2025\/#breadcrumb"},"inLanguage":"pt-BR","potentialAction":[{"@type":"ReadAction","target":["https:\/\/www.manaus.am.gov.br\/manauscult\/conclusao-devolutivas-setoriais-pnab-2025\/"]}]},{"@type":"ImageObject","inLanguage":"pt-BR","@id":"https:\/\/www.manaus.am.gov.br\/manauscult\/conclusao-devolutivas-setoriais-pnab-2025\/#primaryimage","url":"https:\/\/www.manaus.am.gov.br\/manauscult\/wp-content\/uploads\/sites\/11\/2025\/08\/WhatsApp-Image-2025-08-27-at-11.34.20.jpeg","contentUrl":"https:\/\/www.manaus.am.gov.br\/manauscult\/wp-content\/uploads\/sites\/11\/2025\/08\/WhatsApp-Image-2025-08-27-at-11.34.20.jpeg","width":1600,"height":1200,"caption":"#paratodosverem - Artistas e representantes de todos os segmentos culturais reunidos durante encerramento das devolutivas das setoriais do ciclo da Pnab 2025"},{"@type":"BreadcrumbList","@id":"https:\/\/www.manaus.am.gov.br\/manauscult\/conclusao-devolutivas-setoriais-pnab-2025\/#breadcrumb","itemListElement":[{"@type":"ListItem","position":1,"name":"Home","item":"https:\/\/www.manaus.am.gov.br\/manauscult\/"},{"@type":"ListItem","position":2,"name":"Prefeitura de Manaus conclui devolutivas setoriais da Pol\u00edtica Nacional Aldir Blanc 2025"}]},{"@type":"WebSite","@id":"https:\/\/www.manaus.am.gov.br\/manauscult\/#website","url":"https:\/\/www.manaus.am.gov.br\/manauscult\/","name":"MANAUSCULT","description":"Prefeitura de Manaus","potentialAction":[{"@type":"SearchAction","target":{"@type":"EntryPoint","urlTemplate":"https:\/\/www.manaus.am.gov.br\/manauscult\/?s={search_term_string}"},"query-input":"required name=search_term_string"}],"inLanguage":"pt-BR"},{"@type":"Person","@id":"https:\/\/www.manaus.am.gov.br\/manauscult\/#\/schema\/person\/05d223aea2bf115f9883a6ff3683d81b","name":"Bruna Greco","image":{"@type":"ImageObject","inLanguage":"pt-BR","@id":"https:\/\/www.manaus.am.gov.br\/manauscult\/#\/schema\/person\/image\/","url":"https:\/\/secure.gravatar.com\/avatar\/9c877d1a6adc2a055330e5c09a8653ce?s=96&d=mm&r=g","contentUrl":"https:\/\/secure.gravatar.com\/avatar\/9c877d1a6adc2a055330e5c09a8653ce?s=96&d=mm&r=g","caption":"Bruna Greco"}}]}},"_links":{"self":[{"href":"https:\/\/www.manaus.am.gov.br\/manauscult\/wp-json\/wp\/v2\/posts\/4444"}],"collection":[{"href":"https:\/\/www.manaus.am.gov.br\/manauscult\/wp-json\/wp\/v2\/posts"}],"about":[{"href":"https:\/\/www.manaus.am.gov.br\/manauscult\/wp-json\/wp\/v2\/types\/post"}],"author":[{"embeddable":true,"href":"https:\/\/www.manaus.am.gov.br\/manauscult\/wp-json\/wp\/v2\/users\/39"}],"replies":[{"embeddable":true,"href":"https:\/\/www.manaus.am.gov.br\/manauscult\/wp-json\/wp\/v2\/comments?post=4444"}],"version-history":[{"count":1,"href":"https:\/\/www.manaus.am.gov.br\/manauscult\/wp-json\/wp\/v2\/posts\/4444\/revisions"}],"predecessor-version":[{"id":4447,"href":"https:\/\/www.manaus.am.gov.br\/manauscult\/wp-json\/wp\/v2\/posts\/4444\/revisions\/4447"}],"wp:featuredmedia":[{"embeddable":true,"href":"https:\/\/www.manaus.am.gov.br\/manauscult\/wp-json\/wp\/v2\/media\/4445"}],"wp:attachment":[{"href":"https:\/\/www.manaus.am.gov.br\/manauscult\/wp-json\/wp\/v2\/media?parent=4444"}],"wp:term":[{"taxonomy":"category","embeddable":true,"href":"https:\/\/www.manaus.am.gov.br\/manauscult\/wp-json\/wp\/v2\/categories?post=4444"},{"taxonomy":"post_tag","embeddable":true,"href":"https:\/\/www.manaus.am.gov.br\/manauscult\/wp-json\/wp\/v2\/tags?post=4444"}],"curies":[{"name":"wp","href":"https:\/\/api.w.org\/{rel}","templated":true}]}}