{"id":4438,"date":"2025-08-26T22:31:43","date_gmt":"2025-08-27T02:31:43","guid":{"rendered":"https:\/\/www.manaus.am.gov.br\/manauscult\/acompanha-montagem-palco\/"},"modified":"2025-08-26T22:31:43","modified_gmt":"2025-08-27T02:31:43","slug":"acompanha-montagem-palco","status":"publish","type":"post","link":"https:\/\/www.manaus.am.gov.br\/manauscult\/acompanha-montagem-palco\/","title":{"rendered":"Prefeito David Almeida acompanha avan\u00e7os da montagem do palco Malcher do #SouManaus"},"content":{"rendered":"\n<p>O prefeito de Manaus, David Almeida, esteve, no final da tarde desta ter\u00e7a-feira, 26\/8, no Porto de Manaus, acompanhando os avan\u00e7os da montagem do palco Malcher, um dos principais espa\u00e7os do festival \u201c#SouManaus Passo a Pa\u00e7o 2025\u201d. A visita contou com a presen\u00e7a do presidente da Funda\u00e7\u00e3o Municipal de Cultura, Turismo e Eventos (Manauscult), Jender Lobato, da secret\u00e1ria municipal de Comunica\u00e7\u00e3o, Camila Silva, al\u00e9m de artistas e t\u00e9cnicos envolvidos no projeto cenogr\u00e1fico.<\/p>\n\n\n\n<p>Assinado pelo cen\u00f3grafo e diretor de Arte, Andrey Hermuche, com mais de 27 anos de carreira e atua\u00e7\u00e3o em mais de 500 projetos pelo Brasil, o palco j\u00e1 est\u00e1 com 60% da estrutura conclu\u00edda. Ser\u00e3o 80 metros de comprimento, cenografia monumental, diagonal de LEDs e elementos que remetem \u00e0 biodiversidade amaz\u00f4nica, como Suma\u00famas e seringais, em uma concep\u00e7\u00e3o projetada integralmente em 3D. A grandiosidade do espa\u00e7o o torna compat\u00edvel a palcos de megafestivais, como o Palco Mundo, do Rock in Rio, consolidando Manaus no circuito dos maiores festivais do pa\u00eds.<\/p>\n\n\n<div class=\"wp-block-image\">\n<figure class=\"aligncenter size-full\"><img loading=\"lazy\" decoding=\"async\" width=\"800\" height=\"600\" src=\"https:\/\/www.manaus.am.gov.br\/manauscult\/wp-content\/uploads\/sites\/11\/2025\/08\/Prefeito-Palco-Manauscult-1.jpeg\" alt=\"\" class=\"wp-image-4439\" srcset=\"https:\/\/www.manaus.am.gov.br\/manauscult\/wp-content\/uploads\/sites\/11\/2025\/08\/Prefeito-Palco-Manauscult-1.jpeg 800w, https:\/\/www.manaus.am.gov.br\/manauscult\/wp-content\/uploads\/sites\/11\/2025\/08\/Prefeito-Palco-Manauscult-1-300x225.jpeg 300w, https:\/\/www.manaus.am.gov.br\/manauscult\/wp-content\/uploads\/sites\/11\/2025\/08\/Prefeito-Palco-Manauscult-1-768x576.jpeg 768w\" sizes=\"(max-width: 800px) 100vw, 800px\" \/><\/figure><\/div>\n\n\n<p>Durante a vistoria, o prefeito destacou a import\u00e2ncia do festival para a cidade. \u201cO \u2018#SouManaus\u2019 j\u00e1 \u00e9 um marco no calend\u00e1rio cultural do Brasil e, neste ano, vamos surpreender ainda mais. Estamos entregando \u00e0 popula\u00e7\u00e3o uma estrutura de padr\u00e3o internacional, que valoriza a nossa identidade amaz\u00f4nica e coloca Manaus como vitrine da cultura nacional\u201d, afirmou o prefeito David Almeida.<\/p>\n\n\n\n<p>O presidente da Manauscult ressaltou o simbolismo da cenografia e a expectativa para o p\u00fablico. \u201cO palco Malcher \u00e9 uma homenagem a nossa hist\u00f3ria e \u00e0 natureza que nos cerca. Mais do que um espa\u00e7o para shows, ele ser\u00e1 uma experi\u00eancia visual e sensorial inesquec\u00edvel para quem vier prestigiar o \u2018#SouManaus\u2019\u201d, destacou Jender Lobato.<\/p>\n\n\n\n<p>O artista pl\u00e1stico, cen\u00f3grafo e arquiteto Jander Lemos, que lidera a equipe t\u00e9cnica de cenografia do festival, enfatizou a grandiosidade e a valoriza\u00e7\u00e3o dos artistas locais na execu\u00e7\u00e3o do projeto.<\/p>\n\n\n<div class=\"wp-block-image\">\n<figure class=\"aligncenter size-full\"><img loading=\"lazy\" decoding=\"async\" width=\"800\" height=\"600\" src=\"https:\/\/www.manaus.am.gov.br\/manauscult\/wp-content\/uploads\/sites\/11\/2025\/08\/Prefeito-Palco-Manauscult-2.jpeg\" alt=\"\" class=\"wp-image-4440\" srcset=\"https:\/\/www.manaus.am.gov.br\/manauscult\/wp-content\/uploads\/sites\/11\/2025\/08\/Prefeito-Palco-Manauscult-2.jpeg 800w, https:\/\/www.manaus.am.gov.br\/manauscult\/wp-content\/uploads\/sites\/11\/2025\/08\/Prefeito-Palco-Manauscult-2-300x225.jpeg 300w, https:\/\/www.manaus.am.gov.br\/manauscult\/wp-content\/uploads\/sites\/11\/2025\/08\/Prefeito-Palco-Manauscult-2-768x576.jpeg 768w\" sizes=\"(max-width: 800px) 100vw, 800px\" \/><\/figure><\/div>\n\n\n<p>\u201cMais um ano estamos participando da parte cenogr\u00e1fica do \u2018#SouManaus\u2019, que cresce a cada edi\u00e7\u00e3o e se consolida como um dos maiores festivais culturais do pa\u00eds. O p\u00fablico pode esperar, em todos os ambientes, um toque sublime de tecnologia aliado \u00e0 identidade amaz\u00f4nica do evento. Essa idealiza\u00e7\u00e3o, assinada por Andrey Hermuche, conta com a parceria de artistas locais, 70 profissionais diretamente envolvidos entre artes\u00e3os, pintores, serralheiros, costureiros e cenot\u00e9cnicos, que d\u00e3o vida \u00e0 cada detalhe. Tenho certeza de que, em termos de cenografia e t\u00e9cnica, o \u2018#SouManaus\u2019 n\u00e3o deixa a desejar a nenhum grande festival do Brasil e do mundo\u201d, afirmou Jander Lemos.<\/p>\n\n\n\n<p>O \u201c#SouManaus Passo a Pa\u00e7o 2025\u201d acontece nos dias 5, 6 e 7 de setembro, com programa\u00e7\u00e3o gratuita e grandes atra\u00e7\u00f5es nacionais e internacionais, ocupando diferentes pontos da cidade e transformando Manaus em um polo de arte, m\u00fasica e diversidade cultural.<\/p>\n\n\n\n<p>&#8212; &#8212; &#8212;<\/p>\n\n\n\n<p><strong>Texto<\/strong> &#8211; Emanuelle Baires \/ Semcom-Prefeito<\/p>\n\n\n\n<p><strong>Fotos<\/strong> &#8211; Thelson Souza \/ Manauscult e Divulga\u00e7\u00e3o<\/p>\n","protected":false},"excerpt":{"rendered":"","protected":false},"author":61,"featured_media":4441,"comment_status":"closed","ping_status":"closed","sticky":false,"template":"","format":"standard","meta":{"footnotes":""},"categories":[508],"tags":[1496,67,1604,1605,11],"acf":[],"yoast_head":"<!-- This site is optimized with the Yoast SEO plugin v23.0 - https:\/\/yoast.com\/wordpress\/plugins\/seo\/ -->\n<title>Prefeito David Almeida acompanha avan\u00e7os da montagem do palco Malcher do #SouManaus<\/title>\n<meta name=\"description\" content=\"O prefeito de Manaus, David Almeida, esteve, no final da tarde desta ter\u00e7a-feira, 26\/8, no Porto de Manaus, acompanhando os avan\u00e7os da montagem do palco Malcher, um dos principais espa\u00e7os do festival \u201c#SouManaus Passo a Pa\u00e7o 2025\u201d.\" \/>\n<meta name=\"robots\" content=\"noindex, follow\" \/>\n<meta property=\"og:locale\" content=\"pt_BR\" \/>\n<meta property=\"og:type\" content=\"article\" \/>\n<meta property=\"og:title\" content=\"Prefeito David Almeida acompanha avan\u00e7os da montagem do palco Malcher do #SouManaus\" \/>\n<meta property=\"og:description\" content=\"O prefeito de Manaus, David Almeida, esteve, no final da tarde desta ter\u00e7a-feira, 26\/8, no Porto de Manaus, acompanhando os avan\u00e7os da montagem do palco Malcher, um dos principais espa\u00e7os do festival \u201c#SouManaus Passo a Pa\u00e7o 2025\u201d.\" \/>\n<meta property=\"og:url\" content=\"https:\/\/www.manaus.am.gov.br\/manauscult\/acompanha-montagem-palco\/\" \/>\n<meta property=\"og:site_name\" content=\"MANAUSCULT\" \/>\n<meta property=\"article:published_time\" content=\"2025-08-27T02:31:43+00:00\" \/>\n<meta property=\"og:image\" content=\"https:\/\/www.manaus.am.gov.br\/manauscult\/wp-content\/uploads\/sites\/11\/2025\/08\/Prefeito-Palco-Manauscult.jpg\" \/>\n\t<meta property=\"og:image:width\" content=\"884\" \/>\n\t<meta property=\"og:image:height\" content=\"665\" \/>\n\t<meta property=\"og:image:type\" content=\"image\/jpeg\" \/>\n<meta name=\"author\" content=\"smonteiro\" \/>\n<meta name=\"twitter:card\" content=\"summary_large_image\" \/>\n<meta name=\"twitter:label1\" content=\"Written by\" \/>\n\t<meta name=\"twitter:data1\" content=\"smonteiro\" \/>\n\t<meta name=\"twitter:label2\" content=\"Est. reading time\" \/>\n\t<meta name=\"twitter:data2\" content=\"4 minutos\" \/>\n<script type=\"application\/ld+json\" class=\"yoast-schema-graph\">{\"@context\":\"https:\/\/schema.org\",\"@graph\":[{\"@type\":\"WebPage\",\"@id\":\"https:\/\/www.manaus.am.gov.br\/manauscult\/acompanha-montagem-palco\/\",\"url\":\"https:\/\/www.manaus.am.gov.br\/manauscult\/acompanha-montagem-palco\/\",\"name\":\"Prefeito David Almeida acompanha avan\u00e7os da montagem do palco Malcher do #SouManaus\",\"isPartOf\":{\"@id\":\"https:\/\/www.manaus.am.gov.br\/manauscult\/#website\"},\"primaryImageOfPage\":{\"@id\":\"https:\/\/www.manaus.am.gov.br\/manauscult\/acompanha-montagem-palco\/#primaryimage\"},\"image\":{\"@id\":\"https:\/\/www.manaus.am.gov.br\/manauscult\/acompanha-montagem-palco\/#primaryimage\"},\"thumbnailUrl\":\"https:\/\/www.manaus.am.gov.br\/manauscult\/wp-content\/uploads\/sites\/11\/2025\/08\/Prefeito-Palco-Manauscult.jpg\",\"datePublished\":\"2025-08-27T02:31:43+00:00\",\"dateModified\":\"2025-08-27T02:31:43+00:00\",\"author\":{\"@id\":\"https:\/\/www.manaus.am.gov.br\/manauscult\/#\/schema\/person\/ab4dcf766a54dff74e8d267f5c591961\"},\"description\":\"O prefeito de Manaus, David Almeida, esteve, no final da tarde desta ter\u00e7a-feira, 26\/8, no Porto de Manaus, acompanhando os avan\u00e7os da montagem do palco Malcher, um dos principais espa\u00e7os do festival \u201c#SouManaus Passo a Pa\u00e7o 2025\u201d.\",\"breadcrumb\":{\"@id\":\"https:\/\/www.manaus.am.gov.br\/manauscult\/acompanha-montagem-palco\/#breadcrumb\"},\"inLanguage\":\"pt-BR\",\"potentialAction\":[{\"@type\":\"ReadAction\",\"target\":[\"https:\/\/www.manaus.am.gov.br\/manauscult\/acompanha-montagem-palco\/\"]}]},{\"@type\":\"ImageObject\",\"inLanguage\":\"pt-BR\",\"@id\":\"https:\/\/www.manaus.am.gov.br\/manauscult\/acompanha-montagem-palco\/#primaryimage\",\"url\":\"https:\/\/www.manaus.am.gov.br\/manauscult\/wp-content\/uploads\/sites\/11\/2025\/08\/Prefeito-Palco-Manauscult.jpg\",\"contentUrl\":\"https:\/\/www.manaus.am.gov.br\/manauscult\/wp-content\/uploads\/sites\/11\/2025\/08\/Prefeito-Palco-Manauscult.jpg\",\"width\":884,\"height\":665,\"caption\":\"#paratodosverem - prefeito David Almeida e o diretor-presidente da Manauscult, Jender Lobato, vistoriam os preparativos dos palcos para o #SouManaus 2025\"},{\"@type\":\"BreadcrumbList\",\"@id\":\"https:\/\/www.manaus.am.gov.br\/manauscult\/acompanha-montagem-palco\/#breadcrumb\",\"itemListElement\":[{\"@type\":\"ListItem\",\"position\":1,\"name\":\"Home\",\"item\":\"https:\/\/www.manaus.am.gov.br\/manauscult\/\"},{\"@type\":\"ListItem\",\"position\":2,\"name\":\"Prefeito David Almeida acompanha avan\u00e7os da montagem do palco Malcher do #SouManaus\"}]},{\"@type\":\"WebSite\",\"@id\":\"https:\/\/www.manaus.am.gov.br\/manauscult\/#website\",\"url\":\"https:\/\/www.manaus.am.gov.br\/manauscult\/\",\"name\":\"MANAUSCULT\",\"description\":\"Prefeitura de Manaus\",\"potentialAction\":[{\"@type\":\"SearchAction\",\"target\":{\"@type\":\"EntryPoint\",\"urlTemplate\":\"https:\/\/www.manaus.am.gov.br\/manauscult\/?s={search_term_string}\"},\"query-input\":\"required name=search_term_string\"}],\"inLanguage\":\"pt-BR\"},{\"@type\":\"Person\",\"@id\":\"https:\/\/www.manaus.am.gov.br\/manauscult\/#\/schema\/person\/ab4dcf766a54dff74e8d267f5c591961\",\"name\":\"smonteiro\",\"image\":{\"@type\":\"ImageObject\",\"inLanguage\":\"pt-BR\",\"@id\":\"https:\/\/www.manaus.am.gov.br\/manauscult\/#\/schema\/person\/image\/\",\"url\":\"https:\/\/secure.gravatar.com\/avatar\/21c8776ef61d9272c73322052e042d77?s=96&d=mm&r=g\",\"contentUrl\":\"https:\/\/secure.gravatar.com\/avatar\/21c8776ef61d9272c73322052e042d77?s=96&d=mm&r=g\",\"caption\":\"smonteiro\"}}]}<\/script>\n<!-- \/ Yoast SEO plugin. -->","yoast_head_json":{"title":"Prefeito David Almeida acompanha avan\u00e7os da montagem do palco Malcher do #SouManaus","description":"O prefeito de Manaus, David Almeida, esteve, no final da tarde desta ter\u00e7a-feira, 26\/8, no Porto de Manaus, acompanhando os avan\u00e7os da montagem do palco Malcher, um dos principais espa\u00e7os do festival \u201c#SouManaus Passo a Pa\u00e7o 2025\u201d.","robots":{"index":"noindex","follow":"follow"},"og_locale":"pt_BR","og_type":"article","og_title":"Prefeito David Almeida acompanha avan\u00e7os da montagem do palco Malcher do #SouManaus","og_description":"O prefeito de Manaus, David Almeida, esteve, no final da tarde desta ter\u00e7a-feira, 26\/8, no Porto de Manaus, acompanhando os avan\u00e7os da montagem do palco Malcher, um dos principais espa\u00e7os do festival \u201c#SouManaus Passo a Pa\u00e7o 2025\u201d.","og_url":"https:\/\/www.manaus.am.gov.br\/manauscult\/acompanha-montagem-palco\/","og_site_name":"MANAUSCULT","article_published_time":"2025-08-27T02:31:43+00:00","og_image":[{"width":884,"height":665,"url":"https:\/\/www.manaus.am.gov.br\/manauscult\/wp-content\/uploads\/sites\/11\/2025\/08\/Prefeito-Palco-Manauscult.jpg","type":"image\/jpeg"}],"author":"smonteiro","twitter_card":"summary_large_image","twitter_misc":{"Written by":"smonteiro","Est. reading time":"4 minutos"},"schema":{"@context":"https:\/\/schema.org","@graph":[{"@type":"WebPage","@id":"https:\/\/www.manaus.am.gov.br\/manauscult\/acompanha-montagem-palco\/","url":"https:\/\/www.manaus.am.gov.br\/manauscult\/acompanha-montagem-palco\/","name":"Prefeito David Almeida acompanha avan\u00e7os da montagem do palco Malcher do #SouManaus","isPartOf":{"@id":"https:\/\/www.manaus.am.gov.br\/manauscult\/#website"},"primaryImageOfPage":{"@id":"https:\/\/www.manaus.am.gov.br\/manauscult\/acompanha-montagem-palco\/#primaryimage"},"image":{"@id":"https:\/\/www.manaus.am.gov.br\/manauscult\/acompanha-montagem-palco\/#primaryimage"},"thumbnailUrl":"https:\/\/www.manaus.am.gov.br\/manauscult\/wp-content\/uploads\/sites\/11\/2025\/08\/Prefeito-Palco-Manauscult.jpg","datePublished":"2025-08-27T02:31:43+00:00","dateModified":"2025-08-27T02:31:43+00:00","author":{"@id":"https:\/\/www.manaus.am.gov.br\/manauscult\/#\/schema\/person\/ab4dcf766a54dff74e8d267f5c591961"},"description":"O prefeito de Manaus, David Almeida, esteve, no final da tarde desta ter\u00e7a-feira, 26\/8, no Porto de Manaus, acompanhando os avan\u00e7os da montagem do palco Malcher, um dos principais espa\u00e7os do festival \u201c#SouManaus Passo a Pa\u00e7o 2025\u201d.","breadcrumb":{"@id":"https:\/\/www.manaus.am.gov.br\/manauscult\/acompanha-montagem-palco\/#breadcrumb"},"inLanguage":"pt-BR","potentialAction":[{"@type":"ReadAction","target":["https:\/\/www.manaus.am.gov.br\/manauscult\/acompanha-montagem-palco\/"]}]},{"@type":"ImageObject","inLanguage":"pt-BR","@id":"https:\/\/www.manaus.am.gov.br\/manauscult\/acompanha-montagem-palco\/#primaryimage","url":"https:\/\/www.manaus.am.gov.br\/manauscult\/wp-content\/uploads\/sites\/11\/2025\/08\/Prefeito-Palco-Manauscult.jpg","contentUrl":"https:\/\/www.manaus.am.gov.br\/manauscult\/wp-content\/uploads\/sites\/11\/2025\/08\/Prefeito-Palco-Manauscult.jpg","width":884,"height":665,"caption":"#paratodosverem - prefeito David Almeida e o diretor-presidente da Manauscult, Jender Lobato, vistoriam os preparativos dos palcos para o #SouManaus 2025"},{"@type":"BreadcrumbList","@id":"https:\/\/www.manaus.am.gov.br\/manauscult\/acompanha-montagem-palco\/#breadcrumb","itemListElement":[{"@type":"ListItem","position":1,"name":"Home","item":"https:\/\/www.manaus.am.gov.br\/manauscult\/"},{"@type":"ListItem","position":2,"name":"Prefeito David Almeida acompanha avan\u00e7os da montagem do palco Malcher do #SouManaus"}]},{"@type":"WebSite","@id":"https:\/\/www.manaus.am.gov.br\/manauscult\/#website","url":"https:\/\/www.manaus.am.gov.br\/manauscult\/","name":"MANAUSCULT","description":"Prefeitura de Manaus","potentialAction":[{"@type":"SearchAction","target":{"@type":"EntryPoint","urlTemplate":"https:\/\/www.manaus.am.gov.br\/manauscult\/?s={search_term_string}"},"query-input":"required name=search_term_string"}],"inLanguage":"pt-BR"},{"@type":"Person","@id":"https:\/\/www.manaus.am.gov.br\/manauscult\/#\/schema\/person\/ab4dcf766a54dff74e8d267f5c591961","name":"smonteiro","image":{"@type":"ImageObject","inLanguage":"pt-BR","@id":"https:\/\/www.manaus.am.gov.br\/manauscult\/#\/schema\/person\/image\/","url":"https:\/\/secure.gravatar.com\/avatar\/21c8776ef61d9272c73322052e042d77?s=96&d=mm&r=g","contentUrl":"https:\/\/secure.gravatar.com\/avatar\/21c8776ef61d9272c73322052e042d77?s=96&d=mm&r=g","caption":"smonteiro"}}]}},"_links":{"self":[{"href":"https:\/\/www.manaus.am.gov.br\/manauscult\/wp-json\/wp\/v2\/posts\/4438"}],"collection":[{"href":"https:\/\/www.manaus.am.gov.br\/manauscult\/wp-json\/wp\/v2\/posts"}],"about":[{"href":"https:\/\/www.manaus.am.gov.br\/manauscult\/wp-json\/wp\/v2\/types\/post"}],"author":[{"embeddable":true,"href":"https:\/\/www.manaus.am.gov.br\/manauscult\/wp-json\/wp\/v2\/users\/61"}],"replies":[{"embeddable":true,"href":"https:\/\/www.manaus.am.gov.br\/manauscult\/wp-json\/wp\/v2\/comments?post=4438"}],"version-history":[{"count":1,"href":"https:\/\/www.manaus.am.gov.br\/manauscult\/wp-json\/wp\/v2\/posts\/4438\/revisions"}],"predecessor-version":[{"id":4442,"href":"https:\/\/www.manaus.am.gov.br\/manauscult\/wp-json\/wp\/v2\/posts\/4438\/revisions\/4442"}],"wp:featuredmedia":[{"embeddable":true,"href":"https:\/\/www.manaus.am.gov.br\/manauscult\/wp-json\/wp\/v2\/media\/4441"}],"wp:attachment":[{"href":"https:\/\/www.manaus.am.gov.br\/manauscult\/wp-json\/wp\/v2\/media?parent=4438"}],"wp:term":[{"taxonomy":"category","embeddable":true,"href":"https:\/\/www.manaus.am.gov.br\/manauscult\/wp-json\/wp\/v2\/categories?post=4438"},{"taxonomy":"post_tag","embeddable":true,"href":"https:\/\/www.manaus.am.gov.br\/manauscult\/wp-json\/wp\/v2\/tags?post=4438"}],"curies":[{"name":"wp","href":"https:\/\/api.w.org\/{rel}","templated":true}]}}