{"id":4433,"date":"2025-08-26T21:51:25","date_gmt":"2025-08-27T01:51:25","guid":{"rendered":"https:\/\/www.manaus.am.gov.br\/manauscult\/troca-pulseiras\/"},"modified":"2025-08-26T21:51:25","modified_gmt":"2025-08-27T01:51:25","slug":"troca-pulseiras","status":"publish","type":"post","link":"https:\/\/www.manaus.am.gov.br\/manauscult\/troca-pulseiras\/","title":{"rendered":"Prefeitura inicia troca de pulseiras para o \u2018#SouManaus Passo a Pa\u00e7o 2025\u2019"},"content":{"rendered":"\n<p>A Prefeitura de Manaus, por meio da Funda\u00e7\u00e3o Municipal de Cultura, Turismo e Eventos (Manauscult), iniciou, nesta ter\u00e7a-feira, 26\/8, a entrega das pulseiras de acesso ao \u201c#SouManaus Passo a Pa\u00e7o 2025\u201d. O ingresso solid\u00e1rio ser\u00e1 garantido mediante a doa\u00e7\u00e3o de 1 kg de alimento n\u00e3o perec\u00edvel, que ser\u00e1 destinado a fam\u00edlias em situa\u00e7\u00e3o de vulnerabilidade social.<\/p>\n\n\n\n<p>Os lotes seguem a seguinte programa\u00e7\u00e3o: dia 26, 1\u00ba lote; dia 27, 2\u00ba lote; dia 28, 3\u00ba lote; dia 29, 4\u00ba lote; dia 30, 5\u00ba lote; e dia 31, 6\u00ba lote. A Galeria dos Rem\u00e9dios realizar\u00e1 trocas apenas do 2\u00ba ao 6\u00ba lote (de 27 a 31).<\/p>\n\n\n\n<p>O diretor-presidente da Manauscult, Jender Lobato, destaca a import\u00e2ncia da a\u00e7\u00e3o solid\u00e1ria. \u201cO #SouManaus \u00e9 um festival feito para todos e a doa\u00e7\u00e3o de alimentos refor\u00e7a o papel social do evento, ajudando quem mais precisa ao mesmo tempo em que garante ao p\u00fablico acesso a grandes shows e experi\u00eancias culturais\u201d.<\/p>\n\n\n<div class=\"wp-block-image\">\n<figure class=\"aligncenter size-full is-resized\"><img loading=\"lazy\" decoding=\"async\" width=\"799\" height=\"533\" src=\"https:\/\/www.manaus.am.gov.br\/manauscult\/wp-content\/uploads\/sites\/11\/2025\/08\/Manauscult-Troca-Pulseiras-2.jpg\" alt=\"\" class=\"wp-image-4434\" style=\"width:663px;height:auto\" srcset=\"https:\/\/www.manaus.am.gov.br\/manauscult\/wp-content\/uploads\/sites\/11\/2025\/08\/Manauscult-Troca-Pulseiras-2.jpg 799w, https:\/\/www.manaus.am.gov.br\/manauscult\/wp-content\/uploads\/sites\/11\/2025\/08\/Manauscult-Troca-Pulseiras-2-300x200.jpg 300w, https:\/\/www.manaus.am.gov.br\/manauscult\/wp-content\/uploads\/sites\/11\/2025\/08\/Manauscult-Troca-Pulseiras-2-768x512.jpg 768w\" sizes=\"(max-width: 799px) 100vw, 799px\" \/><\/figure><\/div>\n\n\n<p>O \u201c#SouManaus Passo a Pa\u00e7o 2025\u201d acontece nos dias 5, 6 e 7 de setembro, reunindo m\u00fasica, artes, gastronomia e experi\u00eancias que transformam o centro hist\u00f3rico em um grande palco a c\u00e9u aberto.<\/p>\n\n\n<div class=\"wp-block-image\">\n<figure class=\"aligncenter size-full is-resized\"><img loading=\"lazy\" decoding=\"async\" width=\"799\" height=\"533\" src=\"https:\/\/www.manaus.am.gov.br\/manauscult\/wp-content\/uploads\/sites\/11\/2025\/08\/Manauscult-Troca-Pulseiras-5.jpg\" alt=\"\" class=\"wp-image-4435\" style=\"width:669px;height:auto\" srcset=\"https:\/\/www.manaus.am.gov.br\/manauscult\/wp-content\/uploads\/sites\/11\/2025\/08\/Manauscult-Troca-Pulseiras-5.jpg 799w, https:\/\/www.manaus.am.gov.br\/manauscult\/wp-content\/uploads\/sites\/11\/2025\/08\/Manauscult-Troca-Pulseiras-5-300x200.jpg 300w, https:\/\/www.manaus.am.gov.br\/manauscult\/wp-content\/uploads\/sites\/11\/2025\/08\/Manauscult-Troca-Pulseiras-5-768x512.jpg 768w\" sizes=\"(max-width: 799px) 100vw, 799px\" \/><\/figure><\/div>\n\n\n<p>Confira os locais de troca:<\/p>\n\n\n\n<p>Nova Era \u2013 Torres (Supermercado), Avenida Governador Jos\u00e9 Lindoso, 230, bairro Novo Aleixo, hor\u00e1rio: 15h \u00e0s 21h.<\/p>\n\n\n\n<p>Galeria dos Rem\u00e9dios \u2013 Shopping Popular, Rua Miranda Le\u00e3o, 82, Centro, hor\u00e1rio: 13h \u00e0s 19h.<\/p>\n\n\n\n<p>Vit\u00f3ria Supermercados \u2013 Coroado, Avenida Cosme Ferreira, 1.620, bairro Coroado I, hor\u00e1rio: 15h \u00e0s 21h<\/p>\n\n\n\n<p>Nova Era \u2013 Flores, Avenida Torquato Tapaj\u00f3s, 2.871, bairro Flores, hor\u00e1rio: 15h \u00e0s 21h.<\/p>\n\n\n\n<p>Shopping Phelippe Daou, Avenida Camapu\u00e3, 2.939, bairro Cidade de Deus, hor\u00e1rio: 13h \u00e0s 19h<\/p>\n\n\n\n<p>Casa de Praia Zezinho Corr\u00eaa, Ponta Negra, hor\u00e1rio: 15h \u00e0s 21h.<\/p>\n\n\n\n<p>&#8212; &#8212; &#8212;<\/p>\n\n\n\n<p><strong>Texto<\/strong> &#8211; J\u00e9ssica Trajano \/ Manauscult<\/p>\n\n\n\n<p><strong>Fotos<\/strong> \u2013 Cl\u00f3vis Miranda \/ Semcom<\/p>\n\n\n\n<p><strong>Dispon\u00edveis em<\/strong> &#8211; <a href=\"https:\/\/www.flickr.com\/gp\/prefeiturademanaus\/Znm1Z1q44j\">https:\/\/www.flickr.com\/gp\/prefeiturademanaus\/Znm1Z1q44j<\/a><\/p>\n","protected":false},"excerpt":{"rendered":"","protected":false},"author":61,"featured_media":4436,"comment_status":"closed","ping_status":"closed","sticky":false,"template":"","format":"standard","meta":{"footnotes":""},"categories":[508],"tags":[9,11,451],"acf":[],"yoast_head":"<!-- This site is optimized with the Yoast SEO plugin v23.0 - https:\/\/yoast.com\/wordpress\/plugins\/seo\/ -->\n<title>Prefeitura inicia troca de pulseiras para o \u2018#SouManaus Passo a Pa\u00e7o 2025\u2019<\/title>\n<meta name=\"description\" content=\"A Prefeitura de Manaus, por meio da Funda\u00e7\u00e3o Municipal de Cultura, Turismo e Eventos (Manauscult), iniciou, nesta ter\u00e7a-feira, 26\/8, a entrega das pulseiras de acesso ao \u201c#SouManaus Passo a Pa\u00e7o 2025\u201d.\" \/>\n<meta name=\"robots\" content=\"noindex, follow\" \/>\n<meta property=\"og:locale\" content=\"pt_BR\" \/>\n<meta property=\"og:type\" content=\"article\" \/>\n<meta property=\"og:title\" content=\"Prefeitura inicia troca de pulseiras para o \u2018#SouManaus Passo a Pa\u00e7o 2025\u2019\" \/>\n<meta property=\"og:description\" content=\"A Prefeitura de Manaus, por meio da Funda\u00e7\u00e3o Municipal de Cultura, Turismo e Eventos (Manauscult), iniciou, nesta ter\u00e7a-feira, 26\/8, a entrega das pulseiras de acesso ao \u201c#SouManaus Passo a Pa\u00e7o 2025\u201d.\" \/>\n<meta property=\"og:url\" content=\"https:\/\/www.manaus.am.gov.br\/manauscult\/troca-pulseiras\/\" \/>\n<meta property=\"og:site_name\" content=\"MANAUSCULT\" \/>\n<meta property=\"article:published_time\" content=\"2025-08-27T01:51:25+00:00\" \/>\n<meta property=\"og:image\" content=\"https:\/\/www.manaus.am.gov.br\/manauscult\/wp-content\/uploads\/sites\/11\/2025\/08\/Manauscult-Troca-Pulseiras-4.jpg\" \/>\n\t<meta property=\"og:image:width\" content=\"799\" \/>\n\t<meta property=\"og:image:height\" content=\"533\" \/>\n\t<meta property=\"og:image:type\" content=\"image\/jpeg\" \/>\n<meta name=\"author\" content=\"smonteiro\" \/>\n<meta name=\"twitter:card\" content=\"summary_large_image\" \/>\n<meta name=\"twitter:label1\" content=\"Written by\" \/>\n\t<meta name=\"twitter:data1\" content=\"smonteiro\" \/>\n\t<meta name=\"twitter:label2\" content=\"Est. reading time\" \/>\n\t<meta name=\"twitter:data2\" content=\"3 minutos\" \/>\n<script type=\"application\/ld+json\" class=\"yoast-schema-graph\">{\"@context\":\"https:\/\/schema.org\",\"@graph\":[{\"@type\":\"WebPage\",\"@id\":\"https:\/\/www.manaus.am.gov.br\/manauscult\/troca-pulseiras\/\",\"url\":\"https:\/\/www.manaus.am.gov.br\/manauscult\/troca-pulseiras\/\",\"name\":\"Prefeitura inicia troca de pulseiras para o \u2018#SouManaus Passo a Pa\u00e7o 2025\u2019\",\"isPartOf\":{\"@id\":\"https:\/\/www.manaus.am.gov.br\/manauscult\/#website\"},\"primaryImageOfPage\":{\"@id\":\"https:\/\/www.manaus.am.gov.br\/manauscult\/troca-pulseiras\/#primaryimage\"},\"image\":{\"@id\":\"https:\/\/www.manaus.am.gov.br\/manauscult\/troca-pulseiras\/#primaryimage\"},\"thumbnailUrl\":\"https:\/\/www.manaus.am.gov.br\/manauscult\/wp-content\/uploads\/sites\/11\/2025\/08\/Manauscult-Troca-Pulseiras-4.jpg\",\"datePublished\":\"2025-08-27T01:51:25+00:00\",\"dateModified\":\"2025-08-27T01:51:25+00:00\",\"author\":{\"@id\":\"https:\/\/www.manaus.am.gov.br\/manauscult\/#\/schema\/person\/ab4dcf766a54dff74e8d267f5c591961\"},\"description\":\"A Prefeitura de Manaus, por meio da Funda\u00e7\u00e3o Municipal de Cultura, Turismo e Eventos (Manauscult), iniciou, nesta ter\u00e7a-feira, 26\/8, a entrega das pulseiras de acesso ao \u201c#SouManaus Passo a Pa\u00e7o 2025\u201d.\",\"breadcrumb\":{\"@id\":\"https:\/\/www.manaus.am.gov.br\/manauscult\/troca-pulseiras\/#breadcrumb\"},\"inLanguage\":\"pt-BR\",\"potentialAction\":[{\"@type\":\"ReadAction\",\"target\":[\"https:\/\/www.manaus.am.gov.br\/manauscult\/troca-pulseiras\/\"]}]},{\"@type\":\"ImageObject\",\"inLanguage\":\"pt-BR\",\"@id\":\"https:\/\/www.manaus.am.gov.br\/manauscult\/troca-pulseiras\/#primaryimage\",\"url\":\"https:\/\/www.manaus.am.gov.br\/manauscult\/wp-content\/uploads\/sites\/11\/2025\/08\/Manauscult-Troca-Pulseiras-4.jpg\",\"contentUrl\":\"https:\/\/www.manaus.am.gov.br\/manauscult\/wp-content\/uploads\/sites\/11\/2025\/08\/Manauscult-Troca-Pulseiras-4.jpg\",\"width\":799,\"height\":533,\"caption\":\"#paratodosverem - p\u00fablico comparece para fazer a troca de um quilo de alimento pela pulseira de acesso ao #SouManaus 2025\"},{\"@type\":\"BreadcrumbList\",\"@id\":\"https:\/\/www.manaus.am.gov.br\/manauscult\/troca-pulseiras\/#breadcrumb\",\"itemListElement\":[{\"@type\":\"ListItem\",\"position\":1,\"name\":\"Home\",\"item\":\"https:\/\/www.manaus.am.gov.br\/manauscult\/\"},{\"@type\":\"ListItem\",\"position\":2,\"name\":\"Prefeitura inicia troca de pulseiras para o \u2018#SouManaus Passo a Pa\u00e7o 2025\u2019\"}]},{\"@type\":\"WebSite\",\"@id\":\"https:\/\/www.manaus.am.gov.br\/manauscult\/#website\",\"url\":\"https:\/\/www.manaus.am.gov.br\/manauscult\/\",\"name\":\"MANAUSCULT\",\"description\":\"Prefeitura de Manaus\",\"potentialAction\":[{\"@type\":\"SearchAction\",\"target\":{\"@type\":\"EntryPoint\",\"urlTemplate\":\"https:\/\/www.manaus.am.gov.br\/manauscult\/?s={search_term_string}\"},\"query-input\":\"required name=search_term_string\"}],\"inLanguage\":\"pt-BR\"},{\"@type\":\"Person\",\"@id\":\"https:\/\/www.manaus.am.gov.br\/manauscult\/#\/schema\/person\/ab4dcf766a54dff74e8d267f5c591961\",\"name\":\"smonteiro\",\"image\":{\"@type\":\"ImageObject\",\"inLanguage\":\"pt-BR\",\"@id\":\"https:\/\/www.manaus.am.gov.br\/manauscult\/#\/schema\/person\/image\/\",\"url\":\"https:\/\/secure.gravatar.com\/avatar\/21c8776ef61d9272c73322052e042d77?s=96&d=mm&r=g\",\"contentUrl\":\"https:\/\/secure.gravatar.com\/avatar\/21c8776ef61d9272c73322052e042d77?s=96&d=mm&r=g\",\"caption\":\"smonteiro\"}}]}<\/script>\n<!-- \/ Yoast SEO plugin. -->","yoast_head_json":{"title":"Prefeitura inicia troca de pulseiras para o \u2018#SouManaus Passo a Pa\u00e7o 2025\u2019","description":"A Prefeitura de Manaus, por meio da Funda\u00e7\u00e3o Municipal de Cultura, Turismo e Eventos (Manauscult), iniciou, nesta ter\u00e7a-feira, 26\/8, a entrega das pulseiras de acesso ao \u201c#SouManaus Passo a Pa\u00e7o 2025\u201d.","robots":{"index":"noindex","follow":"follow"},"og_locale":"pt_BR","og_type":"article","og_title":"Prefeitura inicia troca de pulseiras para o \u2018#SouManaus Passo a Pa\u00e7o 2025\u2019","og_description":"A Prefeitura de Manaus, por meio da Funda\u00e7\u00e3o Municipal de Cultura, Turismo e Eventos (Manauscult), iniciou, nesta ter\u00e7a-feira, 26\/8, a entrega das pulseiras de acesso ao \u201c#SouManaus Passo a Pa\u00e7o 2025\u201d.","og_url":"https:\/\/www.manaus.am.gov.br\/manauscult\/troca-pulseiras\/","og_site_name":"MANAUSCULT","article_published_time":"2025-08-27T01:51:25+00:00","og_image":[{"width":799,"height":533,"url":"https:\/\/www.manaus.am.gov.br\/manauscult\/wp-content\/uploads\/sites\/11\/2025\/08\/Manauscult-Troca-Pulseiras-4.jpg","type":"image\/jpeg"}],"author":"smonteiro","twitter_card":"summary_large_image","twitter_misc":{"Written by":"smonteiro","Est. reading time":"3 minutos"},"schema":{"@context":"https:\/\/schema.org","@graph":[{"@type":"WebPage","@id":"https:\/\/www.manaus.am.gov.br\/manauscult\/troca-pulseiras\/","url":"https:\/\/www.manaus.am.gov.br\/manauscult\/troca-pulseiras\/","name":"Prefeitura inicia troca de pulseiras para o \u2018#SouManaus Passo a Pa\u00e7o 2025\u2019","isPartOf":{"@id":"https:\/\/www.manaus.am.gov.br\/manauscult\/#website"},"primaryImageOfPage":{"@id":"https:\/\/www.manaus.am.gov.br\/manauscult\/troca-pulseiras\/#primaryimage"},"image":{"@id":"https:\/\/www.manaus.am.gov.br\/manauscult\/troca-pulseiras\/#primaryimage"},"thumbnailUrl":"https:\/\/www.manaus.am.gov.br\/manauscult\/wp-content\/uploads\/sites\/11\/2025\/08\/Manauscult-Troca-Pulseiras-4.jpg","datePublished":"2025-08-27T01:51:25+00:00","dateModified":"2025-08-27T01:51:25+00:00","author":{"@id":"https:\/\/www.manaus.am.gov.br\/manauscult\/#\/schema\/person\/ab4dcf766a54dff74e8d267f5c591961"},"description":"A Prefeitura de Manaus, por meio da Funda\u00e7\u00e3o Municipal de Cultura, Turismo e Eventos (Manauscult), iniciou, nesta ter\u00e7a-feira, 26\/8, a entrega das pulseiras de acesso ao \u201c#SouManaus Passo a Pa\u00e7o 2025\u201d.","breadcrumb":{"@id":"https:\/\/www.manaus.am.gov.br\/manauscult\/troca-pulseiras\/#breadcrumb"},"inLanguage":"pt-BR","potentialAction":[{"@type":"ReadAction","target":["https:\/\/www.manaus.am.gov.br\/manauscult\/troca-pulseiras\/"]}]},{"@type":"ImageObject","inLanguage":"pt-BR","@id":"https:\/\/www.manaus.am.gov.br\/manauscult\/troca-pulseiras\/#primaryimage","url":"https:\/\/www.manaus.am.gov.br\/manauscult\/wp-content\/uploads\/sites\/11\/2025\/08\/Manauscult-Troca-Pulseiras-4.jpg","contentUrl":"https:\/\/www.manaus.am.gov.br\/manauscult\/wp-content\/uploads\/sites\/11\/2025\/08\/Manauscult-Troca-Pulseiras-4.jpg","width":799,"height":533,"caption":"#paratodosverem - p\u00fablico comparece para fazer a troca de um quilo de alimento pela pulseira de acesso ao #SouManaus 2025"},{"@type":"BreadcrumbList","@id":"https:\/\/www.manaus.am.gov.br\/manauscult\/troca-pulseiras\/#breadcrumb","itemListElement":[{"@type":"ListItem","position":1,"name":"Home","item":"https:\/\/www.manaus.am.gov.br\/manauscult\/"},{"@type":"ListItem","position":2,"name":"Prefeitura inicia troca de pulseiras para o \u2018#SouManaus Passo a Pa\u00e7o 2025\u2019"}]},{"@type":"WebSite","@id":"https:\/\/www.manaus.am.gov.br\/manauscult\/#website","url":"https:\/\/www.manaus.am.gov.br\/manauscult\/","name":"MANAUSCULT","description":"Prefeitura de Manaus","potentialAction":[{"@type":"SearchAction","target":{"@type":"EntryPoint","urlTemplate":"https:\/\/www.manaus.am.gov.br\/manauscult\/?s={search_term_string}"},"query-input":"required name=search_term_string"}],"inLanguage":"pt-BR"},{"@type":"Person","@id":"https:\/\/www.manaus.am.gov.br\/manauscult\/#\/schema\/person\/ab4dcf766a54dff74e8d267f5c591961","name":"smonteiro","image":{"@type":"ImageObject","inLanguage":"pt-BR","@id":"https:\/\/www.manaus.am.gov.br\/manauscult\/#\/schema\/person\/image\/","url":"https:\/\/secure.gravatar.com\/avatar\/21c8776ef61d9272c73322052e042d77?s=96&d=mm&r=g","contentUrl":"https:\/\/secure.gravatar.com\/avatar\/21c8776ef61d9272c73322052e042d77?s=96&d=mm&r=g","caption":"smonteiro"}}]}},"_links":{"self":[{"href":"https:\/\/www.manaus.am.gov.br\/manauscult\/wp-json\/wp\/v2\/posts\/4433"}],"collection":[{"href":"https:\/\/www.manaus.am.gov.br\/manauscult\/wp-json\/wp\/v2\/posts"}],"about":[{"href":"https:\/\/www.manaus.am.gov.br\/manauscult\/wp-json\/wp\/v2\/types\/post"}],"author":[{"embeddable":true,"href":"https:\/\/www.manaus.am.gov.br\/manauscult\/wp-json\/wp\/v2\/users\/61"}],"replies":[{"embeddable":true,"href":"https:\/\/www.manaus.am.gov.br\/manauscult\/wp-json\/wp\/v2\/comments?post=4433"}],"version-history":[{"count":1,"href":"https:\/\/www.manaus.am.gov.br\/manauscult\/wp-json\/wp\/v2\/posts\/4433\/revisions"}],"predecessor-version":[{"id":4437,"href":"https:\/\/www.manaus.am.gov.br\/manauscult\/wp-json\/wp\/v2\/posts\/4433\/revisions\/4437"}],"wp:featuredmedia":[{"embeddable":true,"href":"https:\/\/www.manaus.am.gov.br\/manauscult\/wp-json\/wp\/v2\/media\/4436"}],"wp:attachment":[{"href":"https:\/\/www.manaus.am.gov.br\/manauscult\/wp-json\/wp\/v2\/media?parent=4433"}],"wp:term":[{"taxonomy":"category","embeddable":true,"href":"https:\/\/www.manaus.am.gov.br\/manauscult\/wp-json\/wp\/v2\/categories?post=4433"},{"taxonomy":"post_tag","embeddable":true,"href":"https:\/\/www.manaus.am.gov.br\/manauscult\/wp-json\/wp\/v2\/tags?post=4433"}],"curies":[{"name":"wp","href":"https:\/\/api.w.org\/{rel}","templated":true}]}}