{"id":4429,"date":"2025-08-26T11:44:38","date_gmt":"2025-08-26T15:44:38","guid":{"rendered":"https:\/\/www.manaus.am.gov.br\/manauscult\/prefeitura-manauscult-teatrobaloes-soumanaus\/"},"modified":"2025-08-26T11:44:39","modified_gmt":"2025-08-26T15:44:39","slug":"prefeitura-manauscult-teatrobaloes-soumanaus","status":"publish","type":"post","link":"https:\/\/www.manaus.am.gov.br\/manauscult\/prefeitura-manauscult-teatrobaloes-soumanaus\/","title":{"rendered":"Teatro \u2018Bal\u00f5es\u2019 promete encantar p\u00fablico em apresenta\u00e7\u00e3o gratuita do &#8216;#SouManaus Passo a Pa\u00e7o 2025&#8217;"},"content":{"rendered":"\n<p>A Prefeitura de Manaus, por meio da Funda\u00e7\u00e3o Municipal de Cultura, Turismo e Eventos (ManausCult), apresenta o espet\u00e1culo \u201cBal\u00f5es\u201d no teatro da Instala\u00e7\u00e3o, no dia 5 de setembro, \u00e0s 19h. A apresenta\u00e7\u00e3o integra a programa\u00e7\u00e3o do \u201c#SouManaus Passo a Pa\u00e7o 2025\u201d, o maior festival gratuito de artes integradas do Brasil, que acontece nos dias 5, 6 e 7 de setembro, reunindo teatro, m\u00fasica, dan\u00e7a, circo, artes visuais e outras manifesta\u00e7\u00f5es art\u00edsticas.<\/p>\n\n\n\n<p>O espet\u00e1culo \u201cBal\u00f5es\u201d convida o p\u00fablico a mergulhar em uma narrativa po\u00e9tica e sens\u00edvel, combinando elementos l\u00fadicos e criativos para contar hist\u00f3rias universais de forma envolvente. A montagem proporciona uma experi\u00eancia est\u00e9tica \u00fanica, capaz de emocionar e inspirar pessoas de todas as idades.<\/p>\n\n\n\n<p>Para o diretor-presidente da ManausCult, Jender Lobato, iniciativas como esta fortalecem o acesso \u00e0 cultura e \u00e0 arte na cidade.<\/p>\n\n\n\n<p>\u201cO \u2018#SouManaus Passo a Pa\u00e7o\u2019 aproxima a popula\u00e7\u00e3o da arte e da criatividade. \u2018Bal\u00f5es\u2019 \u00e9 um espet\u00e1culo que encanta e transforma, e o melhor: \u00e9 totalmente gratuito\u201d, destacou Lobato.<\/p>\n\n\n\n<p>O teatro da Instala\u00e7\u00e3o, espa\u00e7o hist\u00f3rico e refer\u00eancia cultural de Manaus, recebe essa e outras atra\u00e7\u00f5es do festival, que transforma a cidade em um grande palco e celebra a diversidade art\u00edstica local. O \u201c#SouManaus Passo a Pa\u00e7o 2025\u201d refor\u00e7a o compromisso da Prefeitura de Manaus em democratizar a cultura, proporcionando experi\u00eancias \u00fanicas e gratuitas para toda a popula\u00e7\u00e3o.<\/p>\n\n\n\n<p>&#8212; &#8212; &#8212;<\/p>\n\n\n\n<p><strong>Texto\u00a0<\/strong>&#8211; J\u00e9ssica Trajano\/ManausCult<\/p>\n\n\n\n<p><strong>Fotos\u00a0<\/strong>\u2013 Divulga\u00e7\u00e3o<\/p>\n","protected":false},"excerpt":{"rendered":"","protected":false},"author":23,"featured_media":4430,"comment_status":"closed","ping_status":"closed","sticky":false,"template":"","format":"standard","meta":{"footnotes":""},"categories":[785],"tags":[183,1603,9,11,333,623],"acf":[],"yoast_head":"<!-- This site is optimized with the Yoast SEO plugin v23.0 - https:\/\/yoast.com\/wordpress\/plugins\/seo\/ -->\n<title>Teatro \u2018Bal\u00f5es\u2019 promete encantar p\u00fablico em apresenta\u00e7\u00e3o gratuita do &#039;#SouManaus Passo a Pa\u00e7o 2025&#039;<\/title>\n<meta name=\"description\" content=\"A Prefeitura de Manaus, por meio da Funda\u00e7\u00e3o Municipal de Cultura, Turismo e Eventos (ManausCult), apresenta o espet\u00e1culo \u201cBal\u00f5es\u201d no teatro da Instala\u00e7\u00e3o, no dia 5 de setembro, \u00e0s 19h.\" \/>\n<meta name=\"robots\" content=\"noindex, follow\" \/>\n<meta property=\"og:locale\" content=\"pt_BR\" \/>\n<meta property=\"og:type\" content=\"article\" \/>\n<meta property=\"og:title\" content=\"Teatro \u2018Bal\u00f5es\u2019 promete encantar p\u00fablico em apresenta\u00e7\u00e3o gratuita do &#039;#SouManaus Passo a Pa\u00e7o 2025&#039;\" \/>\n<meta property=\"og:description\" content=\"A Prefeitura de Manaus, por meio da Funda\u00e7\u00e3o Municipal de Cultura, Turismo e Eventos (ManausCult), apresenta o espet\u00e1culo \u201cBal\u00f5es\u201d no teatro da Instala\u00e7\u00e3o, no dia 5 de setembro, \u00e0s 19h.\" \/>\n<meta property=\"og:url\" content=\"https:\/\/www.manaus.am.gov.br\/manauscult\/prefeitura-manauscult-teatrobaloes-soumanaus\/\" \/>\n<meta property=\"og:site_name\" content=\"MANAUSCULT\" \/>\n<meta property=\"article:published_time\" content=\"2025-08-26T15:44:38+00:00\" \/>\n<meta property=\"article:modified_time\" content=\"2025-08-26T15:44:39+00:00\" \/>\n<meta property=\"og:image\" content=\"https:\/\/www.manaus.am.gov.br\/manauscult\/wp-content\/uploads\/sites\/11\/2025\/08\/IMG_6828.jpeg\" \/>\n\t<meta property=\"og:image:width\" content=\"1242\" \/>\n\t<meta property=\"og:image:height\" content=\"1652\" \/>\n\t<meta property=\"og:image:type\" content=\"image\/jpeg\" \/>\n<meta name=\"author\" content=\"Adriana Costa\" \/>\n<meta name=\"twitter:card\" content=\"summary_large_image\" \/>\n<meta name=\"twitter:label1\" content=\"Written by\" \/>\n\t<meta name=\"twitter:data1\" content=\"Adriana Costa\" \/>\n\t<meta name=\"twitter:label2\" content=\"Est. reading time\" \/>\n\t<meta name=\"twitter:data2\" content=\"2 minutos\" \/>\n<script type=\"application\/ld+json\" class=\"yoast-schema-graph\">{\"@context\":\"https:\/\/schema.org\",\"@graph\":[{\"@type\":\"WebPage\",\"@id\":\"https:\/\/www.manaus.am.gov.br\/manauscult\/prefeitura-manauscult-teatrobaloes-soumanaus\/\",\"url\":\"https:\/\/www.manaus.am.gov.br\/manauscult\/prefeitura-manauscult-teatrobaloes-soumanaus\/\",\"name\":\"Teatro \u2018Bal\u00f5es\u2019 promete encantar p\u00fablico em apresenta\u00e7\u00e3o gratuita do '#SouManaus Passo a Pa\u00e7o 2025'\",\"isPartOf\":{\"@id\":\"https:\/\/www.manaus.am.gov.br\/manauscult\/#website\"},\"primaryImageOfPage\":{\"@id\":\"https:\/\/www.manaus.am.gov.br\/manauscult\/prefeitura-manauscult-teatrobaloes-soumanaus\/#primaryimage\"},\"image\":{\"@id\":\"https:\/\/www.manaus.am.gov.br\/manauscult\/prefeitura-manauscult-teatrobaloes-soumanaus\/#primaryimage\"},\"thumbnailUrl\":\"https:\/\/www.manaus.am.gov.br\/manauscult\/wp-content\/uploads\/sites\/11\/2025\/08\/IMG_6828.jpeg\",\"datePublished\":\"2025-08-26T15:44:38+00:00\",\"dateModified\":\"2025-08-26T15:44:39+00:00\",\"author\":{\"@id\":\"https:\/\/www.manaus.am.gov.br\/manauscult\/#\/schema\/person\/4e49f4e267757a06ca072ec61b2b9968\"},\"description\":\"A Prefeitura de Manaus, por meio da Funda\u00e7\u00e3o Municipal de Cultura, Turismo e Eventos (ManausCult), apresenta o espet\u00e1culo \u201cBal\u00f5es\u201d no teatro da Instala\u00e7\u00e3o, no dia 5 de setembro, \u00e0s 19h.\",\"breadcrumb\":{\"@id\":\"https:\/\/www.manaus.am.gov.br\/manauscult\/prefeitura-manauscult-teatrobaloes-soumanaus\/#breadcrumb\"},\"inLanguage\":\"pt-BR\",\"potentialAction\":[{\"@type\":\"ReadAction\",\"target\":[\"https:\/\/www.manaus.am.gov.br\/manauscult\/prefeitura-manauscult-teatrobaloes-soumanaus\/\"]}]},{\"@type\":\"ImageObject\",\"inLanguage\":\"pt-BR\",\"@id\":\"https:\/\/www.manaus.am.gov.br\/manauscult\/prefeitura-manauscult-teatrobaloes-soumanaus\/#primaryimage\",\"url\":\"https:\/\/www.manaus.am.gov.br\/manauscult\/wp-content\/uploads\/sites\/11\/2025\/08\/IMG_6828.jpeg\",\"contentUrl\":\"https:\/\/www.manaus.am.gov.br\/manauscult\/wp-content\/uploads\/sites\/11\/2025\/08\/IMG_6828.jpeg\",\"width\":1242,\"height\":1652},{\"@type\":\"BreadcrumbList\",\"@id\":\"https:\/\/www.manaus.am.gov.br\/manauscult\/prefeitura-manauscult-teatrobaloes-soumanaus\/#breadcrumb\",\"itemListElement\":[{\"@type\":\"ListItem\",\"position\":1,\"name\":\"Home\",\"item\":\"https:\/\/www.manaus.am.gov.br\/manauscult\/\"},{\"@type\":\"ListItem\",\"position\":2,\"name\":\"Teatro \u2018Bal\u00f5es\u2019 promete encantar p\u00fablico em apresenta\u00e7\u00e3o gratuita do &#8216;#SouManaus Passo a Pa\u00e7o 2025&#8217;\"}]},{\"@type\":\"WebSite\",\"@id\":\"https:\/\/www.manaus.am.gov.br\/manauscult\/#website\",\"url\":\"https:\/\/www.manaus.am.gov.br\/manauscult\/\",\"name\":\"MANAUSCULT\",\"description\":\"Prefeitura de Manaus\",\"potentialAction\":[{\"@type\":\"SearchAction\",\"target\":{\"@type\":\"EntryPoint\",\"urlTemplate\":\"https:\/\/www.manaus.am.gov.br\/manauscult\/?s={search_term_string}\"},\"query-input\":\"required name=search_term_string\"}],\"inLanguage\":\"pt-BR\"},{\"@type\":\"Person\",\"@id\":\"https:\/\/www.manaus.am.gov.br\/manauscult\/#\/schema\/person\/4e49f4e267757a06ca072ec61b2b9968\",\"name\":\"Adriana Costa\",\"image\":{\"@type\":\"ImageObject\",\"inLanguage\":\"pt-BR\",\"@id\":\"https:\/\/www.manaus.am.gov.br\/manauscult\/#\/schema\/person\/image\/\",\"url\":\"https:\/\/secure.gravatar.com\/avatar\/576258617ef7194f718179e766d57bd4?s=96&d=mm&r=g\",\"contentUrl\":\"https:\/\/secure.gravatar.com\/avatar\/576258617ef7194f718179e766d57bd4?s=96&d=mm&r=g\",\"caption\":\"Adriana Costa\"}}]}<\/script>\n<!-- \/ Yoast SEO plugin. -->","yoast_head_json":{"title":"Teatro \u2018Bal\u00f5es\u2019 promete encantar p\u00fablico em apresenta\u00e7\u00e3o gratuita do '#SouManaus Passo a Pa\u00e7o 2025'","description":"A Prefeitura de Manaus, por meio da Funda\u00e7\u00e3o Municipal de Cultura, Turismo e Eventos (ManausCult), apresenta o espet\u00e1culo \u201cBal\u00f5es\u201d no teatro da Instala\u00e7\u00e3o, no dia 5 de setembro, \u00e0s 19h.","robots":{"index":"noindex","follow":"follow"},"og_locale":"pt_BR","og_type":"article","og_title":"Teatro \u2018Bal\u00f5es\u2019 promete encantar p\u00fablico em apresenta\u00e7\u00e3o gratuita do '#SouManaus Passo a Pa\u00e7o 2025'","og_description":"A Prefeitura de Manaus, por meio da Funda\u00e7\u00e3o Municipal de Cultura, Turismo e Eventos (ManausCult), apresenta o espet\u00e1culo \u201cBal\u00f5es\u201d no teatro da Instala\u00e7\u00e3o, no dia 5 de setembro, \u00e0s 19h.","og_url":"https:\/\/www.manaus.am.gov.br\/manauscult\/prefeitura-manauscult-teatrobaloes-soumanaus\/","og_site_name":"MANAUSCULT","article_published_time":"2025-08-26T15:44:38+00:00","article_modified_time":"2025-08-26T15:44:39+00:00","og_image":[{"width":1242,"height":1652,"url":"https:\/\/www.manaus.am.gov.br\/manauscult\/wp-content\/uploads\/sites\/11\/2025\/08\/IMG_6828.jpeg","type":"image\/jpeg"}],"author":"Adriana Costa","twitter_card":"summary_large_image","twitter_misc":{"Written by":"Adriana Costa","Est. reading time":"2 minutos"},"schema":{"@context":"https:\/\/schema.org","@graph":[{"@type":"WebPage","@id":"https:\/\/www.manaus.am.gov.br\/manauscult\/prefeitura-manauscult-teatrobaloes-soumanaus\/","url":"https:\/\/www.manaus.am.gov.br\/manauscult\/prefeitura-manauscult-teatrobaloes-soumanaus\/","name":"Teatro \u2018Bal\u00f5es\u2019 promete encantar p\u00fablico em apresenta\u00e7\u00e3o gratuita do '#SouManaus Passo a Pa\u00e7o 2025'","isPartOf":{"@id":"https:\/\/www.manaus.am.gov.br\/manauscult\/#website"},"primaryImageOfPage":{"@id":"https:\/\/www.manaus.am.gov.br\/manauscult\/prefeitura-manauscult-teatrobaloes-soumanaus\/#primaryimage"},"image":{"@id":"https:\/\/www.manaus.am.gov.br\/manauscult\/prefeitura-manauscult-teatrobaloes-soumanaus\/#primaryimage"},"thumbnailUrl":"https:\/\/www.manaus.am.gov.br\/manauscult\/wp-content\/uploads\/sites\/11\/2025\/08\/IMG_6828.jpeg","datePublished":"2025-08-26T15:44:38+00:00","dateModified":"2025-08-26T15:44:39+00:00","author":{"@id":"https:\/\/www.manaus.am.gov.br\/manauscult\/#\/schema\/person\/4e49f4e267757a06ca072ec61b2b9968"},"description":"A Prefeitura de Manaus, por meio da Funda\u00e7\u00e3o Municipal de Cultura, Turismo e Eventos (ManausCult), apresenta o espet\u00e1culo \u201cBal\u00f5es\u201d no teatro da Instala\u00e7\u00e3o, no dia 5 de setembro, \u00e0s 19h.","breadcrumb":{"@id":"https:\/\/www.manaus.am.gov.br\/manauscult\/prefeitura-manauscult-teatrobaloes-soumanaus\/#breadcrumb"},"inLanguage":"pt-BR","potentialAction":[{"@type":"ReadAction","target":["https:\/\/www.manaus.am.gov.br\/manauscult\/prefeitura-manauscult-teatrobaloes-soumanaus\/"]}]},{"@type":"ImageObject","inLanguage":"pt-BR","@id":"https:\/\/www.manaus.am.gov.br\/manauscult\/prefeitura-manauscult-teatrobaloes-soumanaus\/#primaryimage","url":"https:\/\/www.manaus.am.gov.br\/manauscult\/wp-content\/uploads\/sites\/11\/2025\/08\/IMG_6828.jpeg","contentUrl":"https:\/\/www.manaus.am.gov.br\/manauscult\/wp-content\/uploads\/sites\/11\/2025\/08\/IMG_6828.jpeg","width":1242,"height":1652},{"@type":"BreadcrumbList","@id":"https:\/\/www.manaus.am.gov.br\/manauscult\/prefeitura-manauscult-teatrobaloes-soumanaus\/#breadcrumb","itemListElement":[{"@type":"ListItem","position":1,"name":"Home","item":"https:\/\/www.manaus.am.gov.br\/manauscult\/"},{"@type":"ListItem","position":2,"name":"Teatro \u2018Bal\u00f5es\u2019 promete encantar p\u00fablico em apresenta\u00e7\u00e3o gratuita do &#8216;#SouManaus Passo a Pa\u00e7o 2025&#8217;"}]},{"@type":"WebSite","@id":"https:\/\/www.manaus.am.gov.br\/manauscult\/#website","url":"https:\/\/www.manaus.am.gov.br\/manauscult\/","name":"MANAUSCULT","description":"Prefeitura de Manaus","potentialAction":[{"@type":"SearchAction","target":{"@type":"EntryPoint","urlTemplate":"https:\/\/www.manaus.am.gov.br\/manauscult\/?s={search_term_string}"},"query-input":"required name=search_term_string"}],"inLanguage":"pt-BR"},{"@type":"Person","@id":"https:\/\/www.manaus.am.gov.br\/manauscult\/#\/schema\/person\/4e49f4e267757a06ca072ec61b2b9968","name":"Adriana Costa","image":{"@type":"ImageObject","inLanguage":"pt-BR","@id":"https:\/\/www.manaus.am.gov.br\/manauscult\/#\/schema\/person\/image\/","url":"https:\/\/secure.gravatar.com\/avatar\/576258617ef7194f718179e766d57bd4?s=96&d=mm&r=g","contentUrl":"https:\/\/secure.gravatar.com\/avatar\/576258617ef7194f718179e766d57bd4?s=96&d=mm&r=g","caption":"Adriana Costa"}}]}},"_links":{"self":[{"href":"https:\/\/www.manaus.am.gov.br\/manauscult\/wp-json\/wp\/v2\/posts\/4429"}],"collection":[{"href":"https:\/\/www.manaus.am.gov.br\/manauscult\/wp-json\/wp\/v2\/posts"}],"about":[{"href":"https:\/\/www.manaus.am.gov.br\/manauscult\/wp-json\/wp\/v2\/types\/post"}],"author":[{"embeddable":true,"href":"https:\/\/www.manaus.am.gov.br\/manauscult\/wp-json\/wp\/v2\/users\/23"}],"replies":[{"embeddable":true,"href":"https:\/\/www.manaus.am.gov.br\/manauscult\/wp-json\/wp\/v2\/comments?post=4429"}],"version-history":[{"count":0,"href":"https:\/\/www.manaus.am.gov.br\/manauscult\/wp-json\/wp\/v2\/posts\/4429\/revisions"}],"wp:featuredmedia":[{"embeddable":true,"href":"https:\/\/www.manaus.am.gov.br\/manauscult\/wp-json\/wp\/v2\/media\/4430"}],"wp:attachment":[{"href":"https:\/\/www.manaus.am.gov.br\/manauscult\/wp-json\/wp\/v2\/media?parent=4429"}],"wp:term":[{"taxonomy":"category","embeddable":true,"href":"https:\/\/www.manaus.am.gov.br\/manauscult\/wp-json\/wp\/v2\/categories?post=4429"},{"taxonomy":"post_tag","embeddable":true,"href":"https:\/\/www.manaus.am.gov.br\/manauscult\/wp-json\/wp\/v2\/tags?post=4429"}],"curies":[{"name":"wp","href":"https:\/\/api.w.org\/{rel}","templated":true}]}}