{"id":4425,"date":"2025-08-26T11:22:42","date_gmt":"2025-08-26T15:22:42","guid":{"rendered":"https:\/\/www.manaus.am.gov.br\/manauscult\/espetaculo-sebastiao-programacao-soumanaus\/"},"modified":"2025-08-26T12:59:38","modified_gmt":"2025-08-26T16:59:38","slug":"espetaculo-sebastiao-programacao-soumanaus","status":"publish","type":"post","link":"https:\/\/www.manaus.am.gov.br\/manauscult\/espetaculo-sebastiao-programacao-soumanaus\/","title":{"rendered":"Espet\u00e1culo &#8216;Sebasti\u00e3o&#8217;, da companhia de teatro Ateli\u00ea 23, integra programa\u00e7\u00e3o teatral do \u2018#SouManaus Passo a Pa\u00e7o 2025\u2019"},"content":{"rendered":"\n<p>A Prefeitura de Manaus, por meio da Funda\u00e7\u00e3o Municipal de Cultura, Turismo e Eventos (Manauscult), amplia a diversidade da programa\u00e7\u00e3o cultural do \u201c#SouManaus Passo a Pa\u00e7o 2025\u201d com mais uma atra\u00e7\u00e3o teatral. O espet\u00e1culo \u201cSebasti\u00e3o\u201d, da companhia de teatro Ateli\u00ea 23, ser\u00e1 apresentado no dia 6\/9, \u00e0s 19h, no&nbsp;teatro da Instala\u00e7\u00e3o, localizado no centro hist\u00f3rico da cidade.<\/p>\n\n\n\n<p><br>Reconhecida pela pot\u00eancia de suas cria\u00e7\u00f5es, a companhia manauara traz ao festival uma obra que reflete a for\u00e7a da dramaturgia local e a conex\u00e3o com a identidade amaz\u00f4nica. O p\u00fablico poder\u00e1 mergulhar em uma experi\u00eancia art\u00edstica marcada pela intensidade do texto e pela sensibilidade da interpreta\u00e7\u00e3o, reafirmando o papel do teatro como espa\u00e7o de reflex\u00e3o e de encontro.<\/p>\n\n\n\n<p><br>Para o diretor-presidente da Manauscult, Jender Lobato, a escolha de montagens como &#8220;Sebasti\u00e3o&#8221; refor\u00e7a o compromisso do festival em valorizar artistas da cidade e oferecer uma estrutura de excel\u00eancia para o p\u00fablico.<\/p>\n\n\n\n<p>\u201cO grande desafio foi montar uma organiza\u00e7\u00e3o que pudesse atender com conforto e, ao mesmo tempo, treinar as pessoas que participam do evento para receber bem quem vem para prestigiar. O &#8216;#SouManaus&#8217; \u00e9 mais do que um festival, \u00e9 uma vitrine da nossa cultura e da hospitalidade que caracteriza Manaus\u201d, destacou.<\/p>\n\n\n\n<p><br>Ao incluir \u201cSebasti\u00e3o\u201d em sua agenda,&nbsp;o &#8220;#SouManaus&#8221;&nbsp;reafirma seu papel de impulsionar a arte na regi\u00e3o, onde grandes atra\u00e7\u00f5es locais e nacionais dividem espa\u00e7o com produ\u00e7\u00f5es autorais locais, fortalecendo a cena art\u00edstica amazonense e aproximando a popula\u00e7\u00e3o do teatro produzido na cidade.<\/p>\n\n\n\n<figure class=\"wp-block-image size-large\"><img loading=\"lazy\" decoding=\"async\" width=\"1024\" height=\"682\" src=\"https:\/\/www.manaus.am.gov.br\/manauscult\/wp-content\/uploads\/sites\/11\/2025\/08\/WhatsApp-Image-2025-08-26-at-10.59.19-1024x682.jpeg\" alt=\"\" class=\"wp-image-4427\" srcset=\"https:\/\/www.manaus.am.gov.br\/manauscult\/wp-content\/uploads\/sites\/11\/2025\/08\/WhatsApp-Image-2025-08-26-at-10.59.19-1024x682.jpeg 1024w, https:\/\/www.manaus.am.gov.br\/manauscult\/wp-content\/uploads\/sites\/11\/2025\/08\/WhatsApp-Image-2025-08-26-at-10.59.19-300x200.jpeg 300w, https:\/\/www.manaus.am.gov.br\/manauscult\/wp-content\/uploads\/sites\/11\/2025\/08\/WhatsApp-Image-2025-08-26-at-10.59.19-768x512.jpeg 768w, https:\/\/www.manaus.am.gov.br\/manauscult\/wp-content\/uploads\/sites\/11\/2025\/08\/WhatsApp-Image-2025-08-26-at-10.59.19-1536x1023.jpeg 1536w, https:\/\/www.manaus.am.gov.br\/manauscult\/wp-content\/uploads\/sites\/11\/2025\/08\/WhatsApp-Image-2025-08-26-at-10.59.19.jpeg 1600w\" sizes=\"(max-width: 1024px) 100vw, 1024px\" \/><\/figure>\n\n\n\n<p>&#8212; &#8212; &#8212;<\/p>\n\n\n\n<p><strong>Texto<\/strong>&nbsp;&#8211; J\u00e9ssica Trajano\/Manauscult&nbsp;<\/p>\n\n\n\n<p><strong>Fotos <\/strong>&#8211; Teatro Ateli\u00ea 23 \/ Divulga\u00e7\u00e3o<\/p>\n","protected":false},"excerpt":{"rendered":"","protected":false},"author":39,"featured_media":4426,"comment_status":"closed","ping_status":"closed","sticky":false,"template":"","format":"standard","meta":{"footnotes":""},"categories":[1599],"tags":[1458,1600,1601,9,11,1602],"acf":[],"yoast_head":"<!-- This site is optimized with the Yoast SEO plugin v23.0 - https:\/\/yoast.com\/wordpress\/plugins\/seo\/ -->\n<title>Espet\u00e1culo &#039;Sebasti\u00e3o&#039; integra programa\u00e7\u00e3o do #SouManaus<\/title>\n<meta name=\"description\" content=\"Espet\u00e1culo &#039;Sebasti\u00e3o&#039;, da companhia de teatro Ateli\u00ea 23, integra programa\u00e7\u00e3o teatral do \u2018#SouManaus Passo a Pa\u00e7o 2025\u2019.\" \/>\n<meta name=\"robots\" content=\"noindex, follow\" \/>\n<meta property=\"og:locale\" content=\"pt_BR\" \/>\n<meta property=\"og:type\" content=\"article\" \/>\n<meta property=\"og:title\" content=\"Espet\u00e1culo &#039;Sebasti\u00e3o&#039; integra programa\u00e7\u00e3o do #SouManaus\" \/>\n<meta property=\"og:description\" content=\"Espet\u00e1culo &#039;Sebasti\u00e3o&#039;, da companhia de teatro Ateli\u00ea 23, integra programa\u00e7\u00e3o teatral do \u2018#SouManaus Passo a Pa\u00e7o 2025\u2019.\" \/>\n<meta property=\"og:url\" content=\"https:\/\/www.manaus.am.gov.br\/manauscult\/espetaculo-sebastiao-programacao-soumanaus\/\" \/>\n<meta property=\"og:site_name\" content=\"MANAUSCULT\" \/>\n<meta property=\"article:published_time\" content=\"2025-08-26T15:22:42+00:00\" \/>\n<meta property=\"article:modified_time\" content=\"2025-08-26T16:59:38+00:00\" \/>\n<meta property=\"og:image\" content=\"https:\/\/www.manaus.am.gov.br\/manauscult\/wp-content\/uploads\/sites\/11\/2025\/08\/WhatsApp-Image-2025-08-26-at-10.59.191.jpeg\" \/>\n\t<meta property=\"og:image:width\" content=\"1600\" \/>\n\t<meta property=\"og:image:height\" content=\"1066\" \/>\n\t<meta property=\"og:image:type\" content=\"image\/jpeg\" \/>\n<meta name=\"author\" content=\"Bruna Greco\" \/>\n<meta name=\"twitter:card\" content=\"summary_large_image\" \/>\n<meta name=\"twitter:label1\" content=\"Written by\" \/>\n\t<meta name=\"twitter:data1\" content=\"Bruna Greco\" \/>\n\t<meta name=\"twitter:label2\" content=\"Est. reading time\" \/>\n\t<meta name=\"twitter:data2\" content=\"2 minutos\" \/>\n<script type=\"application\/ld+json\" class=\"yoast-schema-graph\">{\"@context\":\"https:\/\/schema.org\",\"@graph\":[{\"@type\":\"WebPage\",\"@id\":\"https:\/\/www.manaus.am.gov.br\/manauscult\/espetaculo-sebastiao-programacao-soumanaus\/\",\"url\":\"https:\/\/www.manaus.am.gov.br\/manauscult\/espetaculo-sebastiao-programacao-soumanaus\/\",\"name\":\"Espet\u00e1culo 'Sebasti\u00e3o' integra programa\u00e7\u00e3o do #SouManaus\",\"isPartOf\":{\"@id\":\"https:\/\/www.manaus.am.gov.br\/manauscult\/#website\"},\"primaryImageOfPage\":{\"@id\":\"https:\/\/www.manaus.am.gov.br\/manauscult\/espetaculo-sebastiao-programacao-soumanaus\/#primaryimage\"},\"image\":{\"@id\":\"https:\/\/www.manaus.am.gov.br\/manauscult\/espetaculo-sebastiao-programacao-soumanaus\/#primaryimage\"},\"thumbnailUrl\":\"https:\/\/www.manaus.am.gov.br\/manauscult\/wp-content\/uploads\/sites\/11\/2025\/08\/WhatsApp-Image-2025-08-26-at-10.59.191.jpeg\",\"datePublished\":\"2025-08-26T15:22:42+00:00\",\"dateModified\":\"2025-08-26T16:59:38+00:00\",\"author\":{\"@id\":\"https:\/\/www.manaus.am.gov.br\/manauscult\/#\/schema\/person\/05d223aea2bf115f9883a6ff3683d81b\"},\"description\":\"Espet\u00e1culo 'Sebasti\u00e3o', da companhia de teatro Ateli\u00ea 23, integra programa\u00e7\u00e3o teatral do \u2018#SouManaus Passo a Pa\u00e7o 2025\u2019.\",\"breadcrumb\":{\"@id\":\"https:\/\/www.manaus.am.gov.br\/manauscult\/espetaculo-sebastiao-programacao-soumanaus\/#breadcrumb\"},\"inLanguage\":\"pt-BR\",\"potentialAction\":[{\"@type\":\"ReadAction\",\"target\":[\"https:\/\/www.manaus.am.gov.br\/manauscult\/espetaculo-sebastiao-programacao-soumanaus\/\"]}]},{\"@type\":\"ImageObject\",\"inLanguage\":\"pt-BR\",\"@id\":\"https:\/\/www.manaus.am.gov.br\/manauscult\/espetaculo-sebastiao-programacao-soumanaus\/#primaryimage\",\"url\":\"https:\/\/www.manaus.am.gov.br\/manauscult\/wp-content\/uploads\/sites\/11\/2025\/08\/WhatsApp-Image-2025-08-26-at-10.59.191.jpeg\",\"contentUrl\":\"https:\/\/www.manaus.am.gov.br\/manauscult\/wp-content\/uploads\/sites\/11\/2025\/08\/WhatsApp-Image-2025-08-26-at-10.59.191.jpeg\",\"width\":1600,\"height\":1066,\"caption\":\"#paratodosverem - Integrantes da companhia de teatro Ateli\u00ea 23 durante apresenta\u00e7\u00e3o do espet\u00e1culo \\\"Sebasti\u00e3o\\\"\"},{\"@type\":\"BreadcrumbList\",\"@id\":\"https:\/\/www.manaus.am.gov.br\/manauscult\/espetaculo-sebastiao-programacao-soumanaus\/#breadcrumb\",\"itemListElement\":[{\"@type\":\"ListItem\",\"position\":1,\"name\":\"Home\",\"item\":\"https:\/\/www.manaus.am.gov.br\/manauscult\/\"},{\"@type\":\"ListItem\",\"position\":2,\"name\":\"Espet\u00e1culo &#8216;Sebasti\u00e3o&#8217;, da companhia de teatro Ateli\u00ea 23, integra programa\u00e7\u00e3o teatral do \u2018#SouManaus Passo a Pa\u00e7o 2025\u2019\"}]},{\"@type\":\"WebSite\",\"@id\":\"https:\/\/www.manaus.am.gov.br\/manauscult\/#website\",\"url\":\"https:\/\/www.manaus.am.gov.br\/manauscult\/\",\"name\":\"MANAUSCULT\",\"description\":\"Prefeitura de Manaus\",\"potentialAction\":[{\"@type\":\"SearchAction\",\"target\":{\"@type\":\"EntryPoint\",\"urlTemplate\":\"https:\/\/www.manaus.am.gov.br\/manauscult\/?s={search_term_string}\"},\"query-input\":\"required name=search_term_string\"}],\"inLanguage\":\"pt-BR\"},{\"@type\":\"Person\",\"@id\":\"https:\/\/www.manaus.am.gov.br\/manauscult\/#\/schema\/person\/05d223aea2bf115f9883a6ff3683d81b\",\"name\":\"Bruna Greco\",\"image\":{\"@type\":\"ImageObject\",\"inLanguage\":\"pt-BR\",\"@id\":\"https:\/\/www.manaus.am.gov.br\/manauscult\/#\/schema\/person\/image\/\",\"url\":\"https:\/\/secure.gravatar.com\/avatar\/9c877d1a6adc2a055330e5c09a8653ce?s=96&d=mm&r=g\",\"contentUrl\":\"https:\/\/secure.gravatar.com\/avatar\/9c877d1a6adc2a055330e5c09a8653ce?s=96&d=mm&r=g\",\"caption\":\"Bruna Greco\"}}]}<\/script>\n<!-- \/ Yoast SEO plugin. -->","yoast_head_json":{"title":"Espet\u00e1culo 'Sebasti\u00e3o' integra programa\u00e7\u00e3o do #SouManaus","description":"Espet\u00e1culo 'Sebasti\u00e3o', da companhia de teatro Ateli\u00ea 23, integra programa\u00e7\u00e3o teatral do \u2018#SouManaus Passo a Pa\u00e7o 2025\u2019.","robots":{"index":"noindex","follow":"follow"},"og_locale":"pt_BR","og_type":"article","og_title":"Espet\u00e1culo 'Sebasti\u00e3o' integra programa\u00e7\u00e3o do #SouManaus","og_description":"Espet\u00e1culo 'Sebasti\u00e3o', da companhia de teatro Ateli\u00ea 23, integra programa\u00e7\u00e3o teatral do \u2018#SouManaus Passo a Pa\u00e7o 2025\u2019.","og_url":"https:\/\/www.manaus.am.gov.br\/manauscult\/espetaculo-sebastiao-programacao-soumanaus\/","og_site_name":"MANAUSCULT","article_published_time":"2025-08-26T15:22:42+00:00","article_modified_time":"2025-08-26T16:59:38+00:00","og_image":[{"width":1600,"height":1066,"url":"https:\/\/www.manaus.am.gov.br\/manauscult\/wp-content\/uploads\/sites\/11\/2025\/08\/WhatsApp-Image-2025-08-26-at-10.59.191.jpeg","type":"image\/jpeg"}],"author":"Bruna Greco","twitter_card":"summary_large_image","twitter_misc":{"Written by":"Bruna Greco","Est. reading time":"2 minutos"},"schema":{"@context":"https:\/\/schema.org","@graph":[{"@type":"WebPage","@id":"https:\/\/www.manaus.am.gov.br\/manauscult\/espetaculo-sebastiao-programacao-soumanaus\/","url":"https:\/\/www.manaus.am.gov.br\/manauscult\/espetaculo-sebastiao-programacao-soumanaus\/","name":"Espet\u00e1culo 'Sebasti\u00e3o' integra programa\u00e7\u00e3o do #SouManaus","isPartOf":{"@id":"https:\/\/www.manaus.am.gov.br\/manauscult\/#website"},"primaryImageOfPage":{"@id":"https:\/\/www.manaus.am.gov.br\/manauscult\/espetaculo-sebastiao-programacao-soumanaus\/#primaryimage"},"image":{"@id":"https:\/\/www.manaus.am.gov.br\/manauscult\/espetaculo-sebastiao-programacao-soumanaus\/#primaryimage"},"thumbnailUrl":"https:\/\/www.manaus.am.gov.br\/manauscult\/wp-content\/uploads\/sites\/11\/2025\/08\/WhatsApp-Image-2025-08-26-at-10.59.191.jpeg","datePublished":"2025-08-26T15:22:42+00:00","dateModified":"2025-08-26T16:59:38+00:00","author":{"@id":"https:\/\/www.manaus.am.gov.br\/manauscult\/#\/schema\/person\/05d223aea2bf115f9883a6ff3683d81b"},"description":"Espet\u00e1culo 'Sebasti\u00e3o', da companhia de teatro Ateli\u00ea 23, integra programa\u00e7\u00e3o teatral do \u2018#SouManaus Passo a Pa\u00e7o 2025\u2019.","breadcrumb":{"@id":"https:\/\/www.manaus.am.gov.br\/manauscult\/espetaculo-sebastiao-programacao-soumanaus\/#breadcrumb"},"inLanguage":"pt-BR","potentialAction":[{"@type":"ReadAction","target":["https:\/\/www.manaus.am.gov.br\/manauscult\/espetaculo-sebastiao-programacao-soumanaus\/"]}]},{"@type":"ImageObject","inLanguage":"pt-BR","@id":"https:\/\/www.manaus.am.gov.br\/manauscult\/espetaculo-sebastiao-programacao-soumanaus\/#primaryimage","url":"https:\/\/www.manaus.am.gov.br\/manauscult\/wp-content\/uploads\/sites\/11\/2025\/08\/WhatsApp-Image-2025-08-26-at-10.59.191.jpeg","contentUrl":"https:\/\/www.manaus.am.gov.br\/manauscult\/wp-content\/uploads\/sites\/11\/2025\/08\/WhatsApp-Image-2025-08-26-at-10.59.191.jpeg","width":1600,"height":1066,"caption":"#paratodosverem - Integrantes da companhia de teatro Ateli\u00ea 23 durante apresenta\u00e7\u00e3o do espet\u00e1culo \"Sebasti\u00e3o\""},{"@type":"BreadcrumbList","@id":"https:\/\/www.manaus.am.gov.br\/manauscult\/espetaculo-sebastiao-programacao-soumanaus\/#breadcrumb","itemListElement":[{"@type":"ListItem","position":1,"name":"Home","item":"https:\/\/www.manaus.am.gov.br\/manauscult\/"},{"@type":"ListItem","position":2,"name":"Espet\u00e1culo &#8216;Sebasti\u00e3o&#8217;, da companhia de teatro Ateli\u00ea 23, integra programa\u00e7\u00e3o teatral do \u2018#SouManaus Passo a Pa\u00e7o 2025\u2019"}]},{"@type":"WebSite","@id":"https:\/\/www.manaus.am.gov.br\/manauscult\/#website","url":"https:\/\/www.manaus.am.gov.br\/manauscult\/","name":"MANAUSCULT","description":"Prefeitura de Manaus","potentialAction":[{"@type":"SearchAction","target":{"@type":"EntryPoint","urlTemplate":"https:\/\/www.manaus.am.gov.br\/manauscult\/?s={search_term_string}"},"query-input":"required name=search_term_string"}],"inLanguage":"pt-BR"},{"@type":"Person","@id":"https:\/\/www.manaus.am.gov.br\/manauscult\/#\/schema\/person\/05d223aea2bf115f9883a6ff3683d81b","name":"Bruna Greco","image":{"@type":"ImageObject","inLanguage":"pt-BR","@id":"https:\/\/www.manaus.am.gov.br\/manauscult\/#\/schema\/person\/image\/","url":"https:\/\/secure.gravatar.com\/avatar\/9c877d1a6adc2a055330e5c09a8653ce?s=96&d=mm&r=g","contentUrl":"https:\/\/secure.gravatar.com\/avatar\/9c877d1a6adc2a055330e5c09a8653ce?s=96&d=mm&r=g","caption":"Bruna Greco"}}]}},"_links":{"self":[{"href":"https:\/\/www.manaus.am.gov.br\/manauscult\/wp-json\/wp\/v2\/posts\/4425"}],"collection":[{"href":"https:\/\/www.manaus.am.gov.br\/manauscult\/wp-json\/wp\/v2\/posts"}],"about":[{"href":"https:\/\/www.manaus.am.gov.br\/manauscult\/wp-json\/wp\/v2\/types\/post"}],"author":[{"embeddable":true,"href":"https:\/\/www.manaus.am.gov.br\/manauscult\/wp-json\/wp\/v2\/users\/39"}],"replies":[{"embeddable":true,"href":"https:\/\/www.manaus.am.gov.br\/manauscult\/wp-json\/wp\/v2\/comments?post=4425"}],"version-history":[{"count":3,"href":"https:\/\/www.manaus.am.gov.br\/manauscult\/wp-json\/wp\/v2\/posts\/4425\/revisions"}],"predecessor-version":[{"id":4432,"href":"https:\/\/www.manaus.am.gov.br\/manauscult\/wp-json\/wp\/v2\/posts\/4425\/revisions\/4432"}],"wp:featuredmedia":[{"embeddable":true,"href":"https:\/\/www.manaus.am.gov.br\/manauscult\/wp-json\/wp\/v2\/media\/4426"}],"wp:attachment":[{"href":"https:\/\/www.manaus.am.gov.br\/manauscult\/wp-json\/wp\/v2\/media?parent=4425"}],"wp:term":[{"taxonomy":"category","embeddable":true,"href":"https:\/\/www.manaus.am.gov.br\/manauscult\/wp-json\/wp\/v2\/categories?post=4425"},{"taxonomy":"post_tag","embeddable":true,"href":"https:\/\/www.manaus.am.gov.br\/manauscult\/wp-json\/wp\/v2\/tags?post=4425"}],"curies":[{"name":"wp","href":"https:\/\/api.w.org\/{rel}","templated":true}]}}