{"id":4382,"date":"2025-08-23T13:49:36","date_gmt":"2025-08-23T17:49:36","guid":{"rendered":"https:\/\/www.manaus.am.gov.br\/manauscult\/concultura-nos-bairros-zona-leste\/"},"modified":"2025-08-23T13:49:36","modified_gmt":"2025-08-23T17:49:36","slug":"concultura-nos-bairros-zona-leste","status":"publish","type":"post","link":"https:\/\/www.manaus.am.gov.br\/manauscult\/concultura-nos-bairros-zona-leste\/","title":{"rendered":"Prefeitura leva orienta\u00e7\u00e3o e incentivo cultural \u00e0 zona Leste de Manaus com mais uma edi\u00e7\u00e3o do &#8216;Concultura nos Bairros\u2019"},"content":{"rendered":"\n<p>A Prefeitura de Manaus, por meio do Conselho Municipal de Cultura (Concultura), realizou, neste s\u00e1bado, 23\/8, a terceira edi\u00e7\u00e3o do projeto \u2018Concultura nos Bairros\u2019, desta vez na escola municipal Hiran Caminha, na zona Leste, em frente ao complexo vi\u00e1rio Rei Pel\u00e9. A a\u00e7\u00e3o, que acontece quinzenalmente nos bairros da cidade, tem como objetivo promover o acesso \u00e0 cultura e orientar artistas, produtores e agentes culturais sobre pol\u00edticas p\u00fablicas e mecanismos de fomento, como parte do compromisso do prefeito David Almeida com a valoriza\u00e7\u00e3o e fortalecimento da cultura local.<\/p>\n\n\n\n<p>O presidente do Concultura, Tony Medeiros, refor\u00e7ou a import\u00e2ncia da iniciativa e o impacto direto na vida dos trabalhadores da cultura. \u201cO nosso papel \u00e9 fazer com que os artistas, de todas as regi\u00f5es de Manaus, saibam que t\u00eam oportunidades reais por meio das pol\u00edticas p\u00fablicas. O \u2018Concultura nos Bairros\u2019 \u00e9 essa ponte direta entre o artista e o poder p\u00fablico, promovendo a inclus\u00e3o e a informa\u00e7\u00e3o onde mais se precisa\u201d, afirmou.<\/p>\n\n\n\n<p>Durante o encontro, foram abordadas tem\u00e1ticas como a elabora\u00e7\u00e3o de projetos culturais para participa\u00e7\u00e3o em editais da Pol\u00edtica Nacional Aldir Blanc (Pnab), al\u00e9m da import\u00e2ncia de manter um portf\u00f3lio estruturado. O evento tamb\u00e9m serviu para aproximar os artistas das a\u00e7\u00f5es do Concultura e esclarecer d\u00favidas sobre os processos de inscri\u00e7\u00e3o e execu\u00e7\u00e3o de propostas culturais financiadas com recursos p\u00fablicos.<\/p>\n\n\n\n<p>O palestrante Carlos Kuba contribuiu com orienta\u00e7\u00f5es importantes sobre como estruturar propostas eficazes para editais de fomento, destacando a relev\u00e2ncia de alinhar o projeto com o impacto social e cultural pretendido.<\/p>\n\n\n\n<p>\u201cOs projetos sempre precisam ter uma base intelectual de acordo com seu trabalho, que vai trazer um benef\u00edcio para sua comunidade, seja local ou nacional. Para ganhar um projeto da Pnab, voc\u00ea precisa ter um projeto robusto e se voc\u00ea consegue ganhar este projeto voc\u00ea consegue ter amplitude de acordo com o teu potencial. Ent\u00e3o, n\u00e3o se esque\u00e7a de ter um projeto robusto e bem desenhado \u00e9 a chave do sucesso\u201d, disse.<\/p>\n\n\n\n<p>A a\u00e7\u00e3o contou ainda com a participa\u00e7\u00e3o do artista Raphael Ferreira Sorriso, do segmento da Capoeira, que destacou o a import\u00e2ncia de manter o portf\u00f3lio art\u00edstico atualizado. \u201cManter nosso portf\u00f3lio atualizado \u00e9 importante para mostrarmos nosso trabalho, de forma simples e eficaz. Ele \u00e9 uma carta de recomenda\u00e7\u00e3o de artista para a secretaria\u201d, pontuou.<\/p>\n\n\n\n<p>A proposta do projeto \u00e9 itinerante e cont\u00ednua, com novas edi\u00e7\u00f5es previstas para os pr\u00f3ximos meses em diferentes zonas da cidade. O foco do evento \u00e9 democratizar o conhecimento sobre os mecanismos de fomento \u00e0 cultura, ampliar o alcance das pol\u00edticas p\u00fablicas e contribuir para o fortalecimento da produ\u00e7\u00e3o art\u00edstica local.<\/p>\n\n\n\n<p>O idealizador do projeto \u201cMovimento Nepal Vive\u201d, Diego Brand\u00e3o, enfatizou que a participa\u00e7\u00e3o no evento foi fundamental para entender melhor os caminhos poss\u00edveis para o financiamento cultural.<\/p>\n\n\n\n<p>\u201cO que me trouxe aqui foi a necessidade de conseguir captar recurso para continuar nosso projeto, que vem mudando vidas dentro da comunidade. Mesmo sem recursos j\u00e1 conseguimos dar uma transforma\u00e7\u00e3o social dentro da comunidade, e acredito que com os recursos devidos a gente consegue realizar com mais frequ\u00eancia o projeto\u201d, garantiu o artista.<\/p>\n\n\n\n<p>Com essa iniciativa, o Concultura reafirma seu compromisso com a descentraliza\u00e7\u00e3o das pol\u00edticas culturais e com o fortalecimento da cultura nas periferias, dando visibilidade aos artistas locais e promovendo o protagonismo das comunidades na constru\u00e7\u00e3o de uma Manaus mais criativa e inclusiva.<\/p>\n\n\n\n<p>A a\u00e7\u00e3o contou ainda com apoio jur\u00eddico, cont\u00e1bil e orienta\u00e7\u00f5es para abertura de Microempreendedor Individual (MEI), oferecendo suporte completo aos artistas para sua regulariza\u00e7\u00e3o e profissionaliza\u00e7\u00e3o no setor cultural.<\/p>\n\n\n\n<figure class=\"wp-block-image size-large\"><img loading=\"lazy\" decoding=\"async\" width=\"1024\" height=\"767\" src=\"https:\/\/www.manaus.am.gov.br\/manauscult\/wp-content\/uploads\/sites\/11\/2025\/08\/Projeto-4-1024x767.jpeg\" alt=\"\" class=\"wp-image-4384\" srcset=\"https:\/\/www.manaus.am.gov.br\/manauscult\/wp-content\/uploads\/sites\/11\/2025\/08\/Projeto-4-1024x767.jpeg 1024w, https:\/\/www.manaus.am.gov.br\/manauscult\/wp-content\/uploads\/sites\/11\/2025\/08\/Projeto-4-300x225.jpeg 300w, https:\/\/www.manaus.am.gov.br\/manauscult\/wp-content\/uploads\/sites\/11\/2025\/08\/Projeto-4-768x576.jpeg 768w, https:\/\/www.manaus.am.gov.br\/manauscult\/wp-content\/uploads\/sites\/11\/2025\/08\/Projeto-4-1536x1151.jpeg 1536w, https:\/\/www.manaus.am.gov.br\/manauscult\/wp-content\/uploads\/sites\/11\/2025\/08\/Projeto-4.jpeg 1600w\" sizes=\"(max-width: 1024px) 100vw, 1024px\" \/><\/figure>\n\n\n\n<p>&#8212; &#8212; &#8212;<\/p>\n\n\n\n<p><strong>Texto e fotos<\/strong> &#8211; Ismael Oliveira\/Concultura<\/p>\n","protected":false},"excerpt":{"rendered":"","protected":false},"author":39,"featured_media":4383,"comment_status":"closed","ping_status":"closed","sticky":false,"template":"","format":"standard","meta":{"footnotes":""},"categories":[1052],"tags":[45,1577,1578,11,1579],"acf":[],"yoast_head":"<!-- This site is optimized with the Yoast SEO plugin v23.0 - https:\/\/yoast.com\/wordpress\/plugins\/seo\/ -->\n<title>Zona Leste recebe mais uma edi\u00e7\u00e3o do &#039;Concultura nos Bairros\u2019<\/title>\n<meta name=\"description\" content=\"Prefeitura leva orienta\u00e7\u00e3o e incentivo cultural \u00e0 zona Leste de Manaus com mais uma edi\u00e7\u00e3o do &#039;Concultura nos Bairros\u2019.\" \/>\n<meta name=\"robots\" content=\"noindex, follow\" \/>\n<meta property=\"og:locale\" content=\"pt_BR\" \/>\n<meta property=\"og:type\" content=\"article\" \/>\n<meta property=\"og:title\" content=\"Zona Leste recebe mais uma edi\u00e7\u00e3o do &#039;Concultura nos Bairros\u2019\" \/>\n<meta property=\"og:description\" content=\"Prefeitura leva orienta\u00e7\u00e3o e incentivo cultural \u00e0 zona Leste de Manaus com mais uma edi\u00e7\u00e3o do &#039;Concultura nos Bairros\u2019.\" \/>\n<meta property=\"og:url\" content=\"https:\/\/www.manaus.am.gov.br\/manauscult\/concultura-nos-bairros-zona-leste\/\" \/>\n<meta property=\"og:site_name\" content=\"MANAUSCULT\" \/>\n<meta property=\"article:published_time\" content=\"2025-08-23T17:49:36+00:00\" \/>\n<meta property=\"og:image\" content=\"https:\/\/www.manaus.am.gov.br\/manauscult\/wp-content\/uploads\/sites\/11\/2025\/08\/Projeto-1.jpeg\" \/>\n\t<meta property=\"og:image:width\" content=\"1600\" \/>\n\t<meta property=\"og:image:height\" content=\"1200\" \/>\n\t<meta property=\"og:image:type\" content=\"image\/jpeg\" \/>\n<meta name=\"author\" content=\"Bruna Greco\" \/>\n<meta name=\"twitter:card\" content=\"summary_large_image\" \/>\n<meta name=\"twitter:label1\" content=\"Written by\" \/>\n\t<meta name=\"twitter:data1\" content=\"Bruna Greco\" \/>\n\t<meta name=\"twitter:label2\" content=\"Est. reading time\" \/>\n\t<meta name=\"twitter:data2\" content=\"4 minutos\" \/>\n<script type=\"application\/ld+json\" class=\"yoast-schema-graph\">{\"@context\":\"https:\/\/schema.org\",\"@graph\":[{\"@type\":\"WebPage\",\"@id\":\"https:\/\/www.manaus.am.gov.br\/manauscult\/concultura-nos-bairros-zona-leste\/\",\"url\":\"https:\/\/www.manaus.am.gov.br\/manauscult\/concultura-nos-bairros-zona-leste\/\",\"name\":\"Zona Leste recebe mais uma edi\u00e7\u00e3o do 'Concultura nos Bairros\u2019\",\"isPartOf\":{\"@id\":\"https:\/\/www.manaus.am.gov.br\/manauscult\/#website\"},\"primaryImageOfPage\":{\"@id\":\"https:\/\/www.manaus.am.gov.br\/manauscult\/concultura-nos-bairros-zona-leste\/#primaryimage\"},\"image\":{\"@id\":\"https:\/\/www.manaus.am.gov.br\/manauscult\/concultura-nos-bairros-zona-leste\/#primaryimage\"},\"thumbnailUrl\":\"https:\/\/www.manaus.am.gov.br\/manauscult\/wp-content\/uploads\/sites\/11\/2025\/08\/Projeto-1.jpeg\",\"datePublished\":\"2025-08-23T17:49:36+00:00\",\"dateModified\":\"2025-08-23T17:49:36+00:00\",\"author\":{\"@id\":\"https:\/\/www.manaus.am.gov.br\/manauscult\/#\/schema\/person\/05d223aea2bf115f9883a6ff3683d81b\"},\"description\":\"Prefeitura leva orienta\u00e7\u00e3o e incentivo cultural \u00e0 zona Leste de Manaus com mais uma edi\u00e7\u00e3o do 'Concultura nos Bairros\u2019.\",\"breadcrumb\":{\"@id\":\"https:\/\/www.manaus.am.gov.br\/manauscult\/concultura-nos-bairros-zona-leste\/#breadcrumb\"},\"inLanguage\":\"pt-BR\",\"potentialAction\":[{\"@type\":\"ReadAction\",\"target\":[\"https:\/\/www.manaus.am.gov.br\/manauscult\/concultura-nos-bairros-zona-leste\/\"]}]},{\"@type\":\"ImageObject\",\"inLanguage\":\"pt-BR\",\"@id\":\"https:\/\/www.manaus.am.gov.br\/manauscult\/concultura-nos-bairros-zona-leste\/#primaryimage\",\"url\":\"https:\/\/www.manaus.am.gov.br\/manauscult\/wp-content\/uploads\/sites\/11\/2025\/08\/Projeto-1.jpeg\",\"contentUrl\":\"https:\/\/www.manaus.am.gov.br\/manauscult\/wp-content\/uploads\/sites\/11\/2025\/08\/Projeto-1.jpeg\",\"width\":1600,\"height\":1200,\"caption\":\"#paratodosverem - Moradores da zona Leste participando da a\u00e7\u00e3o itinerante do projeto \\\"Concultura nos Bairros\\\" realizada na escola municipal Hiran Caminha\"},{\"@type\":\"BreadcrumbList\",\"@id\":\"https:\/\/www.manaus.am.gov.br\/manauscult\/concultura-nos-bairros-zona-leste\/#breadcrumb\",\"itemListElement\":[{\"@type\":\"ListItem\",\"position\":1,\"name\":\"Home\",\"item\":\"https:\/\/www.manaus.am.gov.br\/manauscult\/\"},{\"@type\":\"ListItem\",\"position\":2,\"name\":\"Prefeitura leva orienta\u00e7\u00e3o e incentivo cultural \u00e0 zona Leste de Manaus com mais uma edi\u00e7\u00e3o do &#8216;Concultura nos Bairros\u2019\"}]},{\"@type\":\"WebSite\",\"@id\":\"https:\/\/www.manaus.am.gov.br\/manauscult\/#website\",\"url\":\"https:\/\/www.manaus.am.gov.br\/manauscult\/\",\"name\":\"MANAUSCULT\",\"description\":\"Prefeitura de Manaus\",\"potentialAction\":[{\"@type\":\"SearchAction\",\"target\":{\"@type\":\"EntryPoint\",\"urlTemplate\":\"https:\/\/www.manaus.am.gov.br\/manauscult\/?s={search_term_string}\"},\"query-input\":\"required name=search_term_string\"}],\"inLanguage\":\"pt-BR\"},{\"@type\":\"Person\",\"@id\":\"https:\/\/www.manaus.am.gov.br\/manauscult\/#\/schema\/person\/05d223aea2bf115f9883a6ff3683d81b\",\"name\":\"Bruna Greco\",\"image\":{\"@type\":\"ImageObject\",\"inLanguage\":\"pt-BR\",\"@id\":\"https:\/\/www.manaus.am.gov.br\/manauscult\/#\/schema\/person\/image\/\",\"url\":\"https:\/\/secure.gravatar.com\/avatar\/9c877d1a6adc2a055330e5c09a8653ce?s=96&d=mm&r=g\",\"contentUrl\":\"https:\/\/secure.gravatar.com\/avatar\/9c877d1a6adc2a055330e5c09a8653ce?s=96&d=mm&r=g\",\"caption\":\"Bruna Greco\"}}]}<\/script>\n<!-- \/ Yoast SEO plugin. -->","yoast_head_json":{"title":"Zona Leste recebe mais uma edi\u00e7\u00e3o do 'Concultura nos Bairros\u2019","description":"Prefeitura leva orienta\u00e7\u00e3o e incentivo cultural \u00e0 zona Leste de Manaus com mais uma edi\u00e7\u00e3o do 'Concultura nos Bairros\u2019.","robots":{"index":"noindex","follow":"follow"},"og_locale":"pt_BR","og_type":"article","og_title":"Zona Leste recebe mais uma edi\u00e7\u00e3o do 'Concultura nos Bairros\u2019","og_description":"Prefeitura leva orienta\u00e7\u00e3o e incentivo cultural \u00e0 zona Leste de Manaus com mais uma edi\u00e7\u00e3o do 'Concultura nos Bairros\u2019.","og_url":"https:\/\/www.manaus.am.gov.br\/manauscult\/concultura-nos-bairros-zona-leste\/","og_site_name":"MANAUSCULT","article_published_time":"2025-08-23T17:49:36+00:00","og_image":[{"width":1600,"height":1200,"url":"https:\/\/www.manaus.am.gov.br\/manauscult\/wp-content\/uploads\/sites\/11\/2025\/08\/Projeto-1.jpeg","type":"image\/jpeg"}],"author":"Bruna Greco","twitter_card":"summary_large_image","twitter_misc":{"Written by":"Bruna Greco","Est. reading time":"4 minutos"},"schema":{"@context":"https:\/\/schema.org","@graph":[{"@type":"WebPage","@id":"https:\/\/www.manaus.am.gov.br\/manauscult\/concultura-nos-bairros-zona-leste\/","url":"https:\/\/www.manaus.am.gov.br\/manauscult\/concultura-nos-bairros-zona-leste\/","name":"Zona Leste recebe mais uma edi\u00e7\u00e3o do 'Concultura nos Bairros\u2019","isPartOf":{"@id":"https:\/\/www.manaus.am.gov.br\/manauscult\/#website"},"primaryImageOfPage":{"@id":"https:\/\/www.manaus.am.gov.br\/manauscult\/concultura-nos-bairros-zona-leste\/#primaryimage"},"image":{"@id":"https:\/\/www.manaus.am.gov.br\/manauscult\/concultura-nos-bairros-zona-leste\/#primaryimage"},"thumbnailUrl":"https:\/\/www.manaus.am.gov.br\/manauscult\/wp-content\/uploads\/sites\/11\/2025\/08\/Projeto-1.jpeg","datePublished":"2025-08-23T17:49:36+00:00","dateModified":"2025-08-23T17:49:36+00:00","author":{"@id":"https:\/\/www.manaus.am.gov.br\/manauscult\/#\/schema\/person\/05d223aea2bf115f9883a6ff3683d81b"},"description":"Prefeitura leva orienta\u00e7\u00e3o e incentivo cultural \u00e0 zona Leste de Manaus com mais uma edi\u00e7\u00e3o do 'Concultura nos Bairros\u2019.","breadcrumb":{"@id":"https:\/\/www.manaus.am.gov.br\/manauscult\/concultura-nos-bairros-zona-leste\/#breadcrumb"},"inLanguage":"pt-BR","potentialAction":[{"@type":"ReadAction","target":["https:\/\/www.manaus.am.gov.br\/manauscult\/concultura-nos-bairros-zona-leste\/"]}]},{"@type":"ImageObject","inLanguage":"pt-BR","@id":"https:\/\/www.manaus.am.gov.br\/manauscult\/concultura-nos-bairros-zona-leste\/#primaryimage","url":"https:\/\/www.manaus.am.gov.br\/manauscult\/wp-content\/uploads\/sites\/11\/2025\/08\/Projeto-1.jpeg","contentUrl":"https:\/\/www.manaus.am.gov.br\/manauscult\/wp-content\/uploads\/sites\/11\/2025\/08\/Projeto-1.jpeg","width":1600,"height":1200,"caption":"#paratodosverem - Moradores da zona Leste participando da a\u00e7\u00e3o itinerante do projeto \"Concultura nos Bairros\" realizada na escola municipal Hiran Caminha"},{"@type":"BreadcrumbList","@id":"https:\/\/www.manaus.am.gov.br\/manauscult\/concultura-nos-bairros-zona-leste\/#breadcrumb","itemListElement":[{"@type":"ListItem","position":1,"name":"Home","item":"https:\/\/www.manaus.am.gov.br\/manauscult\/"},{"@type":"ListItem","position":2,"name":"Prefeitura leva orienta\u00e7\u00e3o e incentivo cultural \u00e0 zona Leste de Manaus com mais uma edi\u00e7\u00e3o do &#8216;Concultura nos Bairros\u2019"}]},{"@type":"WebSite","@id":"https:\/\/www.manaus.am.gov.br\/manauscult\/#website","url":"https:\/\/www.manaus.am.gov.br\/manauscult\/","name":"MANAUSCULT","description":"Prefeitura de Manaus","potentialAction":[{"@type":"SearchAction","target":{"@type":"EntryPoint","urlTemplate":"https:\/\/www.manaus.am.gov.br\/manauscult\/?s={search_term_string}"},"query-input":"required name=search_term_string"}],"inLanguage":"pt-BR"},{"@type":"Person","@id":"https:\/\/www.manaus.am.gov.br\/manauscult\/#\/schema\/person\/05d223aea2bf115f9883a6ff3683d81b","name":"Bruna Greco","image":{"@type":"ImageObject","inLanguage":"pt-BR","@id":"https:\/\/www.manaus.am.gov.br\/manauscult\/#\/schema\/person\/image\/","url":"https:\/\/secure.gravatar.com\/avatar\/9c877d1a6adc2a055330e5c09a8653ce?s=96&d=mm&r=g","contentUrl":"https:\/\/secure.gravatar.com\/avatar\/9c877d1a6adc2a055330e5c09a8653ce?s=96&d=mm&r=g","caption":"Bruna Greco"}}]}},"_links":{"self":[{"href":"https:\/\/www.manaus.am.gov.br\/manauscult\/wp-json\/wp\/v2\/posts\/4382"}],"collection":[{"href":"https:\/\/www.manaus.am.gov.br\/manauscult\/wp-json\/wp\/v2\/posts"}],"about":[{"href":"https:\/\/www.manaus.am.gov.br\/manauscult\/wp-json\/wp\/v2\/types\/post"}],"author":[{"embeddable":true,"href":"https:\/\/www.manaus.am.gov.br\/manauscult\/wp-json\/wp\/v2\/users\/39"}],"replies":[{"embeddable":true,"href":"https:\/\/www.manaus.am.gov.br\/manauscult\/wp-json\/wp\/v2\/comments?post=4382"}],"version-history":[{"count":1,"href":"https:\/\/www.manaus.am.gov.br\/manauscult\/wp-json\/wp\/v2\/posts\/4382\/revisions"}],"predecessor-version":[{"id":4385,"href":"https:\/\/www.manaus.am.gov.br\/manauscult\/wp-json\/wp\/v2\/posts\/4382\/revisions\/4385"}],"wp:featuredmedia":[{"embeddable":true,"href":"https:\/\/www.manaus.am.gov.br\/manauscult\/wp-json\/wp\/v2\/media\/4383"}],"wp:attachment":[{"href":"https:\/\/www.manaus.am.gov.br\/manauscult\/wp-json\/wp\/v2\/media?parent=4382"}],"wp:term":[{"taxonomy":"category","embeddable":true,"href":"https:\/\/www.manaus.am.gov.br\/manauscult\/wp-json\/wp\/v2\/categories?post=4382"},{"taxonomy":"post_tag","embeddable":true,"href":"https:\/\/www.manaus.am.gov.br\/manauscult\/wp-json\/wp\/v2\/tags?post=4382"}],"curies":[{"name":"wp","href":"https:\/\/api.w.org\/{rel}","templated":true}]}}