{"id":4380,"date":"2025-08-22T20:34:38","date_gmt":"2025-08-23T00:34:38","guid":{"rendered":"https:\/\/www.manaus.am.gov.br\/manauscult\/projeto-vivencias-amazonicas-2\/"},"modified":"2025-08-22T20:34:40","modified_gmt":"2025-08-23T00:34:40","slug":"projeto-vivencias-amazonicas-2","status":"publish","type":"post","link":"https:\/\/www.manaus.am.gov.br\/manauscult\/projeto-vivencias-amazonicas-2\/","title":{"rendered":"Centro Hist\u00f3rico de Manaus sedia segunda etapa do projeto Viv\u00eancias Amaz\u00f4nicas"},"content":{"rendered":"\n<p>A Prefeitura de Manaus, por meio da Funda\u00e7\u00e3o Municipal de Cultura, Turismo e Eventos (Manauscult), realizou entre os dias 4 e 22 de agosto, no audit\u00f3rio do mirante L\u00facia Almeida, no Centro Hist\u00f3rico, a segunda etapa do projeto Viv\u00eancias Amaz\u00f4nicas, voltado para a capacita\u00e7\u00e3o em turismo de base comunit\u00e1ria. As aulas foram gratuitas e ocorreram sempre das 18h \u00e0s 21h.<\/p>\n\n\n\n<p>O projeto nasceu do Edital n\u00ba 003\/2025, publicado no Di\u00e1rio Oficial do Munic\u00edpio, que priorizou a\u00e7\u00f5es de capacita\u00e7\u00e3o e qualifica\u00e7\u00e3o profissional em turismo comunit\u00e1rio. A entidade selecionada para executar a forma\u00e7\u00e3o foi a Associa\u00e7\u00e3o Educacional e Beneficente P\u00e3o da Vida, respons\u00e1vel pelas atividades junto \u00e0s comunidades da Col\u00f4nia Ant\u00f4nio Aleixo, Centro Hist\u00f3rico e Reserva de Desenvolvimento Sustent\u00e1vel (RDS) do Tup\u00e9.<\/p>\n\n\n\n<p>De acordo com a Manauscult, a iniciativa busca fortalecer o turismo comunit\u00e1rio na capital por meio da forma\u00e7\u00e3o t\u00e9cnica de moradores locais, que passam a atuar de forma mais estruturada no acolhimento de visitantes. O trabalho conta com o acompanhamento da Comiss\u00e3o de Monitoramento e apoio direto da Diretoria de Turismo.<\/p>\n\n\n\n<p>O diretor-presidente da Manauscult, Jender Lobato, destacou que a capacita\u00e7\u00e3o representa \u201cum passo fundamental na valoriza\u00e7\u00e3o dos territ\u00f3rios e na transforma\u00e7\u00e3o do turismo como vetor de inclus\u00e3o, autoestima e desenvolvimento humano e econ\u00f4mico\u201d.<\/p>\n\n\n\n<p>O Viv\u00eancias Amaz\u00f4nicas integra o Programa de Capacita\u00e7\u00e3o em Turismo de Base Comunit\u00e1ria, que prev\u00ea tr\u00eas etapas, totalizando 270 horas de forma\u00e7\u00e3o e beneficiando aproximadamente 300 pessoas. A primeira fase foi realizada na Col\u00f4nia Ant\u00f4nio Aleixo e a terceira acontecer\u00e1 entre os dias 30\/8 a 21\/9, na comunidade do Livramento (RDS do Tup\u00e9).<\/p>\n\n\n\n<p>Nesta segunda etapa, os participantes tiveram acesso a tr\u00eas cursos: Desenvolvimento e Capacita\u00e7\u00e3o do Ecossistema do Turismo Local, Empreendendo no Turismo e Inclus\u00e3o Digital e Marketing Pessoal. Os conte\u00fados inclu\u00edram temas como mercado do turismo na Amaz\u00f4nia, \u00e9tica na comunica\u00e7\u00e3o, ecoturismo, boas pr\u00e1ticas de atendimento, marketing pessoal e estrat\u00e9gias digitais.<\/p>\n\n\n\n<p>Para moradores do Centro Hist\u00f3rico, como Cleomir Santos, o projeto representa a realiza\u00e7\u00e3o de um sonho. Jornalista de forma\u00e7\u00e3o, ele v\u00ea no Viv\u00eancias Amaz\u00f4nicas a oportunidade de ampliar seus conhecimentos de forma integral, n\u00e3o apenas na \u00e1rea do turismo.<\/p>\n\n\n\n<p>\u201cSempre busquei oportunidades para aprender e me desenvolver em diferentes \u00e1reas. Participar deste projeto me permite conhecer melhor o turismo e, ao mesmo tempo, aprimorar habilidades que posso aplicar em v\u00e1rias frentes da minha vida profissional\u201d, destacou Cleomir.<\/p>\n\n\n\n<p>A vice-presidente de Turismo da Manauscult, Oreni Braga, ressaltou que a iniciativa amplia oportunidades para quem vive nas comunidades.<\/p>\n\n\n\n<p>\u201cO turismo de base comunit\u00e1ria \u00e9 constru\u00eddo com as pessoas e para as pessoas. Ao capacitarmos os moradores, fortalecemos n\u00e3o s\u00f3 o setor, mas tamb\u00e9m a identidade cultural e social da nossa cidade\u201d, destacou.<\/p>\n\n\n\n<p>O Viv\u00eancias Amaz\u00f4nicas faz parte das a\u00e7\u00f5es da Prefeitura de Manaus voltadas ao fortalecimento da cultura e do turismo como instrumentos de inclus\u00e3o social, gera\u00e7\u00e3o de renda e valoriza\u00e7\u00e3o das comunidades tradicionais e urbanas.<\/p>\n\n\n\n<p>&#8212; &#8212; &#8212;<\/p>\n\n\n\n<p><strong>Texto<\/strong> &#8211; J\u00e9ssica Trajano \/ Manauscult<\/p>\n\n\n\n<p><strong>Fotos<\/strong> &#8211; Thelson Souza \/ Manauscult<\/p>\n","protected":false},"excerpt":{"rendered":"","protected":false},"author":61,"featured_media":4381,"comment_status":"closed","ping_status":"closed","sticky":false,"template":"","format":"standard","meta":{"footnotes":""},"categories":[18],"tags":[9,11,103,1526],"acf":[],"yoast_head":"<!-- This site is optimized with the Yoast SEO plugin v23.0 - https:\/\/yoast.com\/wordpress\/plugins\/seo\/ -->\n<title>Centro Hist\u00f3rico de Manaus sedia segunda etapa do projeto Viv\u00eancias Amaz\u00f4nicas<\/title>\n<meta name=\"description\" content=\"A Prefeitura de Manaus, por meio da Funda\u00e7\u00e3o Municipal de Cultura, Turismo e Eventos (Manauscult), realizou entre os dias 4 e 22 de agosto, no audit\u00f3rio do mirante L\u00facia Almeida, no Centro Hist\u00f3rico, a segunda etapa do projeto Viv\u00eancias Amaz\u00f4nicas.\" \/>\n<meta name=\"robots\" content=\"noindex, follow\" \/>\n<meta property=\"og:locale\" content=\"pt_BR\" \/>\n<meta property=\"og:type\" content=\"article\" \/>\n<meta property=\"og:title\" content=\"Centro Hist\u00f3rico de Manaus sedia segunda etapa do projeto Viv\u00eancias Amaz\u00f4nicas\" \/>\n<meta property=\"og:description\" content=\"A Prefeitura de Manaus, por meio da Funda\u00e7\u00e3o Municipal de Cultura, Turismo e Eventos (Manauscult), realizou entre os dias 4 e 22 de agosto, no audit\u00f3rio do mirante L\u00facia Almeida, no Centro Hist\u00f3rico, a segunda etapa do projeto Viv\u00eancias Amaz\u00f4nicas.\" \/>\n<meta property=\"og:url\" content=\"https:\/\/www.manaus.am.gov.br\/manauscult\/projeto-vivencias-amazonicas-2\/\" \/>\n<meta property=\"og:site_name\" content=\"MANAUSCULT\" \/>\n<meta property=\"article:published_time\" content=\"2025-08-23T00:34:38+00:00\" \/>\n<meta property=\"article:modified_time\" content=\"2025-08-23T00:34:40+00:00\" \/>\n<meta property=\"og:image\" content=\"https:\/\/www.manaus.am.gov.br\/manauscult\/wp-content\/uploads\/sites\/11\/2025\/08\/Manauscult-Vivencias.jpg\" \/>\n\t<meta property=\"og:image:width\" content=\"860\" \/>\n\t<meta property=\"og:image:height\" content=\"573\" \/>\n\t<meta property=\"og:image:type\" content=\"image\/jpeg\" \/>\n<meta name=\"author\" content=\"smonteiro\" \/>\n<meta name=\"twitter:card\" content=\"summary_large_image\" \/>\n<meta name=\"twitter:label1\" content=\"Written by\" \/>\n\t<meta name=\"twitter:data1\" content=\"smonteiro\" \/>\n\t<meta name=\"twitter:label2\" content=\"Est. reading time\" \/>\n\t<meta name=\"twitter:data2\" content=\"3 minutos\" \/>\n<script type=\"application\/ld+json\" class=\"yoast-schema-graph\">{\"@context\":\"https:\/\/schema.org\",\"@graph\":[{\"@type\":\"WebPage\",\"@id\":\"https:\/\/www.manaus.am.gov.br\/manauscult\/projeto-vivencias-amazonicas-2\/\",\"url\":\"https:\/\/www.manaus.am.gov.br\/manauscult\/projeto-vivencias-amazonicas-2\/\",\"name\":\"Centro Hist\u00f3rico de Manaus sedia segunda etapa do projeto Viv\u00eancias Amaz\u00f4nicas\",\"isPartOf\":{\"@id\":\"https:\/\/www.manaus.am.gov.br\/manauscult\/#website\"},\"primaryImageOfPage\":{\"@id\":\"https:\/\/www.manaus.am.gov.br\/manauscult\/projeto-vivencias-amazonicas-2\/#primaryimage\"},\"image\":{\"@id\":\"https:\/\/www.manaus.am.gov.br\/manauscult\/projeto-vivencias-amazonicas-2\/#primaryimage\"},\"thumbnailUrl\":\"https:\/\/www.manaus.am.gov.br\/manauscult\/wp-content\/uploads\/sites\/11\/2025\/08\/Manauscult-Vivencias.jpg\",\"datePublished\":\"2025-08-23T00:34:38+00:00\",\"dateModified\":\"2025-08-23T00:34:40+00:00\",\"author\":{\"@id\":\"https:\/\/www.manaus.am.gov.br\/manauscult\/#\/schema\/person\/ab4dcf766a54dff74e8d267f5c591961\"},\"description\":\"A Prefeitura de Manaus, por meio da Funda\u00e7\u00e3o Municipal de Cultura, Turismo e Eventos (Manauscult), realizou entre os dias 4 e 22 de agosto, no audit\u00f3rio do mirante L\u00facia Almeida, no Centro Hist\u00f3rico, a segunda etapa do projeto Viv\u00eancias Amaz\u00f4nicas.\",\"breadcrumb\":{\"@id\":\"https:\/\/www.manaus.am.gov.br\/manauscult\/projeto-vivencias-amazonicas-2\/#breadcrumb\"},\"inLanguage\":\"pt-BR\",\"potentialAction\":[{\"@type\":\"ReadAction\",\"target\":[\"https:\/\/www.manaus.am.gov.br\/manauscult\/projeto-vivencias-amazonicas-2\/\"]}]},{\"@type\":\"ImageObject\",\"inLanguage\":\"pt-BR\",\"@id\":\"https:\/\/www.manaus.am.gov.br\/manauscult\/projeto-vivencias-amazonicas-2\/#primaryimage\",\"url\":\"https:\/\/www.manaus.am.gov.br\/manauscult\/wp-content\/uploads\/sites\/11\/2025\/08\/Manauscult-Vivencias.jpg\",\"contentUrl\":\"https:\/\/www.manaus.am.gov.br\/manauscult\/wp-content\/uploads\/sites\/11\/2025\/08\/Manauscult-Vivencias.jpg\",\"width\":860,\"height\":573,\"caption\":\"#paratodosverem - participantes do projeto exibem seus certificados de conclus\u00e3o do curso\"},{\"@type\":\"BreadcrumbList\",\"@id\":\"https:\/\/www.manaus.am.gov.br\/manauscult\/projeto-vivencias-amazonicas-2\/#breadcrumb\",\"itemListElement\":[{\"@type\":\"ListItem\",\"position\":1,\"name\":\"Home\",\"item\":\"https:\/\/www.manaus.am.gov.br\/manauscult\/\"},{\"@type\":\"ListItem\",\"position\":2,\"name\":\"Centro Hist\u00f3rico de Manaus sedia segunda etapa do projeto Viv\u00eancias Amaz\u00f4nicas\"}]},{\"@type\":\"WebSite\",\"@id\":\"https:\/\/www.manaus.am.gov.br\/manauscult\/#website\",\"url\":\"https:\/\/www.manaus.am.gov.br\/manauscult\/\",\"name\":\"MANAUSCULT\",\"description\":\"Prefeitura de Manaus\",\"potentialAction\":[{\"@type\":\"SearchAction\",\"target\":{\"@type\":\"EntryPoint\",\"urlTemplate\":\"https:\/\/www.manaus.am.gov.br\/manauscult\/?s={search_term_string}\"},\"query-input\":\"required name=search_term_string\"}],\"inLanguage\":\"pt-BR\"},{\"@type\":\"Person\",\"@id\":\"https:\/\/www.manaus.am.gov.br\/manauscult\/#\/schema\/person\/ab4dcf766a54dff74e8d267f5c591961\",\"name\":\"smonteiro\",\"image\":{\"@type\":\"ImageObject\",\"inLanguage\":\"pt-BR\",\"@id\":\"https:\/\/www.manaus.am.gov.br\/manauscult\/#\/schema\/person\/image\/\",\"url\":\"https:\/\/secure.gravatar.com\/avatar\/21c8776ef61d9272c73322052e042d77?s=96&d=mm&r=g\",\"contentUrl\":\"https:\/\/secure.gravatar.com\/avatar\/21c8776ef61d9272c73322052e042d77?s=96&d=mm&r=g\",\"caption\":\"smonteiro\"}}]}<\/script>\n<!-- \/ Yoast SEO plugin. -->","yoast_head_json":{"title":"Centro Hist\u00f3rico de Manaus sedia segunda etapa do projeto Viv\u00eancias Amaz\u00f4nicas","description":"A Prefeitura de Manaus, por meio da Funda\u00e7\u00e3o Municipal de Cultura, Turismo e Eventos (Manauscult), realizou entre os dias 4 e 22 de agosto, no audit\u00f3rio do mirante L\u00facia Almeida, no Centro Hist\u00f3rico, a segunda etapa do projeto Viv\u00eancias Amaz\u00f4nicas.","robots":{"index":"noindex","follow":"follow"},"og_locale":"pt_BR","og_type":"article","og_title":"Centro Hist\u00f3rico de Manaus sedia segunda etapa do projeto Viv\u00eancias Amaz\u00f4nicas","og_description":"A Prefeitura de Manaus, por meio da Funda\u00e7\u00e3o Municipal de Cultura, Turismo e Eventos (Manauscult), realizou entre os dias 4 e 22 de agosto, no audit\u00f3rio do mirante L\u00facia Almeida, no Centro Hist\u00f3rico, a segunda etapa do projeto Viv\u00eancias Amaz\u00f4nicas.","og_url":"https:\/\/www.manaus.am.gov.br\/manauscult\/projeto-vivencias-amazonicas-2\/","og_site_name":"MANAUSCULT","article_published_time":"2025-08-23T00:34:38+00:00","article_modified_time":"2025-08-23T00:34:40+00:00","og_image":[{"width":860,"height":573,"url":"https:\/\/www.manaus.am.gov.br\/manauscult\/wp-content\/uploads\/sites\/11\/2025\/08\/Manauscult-Vivencias.jpg","type":"image\/jpeg"}],"author":"smonteiro","twitter_card":"summary_large_image","twitter_misc":{"Written by":"smonteiro","Est. reading time":"3 minutos"},"schema":{"@context":"https:\/\/schema.org","@graph":[{"@type":"WebPage","@id":"https:\/\/www.manaus.am.gov.br\/manauscult\/projeto-vivencias-amazonicas-2\/","url":"https:\/\/www.manaus.am.gov.br\/manauscult\/projeto-vivencias-amazonicas-2\/","name":"Centro Hist\u00f3rico de Manaus sedia segunda etapa do projeto Viv\u00eancias Amaz\u00f4nicas","isPartOf":{"@id":"https:\/\/www.manaus.am.gov.br\/manauscult\/#website"},"primaryImageOfPage":{"@id":"https:\/\/www.manaus.am.gov.br\/manauscult\/projeto-vivencias-amazonicas-2\/#primaryimage"},"image":{"@id":"https:\/\/www.manaus.am.gov.br\/manauscult\/projeto-vivencias-amazonicas-2\/#primaryimage"},"thumbnailUrl":"https:\/\/www.manaus.am.gov.br\/manauscult\/wp-content\/uploads\/sites\/11\/2025\/08\/Manauscult-Vivencias.jpg","datePublished":"2025-08-23T00:34:38+00:00","dateModified":"2025-08-23T00:34:40+00:00","author":{"@id":"https:\/\/www.manaus.am.gov.br\/manauscult\/#\/schema\/person\/ab4dcf766a54dff74e8d267f5c591961"},"description":"A Prefeitura de Manaus, por meio da Funda\u00e7\u00e3o Municipal de Cultura, Turismo e Eventos (Manauscult), realizou entre os dias 4 e 22 de agosto, no audit\u00f3rio do mirante L\u00facia Almeida, no Centro Hist\u00f3rico, a segunda etapa do projeto Viv\u00eancias Amaz\u00f4nicas.","breadcrumb":{"@id":"https:\/\/www.manaus.am.gov.br\/manauscult\/projeto-vivencias-amazonicas-2\/#breadcrumb"},"inLanguage":"pt-BR","potentialAction":[{"@type":"ReadAction","target":["https:\/\/www.manaus.am.gov.br\/manauscult\/projeto-vivencias-amazonicas-2\/"]}]},{"@type":"ImageObject","inLanguage":"pt-BR","@id":"https:\/\/www.manaus.am.gov.br\/manauscult\/projeto-vivencias-amazonicas-2\/#primaryimage","url":"https:\/\/www.manaus.am.gov.br\/manauscult\/wp-content\/uploads\/sites\/11\/2025\/08\/Manauscult-Vivencias.jpg","contentUrl":"https:\/\/www.manaus.am.gov.br\/manauscult\/wp-content\/uploads\/sites\/11\/2025\/08\/Manauscult-Vivencias.jpg","width":860,"height":573,"caption":"#paratodosverem - participantes do projeto exibem seus certificados de conclus\u00e3o do curso"},{"@type":"BreadcrumbList","@id":"https:\/\/www.manaus.am.gov.br\/manauscult\/projeto-vivencias-amazonicas-2\/#breadcrumb","itemListElement":[{"@type":"ListItem","position":1,"name":"Home","item":"https:\/\/www.manaus.am.gov.br\/manauscult\/"},{"@type":"ListItem","position":2,"name":"Centro Hist\u00f3rico de Manaus sedia segunda etapa do projeto Viv\u00eancias Amaz\u00f4nicas"}]},{"@type":"WebSite","@id":"https:\/\/www.manaus.am.gov.br\/manauscult\/#website","url":"https:\/\/www.manaus.am.gov.br\/manauscult\/","name":"MANAUSCULT","description":"Prefeitura de Manaus","potentialAction":[{"@type":"SearchAction","target":{"@type":"EntryPoint","urlTemplate":"https:\/\/www.manaus.am.gov.br\/manauscult\/?s={search_term_string}"},"query-input":"required name=search_term_string"}],"inLanguage":"pt-BR"},{"@type":"Person","@id":"https:\/\/www.manaus.am.gov.br\/manauscult\/#\/schema\/person\/ab4dcf766a54dff74e8d267f5c591961","name":"smonteiro","image":{"@type":"ImageObject","inLanguage":"pt-BR","@id":"https:\/\/www.manaus.am.gov.br\/manauscult\/#\/schema\/person\/image\/","url":"https:\/\/secure.gravatar.com\/avatar\/21c8776ef61d9272c73322052e042d77?s=96&d=mm&r=g","contentUrl":"https:\/\/secure.gravatar.com\/avatar\/21c8776ef61d9272c73322052e042d77?s=96&d=mm&r=g","caption":"smonteiro"}}]}},"_links":{"self":[{"href":"https:\/\/www.manaus.am.gov.br\/manauscult\/wp-json\/wp\/v2\/posts\/4380"}],"collection":[{"href":"https:\/\/www.manaus.am.gov.br\/manauscult\/wp-json\/wp\/v2\/posts"}],"about":[{"href":"https:\/\/www.manaus.am.gov.br\/manauscult\/wp-json\/wp\/v2\/types\/post"}],"author":[{"embeddable":true,"href":"https:\/\/www.manaus.am.gov.br\/manauscult\/wp-json\/wp\/v2\/users\/61"}],"replies":[{"embeddable":true,"href":"https:\/\/www.manaus.am.gov.br\/manauscult\/wp-json\/wp\/v2\/comments?post=4380"}],"version-history":[{"count":0,"href":"https:\/\/www.manaus.am.gov.br\/manauscult\/wp-json\/wp\/v2\/posts\/4380\/revisions"}],"wp:featuredmedia":[{"embeddable":true,"href":"https:\/\/www.manaus.am.gov.br\/manauscult\/wp-json\/wp\/v2\/media\/4381"}],"wp:attachment":[{"href":"https:\/\/www.manaus.am.gov.br\/manauscult\/wp-json\/wp\/v2\/media?parent=4380"}],"wp:term":[{"taxonomy":"category","embeddable":true,"href":"https:\/\/www.manaus.am.gov.br\/manauscult\/wp-json\/wp\/v2\/categories?post=4380"},{"taxonomy":"post_tag","embeddable":true,"href":"https:\/\/www.manaus.am.gov.br\/manauscult\/wp-json\/wp\/v2\/tags?post=4380"}],"curies":[{"name":"wp","href":"https:\/\/api.w.org\/{rel}","templated":true}]}}