{"id":4363,"date":"2025-08-20T17:37:50","date_gmt":"2025-08-20T21:37:50","guid":{"rendered":"https:\/\/www.manaus.am.gov.br\/manauscult\/espaco-cultura-urbana\/"},"modified":"2025-08-20T17:37:53","modified_gmt":"2025-08-20T21:37:53","slug":"espaco-cultura-urbana","status":"publish","type":"post","link":"https:\/\/www.manaus.am.gov.br\/manauscult\/espaco-cultura-urbana\/","title":{"rendered":"Juventude, talento e criatividade: conhe\u00e7a o Espa\u00e7o Cultura Urbana do #SouManaus 2025"},"content":{"rendered":"\n<p>O \u201c#SouManaus Passo a Pa\u00e7o 2025\u201d, que acontece nos dias 5, 6 e 7 de setembro, celebra sua edi\u00e7\u00e3o de 10 anos com diversidade de linguagens e manifesta\u00e7\u00f5es art\u00edsticas. Entre os destaques est\u00e1 o Espa\u00e7o Cultura Urbana, montado Mercado de Origens da Amaz\u00f4nia, tamb\u00e9m conhecido como Complexo Boothline, e promete tr\u00eas dias de intensa programa\u00e7\u00e3o dedicada ao hip-hop, dan\u00e7a, poesia, cosplay, K-pop, skate, parkour e ballroom.<\/p>\n\n\n\n<p>Na sexta-feira, 5\/9, o espa\u00e7o abre com as Batalhas Geek, a partir das 17h. O p\u00fablico poder\u00e1 acompanhar a Batalha Cosplay, em que os competidores assumem personagens ic\u00f4nicos da cultura pop em performances solo, e a Batalha K-Pop, em formato de grupo, marcada por coreografias vibrantes, figurinos e toda a energia da cena sul-coreana.<\/p>\n\n\n\n<p>O s\u00e1bado, 6\/9, ser\u00e1 voltado ao universo do hip-hop, tamb\u00e9m a partir das 17h, com a tradicional Batalha de MCs, seguida da Batalha de Breaking, \u00e0s 18h, e da Batalha All Style, \u00e0s 20h, reunindo diferentes estilos de dan\u00e7a urbana em um clima de improviso e criatividade.<\/p>\n\n\n\n<p>J\u00e1 no domingo, dia 7, a poesia ganha a cena com a Batalha de Slam, \u00e0s 17h, abrindo espa\u00e7o para poetas independentes expressarem suas vozes em performances autorais. Em seguida, \u00e0s 19h, acontecem as aguardadas Batalhas de Ballroom, que enaltecem a comunidade LGBTQIA+ com categorias que v\u00e3o da passarela \u00e0 performance vogue, explorando refer\u00eancias amaz\u00f4nicas e da moda urbana.<\/p>\n\n\n\n<p>Al\u00e9m das batalhas, o espa\u00e7o conta ainda com a Pista de Skate, aberta durante os tr\u00eas dias de festival a partir das 17h, e com o Circuito Parkour, que inclui a 3\u00aa Copa Manaus de Parkour. O parkour transforma o corpo em arte em movimento, ressignificando a cidade como palco de cria\u00e7\u00e3o. Cada salto, giro e transi\u00e7\u00e3o se tornam pinceladas vivas que desenham novas possibilidades dentro da paisagem urbana, celebrando talento, disciplina e criatividade.<\/p>\n\n\n\n<p>Para o diretor-presidente da Manauscult, Jender Lobato, o espa\u00e7o reafirma o compromisso do festival com a pluralidade cultural da cidade.<\/p>\n\n\n\n<p>\u201cO \u2018#Sou Manaus\u2019 \u00e9 um festival que nasceu plural e segue crescendo sem perder essa ess\u00eancia. A Cultura Urbana representa a juventude, a inova\u00e7\u00e3o e a pot\u00eancia criativa da cidade. Trazer essas express\u00f5es para o centro hist\u00f3rico \u00e9 dar voz e visibilidade a artistas que fazem parte da identidade contempor\u00e2nea de Manaus\u201d, destacou.<\/p>\n\n\n\n<p>A coordenadora do Espa\u00e7o Cultura Urbana, Andreza Janine, refor\u00e7a a import\u00e2ncia da iniciativa.<\/p>\n\n\n\n<p>\u201cCada batalha, cada apresenta\u00e7\u00e3o e cada movimento seja na pista de skate, no parkour ou em outra modalidade mostra que a cidade \u00e9 viva e pulsante. O espa\u00e7o dentro do festival \u00e9 uma vitrine para talentos locais e uma forma de mostrar que a cultura urbana \u00e9 arte, \u00e9 resist\u00eancia e \u00e9 pertencimento\u201d, afirmou.<\/p>\n\n\n\n<p>Com essa programa\u00e7\u00e3o, o Espa\u00e7o Cultura Urbana 2025 se consolida como um dos pontos mais vibrantes e esperados do \u201c#SouManaus Passo a Pa\u00e7o\u201d, confirmando o festival como palco de todas as express\u00f5es art\u00edsticas.<\/p>\n\n\n\n<p>&#8212; &#8212; &#8212;<\/p>\n\n\n\n<p><strong>Texto<\/strong> &#8211; J\u00e9ssica Trajano \/ Manauscult<\/p>\n\n\n\n<p><strong>Fotos <\/strong>\u2013 Divulga\u00e7\u00e3o \/ Manauscult<\/p>\n","protected":false},"excerpt":{"rendered":"","protected":false},"author":61,"featured_media":4365,"comment_status":"closed","ping_status":"closed","sticky":false,"template":"","format":"standard","meta":{"footnotes":""},"categories":[508],"tags":[1568,1569,1200,9,1570,11],"acf":[],"yoast_head":"<!-- This site is optimized with the Yoast SEO plugin v23.0 - https:\/\/yoast.com\/wordpress\/plugins\/seo\/ -->\n<title>Juventude, talento e criatividade: conhe\u00e7a o Espa\u00e7o Cultura Urbana do #SouManaus 2025<\/title>\n<meta name=\"description\" content=\"O \u201c#SouManaus Passo a Pa\u00e7o 2025\u201d, que acontece nos dias 5, 6 e 7 de setembro, celebra sua edi\u00e7\u00e3o de 10 anos com diversidade de linguagens e manifesta\u00e7\u00f5es art\u00edsticas.\" \/>\n<meta name=\"robots\" content=\"noindex, follow\" \/>\n<meta property=\"og:locale\" content=\"pt_BR\" \/>\n<meta property=\"og:type\" content=\"article\" \/>\n<meta property=\"og:title\" content=\"Juventude, talento e criatividade: conhe\u00e7a o Espa\u00e7o Cultura Urbana do #SouManaus 2025\" \/>\n<meta property=\"og:description\" content=\"O \u201c#SouManaus Passo a Pa\u00e7o 2025\u201d, que acontece nos dias 5, 6 e 7 de setembro, celebra sua edi\u00e7\u00e3o de 10 anos com diversidade de linguagens e manifesta\u00e7\u00f5es art\u00edsticas.\" \/>\n<meta property=\"og:url\" content=\"https:\/\/www.manaus.am.gov.br\/manauscult\/espaco-cultura-urbana\/\" \/>\n<meta property=\"og:site_name\" content=\"MANAUSCULT\" \/>\n<meta property=\"article:published_time\" content=\"2025-08-20T21:37:50+00:00\" \/>\n<meta property=\"article:modified_time\" content=\"2025-08-20T21:37:53+00:00\" \/>\n<meta property=\"og:image\" content=\"https:\/\/www.manaus.am.gov.br\/manauscult\/wp-content\/uploads\/sites\/11\/2025\/08\/Manauscult-Espaco-1.jpeg\" \/>\n\t<meta property=\"og:image:width\" content=\"1280\" \/>\n\t<meta property=\"og:image:height\" content=\"853\" \/>\n\t<meta property=\"og:image:type\" content=\"image\/jpeg\" \/>\n<meta name=\"author\" content=\"smonteiro\" \/>\n<meta name=\"twitter:card\" content=\"summary_large_image\" \/>\n<meta name=\"twitter:label1\" content=\"Written by\" \/>\n\t<meta name=\"twitter:data1\" content=\"smonteiro\" \/>\n\t<meta name=\"twitter:label2\" content=\"Est. reading time\" \/>\n\t<meta name=\"twitter:data2\" content=\"3 minutos\" \/>\n<script type=\"application\/ld+json\" class=\"yoast-schema-graph\">{\"@context\":\"https:\/\/schema.org\",\"@graph\":[{\"@type\":\"WebPage\",\"@id\":\"https:\/\/www.manaus.am.gov.br\/manauscult\/espaco-cultura-urbana\/\",\"url\":\"https:\/\/www.manaus.am.gov.br\/manauscult\/espaco-cultura-urbana\/\",\"name\":\"Juventude, talento e criatividade: conhe\u00e7a o Espa\u00e7o Cultura Urbana do #SouManaus 2025\",\"isPartOf\":{\"@id\":\"https:\/\/www.manaus.am.gov.br\/manauscult\/#website\"},\"primaryImageOfPage\":{\"@id\":\"https:\/\/www.manaus.am.gov.br\/manauscult\/espaco-cultura-urbana\/#primaryimage\"},\"image\":{\"@id\":\"https:\/\/www.manaus.am.gov.br\/manauscult\/espaco-cultura-urbana\/#primaryimage\"},\"thumbnailUrl\":\"https:\/\/www.manaus.am.gov.br\/manauscult\/wp-content\/uploads\/sites\/11\/2025\/08\/Manauscult-Espaco-1.jpeg\",\"datePublished\":\"2025-08-20T21:37:50+00:00\",\"dateModified\":\"2025-08-20T21:37:53+00:00\",\"author\":{\"@id\":\"https:\/\/www.manaus.am.gov.br\/manauscult\/#\/schema\/person\/ab4dcf766a54dff74e8d267f5c591961\"},\"description\":\"O \u201c#SouManaus Passo a Pa\u00e7o 2025\u201d, que acontece nos dias 5, 6 e 7 de setembro, celebra sua edi\u00e7\u00e3o de 10 anos com diversidade de linguagens e manifesta\u00e7\u00f5es art\u00edsticas.\",\"breadcrumb\":{\"@id\":\"https:\/\/www.manaus.am.gov.br\/manauscult\/espaco-cultura-urbana\/#breadcrumb\"},\"inLanguage\":\"pt-BR\",\"potentialAction\":[{\"@type\":\"ReadAction\",\"target\":[\"https:\/\/www.manaus.am.gov.br\/manauscult\/espaco-cultura-urbana\/\"]}]},{\"@type\":\"ImageObject\",\"inLanguage\":\"pt-BR\",\"@id\":\"https:\/\/www.manaus.am.gov.br\/manauscult\/espaco-cultura-urbana\/#primaryimage\",\"url\":\"https:\/\/www.manaus.am.gov.br\/manauscult\/wp-content\/uploads\/sites\/11\/2025\/08\/Manauscult-Espaco-1.jpeg\",\"contentUrl\":\"https:\/\/www.manaus.am.gov.br\/manauscult\/wp-content\/uploads\/sites\/11\/2025\/08\/Manauscult-Espaco-1.jpeg\",\"width\":1280,\"height\":853},{\"@type\":\"BreadcrumbList\",\"@id\":\"https:\/\/www.manaus.am.gov.br\/manauscult\/espaco-cultura-urbana\/#breadcrumb\",\"itemListElement\":[{\"@type\":\"ListItem\",\"position\":1,\"name\":\"Home\",\"item\":\"https:\/\/www.manaus.am.gov.br\/manauscult\/\"},{\"@type\":\"ListItem\",\"position\":2,\"name\":\"Juventude, talento e criatividade: conhe\u00e7a o Espa\u00e7o Cultura Urbana do #SouManaus 2025\"}]},{\"@type\":\"WebSite\",\"@id\":\"https:\/\/www.manaus.am.gov.br\/manauscult\/#website\",\"url\":\"https:\/\/www.manaus.am.gov.br\/manauscult\/\",\"name\":\"MANAUSCULT\",\"description\":\"Prefeitura de Manaus\",\"potentialAction\":[{\"@type\":\"SearchAction\",\"target\":{\"@type\":\"EntryPoint\",\"urlTemplate\":\"https:\/\/www.manaus.am.gov.br\/manauscult\/?s={search_term_string}\"},\"query-input\":\"required name=search_term_string\"}],\"inLanguage\":\"pt-BR\"},{\"@type\":\"Person\",\"@id\":\"https:\/\/www.manaus.am.gov.br\/manauscult\/#\/schema\/person\/ab4dcf766a54dff74e8d267f5c591961\",\"name\":\"smonteiro\",\"image\":{\"@type\":\"ImageObject\",\"inLanguage\":\"pt-BR\",\"@id\":\"https:\/\/www.manaus.am.gov.br\/manauscult\/#\/schema\/person\/image\/\",\"url\":\"https:\/\/secure.gravatar.com\/avatar\/21c8776ef61d9272c73322052e042d77?s=96&d=mm&r=g\",\"contentUrl\":\"https:\/\/secure.gravatar.com\/avatar\/21c8776ef61d9272c73322052e042d77?s=96&d=mm&r=g\",\"caption\":\"smonteiro\"}}]}<\/script>\n<!-- \/ Yoast SEO plugin. -->","yoast_head_json":{"title":"Juventude, talento e criatividade: conhe\u00e7a o Espa\u00e7o Cultura Urbana do #SouManaus 2025","description":"O \u201c#SouManaus Passo a Pa\u00e7o 2025\u201d, que acontece nos dias 5, 6 e 7 de setembro, celebra sua edi\u00e7\u00e3o de 10 anos com diversidade de linguagens e manifesta\u00e7\u00f5es art\u00edsticas.","robots":{"index":"noindex","follow":"follow"},"og_locale":"pt_BR","og_type":"article","og_title":"Juventude, talento e criatividade: conhe\u00e7a o Espa\u00e7o Cultura Urbana do #SouManaus 2025","og_description":"O \u201c#SouManaus Passo a Pa\u00e7o 2025\u201d, que acontece nos dias 5, 6 e 7 de setembro, celebra sua edi\u00e7\u00e3o de 10 anos com diversidade de linguagens e manifesta\u00e7\u00f5es art\u00edsticas.","og_url":"https:\/\/www.manaus.am.gov.br\/manauscult\/espaco-cultura-urbana\/","og_site_name":"MANAUSCULT","article_published_time":"2025-08-20T21:37:50+00:00","article_modified_time":"2025-08-20T21:37:53+00:00","og_image":[{"width":1280,"height":853,"url":"https:\/\/www.manaus.am.gov.br\/manauscult\/wp-content\/uploads\/sites\/11\/2025\/08\/Manauscult-Espaco-1.jpeg","type":"image\/jpeg"}],"author":"smonteiro","twitter_card":"summary_large_image","twitter_misc":{"Written by":"smonteiro","Est. reading time":"3 minutos"},"schema":{"@context":"https:\/\/schema.org","@graph":[{"@type":"WebPage","@id":"https:\/\/www.manaus.am.gov.br\/manauscult\/espaco-cultura-urbana\/","url":"https:\/\/www.manaus.am.gov.br\/manauscult\/espaco-cultura-urbana\/","name":"Juventude, talento e criatividade: conhe\u00e7a o Espa\u00e7o Cultura Urbana do #SouManaus 2025","isPartOf":{"@id":"https:\/\/www.manaus.am.gov.br\/manauscult\/#website"},"primaryImageOfPage":{"@id":"https:\/\/www.manaus.am.gov.br\/manauscult\/espaco-cultura-urbana\/#primaryimage"},"image":{"@id":"https:\/\/www.manaus.am.gov.br\/manauscult\/espaco-cultura-urbana\/#primaryimage"},"thumbnailUrl":"https:\/\/www.manaus.am.gov.br\/manauscult\/wp-content\/uploads\/sites\/11\/2025\/08\/Manauscult-Espaco-1.jpeg","datePublished":"2025-08-20T21:37:50+00:00","dateModified":"2025-08-20T21:37:53+00:00","author":{"@id":"https:\/\/www.manaus.am.gov.br\/manauscult\/#\/schema\/person\/ab4dcf766a54dff74e8d267f5c591961"},"description":"O \u201c#SouManaus Passo a Pa\u00e7o 2025\u201d, que acontece nos dias 5, 6 e 7 de setembro, celebra sua edi\u00e7\u00e3o de 10 anos com diversidade de linguagens e manifesta\u00e7\u00f5es art\u00edsticas.","breadcrumb":{"@id":"https:\/\/www.manaus.am.gov.br\/manauscult\/espaco-cultura-urbana\/#breadcrumb"},"inLanguage":"pt-BR","potentialAction":[{"@type":"ReadAction","target":["https:\/\/www.manaus.am.gov.br\/manauscult\/espaco-cultura-urbana\/"]}]},{"@type":"ImageObject","inLanguage":"pt-BR","@id":"https:\/\/www.manaus.am.gov.br\/manauscult\/espaco-cultura-urbana\/#primaryimage","url":"https:\/\/www.manaus.am.gov.br\/manauscult\/wp-content\/uploads\/sites\/11\/2025\/08\/Manauscult-Espaco-1.jpeg","contentUrl":"https:\/\/www.manaus.am.gov.br\/manauscult\/wp-content\/uploads\/sites\/11\/2025\/08\/Manauscult-Espaco-1.jpeg","width":1280,"height":853},{"@type":"BreadcrumbList","@id":"https:\/\/www.manaus.am.gov.br\/manauscult\/espaco-cultura-urbana\/#breadcrumb","itemListElement":[{"@type":"ListItem","position":1,"name":"Home","item":"https:\/\/www.manaus.am.gov.br\/manauscult\/"},{"@type":"ListItem","position":2,"name":"Juventude, talento e criatividade: conhe\u00e7a o Espa\u00e7o Cultura Urbana do #SouManaus 2025"}]},{"@type":"WebSite","@id":"https:\/\/www.manaus.am.gov.br\/manauscult\/#website","url":"https:\/\/www.manaus.am.gov.br\/manauscult\/","name":"MANAUSCULT","description":"Prefeitura de Manaus","potentialAction":[{"@type":"SearchAction","target":{"@type":"EntryPoint","urlTemplate":"https:\/\/www.manaus.am.gov.br\/manauscult\/?s={search_term_string}"},"query-input":"required name=search_term_string"}],"inLanguage":"pt-BR"},{"@type":"Person","@id":"https:\/\/www.manaus.am.gov.br\/manauscult\/#\/schema\/person\/ab4dcf766a54dff74e8d267f5c591961","name":"smonteiro","image":{"@type":"ImageObject","inLanguage":"pt-BR","@id":"https:\/\/www.manaus.am.gov.br\/manauscult\/#\/schema\/person\/image\/","url":"https:\/\/secure.gravatar.com\/avatar\/21c8776ef61d9272c73322052e042d77?s=96&d=mm&r=g","contentUrl":"https:\/\/secure.gravatar.com\/avatar\/21c8776ef61d9272c73322052e042d77?s=96&d=mm&r=g","caption":"smonteiro"}}]}},"_links":{"self":[{"href":"https:\/\/www.manaus.am.gov.br\/manauscult\/wp-json\/wp\/v2\/posts\/4363"}],"collection":[{"href":"https:\/\/www.manaus.am.gov.br\/manauscult\/wp-json\/wp\/v2\/posts"}],"about":[{"href":"https:\/\/www.manaus.am.gov.br\/manauscult\/wp-json\/wp\/v2\/types\/post"}],"author":[{"embeddable":true,"href":"https:\/\/www.manaus.am.gov.br\/manauscult\/wp-json\/wp\/v2\/users\/61"}],"replies":[{"embeddable":true,"href":"https:\/\/www.manaus.am.gov.br\/manauscult\/wp-json\/wp\/v2\/comments?post=4363"}],"version-history":[{"count":0,"href":"https:\/\/www.manaus.am.gov.br\/manauscult\/wp-json\/wp\/v2\/posts\/4363\/revisions"}],"wp:featuredmedia":[{"embeddable":true,"href":"https:\/\/www.manaus.am.gov.br\/manauscult\/wp-json\/wp\/v2\/media\/4365"}],"wp:attachment":[{"href":"https:\/\/www.manaus.am.gov.br\/manauscult\/wp-json\/wp\/v2\/media?parent=4363"}],"wp:term":[{"taxonomy":"category","embeddable":true,"href":"https:\/\/www.manaus.am.gov.br\/manauscult\/wp-json\/wp\/v2\/categories?post=4363"},{"taxonomy":"post_tag","embeddable":true,"href":"https:\/\/www.manaus.am.gov.br\/manauscult\/wp-json\/wp\/v2\/tags?post=4363"}],"curies":[{"name":"wp","href":"https:\/\/api.w.org\/{rel}","templated":true}]}}