{"id":4355,"date":"2025-08-20T15:50:34","date_gmt":"2025-08-20T19:50:34","guid":{"rendered":"https:\/\/www.manaus.am.gov.br\/manauscult\/fortalece-turismo-prefeito\/"},"modified":"2025-08-20T15:50:59","modified_gmt":"2025-08-20T19:50:59","slug":"fortalece-turismo-prefeito","status":"publish","type":"post","link":"https:\/\/www.manaus.am.gov.br\/manauscult\/fortalece-turismo-prefeito\/","title":{"rendered":"Manaus fortalece o turismo brasileiro e projeta crescimento internacional, destaca prefeito David Almeida"},"content":{"rendered":"\n<p>Nesta quarta-feira, 20\/8, o prefeito David Almeida se reuniu com seu grupo t\u00e9cnico de trabalho na Prefeitura de Manaus, localizada na avenida Brasil, Compensa, zona Oeste, para discutir os avan\u00e7os e perspectivas do turismo na cidade. \u201cEstamos trabalhando intensamente para consolidar Manaus como destino de experi\u00eancias \u00fanicas na Amaz\u00f4nia, com a\u00e7\u00f5es que valorizam nossa cultura, natureza e gastronomia\u201d, afirmou.<\/p>\n\n\n\n<p>O Brasil alcan\u00e7ou, recentemente, a 5\u00aa posi\u00e7\u00e3o no ranking das Am\u00e9ricas em recep\u00e7\u00e3o de turistas estrangeiros, projetando receber 10 milh\u00f5es de visitantes internacionais em 2025. Manaus, como capital da Amaz\u00f4nia, tem papel central nesse avan\u00e7o. Em 2024, a cidade registrou um crescimento de 23,7% no n\u00famero de turistas estrangeiros, consolidando-se como a terceira capital brasileira mais procurada por visitantes internacionais.<\/p>\n\n\n\n<p>Para este ano, o Amazonas j\u00e1 registra aumento de 13,9% na chegada de turistas estrangeiros no primeiro semestre de 2025, conforme dados da Ag\u00eancia Brasileira de Promo\u00e7\u00e3o Internacional do Turismo (Embratur), autarquia federal vinculada ao Minist\u00e9rio do Turismo, que apontam Manaus como porta de entrada e polo cultural, n\u00e1utico e ecotur\u00edstico. \u201cEsses n\u00fameros mostram que nossas estrat\u00e9gias est\u00e3o dando resultado e que o turismo em Manaus est\u00e1 cada vez mais s\u00f3lido, atraindo visitantes de todo o mundo\u201d, destacou David Almeida.<\/p>\n\n\n\n<p>Apesar do crescimento nacional estar fortemente ligado ao turismo de curta dist\u00e2ncia, especialmente de visitantes do Mercosul, como argentinos que viajam de carro para o Brasil, Manaus apresenta um perfil diferenciado. A capital da Amaz\u00f4nia recebe majoritariamente turistas vindos da Am\u00e9rica do Norte, Europa e \u00c1sia, interessados em vivenciar o turismo de experi\u00eancia, a natureza e a cultura amaz\u00f4nica, o que refor\u00e7a sua singularidade como destino internacional.<\/p>\n\n\n<div class=\"wp-block-image\">\n<figure class=\"aligncenter size-full is-resized\"><img loading=\"lazy\" decoding=\"async\" width=\"860\" height=\"498\" src=\"https:\/\/www.manaus.am.gov.br\/manauscult\/wp-content\/uploads\/sites\/11\/2025\/08\/Prefeito-Turismo-2.jpeg\" alt=\"\" class=\"wp-image-4356\" style=\"width:620px;height:auto\" srcset=\"https:\/\/www.manaus.am.gov.br\/manauscult\/wp-content\/uploads\/sites\/11\/2025\/08\/Prefeito-Turismo-2.jpeg 860w, https:\/\/www.manaus.am.gov.br\/manauscult\/wp-content\/uploads\/sites\/11\/2025\/08\/Prefeito-Turismo-2-300x174.jpeg 300w, https:\/\/www.manaus.am.gov.br\/manauscult\/wp-content\/uploads\/sites\/11\/2025\/08\/Prefeito-Turismo-2-768x445.jpeg 768w\" sizes=\"(max-width: 860px) 100vw, 860px\" \/><\/figure><\/div>\n\n\n<p>O turismo de experi\u00eancia em Manaus se fortalece com cruzeiros fluviais, passeios pelos rios Negro e Solim\u00f5es, visita ao Teatro Amazonas, festival \u201c#Sou Manaus\u201d, temporada de pesca esportiva e uma gastronomia que j\u00e1 recebeu destaque internacional. \u201cEstamos investindo para que a cidade seja reconhecida n\u00e3o s\u00f3 pela natureza e cultura, mas tamb\u00e9m pela qualidade da nossa gastronomia e hospitalidade\u201d, disse o prefeito.<\/p>\n\n\n\n<p>A capital amazonense tamb\u00e9m j\u00e1 conta com importantes equipamentos tur\u00edsticos entregues pela atual gest\u00e3o, como a Casa de Praia Zezinho Corr\u00eaa, o mirante L\u00facia Almeida, o P\u00eder Tur\u00edstico Manaus 355, de onde partem passeios de barco para o Encontro das \u00c1guas, o largo de S\u00e3o Vicente e o parque Gigantes da Floresta. Em breve, a cidade ganhar\u00e1 ainda o parque Encontro das \u00c1guas Rosa Almeida e o Aqu\u00e1rio P\u00fablico com peixes amaz\u00f4nicos, novos marcos para o turismo e lazer na regi\u00e3o.<\/p>\n\n\n<div class=\"wp-block-image\">\n<figure class=\"aligncenter size-full is-resized\"><img loading=\"lazy\" decoding=\"async\" width=\"860\" height=\"507\" src=\"https:\/\/www.manaus.am.gov.br\/manauscult\/wp-content\/uploads\/sites\/11\/2025\/08\/Prefeito-Turismo-4.jpeg\" alt=\"\" class=\"wp-image-4359\" style=\"width:642px;height:auto\" srcset=\"https:\/\/www.manaus.am.gov.br\/manauscult\/wp-content\/uploads\/sites\/11\/2025\/08\/Prefeito-Turismo-4.jpeg 860w, https:\/\/www.manaus.am.gov.br\/manauscult\/wp-content\/uploads\/sites\/11\/2025\/08\/Prefeito-Turismo-4-300x177.jpeg 300w, https:\/\/www.manaus.am.gov.br\/manauscult\/wp-content\/uploads\/sites\/11\/2025\/08\/Prefeito-Turismo-4-768x453.jpeg 768w\" sizes=\"(max-width: 860px) 100vw, 860px\" \/><\/figure><\/div>\n\n\n<p>Al\u00e9m disso, o plano de governo da Prefeitura de Manaus prev\u00ea novos investimentos em infraestrutura tur\u00edstica, incluindo a instala\u00e7\u00e3o de portais tur\u00edsticos nos principais pontos de acesso \u00e0 cidade, capacita\u00e7\u00e3o de profissionais do setor e eventos que promovam a cidade no cen\u00e1rio global, como o maior festival de artes integradas do Brasil, o \u201c#Sou Manaus Passo a Pa\u00e7o\u201d. \u201cNosso objetivo \u00e9 consolidar Manaus como porta de entrada para experi\u00eancias amaz\u00f4nicas inesquec\u00edveis, contribuindo para que o Brasil continue ganhando destaque no turismo internacional\u201d, concluiu David Almeida.<\/p>\n\n\n\n<p>E Manaus vai al\u00e9m do turismo: a capital j\u00e1 \u00e9 reconhecida internacionalmente por suas a\u00e7\u00f5es sustent\u00e1veis, como o programa \u201cAnjos da Floresta\u201d, a produ\u00e7\u00e3o de mais de meio milh\u00e3o de mudas pelo \u201cManaus Mais Verde\u201d, a instala\u00e7\u00e3o de ecobarreiras nos igarap\u00e9s, a revitaliza\u00e7\u00e3o de lagoas e a cria\u00e7\u00e3o de parques urbanos que unem preserva\u00e7\u00e3o, lazer e educa\u00e7\u00e3o ambiental. \u201cEssas iniciativas refor\u00e7am que Manaus n\u00e3o apenas preserva a floresta que beneficia o mundo inteiro, mas tamb\u00e9m constr\u00f3i um modelo de turismo respons\u00e1vel e inovador, que ser\u00e1 apresentado ao mundo na COP30, em Bel\u00e9m\u201d, ressaltou o prefeito.<\/p>\n\n\n\n<p>&#8212; &#8212; &#8212;<\/p>\n\n\n\n<p><strong>Texto<\/strong> &#8211; Emanuelle Baires \/ Semcom-Prefeito<\/p>\n\n\n\n<p><strong>Fotos<\/strong> &#8211; Arquivo \/ Semcom<\/p>\n","protected":false},"excerpt":{"rendered":"","protected":false},"author":61,"featured_media":4358,"comment_status":"closed","ping_status":"closed","sticky":false,"template":"","format":"standard","meta":{"footnotes":""},"categories":[18],"tags":[67,1566,910,380,1567,11,103],"acf":[],"yoast_head":"<!-- This site is optimized with the Yoast SEO plugin v23.0 - https:\/\/yoast.com\/wordpress\/plugins\/seo\/ -->\n<title>Manaus fortalece o turismo brasileiro e projeta crescimento internacional, destaca prefeito David Almeida<\/title>\n<meta name=\"description\" content=\"Nesta ter\u00e7a-feira, 20\/8, o prefeito David Almeida se reuniu com seu grupo t\u00e9cnico de trabalho na Prefeitura de Manaus.\" \/>\n<meta name=\"robots\" content=\"noindex, follow\" \/>\n<meta property=\"og:locale\" content=\"pt_BR\" \/>\n<meta property=\"og:type\" content=\"article\" \/>\n<meta property=\"og:title\" content=\"Manaus fortalece o turismo brasileiro e projeta crescimento internacional, destaca prefeito David Almeida\" \/>\n<meta property=\"og:description\" content=\"Nesta ter\u00e7a-feira, 20\/8, o prefeito David Almeida se reuniu com seu grupo t\u00e9cnico de trabalho na Prefeitura de Manaus.\" \/>\n<meta property=\"og:url\" content=\"https:\/\/www.manaus.am.gov.br\/manauscult\/fortalece-turismo-prefeito\/\" \/>\n<meta property=\"og:site_name\" content=\"MANAUSCULT\" \/>\n<meta property=\"article:published_time\" content=\"2025-08-20T19:50:34+00:00\" \/>\n<meta property=\"article:modified_time\" content=\"2025-08-20T19:50:59+00:00\" \/>\n<meta property=\"og:image\" content=\"https:\/\/www.manaus.am.gov.br\/manauscult\/wp-content\/uploads\/sites\/11\/2025\/08\/Prefeito-Turismo-5.jpeg\" \/>\n\t<meta property=\"og:image:width\" content=\"860\" \/>\n\t<meta property=\"og:image:height\" content=\"483\" \/>\n\t<meta property=\"og:image:type\" content=\"image\/jpeg\" \/>\n<meta name=\"author\" content=\"smonteiro\" \/>\n<meta name=\"twitter:card\" content=\"summary_large_image\" \/>\n<meta name=\"twitter:label1\" content=\"Written by\" \/>\n\t<meta name=\"twitter:data1\" content=\"smonteiro\" \/>\n\t<meta name=\"twitter:label2\" content=\"Est. reading time\" \/>\n\t<meta name=\"twitter:data2\" content=\"4 minutos\" \/>\n<script type=\"application\/ld+json\" class=\"yoast-schema-graph\">{\"@context\":\"https:\/\/schema.org\",\"@graph\":[{\"@type\":\"WebPage\",\"@id\":\"https:\/\/www.manaus.am.gov.br\/manauscult\/fortalece-turismo-prefeito\/\",\"url\":\"https:\/\/www.manaus.am.gov.br\/manauscult\/fortalece-turismo-prefeito\/\",\"name\":\"Manaus fortalece o turismo brasileiro e projeta crescimento internacional, destaca prefeito David Almeida\",\"isPartOf\":{\"@id\":\"https:\/\/www.manaus.am.gov.br\/manauscult\/#website\"},\"primaryImageOfPage\":{\"@id\":\"https:\/\/www.manaus.am.gov.br\/manauscult\/fortalece-turismo-prefeito\/#primaryimage\"},\"image\":{\"@id\":\"https:\/\/www.manaus.am.gov.br\/manauscult\/fortalece-turismo-prefeito\/#primaryimage\"},\"thumbnailUrl\":\"https:\/\/www.manaus.am.gov.br\/manauscult\/wp-content\/uploads\/sites\/11\/2025\/08\/Prefeito-Turismo-5.jpeg\",\"datePublished\":\"2025-08-20T19:50:34+00:00\",\"dateModified\":\"2025-08-20T19:50:59+00:00\",\"author\":{\"@id\":\"https:\/\/www.manaus.am.gov.br\/manauscult\/#\/schema\/person\/ab4dcf766a54dff74e8d267f5c591961\"},\"description\":\"Nesta ter\u00e7a-feira, 20\/8, o prefeito David Almeida se reuniu com seu grupo t\u00e9cnico de trabalho na Prefeitura de Manaus.\",\"breadcrumb\":{\"@id\":\"https:\/\/www.manaus.am.gov.br\/manauscult\/fortalece-turismo-prefeito\/#breadcrumb\"},\"inLanguage\":\"pt-BR\",\"potentialAction\":[{\"@type\":\"ReadAction\",\"target\":[\"https:\/\/www.manaus.am.gov.br\/manauscult\/fortalece-turismo-prefeito\/\"]}]},{\"@type\":\"ImageObject\",\"inLanguage\":\"pt-BR\",\"@id\":\"https:\/\/www.manaus.am.gov.br\/manauscult\/fortalece-turismo-prefeito\/#primaryimage\",\"url\":\"https:\/\/www.manaus.am.gov.br\/manauscult\/wp-content\/uploads\/sites\/11\/2025\/08\/Prefeito-Turismo-5.jpeg\",\"contentUrl\":\"https:\/\/www.manaus.am.gov.br\/manauscult\/wp-content\/uploads\/sites\/11\/2025\/08\/Prefeito-Turismo-5.jpeg\",\"width\":860,\"height\":483},{\"@type\":\"BreadcrumbList\",\"@id\":\"https:\/\/www.manaus.am.gov.br\/manauscult\/fortalece-turismo-prefeito\/#breadcrumb\",\"itemListElement\":[{\"@type\":\"ListItem\",\"position\":1,\"name\":\"Home\",\"item\":\"https:\/\/www.manaus.am.gov.br\/manauscult\/\"},{\"@type\":\"ListItem\",\"position\":2,\"name\":\"Manaus fortalece o turismo brasileiro e projeta crescimento internacional, destaca prefeito David Almeida\"}]},{\"@type\":\"WebSite\",\"@id\":\"https:\/\/www.manaus.am.gov.br\/manauscult\/#website\",\"url\":\"https:\/\/www.manaus.am.gov.br\/manauscult\/\",\"name\":\"MANAUSCULT\",\"description\":\"Prefeitura de Manaus\",\"potentialAction\":[{\"@type\":\"SearchAction\",\"target\":{\"@type\":\"EntryPoint\",\"urlTemplate\":\"https:\/\/www.manaus.am.gov.br\/manauscult\/?s={search_term_string}\"},\"query-input\":\"required name=search_term_string\"}],\"inLanguage\":\"pt-BR\"},{\"@type\":\"Person\",\"@id\":\"https:\/\/www.manaus.am.gov.br\/manauscult\/#\/schema\/person\/ab4dcf766a54dff74e8d267f5c591961\",\"name\":\"smonteiro\",\"image\":{\"@type\":\"ImageObject\",\"inLanguage\":\"pt-BR\",\"@id\":\"https:\/\/www.manaus.am.gov.br\/manauscult\/#\/schema\/person\/image\/\",\"url\":\"https:\/\/secure.gravatar.com\/avatar\/21c8776ef61d9272c73322052e042d77?s=96&d=mm&r=g\",\"contentUrl\":\"https:\/\/secure.gravatar.com\/avatar\/21c8776ef61d9272c73322052e042d77?s=96&d=mm&r=g\",\"caption\":\"smonteiro\"}}]}<\/script>\n<!-- \/ Yoast SEO plugin. -->","yoast_head_json":{"title":"Manaus fortalece o turismo brasileiro e projeta crescimento internacional, destaca prefeito David Almeida","description":"Nesta ter\u00e7a-feira, 20\/8, o prefeito David Almeida se reuniu com seu grupo t\u00e9cnico de trabalho na Prefeitura de Manaus.","robots":{"index":"noindex","follow":"follow"},"og_locale":"pt_BR","og_type":"article","og_title":"Manaus fortalece o turismo brasileiro e projeta crescimento internacional, destaca prefeito David Almeida","og_description":"Nesta ter\u00e7a-feira, 20\/8, o prefeito David Almeida se reuniu com seu grupo t\u00e9cnico de trabalho na Prefeitura de Manaus.","og_url":"https:\/\/www.manaus.am.gov.br\/manauscult\/fortalece-turismo-prefeito\/","og_site_name":"MANAUSCULT","article_published_time":"2025-08-20T19:50:34+00:00","article_modified_time":"2025-08-20T19:50:59+00:00","og_image":[{"width":860,"height":483,"url":"https:\/\/www.manaus.am.gov.br\/manauscult\/wp-content\/uploads\/sites\/11\/2025\/08\/Prefeito-Turismo-5.jpeg","type":"image\/jpeg"}],"author":"smonteiro","twitter_card":"summary_large_image","twitter_misc":{"Written by":"smonteiro","Est. reading time":"4 minutos"},"schema":{"@context":"https:\/\/schema.org","@graph":[{"@type":"WebPage","@id":"https:\/\/www.manaus.am.gov.br\/manauscult\/fortalece-turismo-prefeito\/","url":"https:\/\/www.manaus.am.gov.br\/manauscult\/fortalece-turismo-prefeito\/","name":"Manaus fortalece o turismo brasileiro e projeta crescimento internacional, destaca prefeito David Almeida","isPartOf":{"@id":"https:\/\/www.manaus.am.gov.br\/manauscult\/#website"},"primaryImageOfPage":{"@id":"https:\/\/www.manaus.am.gov.br\/manauscult\/fortalece-turismo-prefeito\/#primaryimage"},"image":{"@id":"https:\/\/www.manaus.am.gov.br\/manauscult\/fortalece-turismo-prefeito\/#primaryimage"},"thumbnailUrl":"https:\/\/www.manaus.am.gov.br\/manauscult\/wp-content\/uploads\/sites\/11\/2025\/08\/Prefeito-Turismo-5.jpeg","datePublished":"2025-08-20T19:50:34+00:00","dateModified":"2025-08-20T19:50:59+00:00","author":{"@id":"https:\/\/www.manaus.am.gov.br\/manauscult\/#\/schema\/person\/ab4dcf766a54dff74e8d267f5c591961"},"description":"Nesta ter\u00e7a-feira, 20\/8, o prefeito David Almeida se reuniu com seu grupo t\u00e9cnico de trabalho na Prefeitura de Manaus.","breadcrumb":{"@id":"https:\/\/www.manaus.am.gov.br\/manauscult\/fortalece-turismo-prefeito\/#breadcrumb"},"inLanguage":"pt-BR","potentialAction":[{"@type":"ReadAction","target":["https:\/\/www.manaus.am.gov.br\/manauscult\/fortalece-turismo-prefeito\/"]}]},{"@type":"ImageObject","inLanguage":"pt-BR","@id":"https:\/\/www.manaus.am.gov.br\/manauscult\/fortalece-turismo-prefeito\/#primaryimage","url":"https:\/\/www.manaus.am.gov.br\/manauscult\/wp-content\/uploads\/sites\/11\/2025\/08\/Prefeito-Turismo-5.jpeg","contentUrl":"https:\/\/www.manaus.am.gov.br\/manauscult\/wp-content\/uploads\/sites\/11\/2025\/08\/Prefeito-Turismo-5.jpeg","width":860,"height":483},{"@type":"BreadcrumbList","@id":"https:\/\/www.manaus.am.gov.br\/manauscult\/fortalece-turismo-prefeito\/#breadcrumb","itemListElement":[{"@type":"ListItem","position":1,"name":"Home","item":"https:\/\/www.manaus.am.gov.br\/manauscult\/"},{"@type":"ListItem","position":2,"name":"Manaus fortalece o turismo brasileiro e projeta crescimento internacional, destaca prefeito David Almeida"}]},{"@type":"WebSite","@id":"https:\/\/www.manaus.am.gov.br\/manauscult\/#website","url":"https:\/\/www.manaus.am.gov.br\/manauscult\/","name":"MANAUSCULT","description":"Prefeitura de Manaus","potentialAction":[{"@type":"SearchAction","target":{"@type":"EntryPoint","urlTemplate":"https:\/\/www.manaus.am.gov.br\/manauscult\/?s={search_term_string}"},"query-input":"required name=search_term_string"}],"inLanguage":"pt-BR"},{"@type":"Person","@id":"https:\/\/www.manaus.am.gov.br\/manauscult\/#\/schema\/person\/ab4dcf766a54dff74e8d267f5c591961","name":"smonteiro","image":{"@type":"ImageObject","inLanguage":"pt-BR","@id":"https:\/\/www.manaus.am.gov.br\/manauscult\/#\/schema\/person\/image\/","url":"https:\/\/secure.gravatar.com\/avatar\/21c8776ef61d9272c73322052e042d77?s=96&d=mm&r=g","contentUrl":"https:\/\/secure.gravatar.com\/avatar\/21c8776ef61d9272c73322052e042d77?s=96&d=mm&r=g","caption":"smonteiro"}}]}},"_links":{"self":[{"href":"https:\/\/www.manaus.am.gov.br\/manauscult\/wp-json\/wp\/v2\/posts\/4355"}],"collection":[{"href":"https:\/\/www.manaus.am.gov.br\/manauscult\/wp-json\/wp\/v2\/posts"}],"about":[{"href":"https:\/\/www.manaus.am.gov.br\/manauscult\/wp-json\/wp\/v2\/types\/post"}],"author":[{"embeddable":true,"href":"https:\/\/www.manaus.am.gov.br\/manauscult\/wp-json\/wp\/v2\/users\/61"}],"replies":[{"embeddable":true,"href":"https:\/\/www.manaus.am.gov.br\/manauscult\/wp-json\/wp\/v2\/comments?post=4355"}],"version-history":[{"count":3,"href":"https:\/\/www.manaus.am.gov.br\/manauscult\/wp-json\/wp\/v2\/posts\/4355\/revisions"}],"predecessor-version":[{"id":4362,"href":"https:\/\/www.manaus.am.gov.br\/manauscult\/wp-json\/wp\/v2\/posts\/4355\/revisions\/4362"}],"wp:featuredmedia":[{"embeddable":true,"href":"https:\/\/www.manaus.am.gov.br\/manauscult\/wp-json\/wp\/v2\/media\/4358"}],"wp:attachment":[{"href":"https:\/\/www.manaus.am.gov.br\/manauscult\/wp-json\/wp\/v2\/media?parent=4355"}],"wp:term":[{"taxonomy":"category","embeddable":true,"href":"https:\/\/www.manaus.am.gov.br\/manauscult\/wp-json\/wp\/v2\/categories?post=4355"},{"taxonomy":"post_tag","embeddable":true,"href":"https:\/\/www.manaus.am.gov.br\/manauscult\/wp-json\/wp\/v2\/tags?post=4355"}],"curies":[{"name":"wp","href":"https:\/\/api.w.org\/{rel}","templated":true}]}}