{"id":4345,"date":"2025-08-18T14:16:46","date_gmt":"2025-08-18T18:16:46","guid":{"rendered":"https:\/\/www.manaus.am.gov.br\/manauscult\/artesanato-soumanaus-2025-bernardo-ramos\/"},"modified":"2025-08-18T14:16:46","modified_gmt":"2025-08-18T18:16:46","slug":"artesanato-soumanaus-2025-bernardo-ramos","status":"publish","type":"post","link":"https:\/\/www.manaus.am.gov.br\/manauscult\/artesanato-soumanaus-2025-bernardo-ramos\/","title":{"rendered":"Artesanato ganha protagonismo no \u2018#SouManaus Passo a Pa\u00e7o 2025\u2019 com espa\u00e7o especial na rua Bernardo Ramos"},"content":{"rendered":"\n<p>Comemorando 10 anos de hist\u00f3ria, o \u201c#SouManaus Passo a Pa\u00e7o 2025\u201d, coordenado pela Prefeitura de Manaus, por meio da Funda\u00e7\u00e3o Municipal de Cultura, Turismo e Eventos (Manauscult), traz como tema desta atual edi\u00e7\u00e3o a \u201cFesta do Povo Floresta\u201d, que vai muito al\u00e9m de m\u00fasica e gastronomia. Um dos pontos fortes do festival \u00e9 o artesanato, que novamente ter\u00e1 espa\u00e7o garantido na rua Bernardo Ramos, no Centro, nos dias principais do evento, 5, 6 e 7\/9, a partir das 16h at\u00e9 o encerramento da programa\u00e7\u00e3o.<\/p>\n\n\n\n<p><br>Com um total de 22 barracas e um sistema de rod\u00edzio que garantir\u00e1 a participa\u00e7\u00e3o de 198 artes\u00e3os, sendo 66 por dia, o espa\u00e7o reunir\u00e1 produ\u00e7\u00f5es de artes\u00e3os da Secretaria Municipal do Trabalho, Empreendedorismo e Inova\u00e7\u00e3o (Semtepi) e da Reciprolab Colaborativa, entidade da Organiza\u00e7\u00e3o da Sociedade Civil (OSC), que atua no fortalecimento da economia criativa e da cultura local.<\/p>\n\n\n\n<p><br>A iniciativa valoriza a diversidade da produ\u00e7\u00e3o artesanal manauara, que vai desde biojoias e acess\u00f3rios at\u00e9 cestos e pe\u00e7as utilit\u00e1rias e decorativas, todos feitos a partir de t\u00e9cnicas tradicionais e materiais da regi\u00e3o amaz\u00f4nica. Al\u00e9m das barracas, o espa\u00e7o contar\u00e1 com um palco para apresenta\u00e7\u00f5es culturais, refor\u00e7ando a proposta de integrar arte, cultura e empreendedorismo no festival.<\/p>\n\n\n\n<p>O diretor-presidente da Manauscult, Jender Lobato, destacou que a presen\u00e7a do artesanato amplia o alcance e o significado do festival. \u201cO #SouManaus n\u00e3o \u00e9 s\u00f3 show. \u00c9 um evento regional que valoriza nossa cultura em todas as suas express\u00f5es, e o artesanato tem papel fundamental nisso. O p\u00fablico vai encontrar biojoias, acess\u00f3rios, cestos e uma infinidade de produtos que traduzem a identidade e a criatividade do nosso povo\u201d, afirmou.<\/p>\n\n\n\n<p>A parceria da Manauscult com a Semtepi e a Reciprolab Colaborativa, refor\u00e7a o compromisso do festival com a valoriza\u00e7\u00e3o da economia criativa e do empreendedorismo regional, atuando como um centro de conex\u00f5es.<\/p>\n\n\n\n<p><br><strong>Rua Bernardo Ramos<\/strong><\/p>\n\n\n\n<p><br>Localizada no cora\u00e7\u00e3o do centro hist\u00f3rico, a rua Bernardo Ramos \u00e9 um verdadeiro cart\u00e3o-postal de Manaus. Seu tra\u00e7ado guarda a mem\u00f3ria do per\u00edodo \u00e1ureo da borracha, quando casar\u00f5es e pr\u00e9dios de arquitetura imponente foram erguidos na regi\u00e3o. Hoje, a via se mant\u00e9m como um espa\u00e7o de conviv\u00eancia, cultura e hist\u00f3ria, sendo palco perfeito para receber a produ\u00e7\u00e3o artesanal e art\u00edstica que faz parte da identidade da cidade.<\/p>\n\n\n\n<p><br>A vice-presidente de Turismo da Manauscult, Oreni Braga, refor\u00e7ou a import\u00e2ncia do espa\u00e7o e o papel da Diretoria de Turismo na entrega dessa experi\u00eancia ao p\u00fablico.<\/p>\n\n\n\n<p><br>\u201cEstamos trabalhando para garantir que o artesanato tenha visibilidade dentro do festival como sempre ocorre durante esses 10 anos de evento. \u00c9 um espa\u00e7o constru\u00eddo para valorizar o talento dos nossos artes\u00e3os e oferecer \u00e0 popula\u00e7\u00e3o uma experi\u00eancia aut\u00eantica, que conecta arte, cultura e sustentabilidade\u201d, pontuou.<\/p>\n\n\n\n<p><br>Com isso, o \u201c#SouManaus Passo a Pa\u00e7o 2025\u201d reafirma sua voca\u00e7\u00e3o de ser mais que um festival multicultural, mostrando que \u00e9 tamb\u00e9m um espa\u00e7o de fortalecimento da economia local e de celebra\u00e7\u00e3o da diversidade criativa do Amazonas.<\/p>\n\n\n\n<figure class=\"wp-block-image size-large\"><img loading=\"lazy\" decoding=\"async\" width=\"1024\" height=\"683\" src=\"https:\/\/www.manaus.am.gov.br\/manauscult\/wp-content\/uploads\/sites\/11\/2025\/08\/Artesanato-no-SouManaus-3-1024x683.jpg\" alt=\"\" class=\"wp-image-4347\" srcset=\"https:\/\/www.manaus.am.gov.br\/manauscult\/wp-content\/uploads\/sites\/11\/2025\/08\/Artesanato-no-SouManaus-3-1024x683.jpg 1024w, https:\/\/www.manaus.am.gov.br\/manauscult\/wp-content\/uploads\/sites\/11\/2025\/08\/Artesanato-no-SouManaus-3-300x200.jpg 300w, https:\/\/www.manaus.am.gov.br\/manauscult\/wp-content\/uploads\/sites\/11\/2025\/08\/Artesanato-no-SouManaus-3-768x512.jpg 768w, https:\/\/www.manaus.am.gov.br\/manauscult\/wp-content\/uploads\/sites\/11\/2025\/08\/Artesanato-no-SouManaus-3.jpg 1536w\" sizes=\"(max-width: 1024px) 100vw, 1024px\" \/><\/figure>\n\n\n\n<p>&#8212; &#8212; &#8212;<\/p>\n\n\n\n<p><strong>Texto &#8211;<\/strong> J\u00e9ssica Trajano\/Manauscult\u00a0<\/p>\n\n\n\n<p><strong>Fotos \u2013 <\/strong>Arquivo\/Semcom<\/p>\n","protected":false},"excerpt":{"rendered":"","protected":false},"author":39,"featured_media":4346,"comment_status":"closed","ping_status":"closed","sticky":false,"template":"","format":"standard","meta":{"footnotes":""},"categories":[1562],"tags":[1458,538,511,9,11,1563],"acf":[],"yoast_head":"<!-- This site is optimized with the Yoast SEO plugin v23.0 - https:\/\/yoast.com\/wordpress\/plugins\/seo\/ -->\n<title>Artesanato ganha protagonismo no \u2018#SouManaus 2025\u2019<\/title>\n<meta name=\"description\" content=\"Artesanato ganha protagonismo no \u2018#SouManaus Passo a Pa\u00e7o 2025\u2019 com espa\u00e7o especial na rua Bernardo Ramos.\" \/>\n<meta name=\"robots\" content=\"noindex, follow\" \/>\n<meta property=\"og:locale\" content=\"pt_BR\" \/>\n<meta property=\"og:type\" content=\"article\" \/>\n<meta property=\"og:title\" content=\"Artesanato ganha protagonismo no \u2018#SouManaus 2025\u2019\" \/>\n<meta property=\"og:description\" content=\"Artesanato ganha protagonismo no \u2018#SouManaus Passo a Pa\u00e7o 2025\u2019 com espa\u00e7o especial na rua Bernardo Ramos.\" \/>\n<meta property=\"og:url\" content=\"https:\/\/www.manaus.am.gov.br\/manauscult\/artesanato-soumanaus-2025-bernardo-ramos\/\" \/>\n<meta property=\"og:site_name\" content=\"MANAUSCULT\" \/>\n<meta property=\"article:published_time\" content=\"2025-08-18T18:16:46+00:00\" \/>\n<meta property=\"og:image\" content=\"https:\/\/www.manaus.am.gov.br\/manauscult\/wp-content\/uploads\/sites\/11\/2025\/08\/Artesanato-no-SouManaus-1.jpg\" \/>\n\t<meta property=\"og:image:width\" content=\"1536\" \/>\n\t<meta property=\"og:image:height\" content=\"1024\" \/>\n\t<meta property=\"og:image:type\" content=\"image\/jpeg\" \/>\n<meta name=\"author\" content=\"Bruna Greco\" \/>\n<meta name=\"twitter:card\" content=\"summary_large_image\" \/>\n<meta name=\"twitter:label1\" content=\"Written by\" \/>\n\t<meta name=\"twitter:data1\" content=\"Bruna Greco\" \/>\n\t<meta name=\"twitter:label2\" content=\"Est. reading time\" \/>\n\t<meta name=\"twitter:data2\" content=\"4 minutos\" \/>\n<script type=\"application\/ld+json\" class=\"yoast-schema-graph\">{\"@context\":\"https:\/\/schema.org\",\"@graph\":[{\"@type\":\"WebPage\",\"@id\":\"https:\/\/www.manaus.am.gov.br\/manauscult\/artesanato-soumanaus-2025-bernardo-ramos\/\",\"url\":\"https:\/\/www.manaus.am.gov.br\/manauscult\/artesanato-soumanaus-2025-bernardo-ramos\/\",\"name\":\"Artesanato ganha protagonismo no \u2018#SouManaus 2025\u2019\",\"isPartOf\":{\"@id\":\"https:\/\/www.manaus.am.gov.br\/manauscult\/#website\"},\"primaryImageOfPage\":{\"@id\":\"https:\/\/www.manaus.am.gov.br\/manauscult\/artesanato-soumanaus-2025-bernardo-ramos\/#primaryimage\"},\"image\":{\"@id\":\"https:\/\/www.manaus.am.gov.br\/manauscult\/artesanato-soumanaus-2025-bernardo-ramos\/#primaryimage\"},\"thumbnailUrl\":\"https:\/\/www.manaus.am.gov.br\/manauscult\/wp-content\/uploads\/sites\/11\/2025\/08\/Artesanato-no-SouManaus-1.jpg\",\"datePublished\":\"2025-08-18T18:16:46+00:00\",\"dateModified\":\"2025-08-18T18:16:46+00:00\",\"author\":{\"@id\":\"https:\/\/www.manaus.am.gov.br\/manauscult\/#\/schema\/person\/05d223aea2bf115f9883a6ff3683d81b\"},\"description\":\"Artesanato ganha protagonismo no \u2018#SouManaus Passo a Pa\u00e7o 2025\u2019 com espa\u00e7o especial na rua Bernardo Ramos.\",\"breadcrumb\":{\"@id\":\"https:\/\/www.manaus.am.gov.br\/manauscult\/artesanato-soumanaus-2025-bernardo-ramos\/#breadcrumb\"},\"inLanguage\":\"pt-BR\",\"potentialAction\":[{\"@type\":\"ReadAction\",\"target\":[\"https:\/\/www.manaus.am.gov.br\/manauscult\/artesanato-soumanaus-2025-bernardo-ramos\/\"]}]},{\"@type\":\"ImageObject\",\"inLanguage\":\"pt-BR\",\"@id\":\"https:\/\/www.manaus.am.gov.br\/manauscult\/artesanato-soumanaus-2025-bernardo-ramos\/#primaryimage\",\"url\":\"https:\/\/www.manaus.am.gov.br\/manauscult\/wp-content\/uploads\/sites\/11\/2025\/08\/Artesanato-no-SouManaus-1.jpg\",\"contentUrl\":\"https:\/\/www.manaus.am.gov.br\/manauscult\/wp-content\/uploads\/sites\/11\/2025\/08\/Artesanato-no-SouManaus-1.jpg\",\"width\":1536,\"height\":1024,\"caption\":\"#paratodosverem - Fachada da feira de Artesanato da \u00faltima edi\u00e7\u00e3o do #SouManaus Passo a Pa\u00e7o\"},{\"@type\":\"BreadcrumbList\",\"@id\":\"https:\/\/www.manaus.am.gov.br\/manauscult\/artesanato-soumanaus-2025-bernardo-ramos\/#breadcrumb\",\"itemListElement\":[{\"@type\":\"ListItem\",\"position\":1,\"name\":\"Home\",\"item\":\"https:\/\/www.manaus.am.gov.br\/manauscult\/\"},{\"@type\":\"ListItem\",\"position\":2,\"name\":\"Artesanato ganha protagonismo no \u2018#SouManaus Passo a Pa\u00e7o 2025\u2019 com espa\u00e7o especial na rua Bernardo Ramos\"}]},{\"@type\":\"WebSite\",\"@id\":\"https:\/\/www.manaus.am.gov.br\/manauscult\/#website\",\"url\":\"https:\/\/www.manaus.am.gov.br\/manauscult\/\",\"name\":\"MANAUSCULT\",\"description\":\"Prefeitura de Manaus\",\"potentialAction\":[{\"@type\":\"SearchAction\",\"target\":{\"@type\":\"EntryPoint\",\"urlTemplate\":\"https:\/\/www.manaus.am.gov.br\/manauscult\/?s={search_term_string}\"},\"query-input\":\"required name=search_term_string\"}],\"inLanguage\":\"pt-BR\"},{\"@type\":\"Person\",\"@id\":\"https:\/\/www.manaus.am.gov.br\/manauscult\/#\/schema\/person\/05d223aea2bf115f9883a6ff3683d81b\",\"name\":\"Bruna Greco\",\"image\":{\"@type\":\"ImageObject\",\"inLanguage\":\"pt-BR\",\"@id\":\"https:\/\/www.manaus.am.gov.br\/manauscult\/#\/schema\/person\/image\/\",\"url\":\"https:\/\/secure.gravatar.com\/avatar\/9c877d1a6adc2a055330e5c09a8653ce?s=96&d=mm&r=g\",\"contentUrl\":\"https:\/\/secure.gravatar.com\/avatar\/9c877d1a6adc2a055330e5c09a8653ce?s=96&d=mm&r=g\",\"caption\":\"Bruna Greco\"}}]}<\/script>\n<!-- \/ Yoast SEO plugin. -->","yoast_head_json":{"title":"Artesanato ganha protagonismo no \u2018#SouManaus 2025\u2019","description":"Artesanato ganha protagonismo no \u2018#SouManaus Passo a Pa\u00e7o 2025\u2019 com espa\u00e7o especial na rua Bernardo Ramos.","robots":{"index":"noindex","follow":"follow"},"og_locale":"pt_BR","og_type":"article","og_title":"Artesanato ganha protagonismo no \u2018#SouManaus 2025\u2019","og_description":"Artesanato ganha protagonismo no \u2018#SouManaus Passo a Pa\u00e7o 2025\u2019 com espa\u00e7o especial na rua Bernardo Ramos.","og_url":"https:\/\/www.manaus.am.gov.br\/manauscult\/artesanato-soumanaus-2025-bernardo-ramos\/","og_site_name":"MANAUSCULT","article_published_time":"2025-08-18T18:16:46+00:00","og_image":[{"width":1536,"height":1024,"url":"https:\/\/www.manaus.am.gov.br\/manauscult\/wp-content\/uploads\/sites\/11\/2025\/08\/Artesanato-no-SouManaus-1.jpg","type":"image\/jpeg"}],"author":"Bruna Greco","twitter_card":"summary_large_image","twitter_misc":{"Written by":"Bruna Greco","Est. reading time":"4 minutos"},"schema":{"@context":"https:\/\/schema.org","@graph":[{"@type":"WebPage","@id":"https:\/\/www.manaus.am.gov.br\/manauscult\/artesanato-soumanaus-2025-bernardo-ramos\/","url":"https:\/\/www.manaus.am.gov.br\/manauscult\/artesanato-soumanaus-2025-bernardo-ramos\/","name":"Artesanato ganha protagonismo no \u2018#SouManaus 2025\u2019","isPartOf":{"@id":"https:\/\/www.manaus.am.gov.br\/manauscult\/#website"},"primaryImageOfPage":{"@id":"https:\/\/www.manaus.am.gov.br\/manauscult\/artesanato-soumanaus-2025-bernardo-ramos\/#primaryimage"},"image":{"@id":"https:\/\/www.manaus.am.gov.br\/manauscult\/artesanato-soumanaus-2025-bernardo-ramos\/#primaryimage"},"thumbnailUrl":"https:\/\/www.manaus.am.gov.br\/manauscult\/wp-content\/uploads\/sites\/11\/2025\/08\/Artesanato-no-SouManaus-1.jpg","datePublished":"2025-08-18T18:16:46+00:00","dateModified":"2025-08-18T18:16:46+00:00","author":{"@id":"https:\/\/www.manaus.am.gov.br\/manauscult\/#\/schema\/person\/05d223aea2bf115f9883a6ff3683d81b"},"description":"Artesanato ganha protagonismo no \u2018#SouManaus Passo a Pa\u00e7o 2025\u2019 com espa\u00e7o especial na rua Bernardo Ramos.","breadcrumb":{"@id":"https:\/\/www.manaus.am.gov.br\/manauscult\/artesanato-soumanaus-2025-bernardo-ramos\/#breadcrumb"},"inLanguage":"pt-BR","potentialAction":[{"@type":"ReadAction","target":["https:\/\/www.manaus.am.gov.br\/manauscult\/artesanato-soumanaus-2025-bernardo-ramos\/"]}]},{"@type":"ImageObject","inLanguage":"pt-BR","@id":"https:\/\/www.manaus.am.gov.br\/manauscult\/artesanato-soumanaus-2025-bernardo-ramos\/#primaryimage","url":"https:\/\/www.manaus.am.gov.br\/manauscult\/wp-content\/uploads\/sites\/11\/2025\/08\/Artesanato-no-SouManaus-1.jpg","contentUrl":"https:\/\/www.manaus.am.gov.br\/manauscult\/wp-content\/uploads\/sites\/11\/2025\/08\/Artesanato-no-SouManaus-1.jpg","width":1536,"height":1024,"caption":"#paratodosverem - Fachada da feira de Artesanato da \u00faltima edi\u00e7\u00e3o do #SouManaus Passo a Pa\u00e7o"},{"@type":"BreadcrumbList","@id":"https:\/\/www.manaus.am.gov.br\/manauscult\/artesanato-soumanaus-2025-bernardo-ramos\/#breadcrumb","itemListElement":[{"@type":"ListItem","position":1,"name":"Home","item":"https:\/\/www.manaus.am.gov.br\/manauscult\/"},{"@type":"ListItem","position":2,"name":"Artesanato ganha protagonismo no \u2018#SouManaus Passo a Pa\u00e7o 2025\u2019 com espa\u00e7o especial na rua Bernardo Ramos"}]},{"@type":"WebSite","@id":"https:\/\/www.manaus.am.gov.br\/manauscult\/#website","url":"https:\/\/www.manaus.am.gov.br\/manauscult\/","name":"MANAUSCULT","description":"Prefeitura de Manaus","potentialAction":[{"@type":"SearchAction","target":{"@type":"EntryPoint","urlTemplate":"https:\/\/www.manaus.am.gov.br\/manauscult\/?s={search_term_string}"},"query-input":"required name=search_term_string"}],"inLanguage":"pt-BR"},{"@type":"Person","@id":"https:\/\/www.manaus.am.gov.br\/manauscult\/#\/schema\/person\/05d223aea2bf115f9883a6ff3683d81b","name":"Bruna Greco","image":{"@type":"ImageObject","inLanguage":"pt-BR","@id":"https:\/\/www.manaus.am.gov.br\/manauscult\/#\/schema\/person\/image\/","url":"https:\/\/secure.gravatar.com\/avatar\/9c877d1a6adc2a055330e5c09a8653ce?s=96&d=mm&r=g","contentUrl":"https:\/\/secure.gravatar.com\/avatar\/9c877d1a6adc2a055330e5c09a8653ce?s=96&d=mm&r=g","caption":"Bruna Greco"}}]}},"_links":{"self":[{"href":"https:\/\/www.manaus.am.gov.br\/manauscult\/wp-json\/wp\/v2\/posts\/4345"}],"collection":[{"href":"https:\/\/www.manaus.am.gov.br\/manauscult\/wp-json\/wp\/v2\/posts"}],"about":[{"href":"https:\/\/www.manaus.am.gov.br\/manauscult\/wp-json\/wp\/v2\/types\/post"}],"author":[{"embeddable":true,"href":"https:\/\/www.manaus.am.gov.br\/manauscult\/wp-json\/wp\/v2\/users\/39"}],"replies":[{"embeddable":true,"href":"https:\/\/www.manaus.am.gov.br\/manauscult\/wp-json\/wp\/v2\/comments?post=4345"}],"version-history":[{"count":1,"href":"https:\/\/www.manaus.am.gov.br\/manauscult\/wp-json\/wp\/v2\/posts\/4345\/revisions"}],"predecessor-version":[{"id":4348,"href":"https:\/\/www.manaus.am.gov.br\/manauscult\/wp-json\/wp\/v2\/posts\/4345\/revisions\/4348"}],"wp:featuredmedia":[{"embeddable":true,"href":"https:\/\/www.manaus.am.gov.br\/manauscult\/wp-json\/wp\/v2\/media\/4346"}],"wp:attachment":[{"href":"https:\/\/www.manaus.am.gov.br\/manauscult\/wp-json\/wp\/v2\/media?parent=4345"}],"wp:term":[{"taxonomy":"category","embeddable":true,"href":"https:\/\/www.manaus.am.gov.br\/manauscult\/wp-json\/wp\/v2\/categories?post=4345"},{"taxonomy":"post_tag","embeddable":true,"href":"https:\/\/www.manaus.am.gov.br\/manauscult\/wp-json\/wp\/v2\/tags?post=4345"}],"curies":[{"name":"wp","href":"https:\/\/api.w.org\/{rel}","templated":true}]}}