{"id":4333,"date":"2025-08-15T16:20:42","date_gmt":"2025-08-15T20:20:42","guid":{"rendered":"https:\/\/www.manaus.am.gov.br\/manauscult\/inscricoes-corpo-de-danca-de-manaus-18-8\/"},"modified":"2025-08-15T16:44:28","modified_gmt":"2025-08-15T20:44:28","slug":"inscricoes-corpo-de-danca-de-manaus-18-8","status":"publish","type":"post","link":"https:\/\/www.manaus.am.gov.br\/manauscult\/inscricoes-corpo-de-danca-de-manaus-18-8\/","title":{"rendered":"Prefeitura abre inscri\u00e7\u00f5es para o Corpo de Dan\u00e7a de Manaus na pr\u00f3xima segunda-feira, 18\/8"},"content":{"rendered":"\n<p>A Prefeitura de Manaus, por meio do Conselho Municipal de Cultura (Concultura), inicia, na pr\u00f3xima segunda-feira, 18\/8, as inscri\u00e7\u00f5es para o Corpo de Dan\u00e7a de Manaus, uma nova iniciativa cultural criada pelo Edital 002\/2025 e que integra o calend\u00e1rio art\u00edstico da cidade. O prazo segue at\u00e9 23\/8, com audi\u00e7\u00f5es presenciais no mesmo dia do encerramento.<\/p>\n\n\n\n<p>O projeto, lan\u00e7ado oficialmente no \u00faltimo dia 13\/8, ser\u00e1 realizado em parceria com a Associa\u00e7\u00e3o Amigos da Floresta, por meio do Termo de Fomento n\u00ba 001\/2025, assinado no dia 23 de julho. A a\u00e7\u00e3o conta com recursos da Pol\u00edtica Nacional Aldir Blanc de Fomento \u00e0 Cultura (Pnab), totalizando R$ 500 mil, destinados a fortalecer a\u00e7\u00f5es culturais estruturantes em Manaus.<\/p>\n\n\n\n<p>O presidente do Concultura, Tony Medeiros, destacou que a constitui\u00e7\u00e3o dos corpos art\u00edsticos da cidade, favorecer\u00e3o n\u00e3o somente os dois corpos, mas toda a popula\u00e7\u00e3o. \u201cEstamos construindo, passo a passo, um projeto que n\u00e3o apenas leva cultura para a popula\u00e7\u00e3o, mas tamb\u00e9m forma e valoriza novos talentos. Esta \u00e9 uma semente para um futuro plural e democr\u00e1tico na dan\u00e7a e da m\u00fasica de nossa cidade\u201d, destacou.<\/p>\n\n\n\n<p>Poder\u00e3o inscrever-se gratuitamente, candidatos de ambos os sexos, a partir de 15 anos completos, e estas devem ser feitas exclusivamente pelo formul\u00e1rio on-line: <a href=\"https:\/\/forms.gle\/UobDXBjrU1vWgwMT9\">https:\/\/forms.gle\/UobDXBjrU1vWgwMT9<\/a>. O edital completo est\u00e1 dispon\u00edvel no link:\u00a0 <a href=\"https:\/\/drive.google.com\/file\/d\/1LRJFnaudPOskJpV45VICbqL_erIdaWgD\/view?usp=drivesdk\">https:\/\/drive.google.com\/file\/d\/1LRJFnaudPOskJpV45VICbqL_erIdaWgD\/view?usp=drivesdk<\/a>.<\/p>\n\n\n\n<p>Os documentos necess\u00e1rios s\u00e3o: formul\u00e1rio preenchido, c\u00f3pia do RG, CPF e comprovante de resid\u00eancia, breve curr\u00edculo com nome, data de nascimento, forma\u00e7\u00e3o e experi\u00eancias art\u00edsticas, uma foto, e comprova\u00e7\u00e3o de perman\u00eancia regular no pa\u00eds (para estrangeiros). As audi\u00e7\u00f5es ser\u00e3o realizadas na escola ArtFactory, localizada na rua Edson Bittar, n\u00ba 85, bairro Dom Pedro, zona Centro-Oeste.<\/p>\n\n\n\n<p>No total, ser\u00e3o oferecidas 20 bolsas, sendo dez dedicadas a Dan\u00e7as Urbanas e dez a Dan\u00e7as Contempor\u00e2neas. As bolsas ter\u00e3o dura\u00e7\u00e3o de quatro meses, com carga hor\u00e1ria de tr\u00eas horas semanais. O in\u00edcio das atividades est\u00e1 previsto para 1\u00ba\/9, reunindo bailarinos selecionados para ensaios e apresenta\u00e7\u00f5es em diversos espa\u00e7os da cidade.<\/p>\n\n\n\n<p>Para mais informa\u00e7\u00f5es, os interessados devem entrar em contato com o n\u00famero (92) 99121-2159.<\/p>\n\n\n\n<p><strong>Conjunto musical<\/strong><\/p>\n\n\n\n<p>J\u00e1 a Orquestra de C\u00e2mara de Manaus, que foi criada pelo edital 001\/2025, realizou as inscri\u00e7\u00f5es entre 2 e 7\/7, e as audi\u00e7\u00f5es nos dias 8 e 10\/7, resultando na sele\u00e7\u00e3o de dez bolsistas que integrar\u00e3o a forma\u00e7\u00e3o por um per\u00edodo de seis meses.<\/p>\n\n\n\n<p><strong>Forma\u00e7\u00e3o art\u00edstica<\/strong><\/p>\n\n\n\n<p>Al\u00e9m de levar apresenta\u00e7\u00f5es para diferentes p\u00fablicos e bairros, o Corpo de Dan\u00e7a e a Orquestra de C\u00e2mara tamb\u00e9m ter\u00e3o papel importante na forma\u00e7\u00e3o de plateia, despertando o interesse da popula\u00e7\u00e3o pela produ\u00e7\u00e3o cultural manauara.<\/p>\n\n\n\n<p>\u201cManaus merece corpos art\u00edsticos que expressem sua identidade e dialoguem com a diversidade de talentos que temos. Este lan\u00e7amento \u00e9 apenas o in\u00edcio de um caminho que ser\u00e1 constru\u00eddo com di\u00e1logo e participa\u00e7\u00e3o da classe\u201d, finalizou o presidente do Concultura.<\/p>\n\n\n\n<figure class=\"wp-block-image size-large\"><img loading=\"lazy\" decoding=\"async\" width=\"1024\" height=\"682\" src=\"https:\/\/www.manaus.am.gov.br\/manauscult\/wp-content\/uploads\/sites\/11\/2025\/08\/Cultura-2-1-1024x682.jpeg\" alt=\"\" class=\"wp-image-4335\" srcset=\"https:\/\/www.manaus.am.gov.br\/manauscult\/wp-content\/uploads\/sites\/11\/2025\/08\/Cultura-2-1-1024x682.jpeg 1024w, https:\/\/www.manaus.am.gov.br\/manauscult\/wp-content\/uploads\/sites\/11\/2025\/08\/Cultura-2-1-300x200.jpeg 300w, https:\/\/www.manaus.am.gov.br\/manauscult\/wp-content\/uploads\/sites\/11\/2025\/08\/Cultura-2-1-768x512.jpeg 768w, https:\/\/www.manaus.am.gov.br\/manauscult\/wp-content\/uploads\/sites\/11\/2025\/08\/Cultura-2-1-1536x1023.jpeg 1536w, https:\/\/www.manaus.am.gov.br\/manauscult\/wp-content\/uploads\/sites\/11\/2025\/08\/Cultura-2-1.jpeg 1600w\" sizes=\"(max-width: 1024px) 100vw, 1024px\" \/><\/figure>\n\n\n\n<p>&#8212; &#8212; &#8212;<\/p>\n\n\n\n<p><strong>Texto <\/strong>\u2013 Ismael Oliveira\/Concultura<\/p>\n\n\n\n<p><strong>Fotos \u2013<\/strong> Antonio Pereira\/Arquivo Semcom<\/p>\n","protected":false},"excerpt":{"rendered":"","protected":false},"author":39,"featured_media":4334,"comment_status":"closed","ping_status":"closed","sticky":false,"template":"","format":"standard","meta":{"footnotes":""},"categories":[12],"tags":[1559,45,1560,114,11],"acf":[],"yoast_head":"<!-- This site is optimized with the Yoast SEO plugin v23.0 - https:\/\/yoast.com\/wordpress\/plugins\/seo\/ -->\n<title>Inscri\u00e7\u00f5es para o Corpo de Dan\u00e7a de Manaus na segunda-feira, 18<\/title>\n<meta name=\"description\" content=\"Prefeitura de Manaus, por meio do Concultura, abre inscri\u00e7\u00f5es para o Corpo de Dan\u00e7a de Manaus na pr\u00f3xima segunda-feira, 18\/8.\" \/>\n<meta name=\"robots\" content=\"noindex, follow\" \/>\n<meta property=\"og:locale\" content=\"pt_BR\" \/>\n<meta property=\"og:type\" content=\"article\" \/>\n<meta property=\"og:title\" content=\"Inscri\u00e7\u00f5es para o Corpo de Dan\u00e7a de Manaus na segunda-feira, 18\" \/>\n<meta property=\"og:description\" content=\"Prefeitura de Manaus, por meio do Concultura, abre inscri\u00e7\u00f5es para o Corpo de Dan\u00e7a de Manaus na pr\u00f3xima segunda-feira, 18\/8.\" \/>\n<meta property=\"og:url\" content=\"https:\/\/www.manaus.am.gov.br\/manauscult\/inscricoes-corpo-de-danca-de-manaus-18-8\/\" \/>\n<meta property=\"og:site_name\" content=\"MANAUSCULT\" \/>\n<meta property=\"article:published_time\" content=\"2025-08-15T20:20:42+00:00\" \/>\n<meta property=\"article:modified_time\" content=\"2025-08-15T20:44:28+00:00\" \/>\n<meta property=\"og:image\" content=\"https:\/\/www.manaus.am.gov.br\/manauscult\/wp-content\/uploads\/sites\/11\/2025\/08\/Cultura-1-1.jpeg\" \/>\n\t<meta property=\"og:image:width\" content=\"1600\" \/>\n\t<meta property=\"og:image:height\" content=\"1066\" \/>\n\t<meta property=\"og:image:type\" content=\"image\/jpeg\" \/>\n<meta name=\"author\" content=\"Bruna Greco\" \/>\n<meta name=\"twitter:card\" content=\"summary_large_image\" \/>\n<meta name=\"twitter:label1\" content=\"Written by\" \/>\n\t<meta name=\"twitter:data1\" content=\"Bruna Greco\" \/>\n\t<meta name=\"twitter:label2\" content=\"Est. reading time\" \/>\n\t<meta name=\"twitter:data2\" content=\"4 minutos\" \/>\n<script type=\"application\/ld+json\" class=\"yoast-schema-graph\">{\"@context\":\"https:\/\/schema.org\",\"@graph\":[{\"@type\":\"WebPage\",\"@id\":\"https:\/\/www.manaus.am.gov.br\/manauscult\/inscricoes-corpo-de-danca-de-manaus-18-8\/\",\"url\":\"https:\/\/www.manaus.am.gov.br\/manauscult\/inscricoes-corpo-de-danca-de-manaus-18-8\/\",\"name\":\"Inscri\u00e7\u00f5es para o Corpo de Dan\u00e7a de Manaus na segunda-feira, 18\",\"isPartOf\":{\"@id\":\"https:\/\/www.manaus.am.gov.br\/manauscult\/#website\"},\"primaryImageOfPage\":{\"@id\":\"https:\/\/www.manaus.am.gov.br\/manauscult\/inscricoes-corpo-de-danca-de-manaus-18-8\/#primaryimage\"},\"image\":{\"@id\":\"https:\/\/www.manaus.am.gov.br\/manauscult\/inscricoes-corpo-de-danca-de-manaus-18-8\/#primaryimage\"},\"thumbnailUrl\":\"https:\/\/www.manaus.am.gov.br\/manauscult\/wp-content\/uploads\/sites\/11\/2025\/08\/Cultura-1-1.jpeg\",\"datePublished\":\"2025-08-15T20:20:42+00:00\",\"dateModified\":\"2025-08-15T20:44:28+00:00\",\"author\":{\"@id\":\"https:\/\/www.manaus.am.gov.br\/manauscult\/#\/schema\/person\/05d223aea2bf115f9883a6ff3683d81b\"},\"description\":\"Prefeitura de Manaus, por meio do Concultura, abre inscri\u00e7\u00f5es para o Corpo de Dan\u00e7a de Manaus na pr\u00f3xima segunda-feira, 18\/8.\",\"breadcrumb\":{\"@id\":\"https:\/\/www.manaus.am.gov.br\/manauscult\/inscricoes-corpo-de-danca-de-manaus-18-8\/#breadcrumb\"},\"inLanguage\":\"pt-BR\",\"potentialAction\":[{\"@type\":\"ReadAction\",\"target\":[\"https:\/\/www.manaus.am.gov.br\/manauscult\/inscricoes-corpo-de-danca-de-manaus-18-8\/\"]}]},{\"@type\":\"ImageObject\",\"inLanguage\":\"pt-BR\",\"@id\":\"https:\/\/www.manaus.am.gov.br\/manauscult\/inscricoes-corpo-de-danca-de-manaus-18-8\/#primaryimage\",\"url\":\"https:\/\/www.manaus.am.gov.br\/manauscult\/wp-content\/uploads\/sites\/11\/2025\/08\/Cultura-1-1.jpeg\",\"contentUrl\":\"https:\/\/www.manaus.am.gov.br\/manauscult\/wp-content\/uploads\/sites\/11\/2025\/08\/Cultura-1-1.jpeg\",\"width\":1600,\"height\":1066,\"caption\":\"#paratodosverem - Presidente do Concultura, Tony Medeiros, discursando durante lan\u00e7amentos do Corpo de Dan\u00e7a e Orquestra de C\u00e2mara de Manaus\"},{\"@type\":\"BreadcrumbList\",\"@id\":\"https:\/\/www.manaus.am.gov.br\/manauscult\/inscricoes-corpo-de-danca-de-manaus-18-8\/#breadcrumb\",\"itemListElement\":[{\"@type\":\"ListItem\",\"position\":1,\"name\":\"Home\",\"item\":\"https:\/\/www.manaus.am.gov.br\/manauscult\/\"},{\"@type\":\"ListItem\",\"position\":2,\"name\":\"Prefeitura abre inscri\u00e7\u00f5es para o Corpo de Dan\u00e7a de Manaus na pr\u00f3xima segunda-feira, 18\/8\"}]},{\"@type\":\"WebSite\",\"@id\":\"https:\/\/www.manaus.am.gov.br\/manauscult\/#website\",\"url\":\"https:\/\/www.manaus.am.gov.br\/manauscult\/\",\"name\":\"MANAUSCULT\",\"description\":\"Prefeitura de Manaus\",\"potentialAction\":[{\"@type\":\"SearchAction\",\"target\":{\"@type\":\"EntryPoint\",\"urlTemplate\":\"https:\/\/www.manaus.am.gov.br\/manauscult\/?s={search_term_string}\"},\"query-input\":\"required name=search_term_string\"}],\"inLanguage\":\"pt-BR\"},{\"@type\":\"Person\",\"@id\":\"https:\/\/www.manaus.am.gov.br\/manauscult\/#\/schema\/person\/05d223aea2bf115f9883a6ff3683d81b\",\"name\":\"Bruna Greco\",\"image\":{\"@type\":\"ImageObject\",\"inLanguage\":\"pt-BR\",\"@id\":\"https:\/\/www.manaus.am.gov.br\/manauscult\/#\/schema\/person\/image\/\",\"url\":\"https:\/\/secure.gravatar.com\/avatar\/9c877d1a6adc2a055330e5c09a8653ce?s=96&d=mm&r=g\",\"contentUrl\":\"https:\/\/secure.gravatar.com\/avatar\/9c877d1a6adc2a055330e5c09a8653ce?s=96&d=mm&r=g\",\"caption\":\"Bruna Greco\"}}]}<\/script>\n<!-- \/ Yoast SEO plugin. -->","yoast_head_json":{"title":"Inscri\u00e7\u00f5es para o Corpo de Dan\u00e7a de Manaus na segunda-feira, 18","description":"Prefeitura de Manaus, por meio do Concultura, abre inscri\u00e7\u00f5es para o Corpo de Dan\u00e7a de Manaus na pr\u00f3xima segunda-feira, 18\/8.","robots":{"index":"noindex","follow":"follow"},"og_locale":"pt_BR","og_type":"article","og_title":"Inscri\u00e7\u00f5es para o Corpo de Dan\u00e7a de Manaus na segunda-feira, 18","og_description":"Prefeitura de Manaus, por meio do Concultura, abre inscri\u00e7\u00f5es para o Corpo de Dan\u00e7a de Manaus na pr\u00f3xima segunda-feira, 18\/8.","og_url":"https:\/\/www.manaus.am.gov.br\/manauscult\/inscricoes-corpo-de-danca-de-manaus-18-8\/","og_site_name":"MANAUSCULT","article_published_time":"2025-08-15T20:20:42+00:00","article_modified_time":"2025-08-15T20:44:28+00:00","og_image":[{"width":1600,"height":1066,"url":"https:\/\/www.manaus.am.gov.br\/manauscult\/wp-content\/uploads\/sites\/11\/2025\/08\/Cultura-1-1.jpeg","type":"image\/jpeg"}],"author":"Bruna Greco","twitter_card":"summary_large_image","twitter_misc":{"Written by":"Bruna Greco","Est. reading time":"4 minutos"},"schema":{"@context":"https:\/\/schema.org","@graph":[{"@type":"WebPage","@id":"https:\/\/www.manaus.am.gov.br\/manauscult\/inscricoes-corpo-de-danca-de-manaus-18-8\/","url":"https:\/\/www.manaus.am.gov.br\/manauscult\/inscricoes-corpo-de-danca-de-manaus-18-8\/","name":"Inscri\u00e7\u00f5es para o Corpo de Dan\u00e7a de Manaus na segunda-feira, 18","isPartOf":{"@id":"https:\/\/www.manaus.am.gov.br\/manauscult\/#website"},"primaryImageOfPage":{"@id":"https:\/\/www.manaus.am.gov.br\/manauscult\/inscricoes-corpo-de-danca-de-manaus-18-8\/#primaryimage"},"image":{"@id":"https:\/\/www.manaus.am.gov.br\/manauscult\/inscricoes-corpo-de-danca-de-manaus-18-8\/#primaryimage"},"thumbnailUrl":"https:\/\/www.manaus.am.gov.br\/manauscult\/wp-content\/uploads\/sites\/11\/2025\/08\/Cultura-1-1.jpeg","datePublished":"2025-08-15T20:20:42+00:00","dateModified":"2025-08-15T20:44:28+00:00","author":{"@id":"https:\/\/www.manaus.am.gov.br\/manauscult\/#\/schema\/person\/05d223aea2bf115f9883a6ff3683d81b"},"description":"Prefeitura de Manaus, por meio do Concultura, abre inscri\u00e7\u00f5es para o Corpo de Dan\u00e7a de Manaus na pr\u00f3xima segunda-feira, 18\/8.","breadcrumb":{"@id":"https:\/\/www.manaus.am.gov.br\/manauscult\/inscricoes-corpo-de-danca-de-manaus-18-8\/#breadcrumb"},"inLanguage":"pt-BR","potentialAction":[{"@type":"ReadAction","target":["https:\/\/www.manaus.am.gov.br\/manauscult\/inscricoes-corpo-de-danca-de-manaus-18-8\/"]}]},{"@type":"ImageObject","inLanguage":"pt-BR","@id":"https:\/\/www.manaus.am.gov.br\/manauscult\/inscricoes-corpo-de-danca-de-manaus-18-8\/#primaryimage","url":"https:\/\/www.manaus.am.gov.br\/manauscult\/wp-content\/uploads\/sites\/11\/2025\/08\/Cultura-1-1.jpeg","contentUrl":"https:\/\/www.manaus.am.gov.br\/manauscult\/wp-content\/uploads\/sites\/11\/2025\/08\/Cultura-1-1.jpeg","width":1600,"height":1066,"caption":"#paratodosverem - Presidente do Concultura, Tony Medeiros, discursando durante lan\u00e7amentos do Corpo de Dan\u00e7a e Orquestra de C\u00e2mara de Manaus"},{"@type":"BreadcrumbList","@id":"https:\/\/www.manaus.am.gov.br\/manauscult\/inscricoes-corpo-de-danca-de-manaus-18-8\/#breadcrumb","itemListElement":[{"@type":"ListItem","position":1,"name":"Home","item":"https:\/\/www.manaus.am.gov.br\/manauscult\/"},{"@type":"ListItem","position":2,"name":"Prefeitura abre inscri\u00e7\u00f5es para o Corpo de Dan\u00e7a de Manaus na pr\u00f3xima segunda-feira, 18\/8"}]},{"@type":"WebSite","@id":"https:\/\/www.manaus.am.gov.br\/manauscult\/#website","url":"https:\/\/www.manaus.am.gov.br\/manauscult\/","name":"MANAUSCULT","description":"Prefeitura de Manaus","potentialAction":[{"@type":"SearchAction","target":{"@type":"EntryPoint","urlTemplate":"https:\/\/www.manaus.am.gov.br\/manauscult\/?s={search_term_string}"},"query-input":"required name=search_term_string"}],"inLanguage":"pt-BR"},{"@type":"Person","@id":"https:\/\/www.manaus.am.gov.br\/manauscult\/#\/schema\/person\/05d223aea2bf115f9883a6ff3683d81b","name":"Bruna Greco","image":{"@type":"ImageObject","inLanguage":"pt-BR","@id":"https:\/\/www.manaus.am.gov.br\/manauscult\/#\/schema\/person\/image\/","url":"https:\/\/secure.gravatar.com\/avatar\/9c877d1a6adc2a055330e5c09a8653ce?s=96&d=mm&r=g","contentUrl":"https:\/\/secure.gravatar.com\/avatar\/9c877d1a6adc2a055330e5c09a8653ce?s=96&d=mm&r=g","caption":"Bruna Greco"}}]}},"_links":{"self":[{"href":"https:\/\/www.manaus.am.gov.br\/manauscult\/wp-json\/wp\/v2\/posts\/4333"}],"collection":[{"href":"https:\/\/www.manaus.am.gov.br\/manauscult\/wp-json\/wp\/v2\/posts"}],"about":[{"href":"https:\/\/www.manaus.am.gov.br\/manauscult\/wp-json\/wp\/v2\/types\/post"}],"author":[{"embeddable":true,"href":"https:\/\/www.manaus.am.gov.br\/manauscult\/wp-json\/wp\/v2\/users\/39"}],"replies":[{"embeddable":true,"href":"https:\/\/www.manaus.am.gov.br\/manauscult\/wp-json\/wp\/v2\/comments?post=4333"}],"version-history":[{"count":7,"href":"https:\/\/www.manaus.am.gov.br\/manauscult\/wp-json\/wp\/v2\/posts\/4333\/revisions"}],"predecessor-version":[{"id":4342,"href":"https:\/\/www.manaus.am.gov.br\/manauscult\/wp-json\/wp\/v2\/posts\/4333\/revisions\/4342"}],"wp:featuredmedia":[{"embeddable":true,"href":"https:\/\/www.manaus.am.gov.br\/manauscult\/wp-json\/wp\/v2\/media\/4334"}],"wp:attachment":[{"href":"https:\/\/www.manaus.am.gov.br\/manauscult\/wp-json\/wp\/v2\/media?parent=4333"}],"wp:term":[{"taxonomy":"category","embeddable":true,"href":"https:\/\/www.manaus.am.gov.br\/manauscult\/wp-json\/wp\/v2\/categories?post=4333"},{"taxonomy":"post_tag","embeddable":true,"href":"https:\/\/www.manaus.am.gov.br\/manauscult\/wp-json\/wp\/v2\/tags?post=4333"}],"curies":[{"name":"wp","href":"https:\/\/api.w.org\/{rel}","templated":true}]}}