{"id":4331,"date":"2025-08-15T15:26:12","date_gmt":"2025-08-15T19:26:12","guid":{"rendered":"https:\/\/www.manaus.am.gov.br\/manauscult\/sarau-homenagem-marcio-souza\/"},"modified":"2025-08-15T15:26:14","modified_gmt":"2025-08-15T19:26:14","slug":"sarau-homenagem-marcio-souza","status":"publish","type":"post","link":"https:\/\/www.manaus.am.gov.br\/manauscult\/sarau-homenagem-marcio-souza\/","title":{"rendered":"Prefeitura de Manaus celebra sucesso do \u2018Sarau para um Imortal\u2019 em homenagem a M\u00e1rcio Souza"},"content":{"rendered":"\n<p>A Prefeitura de Manaus, por meio da Funda\u00e7\u00e3o Municipal de Cultura, Turismo e Eventos (Manauscult), realizou, na \u00faltima ter\u00e7a-feira, 12\/8, com grande sucesso o \u201cSarau para um Imortal\u201d, no jardim do Museu da Cidade de Manaus (Muma), no centro da cidade. Aberto ao p\u00fablico, o evento reuniu m\u00fasica, literatura, cinema e teatro para celebrar a arte, a cultura e a mem\u00f3ria do escritor, dramaturgo, romancista e jornalista amazonense M\u00e1rcio Souza, um dos mais importantes nomes da hist\u00f3ria cultural da regi\u00e3o.<\/p>\n\n\n\n<p>A programa\u00e7\u00e3o cultural contou com a apresenta\u00e7\u00e3o musical de Andrey San Silver e Roney Chaves, a encena\u00e7\u00e3o de parte da pe\u00e7a teatral Folias do L\u00e1tex, al\u00e9m da participa\u00e7\u00e3o de membros da Academia Amazonense de Letras, que, durante um discurso sobre a vida e obra de M\u00e1rcio Souza, prestaram uma singela homenagem ao imortal.<\/p>\n\n\n\n<p>O diretor-presidente da Manauscult, Jander Lobato, ressaltou a relev\u00e2ncia da homenagem. \u201cM\u00e1rcio Souza \u00e9 um s\u00edmbolo vivo da nossa hist\u00f3ria e do nosso pensamento cr\u00edtico. Este sarau foi mais do que uma homenagem, foi um reencontro da cidade com a sua pr\u00f3pria alma art\u00edstica\u201d, afirmou.<\/p>\n\n\n\n<p>O presidente da Academia Amazonense de Letras, doutor Arist\u00f3teles Alencar, destacou que a iniciativa da Manauscult se reveste de grande import\u00e2ncia para a cultura, na comemora\u00e7\u00e3o de um ano sem o escritor e dramaturgo M\u00e1rcio Souza. \u201cM\u00e1rcio n\u00e3o \u00e9 considerado imortal apenas por ter pertencido \u00e0 Academia Amazonense de Letras, mas principalmente por sua obra. \u00c9 um autor lido em v\u00e1rios pa\u00edses do mundo e essa homenagem \u00e9 apenas o in\u00edcio de um projeto de valoriza\u00e7\u00e3o da trajet\u00f3ria desse importante escritor amazonense\u201d, relatou.<\/p>\n\n\n\n<p>Nascido em Manaus (AM), em 4 de mar\u00e7o de 1946, M\u00e1rcio Souza estudou Ci\u00eancias Sociais na Universidade de S\u00e3o Paulo (USP). Seu primeiro romance, &#8220;Galvez: imperador do Acre&#8221;, foi publicado em 1976. Autor de mais de 20 livros, entre eles, o &#8220;Hist\u00f3ria da Amaz\u00f4nia&#8221;, &#8220;Mad Maria&#8221; e &#8220;Amaz\u00f4nia Ind\u00edgena&#8221;, tamb\u00e9m ocupou cargos p\u00fablicos como a presid\u00eancia da Funda\u00e7\u00e3o Nacional de Artes (Funarte) e do Conselho Municipal de Cultura (Concultura), em Manaus.<\/p>\n\n\n\n<p>Na Academia Amazonense de Letras, ocupava a cadeira n\u00ba 25, eleito em 11 de setembro de 2004, na sucess\u00e3o de Gebes de Mello Medeiros. Foi na academia que lan\u00e7ou a obra &#8220;Teatro Seleto&#8221;, um marco em sua trajet\u00f3ria liter\u00e1ria.<\/p>\n\n\n\n<p>Com o \u201cSarau para um Imortal\u201d, a Manauscult reafirma seu compromisso com a preserva\u00e7\u00e3o e valoriza\u00e7\u00e3o da mem\u00f3ria cultural de Manaus, promovendo encontros que aproximam o p\u00fablico de sua hist\u00f3ria e de seus grandes nomes.<\/p>\n\n\n\n<p>&#8212; &#8212; &#8212;<\/p>\n\n\n\n<p><strong>Texto &#8211;<\/strong> J\u00e9ssica Trajano\/Manauscult\u00a0<\/p>\n\n\n\n<p><strong>Foto \u2013 <\/strong>Divulga\u00e7\u00e3o\/Manauscult<\/p>\n","protected":false},"excerpt":{"rendered":"","protected":false},"author":39,"featured_media":4332,"comment_status":"closed","ping_status":"closed","sticky":false,"template":"","format":"standard","meta":{"footnotes":""},"categories":[1555],"tags":[1556,1557,9,11,1558],"acf":[],"yoast_head":"<!-- This site is optimized with the Yoast SEO plugin v23.0 - https:\/\/yoast.com\/wordpress\/plugins\/seo\/ -->\n<title>\u2018Sarau para um Imortal\u2019 em homenagem a M\u00e1rcio Souza<\/title>\n<meta name=\"description\" content=\"Prefeitura de Manaus, por meio da Manauscult, celebra sucesso do \u2018Sarau para um Imortal\u2019 em homenagem a M\u00e1rcio Souza.\" \/>\n<meta name=\"robots\" content=\"noindex, follow\" \/>\n<meta property=\"og:locale\" content=\"pt_BR\" \/>\n<meta property=\"og:type\" content=\"article\" \/>\n<meta property=\"og:title\" content=\"\u2018Sarau para um Imortal\u2019 em homenagem a M\u00e1rcio Souza\" \/>\n<meta property=\"og:description\" content=\"Prefeitura de Manaus, por meio da Manauscult, celebra sucesso do \u2018Sarau para um Imortal\u2019 em homenagem a M\u00e1rcio Souza.\" \/>\n<meta property=\"og:url\" content=\"https:\/\/www.manaus.am.gov.br\/manauscult\/sarau-homenagem-marcio-souza\/\" \/>\n<meta property=\"og:site_name\" content=\"MANAUSCULT\" \/>\n<meta property=\"article:published_time\" content=\"2025-08-15T19:26:12+00:00\" \/>\n<meta property=\"article:modified_time\" content=\"2025-08-15T19:26:14+00:00\" \/>\n<meta property=\"og:image\" content=\"https:\/\/www.manaus.am.gov.br\/manauscult\/wp-content\/uploads\/sites\/11\/2025\/08\/IMG_6257.jpeg\" \/>\n\t<meta property=\"og:image:width\" content=\"1280\" \/>\n\t<meta property=\"og:image:height\" content=\"1154\" \/>\n\t<meta property=\"og:image:type\" content=\"image\/jpeg\" \/>\n<meta name=\"author\" content=\"Bruna Greco\" \/>\n<meta name=\"twitter:card\" content=\"summary_large_image\" \/>\n<meta name=\"twitter:label1\" content=\"Written by\" \/>\n\t<meta name=\"twitter:data1\" content=\"Bruna Greco\" \/>\n\t<meta name=\"twitter:label2\" content=\"Est. reading time\" \/>\n\t<meta name=\"twitter:data2\" content=\"3 minutos\" \/>\n<script type=\"application\/ld+json\" class=\"yoast-schema-graph\">{\"@context\":\"https:\/\/schema.org\",\"@graph\":[{\"@type\":\"WebPage\",\"@id\":\"https:\/\/www.manaus.am.gov.br\/manauscult\/sarau-homenagem-marcio-souza\/\",\"url\":\"https:\/\/www.manaus.am.gov.br\/manauscult\/sarau-homenagem-marcio-souza\/\",\"name\":\"\u2018Sarau para um Imortal\u2019 em homenagem a M\u00e1rcio Souza\",\"isPartOf\":{\"@id\":\"https:\/\/www.manaus.am.gov.br\/manauscult\/#website\"},\"primaryImageOfPage\":{\"@id\":\"https:\/\/www.manaus.am.gov.br\/manauscult\/sarau-homenagem-marcio-souza\/#primaryimage\"},\"image\":{\"@id\":\"https:\/\/www.manaus.am.gov.br\/manauscult\/sarau-homenagem-marcio-souza\/#primaryimage\"},\"thumbnailUrl\":\"https:\/\/www.manaus.am.gov.br\/manauscult\/wp-content\/uploads\/sites\/11\/2025\/08\/IMG_6257.jpeg\",\"datePublished\":\"2025-08-15T19:26:12+00:00\",\"dateModified\":\"2025-08-15T19:26:14+00:00\",\"author\":{\"@id\":\"https:\/\/www.manaus.am.gov.br\/manauscult\/#\/schema\/person\/05d223aea2bf115f9883a6ff3683d81b\"},\"description\":\"Prefeitura de Manaus, por meio da Manauscult, celebra sucesso do \u2018Sarau para um Imortal\u2019 em homenagem a M\u00e1rcio Souza.\",\"breadcrumb\":{\"@id\":\"https:\/\/www.manaus.am.gov.br\/manauscult\/sarau-homenagem-marcio-souza\/#breadcrumb\"},\"inLanguage\":\"pt-BR\",\"potentialAction\":[{\"@type\":\"ReadAction\",\"target\":[\"https:\/\/www.manaus.am.gov.br\/manauscult\/sarau-homenagem-marcio-souza\/\"]}]},{\"@type\":\"ImageObject\",\"inLanguage\":\"pt-BR\",\"@id\":\"https:\/\/www.manaus.am.gov.br\/manauscult\/sarau-homenagem-marcio-souza\/#primaryimage\",\"url\":\"https:\/\/www.manaus.am.gov.br\/manauscult\/wp-content\/uploads\/sites\/11\/2025\/08\/IMG_6257.jpeg\",\"contentUrl\":\"https:\/\/www.manaus.am.gov.br\/manauscult\/wp-content\/uploads\/sites\/11\/2025\/08\/IMG_6257.jpeg\",\"width\":1280,\"height\":1154,\"caption\":\"#paratodosverem - Artistas locais participando do \\\"Sarau para um Imortal\\\" em homenagem a M\u00e1rcio Souza\"},{\"@type\":\"BreadcrumbList\",\"@id\":\"https:\/\/www.manaus.am.gov.br\/manauscult\/sarau-homenagem-marcio-souza\/#breadcrumb\",\"itemListElement\":[{\"@type\":\"ListItem\",\"position\":1,\"name\":\"Home\",\"item\":\"https:\/\/www.manaus.am.gov.br\/manauscult\/\"},{\"@type\":\"ListItem\",\"position\":2,\"name\":\"Prefeitura de Manaus celebra sucesso do \u2018Sarau para um Imortal\u2019 em homenagem a M\u00e1rcio Souza\"}]},{\"@type\":\"WebSite\",\"@id\":\"https:\/\/www.manaus.am.gov.br\/manauscult\/#website\",\"url\":\"https:\/\/www.manaus.am.gov.br\/manauscult\/\",\"name\":\"MANAUSCULT\",\"description\":\"Prefeitura de Manaus\",\"potentialAction\":[{\"@type\":\"SearchAction\",\"target\":{\"@type\":\"EntryPoint\",\"urlTemplate\":\"https:\/\/www.manaus.am.gov.br\/manauscult\/?s={search_term_string}\"},\"query-input\":\"required name=search_term_string\"}],\"inLanguage\":\"pt-BR\"},{\"@type\":\"Person\",\"@id\":\"https:\/\/www.manaus.am.gov.br\/manauscult\/#\/schema\/person\/05d223aea2bf115f9883a6ff3683d81b\",\"name\":\"Bruna Greco\",\"image\":{\"@type\":\"ImageObject\",\"inLanguage\":\"pt-BR\",\"@id\":\"https:\/\/www.manaus.am.gov.br\/manauscult\/#\/schema\/person\/image\/\",\"url\":\"https:\/\/secure.gravatar.com\/avatar\/9c877d1a6adc2a055330e5c09a8653ce?s=96&d=mm&r=g\",\"contentUrl\":\"https:\/\/secure.gravatar.com\/avatar\/9c877d1a6adc2a055330e5c09a8653ce?s=96&d=mm&r=g\",\"caption\":\"Bruna Greco\"}}]}<\/script>\n<!-- \/ Yoast SEO plugin. -->","yoast_head_json":{"title":"\u2018Sarau para um Imortal\u2019 em homenagem a M\u00e1rcio Souza","description":"Prefeitura de Manaus, por meio da Manauscult, celebra sucesso do \u2018Sarau para um Imortal\u2019 em homenagem a M\u00e1rcio Souza.","robots":{"index":"noindex","follow":"follow"},"og_locale":"pt_BR","og_type":"article","og_title":"\u2018Sarau para um Imortal\u2019 em homenagem a M\u00e1rcio Souza","og_description":"Prefeitura de Manaus, por meio da Manauscult, celebra sucesso do \u2018Sarau para um Imortal\u2019 em homenagem a M\u00e1rcio Souza.","og_url":"https:\/\/www.manaus.am.gov.br\/manauscult\/sarau-homenagem-marcio-souza\/","og_site_name":"MANAUSCULT","article_published_time":"2025-08-15T19:26:12+00:00","article_modified_time":"2025-08-15T19:26:14+00:00","og_image":[{"width":1280,"height":1154,"url":"https:\/\/www.manaus.am.gov.br\/manauscult\/wp-content\/uploads\/sites\/11\/2025\/08\/IMG_6257.jpeg","type":"image\/jpeg"}],"author":"Bruna Greco","twitter_card":"summary_large_image","twitter_misc":{"Written by":"Bruna Greco","Est. reading time":"3 minutos"},"schema":{"@context":"https:\/\/schema.org","@graph":[{"@type":"WebPage","@id":"https:\/\/www.manaus.am.gov.br\/manauscult\/sarau-homenagem-marcio-souza\/","url":"https:\/\/www.manaus.am.gov.br\/manauscult\/sarau-homenagem-marcio-souza\/","name":"\u2018Sarau para um Imortal\u2019 em homenagem a M\u00e1rcio Souza","isPartOf":{"@id":"https:\/\/www.manaus.am.gov.br\/manauscult\/#website"},"primaryImageOfPage":{"@id":"https:\/\/www.manaus.am.gov.br\/manauscult\/sarau-homenagem-marcio-souza\/#primaryimage"},"image":{"@id":"https:\/\/www.manaus.am.gov.br\/manauscult\/sarau-homenagem-marcio-souza\/#primaryimage"},"thumbnailUrl":"https:\/\/www.manaus.am.gov.br\/manauscult\/wp-content\/uploads\/sites\/11\/2025\/08\/IMG_6257.jpeg","datePublished":"2025-08-15T19:26:12+00:00","dateModified":"2025-08-15T19:26:14+00:00","author":{"@id":"https:\/\/www.manaus.am.gov.br\/manauscult\/#\/schema\/person\/05d223aea2bf115f9883a6ff3683d81b"},"description":"Prefeitura de Manaus, por meio da Manauscult, celebra sucesso do \u2018Sarau para um Imortal\u2019 em homenagem a M\u00e1rcio Souza.","breadcrumb":{"@id":"https:\/\/www.manaus.am.gov.br\/manauscult\/sarau-homenagem-marcio-souza\/#breadcrumb"},"inLanguage":"pt-BR","potentialAction":[{"@type":"ReadAction","target":["https:\/\/www.manaus.am.gov.br\/manauscult\/sarau-homenagem-marcio-souza\/"]}]},{"@type":"ImageObject","inLanguage":"pt-BR","@id":"https:\/\/www.manaus.am.gov.br\/manauscult\/sarau-homenagem-marcio-souza\/#primaryimage","url":"https:\/\/www.manaus.am.gov.br\/manauscult\/wp-content\/uploads\/sites\/11\/2025\/08\/IMG_6257.jpeg","contentUrl":"https:\/\/www.manaus.am.gov.br\/manauscult\/wp-content\/uploads\/sites\/11\/2025\/08\/IMG_6257.jpeg","width":1280,"height":1154,"caption":"#paratodosverem - Artistas locais participando do \"Sarau para um Imortal\" em homenagem a M\u00e1rcio Souza"},{"@type":"BreadcrumbList","@id":"https:\/\/www.manaus.am.gov.br\/manauscult\/sarau-homenagem-marcio-souza\/#breadcrumb","itemListElement":[{"@type":"ListItem","position":1,"name":"Home","item":"https:\/\/www.manaus.am.gov.br\/manauscult\/"},{"@type":"ListItem","position":2,"name":"Prefeitura de Manaus celebra sucesso do \u2018Sarau para um Imortal\u2019 em homenagem a M\u00e1rcio Souza"}]},{"@type":"WebSite","@id":"https:\/\/www.manaus.am.gov.br\/manauscult\/#website","url":"https:\/\/www.manaus.am.gov.br\/manauscult\/","name":"MANAUSCULT","description":"Prefeitura de Manaus","potentialAction":[{"@type":"SearchAction","target":{"@type":"EntryPoint","urlTemplate":"https:\/\/www.manaus.am.gov.br\/manauscult\/?s={search_term_string}"},"query-input":"required name=search_term_string"}],"inLanguage":"pt-BR"},{"@type":"Person","@id":"https:\/\/www.manaus.am.gov.br\/manauscult\/#\/schema\/person\/05d223aea2bf115f9883a6ff3683d81b","name":"Bruna Greco","image":{"@type":"ImageObject","inLanguage":"pt-BR","@id":"https:\/\/www.manaus.am.gov.br\/manauscult\/#\/schema\/person\/image\/","url":"https:\/\/secure.gravatar.com\/avatar\/9c877d1a6adc2a055330e5c09a8653ce?s=96&d=mm&r=g","contentUrl":"https:\/\/secure.gravatar.com\/avatar\/9c877d1a6adc2a055330e5c09a8653ce?s=96&d=mm&r=g","caption":"Bruna Greco"}}]}},"_links":{"self":[{"href":"https:\/\/www.manaus.am.gov.br\/manauscult\/wp-json\/wp\/v2\/posts\/4331"}],"collection":[{"href":"https:\/\/www.manaus.am.gov.br\/manauscult\/wp-json\/wp\/v2\/posts"}],"about":[{"href":"https:\/\/www.manaus.am.gov.br\/manauscult\/wp-json\/wp\/v2\/types\/post"}],"author":[{"embeddable":true,"href":"https:\/\/www.manaus.am.gov.br\/manauscult\/wp-json\/wp\/v2\/users\/39"}],"replies":[{"embeddable":true,"href":"https:\/\/www.manaus.am.gov.br\/manauscult\/wp-json\/wp\/v2\/comments?post=4331"}],"version-history":[{"count":0,"href":"https:\/\/www.manaus.am.gov.br\/manauscult\/wp-json\/wp\/v2\/posts\/4331\/revisions"}],"wp:featuredmedia":[{"embeddable":true,"href":"https:\/\/www.manaus.am.gov.br\/manauscult\/wp-json\/wp\/v2\/media\/4332"}],"wp:attachment":[{"href":"https:\/\/www.manaus.am.gov.br\/manauscult\/wp-json\/wp\/v2\/media?parent=4331"}],"wp:term":[{"taxonomy":"category","embeddable":true,"href":"https:\/\/www.manaus.am.gov.br\/manauscult\/wp-json\/wp\/v2\/categories?post=4331"},{"taxonomy":"post_tag","embeddable":true,"href":"https:\/\/www.manaus.am.gov.br\/manauscult\/wp-json\/wp\/v2\/tags?post=4331"}],"curies":[{"name":"wp","href":"https:\/\/api.w.org\/{rel}","templated":true}]}}