{"id":4323,"date":"2025-08-15T09:17:56","date_gmt":"2025-08-15T13:17:56","guid":{"rendered":"https:\/\/www.manaus.am.gov.br\/manauscult\/prefeitura-manauscult-oficina-figurino\/"},"modified":"2025-08-15T09:17:57","modified_gmt":"2025-08-15T13:17:57","slug":"prefeitura-manauscult-oficina-figurino","status":"publish","type":"post","link":"https:\/\/www.manaus.am.gov.br\/manauscult\/prefeitura-manauscult-oficina-figurino\/","title":{"rendered":"Prefeitura de Manaus promove oficina de Figurino Audiovisual com Maira Cruz pelo Promfac"},"content":{"rendered":"\n<p>A Prefeitura de Manaus, por meio da Funda\u00e7\u00e3o Municipal de Cultura, Turismo e Eventos (ManausCult), realiza, no per\u00edodo de 20 a 22 de agosto, a oficina de Figurino Audiovisual, ministrada pela renomada figurinista Maira Cruz, no Centro de Arqueologia de Manaus (CAM), na avenida 7 de Setembro, 350, Centro. A a\u00e7\u00e3o faz parte do Programa Municipal de Forma\u00e7\u00e3o Art\u00edstica e Cultural (Promfac), reafirmando o compromisso da gest\u00e3o municipal com a capacita\u00e7\u00e3o e valoriza\u00e7\u00e3o dos artistas locais.<\/p>\n\n\n\n<p>As inscri\u00e7\u00f5es para a oficina est\u00e3o abertas e podem ser realizadas pelo link:&nbsp;<a href=\"https:\/\/forms.gle\/2rdVegHVcwiwSymBA\" target=\"_blank\" rel=\"noreferrer noopener\">https:\/\/forms.gle\/2rdVegHVcwiwSymBA<\/a>.<\/p>\n\n\n\n<p>&nbsp;\u201cMesmo com a agenda intensa de atividades, seguimos firmes em nossa miss\u00e3o de promover a forma\u00e7\u00e3o art\u00edstica, oferecer oportunidades concretas de aprendizado e garantir que cursos, oficinas e demais a\u00e7\u00f5es culturais atinjam a excel\u00eancia que artistas e p\u00fablico esperam da gest\u00e3o\u201d, destacou o diretor-presidente da ManausCult, Jender Lobato.<\/p>\n\n\n\n<p>Com 15 horas de carga hor\u00e1ria, o curso oferece uma imers\u00e3o completa no universo do figurino para cinema e produ\u00e7\u00f5es audiovisuais. Os participantes ter\u00e3o a oportunidade de vivenciar todas as etapas do processo criativo, desde a pr\u00e9-produ\u00e7\u00e3o at\u00e9 a desprodu\u00e7\u00e3o, passando pela constru\u00e7\u00e3o de personagens e continuidade de figurinos, sempre com exemplos pr\u00e1ticos da trajet\u00f3ria da instrutora.<\/p>\n\n\n\n<p>Entre os destaques da programa\u00e7\u00e3o est\u00e3o: conceito, import\u00e2ncia e papel do figurino na narrativa; do roteiro \u00e0 constru\u00e7\u00e3o do personagem; pr\u00e9-produ\u00e7\u00e3o, garimpo, provas e ajustes; produ\u00e7\u00e3o, continuidade e desprodu\u00e7\u00e3o; participa\u00e7\u00e3o de convidados da \u00e1rea audiovisual; atividades pr\u00e1ticas e apresenta\u00e7\u00e3o de trabalhos finais.<\/p>\n\n\n\n<p>Os participantes ter\u00e3o \u00e0 disposi\u00e7\u00e3o materiais essenciais para a pr\u00e1tica, como acervo de figurinos, araras, cabides, papel, croquis e manequins.<\/p>\n\n\n\n<p>&#8212; &#8212; &#8212;<\/p>\n\n\n\n<p><strong>Texto<\/strong>&nbsp;&#8211; J\u00e9ssica Trajano\/ManausCult<\/p>\n\n\n\n<p><strong>Fotos<\/strong>&nbsp;&#8211; Thelson Souza\/ManausCult<\/p>\n","protected":false},"excerpt":{"rendered":"","protected":false},"author":23,"featured_media":4324,"comment_status":"closed","ping_status":"closed","sticky":false,"template":"","format":"standard","meta":{"footnotes":""},"categories":[1270],"tags":[1550,9,934,11],"acf":[],"yoast_head":"<!-- This site is optimized with the Yoast SEO plugin v23.0 - https:\/\/yoast.com\/wordpress\/plugins\/seo\/ -->\n<title>Prefeitura de Manaus promove oficina de Figurino Audiovisual com Maira Cruz pelo Promfac<\/title>\n<meta name=\"description\" content=\"A Prefeitura de Manaus, por meio da Funda\u00e7\u00e3o Municipal de Cultura, Turismo e Eventos (ManausCult), realiza, no per\u00edodo de 20 a 22 de agosto, a oficina de Figurino Audiovisual\" \/>\n<meta name=\"robots\" content=\"noindex, follow\" \/>\n<meta property=\"og:locale\" content=\"pt_BR\" \/>\n<meta property=\"og:type\" content=\"article\" \/>\n<meta property=\"og:title\" content=\"Prefeitura de Manaus promove oficina de Figurino Audiovisual com Maira Cruz pelo Promfac\" \/>\n<meta property=\"og:description\" content=\"A Prefeitura de Manaus, por meio da Funda\u00e7\u00e3o Municipal de Cultura, Turismo e Eventos (ManausCult), realiza, no per\u00edodo de 20 a 22 de agosto, a oficina de Figurino Audiovisual\" \/>\n<meta property=\"og:url\" content=\"https:\/\/www.manaus.am.gov.br\/manauscult\/prefeitura-manauscult-oficina-figurino\/\" \/>\n<meta property=\"og:site_name\" content=\"MANAUSCULT\" \/>\n<meta property=\"article:published_time\" content=\"2025-08-15T13:17:56+00:00\" \/>\n<meta property=\"article:modified_time\" content=\"2025-08-15T13:17:57+00:00\" \/>\n<meta property=\"og:image\" content=\"https:\/\/www.manaus.am.gov.br\/manauscult\/wp-content\/uploads\/sites\/11\/2025\/08\/1a9198ff-ba99-4772-abdc-e67de36dc14c.jpeg\" \/>\n\t<meta property=\"og:image:width\" content=\"2944\" \/>\n\t<meta property=\"og:image:height\" content=\"1968\" \/>\n\t<meta property=\"og:image:type\" content=\"image\/jpeg\" \/>\n<meta name=\"author\" content=\"Adriana Costa\" \/>\n<meta name=\"twitter:card\" content=\"summary_large_image\" \/>\n<meta name=\"twitter:label1\" content=\"Written by\" \/>\n\t<meta name=\"twitter:data1\" content=\"Adriana Costa\" \/>\n\t<meta name=\"twitter:label2\" content=\"Est. reading time\" \/>\n\t<meta name=\"twitter:data2\" content=\"2 minutos\" \/>\n<script type=\"application\/ld+json\" class=\"yoast-schema-graph\">{\"@context\":\"https:\/\/schema.org\",\"@graph\":[{\"@type\":\"WebPage\",\"@id\":\"https:\/\/www.manaus.am.gov.br\/manauscult\/prefeitura-manauscult-oficina-figurino\/\",\"url\":\"https:\/\/www.manaus.am.gov.br\/manauscult\/prefeitura-manauscult-oficina-figurino\/\",\"name\":\"Prefeitura de Manaus promove oficina de Figurino Audiovisual com Maira Cruz pelo Promfac\",\"isPartOf\":{\"@id\":\"https:\/\/www.manaus.am.gov.br\/manauscult\/#website\"},\"primaryImageOfPage\":{\"@id\":\"https:\/\/www.manaus.am.gov.br\/manauscult\/prefeitura-manauscult-oficina-figurino\/#primaryimage\"},\"image\":{\"@id\":\"https:\/\/www.manaus.am.gov.br\/manauscult\/prefeitura-manauscult-oficina-figurino\/#primaryimage\"},\"thumbnailUrl\":\"https:\/\/www.manaus.am.gov.br\/manauscult\/wp-content\/uploads\/sites\/11\/2025\/08\/1a9198ff-ba99-4772-abdc-e67de36dc14c.jpeg\",\"datePublished\":\"2025-08-15T13:17:56+00:00\",\"dateModified\":\"2025-08-15T13:17:57+00:00\",\"author\":{\"@id\":\"https:\/\/www.manaus.am.gov.br\/manauscult\/#\/schema\/person\/4e49f4e267757a06ca072ec61b2b9968\"},\"description\":\"A Prefeitura de Manaus, por meio da Funda\u00e7\u00e3o Municipal de Cultura, Turismo e Eventos (ManausCult), realiza, no per\u00edodo de 20 a 22 de agosto, a oficina de Figurino Audiovisual\",\"breadcrumb\":{\"@id\":\"https:\/\/www.manaus.am.gov.br\/manauscult\/prefeitura-manauscult-oficina-figurino\/#breadcrumb\"},\"inLanguage\":\"pt-BR\",\"potentialAction\":[{\"@type\":\"ReadAction\",\"target\":[\"https:\/\/www.manaus.am.gov.br\/manauscult\/prefeitura-manauscult-oficina-figurino\/\"]}]},{\"@type\":\"ImageObject\",\"inLanguage\":\"pt-BR\",\"@id\":\"https:\/\/www.manaus.am.gov.br\/manauscult\/prefeitura-manauscult-oficina-figurino\/#primaryimage\",\"url\":\"https:\/\/www.manaus.am.gov.br\/manauscult\/wp-content\/uploads\/sites\/11\/2025\/08\/1a9198ff-ba99-4772-abdc-e67de36dc14c.jpeg\",\"contentUrl\":\"https:\/\/www.manaus.am.gov.br\/manauscult\/wp-content\/uploads\/sites\/11\/2025\/08\/1a9198ff-ba99-4772-abdc-e67de36dc14c.jpeg\",\"width\":2944,\"height\":1968},{\"@type\":\"BreadcrumbList\",\"@id\":\"https:\/\/www.manaus.am.gov.br\/manauscult\/prefeitura-manauscult-oficina-figurino\/#breadcrumb\",\"itemListElement\":[{\"@type\":\"ListItem\",\"position\":1,\"name\":\"Home\",\"item\":\"https:\/\/www.manaus.am.gov.br\/manauscult\/\"},{\"@type\":\"ListItem\",\"position\":2,\"name\":\"Prefeitura de Manaus promove oficina de Figurino Audiovisual com Maira Cruz pelo Promfac\"}]},{\"@type\":\"WebSite\",\"@id\":\"https:\/\/www.manaus.am.gov.br\/manauscult\/#website\",\"url\":\"https:\/\/www.manaus.am.gov.br\/manauscult\/\",\"name\":\"MANAUSCULT\",\"description\":\"Prefeitura de Manaus\",\"potentialAction\":[{\"@type\":\"SearchAction\",\"target\":{\"@type\":\"EntryPoint\",\"urlTemplate\":\"https:\/\/www.manaus.am.gov.br\/manauscult\/?s={search_term_string}\"},\"query-input\":\"required name=search_term_string\"}],\"inLanguage\":\"pt-BR\"},{\"@type\":\"Person\",\"@id\":\"https:\/\/www.manaus.am.gov.br\/manauscult\/#\/schema\/person\/4e49f4e267757a06ca072ec61b2b9968\",\"name\":\"Adriana Costa\",\"image\":{\"@type\":\"ImageObject\",\"inLanguage\":\"pt-BR\",\"@id\":\"https:\/\/www.manaus.am.gov.br\/manauscult\/#\/schema\/person\/image\/\",\"url\":\"https:\/\/secure.gravatar.com\/avatar\/576258617ef7194f718179e766d57bd4?s=96&d=mm&r=g\",\"contentUrl\":\"https:\/\/secure.gravatar.com\/avatar\/576258617ef7194f718179e766d57bd4?s=96&d=mm&r=g\",\"caption\":\"Adriana Costa\"}}]}<\/script>\n<!-- \/ Yoast SEO plugin. -->","yoast_head_json":{"title":"Prefeitura de Manaus promove oficina de Figurino Audiovisual com Maira Cruz pelo Promfac","description":"A Prefeitura de Manaus, por meio da Funda\u00e7\u00e3o Municipal de Cultura, Turismo e Eventos (ManausCult), realiza, no per\u00edodo de 20 a 22 de agosto, a oficina de Figurino Audiovisual","robots":{"index":"noindex","follow":"follow"},"og_locale":"pt_BR","og_type":"article","og_title":"Prefeitura de Manaus promove oficina de Figurino Audiovisual com Maira Cruz pelo Promfac","og_description":"A Prefeitura de Manaus, por meio da Funda\u00e7\u00e3o Municipal de Cultura, Turismo e Eventos (ManausCult), realiza, no per\u00edodo de 20 a 22 de agosto, a oficina de Figurino Audiovisual","og_url":"https:\/\/www.manaus.am.gov.br\/manauscult\/prefeitura-manauscult-oficina-figurino\/","og_site_name":"MANAUSCULT","article_published_time":"2025-08-15T13:17:56+00:00","article_modified_time":"2025-08-15T13:17:57+00:00","og_image":[{"width":2944,"height":1968,"url":"https:\/\/www.manaus.am.gov.br\/manauscult\/wp-content\/uploads\/sites\/11\/2025\/08\/1a9198ff-ba99-4772-abdc-e67de36dc14c.jpeg","type":"image\/jpeg"}],"author":"Adriana Costa","twitter_card":"summary_large_image","twitter_misc":{"Written by":"Adriana Costa","Est. reading time":"2 minutos"},"schema":{"@context":"https:\/\/schema.org","@graph":[{"@type":"WebPage","@id":"https:\/\/www.manaus.am.gov.br\/manauscult\/prefeitura-manauscult-oficina-figurino\/","url":"https:\/\/www.manaus.am.gov.br\/manauscult\/prefeitura-manauscult-oficina-figurino\/","name":"Prefeitura de Manaus promove oficina de Figurino Audiovisual com Maira Cruz pelo Promfac","isPartOf":{"@id":"https:\/\/www.manaus.am.gov.br\/manauscult\/#website"},"primaryImageOfPage":{"@id":"https:\/\/www.manaus.am.gov.br\/manauscult\/prefeitura-manauscult-oficina-figurino\/#primaryimage"},"image":{"@id":"https:\/\/www.manaus.am.gov.br\/manauscult\/prefeitura-manauscult-oficina-figurino\/#primaryimage"},"thumbnailUrl":"https:\/\/www.manaus.am.gov.br\/manauscult\/wp-content\/uploads\/sites\/11\/2025\/08\/1a9198ff-ba99-4772-abdc-e67de36dc14c.jpeg","datePublished":"2025-08-15T13:17:56+00:00","dateModified":"2025-08-15T13:17:57+00:00","author":{"@id":"https:\/\/www.manaus.am.gov.br\/manauscult\/#\/schema\/person\/4e49f4e267757a06ca072ec61b2b9968"},"description":"A Prefeitura de Manaus, por meio da Funda\u00e7\u00e3o Municipal de Cultura, Turismo e Eventos (ManausCult), realiza, no per\u00edodo de 20 a 22 de agosto, a oficina de Figurino Audiovisual","breadcrumb":{"@id":"https:\/\/www.manaus.am.gov.br\/manauscult\/prefeitura-manauscult-oficina-figurino\/#breadcrumb"},"inLanguage":"pt-BR","potentialAction":[{"@type":"ReadAction","target":["https:\/\/www.manaus.am.gov.br\/manauscult\/prefeitura-manauscult-oficina-figurino\/"]}]},{"@type":"ImageObject","inLanguage":"pt-BR","@id":"https:\/\/www.manaus.am.gov.br\/manauscult\/prefeitura-manauscult-oficina-figurino\/#primaryimage","url":"https:\/\/www.manaus.am.gov.br\/manauscult\/wp-content\/uploads\/sites\/11\/2025\/08\/1a9198ff-ba99-4772-abdc-e67de36dc14c.jpeg","contentUrl":"https:\/\/www.manaus.am.gov.br\/manauscult\/wp-content\/uploads\/sites\/11\/2025\/08\/1a9198ff-ba99-4772-abdc-e67de36dc14c.jpeg","width":2944,"height":1968},{"@type":"BreadcrumbList","@id":"https:\/\/www.manaus.am.gov.br\/manauscult\/prefeitura-manauscult-oficina-figurino\/#breadcrumb","itemListElement":[{"@type":"ListItem","position":1,"name":"Home","item":"https:\/\/www.manaus.am.gov.br\/manauscult\/"},{"@type":"ListItem","position":2,"name":"Prefeitura de Manaus promove oficina de Figurino Audiovisual com Maira Cruz pelo Promfac"}]},{"@type":"WebSite","@id":"https:\/\/www.manaus.am.gov.br\/manauscult\/#website","url":"https:\/\/www.manaus.am.gov.br\/manauscult\/","name":"MANAUSCULT","description":"Prefeitura de Manaus","potentialAction":[{"@type":"SearchAction","target":{"@type":"EntryPoint","urlTemplate":"https:\/\/www.manaus.am.gov.br\/manauscult\/?s={search_term_string}"},"query-input":"required name=search_term_string"}],"inLanguage":"pt-BR"},{"@type":"Person","@id":"https:\/\/www.manaus.am.gov.br\/manauscult\/#\/schema\/person\/4e49f4e267757a06ca072ec61b2b9968","name":"Adriana Costa","image":{"@type":"ImageObject","inLanguage":"pt-BR","@id":"https:\/\/www.manaus.am.gov.br\/manauscult\/#\/schema\/person\/image\/","url":"https:\/\/secure.gravatar.com\/avatar\/576258617ef7194f718179e766d57bd4?s=96&d=mm&r=g","contentUrl":"https:\/\/secure.gravatar.com\/avatar\/576258617ef7194f718179e766d57bd4?s=96&d=mm&r=g","caption":"Adriana Costa"}}]}},"_links":{"self":[{"href":"https:\/\/www.manaus.am.gov.br\/manauscult\/wp-json\/wp\/v2\/posts\/4323"}],"collection":[{"href":"https:\/\/www.manaus.am.gov.br\/manauscult\/wp-json\/wp\/v2\/posts"}],"about":[{"href":"https:\/\/www.manaus.am.gov.br\/manauscult\/wp-json\/wp\/v2\/types\/post"}],"author":[{"embeddable":true,"href":"https:\/\/www.manaus.am.gov.br\/manauscult\/wp-json\/wp\/v2\/users\/23"}],"replies":[{"embeddable":true,"href":"https:\/\/www.manaus.am.gov.br\/manauscult\/wp-json\/wp\/v2\/comments?post=4323"}],"version-history":[{"count":0,"href":"https:\/\/www.manaus.am.gov.br\/manauscult\/wp-json\/wp\/v2\/posts\/4323\/revisions"}],"wp:featuredmedia":[{"embeddable":true,"href":"https:\/\/www.manaus.am.gov.br\/manauscult\/wp-json\/wp\/v2\/media\/4324"}],"wp:attachment":[{"href":"https:\/\/www.manaus.am.gov.br\/manauscult\/wp-json\/wp\/v2\/media?parent=4323"}],"wp:term":[{"taxonomy":"category","embeddable":true,"href":"https:\/\/www.manaus.am.gov.br\/manauscult\/wp-json\/wp\/v2\/categories?post=4323"},{"taxonomy":"post_tag","embeddable":true,"href":"https:\/\/www.manaus.am.gov.br\/manauscult\/wp-json\/wp\/v2\/tags?post=4323"}],"curies":[{"name":"wp","href":"https:\/\/api.w.org\/{rel}","templated":true}]}}