{"id":4318,"date":"2025-08-14T15:57:17","date_gmt":"2025-08-14T19:57:17","guid":{"rendered":"https:\/\/www.manaus.am.gov.br\/manauscult\/credenciamento-soumanaus\/"},"modified":"2025-08-14T15:57:18","modified_gmt":"2025-08-14T19:57:18","slug":"credenciamento-soumanaus","status":"publish","type":"post","link":"https:\/\/www.manaus.am.gov.br\/manauscult\/credenciamento-soumanaus\/","title":{"rendered":"NOTA &#8211; Credenciamento #SouManaus &#8211; Passo a Pa\u00e7o 2025"},"content":{"rendered":"\n<p>A Prefeitura de Manaus, por meio da Funda\u00e7\u00e3o Municipal de Cultura, Turismo e Eventos (Manauscult), em parceria com a <a href=\"https:\/\/www.manaus.am.gov.br\/semcom\/\">Secretaria Municipal de Comunica\u00e7\u00e3o (Semcom<\/a>), abre o credenciamento, no per\u00edodo de 14 a 25\/8, at\u00e9 \u00e0s 9h, para a cobertura do festival \u201c#SouManaus Passo a Pa\u00e7o 2025\u201d, que acontecer\u00e1 nos dias 5, 6 e 7 de setembro, no centro hist\u00f3rico de Manaus.<\/p>\n\n\n\n<p>Os profissionais de imprensa que queiram cobrir o evento dever\u00e3o preencher o formul\u00e1rio dispon\u00edvel no link <a href=\"https:\/\/forms.gle\/aWapqhzahW9koSVb9\">https:\/\/forms.gle\/aWapqhzahW9koSVb9<\/a>. Os pedidos de credenciamento ser\u00e3o limitados a seis profissionais de imprensa por TV, quatro profissionais de imprensa por site, quatro profissionais de imprensa por m\u00eddia impressa, quatro profissionais de imprensa por r\u00e1dio e duas credenciais para cada criador de conte\u00fado\/perfis informativos com mais de 20 mil seguidores nas redes sociais.<\/p>\n\n\n\n<p>A entrega das credenciais de cada ve\u00edculo ser\u00e1 realizada em ato \u00fanico ao profissional indicado como respons\u00e1vel por receber os documentos, no per\u00edodo de 1 a 3 de setembro, das 9h \u00e0s 17h, em local que ser\u00e1 informado pelos canais oficiais (Portal oficial da Prefeitura de Manaus e perfil oficial da Semcom no instagram&nbsp; @semcommanaus).<\/p>\n\n\n\n<p>&#8212; &#8212; &#8212;<\/p>\n\n\n\n<p>Texto \u2013 Divulga\u00e7\u00e3o \/ Semcom<\/p>\n","protected":false},"excerpt":{"rendered":"","protected":false},"author":57,"featured_media":4319,"comment_status":"closed","ping_status":"closed","sticky":false,"template":"","format":"standard","meta":{"footnotes":""},"categories":[508],"tags":[9,11,57,523],"acf":[],"yoast_head":"<!-- This site is optimized with the Yoast SEO plugin v23.0 - https:\/\/yoast.com\/wordpress\/plugins\/seo\/ -->\n<title>NOTA - Credenciamento #SouManaus - Passo a Pa\u00e7o 2025<\/title>\n<meta name=\"description\" content=\"A Prefeitura de Manaus abre o credenciamento, no per\u00edodo de 14 a 25\/8, at\u00e9 \u00e0s 9h, para a cobertura do festival \u201c#SouManaus Passo a Pa\u00e7o 2025\u201d\" \/>\n<meta name=\"robots\" content=\"noindex, follow\" \/>\n<meta property=\"og:locale\" content=\"pt_BR\" \/>\n<meta property=\"og:type\" content=\"article\" \/>\n<meta property=\"og:title\" content=\"NOTA - Credenciamento #SouManaus - Passo a Pa\u00e7o 2025\" \/>\n<meta property=\"og:description\" content=\"A Prefeitura de Manaus abre o credenciamento, no per\u00edodo de 14 a 25\/8, at\u00e9 \u00e0s 9h, para a cobertura do festival \u201c#SouManaus Passo a Pa\u00e7o 2025\u201d\" \/>\n<meta property=\"og:url\" content=\"https:\/\/www.manaus.am.gov.br\/manauscult\/credenciamento-soumanaus\/\" \/>\n<meta property=\"og:site_name\" content=\"MANAUSCULT\" \/>\n<meta property=\"article:published_time\" content=\"2025-08-14T19:57:17+00:00\" \/>\n<meta property=\"article:modified_time\" content=\"2025-08-14T19:57:18+00:00\" \/>\n<meta property=\"og:image\" content=\"https:\/\/www.manaus.am.gov.br\/manauscult\/wp-content\/uploads\/sites\/11\/2025\/08\/BANNER-NOTA.png\" \/>\n\t<meta property=\"og:image:width\" content=\"900\" \/>\n\t<meta property=\"og:image:height\" content=\"509\" \/>\n\t<meta property=\"og:image:type\" content=\"image\/png\" \/>\n<meta name=\"author\" content=\"Thiago Fernando\" \/>\n<meta name=\"twitter:card\" content=\"summary_large_image\" \/>\n<meta name=\"twitter:label1\" content=\"Written by\" \/>\n\t<meta name=\"twitter:data1\" content=\"Thiago Fernando\" \/>\n\t<meta name=\"twitter:label2\" content=\"Est. reading time\" \/>\n\t<meta name=\"twitter:data2\" content=\"2 minutos\" \/>\n<script type=\"application\/ld+json\" class=\"yoast-schema-graph\">{\"@context\":\"https:\/\/schema.org\",\"@graph\":[{\"@type\":\"WebPage\",\"@id\":\"https:\/\/www.manaus.am.gov.br\/manauscult\/credenciamento-soumanaus\/\",\"url\":\"https:\/\/www.manaus.am.gov.br\/manauscult\/credenciamento-soumanaus\/\",\"name\":\"NOTA - Credenciamento #SouManaus - Passo a Pa\u00e7o 2025\",\"isPartOf\":{\"@id\":\"https:\/\/www.manaus.am.gov.br\/manauscult\/#website\"},\"primaryImageOfPage\":{\"@id\":\"https:\/\/www.manaus.am.gov.br\/manauscult\/credenciamento-soumanaus\/#primaryimage\"},\"image\":{\"@id\":\"https:\/\/www.manaus.am.gov.br\/manauscult\/credenciamento-soumanaus\/#primaryimage\"},\"thumbnailUrl\":\"https:\/\/www.manaus.am.gov.br\/manauscult\/wp-content\/uploads\/sites\/11\/2025\/08\/BANNER-NOTA.png\",\"datePublished\":\"2025-08-14T19:57:17+00:00\",\"dateModified\":\"2025-08-14T19:57:18+00:00\",\"author\":{\"@id\":\"https:\/\/www.manaus.am.gov.br\/manauscult\/#\/schema\/person\/a5ee5376db6e21af026374b369f30882\"},\"description\":\"A Prefeitura de Manaus abre o credenciamento, no per\u00edodo de 14 a 25\/8, at\u00e9 \u00e0s 9h, para a cobertura do festival \u201c#SouManaus Passo a Pa\u00e7o 2025\u201d\",\"breadcrumb\":{\"@id\":\"https:\/\/www.manaus.am.gov.br\/manauscult\/credenciamento-soumanaus\/#breadcrumb\"},\"inLanguage\":\"pt-BR\",\"potentialAction\":[{\"@type\":\"ReadAction\",\"target\":[\"https:\/\/www.manaus.am.gov.br\/manauscult\/credenciamento-soumanaus\/\"]}]},{\"@type\":\"ImageObject\",\"inLanguage\":\"pt-BR\",\"@id\":\"https:\/\/www.manaus.am.gov.br\/manauscult\/credenciamento-soumanaus\/#primaryimage\",\"url\":\"https:\/\/www.manaus.am.gov.br\/manauscult\/wp-content\/uploads\/sites\/11\/2025\/08\/BANNER-NOTA.png\",\"contentUrl\":\"https:\/\/www.manaus.am.gov.br\/manauscult\/wp-content\/uploads\/sites\/11\/2025\/08\/BANNER-NOTA.png\",\"width\":900,\"height\":509},{\"@type\":\"BreadcrumbList\",\"@id\":\"https:\/\/www.manaus.am.gov.br\/manauscult\/credenciamento-soumanaus\/#breadcrumb\",\"itemListElement\":[{\"@type\":\"ListItem\",\"position\":1,\"name\":\"Home\",\"item\":\"https:\/\/www.manaus.am.gov.br\/manauscult\/\"},{\"@type\":\"ListItem\",\"position\":2,\"name\":\"NOTA &#8211; Credenciamento #SouManaus &#8211; Passo a Pa\u00e7o 2025\"}]},{\"@type\":\"WebSite\",\"@id\":\"https:\/\/www.manaus.am.gov.br\/manauscult\/#website\",\"url\":\"https:\/\/www.manaus.am.gov.br\/manauscult\/\",\"name\":\"MANAUSCULT\",\"description\":\"Prefeitura de Manaus\",\"potentialAction\":[{\"@type\":\"SearchAction\",\"target\":{\"@type\":\"EntryPoint\",\"urlTemplate\":\"https:\/\/www.manaus.am.gov.br\/manauscult\/?s={search_term_string}\"},\"query-input\":\"required name=search_term_string\"}],\"inLanguage\":\"pt-BR\"},{\"@type\":\"Person\",\"@id\":\"https:\/\/www.manaus.am.gov.br\/manauscult\/#\/schema\/person\/a5ee5376db6e21af026374b369f30882\",\"name\":\"Thiago Fernando\",\"image\":{\"@type\":\"ImageObject\",\"inLanguage\":\"pt-BR\",\"@id\":\"https:\/\/www.manaus.am.gov.br\/manauscult\/#\/schema\/person\/image\/\",\"url\":\"https:\/\/secure.gravatar.com\/avatar\/f5aab8722444041451501c077052ac07?s=96&d=mm&r=g\",\"contentUrl\":\"https:\/\/secure.gravatar.com\/avatar\/f5aab8722444041451501c077052ac07?s=96&d=mm&r=g\",\"caption\":\"Thiago Fernando\"}}]}<\/script>\n<!-- \/ Yoast SEO plugin. -->","yoast_head_json":{"title":"NOTA - Credenciamento #SouManaus - Passo a Pa\u00e7o 2025","description":"A Prefeitura de Manaus abre o credenciamento, no per\u00edodo de 14 a 25\/8, at\u00e9 \u00e0s 9h, para a cobertura do festival \u201c#SouManaus Passo a Pa\u00e7o 2025\u201d","robots":{"index":"noindex","follow":"follow"},"og_locale":"pt_BR","og_type":"article","og_title":"NOTA - Credenciamento #SouManaus - Passo a Pa\u00e7o 2025","og_description":"A Prefeitura de Manaus abre o credenciamento, no per\u00edodo de 14 a 25\/8, at\u00e9 \u00e0s 9h, para a cobertura do festival \u201c#SouManaus Passo a Pa\u00e7o 2025\u201d","og_url":"https:\/\/www.manaus.am.gov.br\/manauscult\/credenciamento-soumanaus\/","og_site_name":"MANAUSCULT","article_published_time":"2025-08-14T19:57:17+00:00","article_modified_time":"2025-08-14T19:57:18+00:00","og_image":[{"width":900,"height":509,"url":"https:\/\/www.manaus.am.gov.br\/manauscult\/wp-content\/uploads\/sites\/11\/2025\/08\/BANNER-NOTA.png","type":"image\/png"}],"author":"Thiago Fernando","twitter_card":"summary_large_image","twitter_misc":{"Written by":"Thiago Fernando","Est. reading time":"2 minutos"},"schema":{"@context":"https:\/\/schema.org","@graph":[{"@type":"WebPage","@id":"https:\/\/www.manaus.am.gov.br\/manauscult\/credenciamento-soumanaus\/","url":"https:\/\/www.manaus.am.gov.br\/manauscult\/credenciamento-soumanaus\/","name":"NOTA - Credenciamento #SouManaus - Passo a Pa\u00e7o 2025","isPartOf":{"@id":"https:\/\/www.manaus.am.gov.br\/manauscult\/#website"},"primaryImageOfPage":{"@id":"https:\/\/www.manaus.am.gov.br\/manauscult\/credenciamento-soumanaus\/#primaryimage"},"image":{"@id":"https:\/\/www.manaus.am.gov.br\/manauscult\/credenciamento-soumanaus\/#primaryimage"},"thumbnailUrl":"https:\/\/www.manaus.am.gov.br\/manauscult\/wp-content\/uploads\/sites\/11\/2025\/08\/BANNER-NOTA.png","datePublished":"2025-08-14T19:57:17+00:00","dateModified":"2025-08-14T19:57:18+00:00","author":{"@id":"https:\/\/www.manaus.am.gov.br\/manauscult\/#\/schema\/person\/a5ee5376db6e21af026374b369f30882"},"description":"A Prefeitura de Manaus abre o credenciamento, no per\u00edodo de 14 a 25\/8, at\u00e9 \u00e0s 9h, para a cobertura do festival \u201c#SouManaus Passo a Pa\u00e7o 2025\u201d","breadcrumb":{"@id":"https:\/\/www.manaus.am.gov.br\/manauscult\/credenciamento-soumanaus\/#breadcrumb"},"inLanguage":"pt-BR","potentialAction":[{"@type":"ReadAction","target":["https:\/\/www.manaus.am.gov.br\/manauscult\/credenciamento-soumanaus\/"]}]},{"@type":"ImageObject","inLanguage":"pt-BR","@id":"https:\/\/www.manaus.am.gov.br\/manauscult\/credenciamento-soumanaus\/#primaryimage","url":"https:\/\/www.manaus.am.gov.br\/manauscult\/wp-content\/uploads\/sites\/11\/2025\/08\/BANNER-NOTA.png","contentUrl":"https:\/\/www.manaus.am.gov.br\/manauscult\/wp-content\/uploads\/sites\/11\/2025\/08\/BANNER-NOTA.png","width":900,"height":509},{"@type":"BreadcrumbList","@id":"https:\/\/www.manaus.am.gov.br\/manauscult\/credenciamento-soumanaus\/#breadcrumb","itemListElement":[{"@type":"ListItem","position":1,"name":"Home","item":"https:\/\/www.manaus.am.gov.br\/manauscult\/"},{"@type":"ListItem","position":2,"name":"NOTA &#8211; Credenciamento #SouManaus &#8211; Passo a Pa\u00e7o 2025"}]},{"@type":"WebSite","@id":"https:\/\/www.manaus.am.gov.br\/manauscult\/#website","url":"https:\/\/www.manaus.am.gov.br\/manauscult\/","name":"MANAUSCULT","description":"Prefeitura de Manaus","potentialAction":[{"@type":"SearchAction","target":{"@type":"EntryPoint","urlTemplate":"https:\/\/www.manaus.am.gov.br\/manauscult\/?s={search_term_string}"},"query-input":"required name=search_term_string"}],"inLanguage":"pt-BR"},{"@type":"Person","@id":"https:\/\/www.manaus.am.gov.br\/manauscult\/#\/schema\/person\/a5ee5376db6e21af026374b369f30882","name":"Thiago Fernando","image":{"@type":"ImageObject","inLanguage":"pt-BR","@id":"https:\/\/www.manaus.am.gov.br\/manauscult\/#\/schema\/person\/image\/","url":"https:\/\/secure.gravatar.com\/avatar\/f5aab8722444041451501c077052ac07?s=96&d=mm&r=g","contentUrl":"https:\/\/secure.gravatar.com\/avatar\/f5aab8722444041451501c077052ac07?s=96&d=mm&r=g","caption":"Thiago Fernando"}}]}},"_links":{"self":[{"href":"https:\/\/www.manaus.am.gov.br\/manauscult\/wp-json\/wp\/v2\/posts\/4318"}],"collection":[{"href":"https:\/\/www.manaus.am.gov.br\/manauscult\/wp-json\/wp\/v2\/posts"}],"about":[{"href":"https:\/\/www.manaus.am.gov.br\/manauscult\/wp-json\/wp\/v2\/types\/post"}],"author":[{"embeddable":true,"href":"https:\/\/www.manaus.am.gov.br\/manauscult\/wp-json\/wp\/v2\/users\/57"}],"replies":[{"embeddable":true,"href":"https:\/\/www.manaus.am.gov.br\/manauscult\/wp-json\/wp\/v2\/comments?post=4318"}],"version-history":[{"count":0,"href":"https:\/\/www.manaus.am.gov.br\/manauscult\/wp-json\/wp\/v2\/posts\/4318\/revisions"}],"wp:featuredmedia":[{"embeddable":true,"href":"https:\/\/www.manaus.am.gov.br\/manauscult\/wp-json\/wp\/v2\/media\/4319"}],"wp:attachment":[{"href":"https:\/\/www.manaus.am.gov.br\/manauscult\/wp-json\/wp\/v2\/media?parent=4318"}],"wp:term":[{"taxonomy":"category","embeddable":true,"href":"https:\/\/www.manaus.am.gov.br\/manauscult\/wp-json\/wp\/v2\/categories?post=4318"},{"taxonomy":"post_tag","embeddable":true,"href":"https:\/\/www.manaus.am.gov.br\/manauscult\/wp-json\/wp\/v2\/tags?post=4318"}],"curies":[{"name":"wp","href":"https:\/\/api.w.org\/{rel}","templated":true}]}}