{"id":4311,"date":"2025-08-13T22:18:34","date_gmt":"2025-08-14T02:18:34","guid":{"rendered":"https:\/\/www.manaus.am.gov.br\/manauscult\/corpos-estaveis-de-musica-e-danca\/"},"modified":"2025-08-13T22:35:19","modified_gmt":"2025-08-14T02:35:19","slug":"corpos-estaveis-de-musica-e-danca","status":"publish","type":"post","link":"https:\/\/www.manaus.am.gov.br\/manauscult\/corpos-estaveis-de-musica-e-danca\/","title":{"rendered":"Prefeito David Almeida lan\u00e7a orquestra e corpo de dan\u00e7a municipais e escreve novo cap\u00edtulo na hist\u00f3ria cultural de Manaus"},"content":{"rendered":"\n<p>Manaus ganhou, nesta quarta-feira, 13\/8, um presente hist\u00f3rico que promete ecoar por gera\u00e7\u00f5es. No mirante L\u00facia Almeida, o prefeito David Almeida oficializou a cria\u00e7\u00e3o dos Corpos Est\u00e1veis de M\u00fasica e Dan\u00e7a do Munic\u00edpio, os primeiros da hist\u00f3ria da capital.<\/p>\n\n\n\n<p>O projeto, conduzido pelo Conselho Municipal de Cultura (Concultura) da Funda\u00e7\u00e3o Municipal de Cultura, Turismo e Eventos (ManausCult), \u00e9 viabilizado por R$ 500 mil do governo federal, via Pol\u00edtica Nacional Aldir Blanc (Pnab), e insere Manaus de forma definitiva no circuito cultural regional e nacional. Al\u00e9m de representar a cidade em festivais, interc\u00e2mbios e editais, os Corpos Est\u00e1veis ter\u00e3o forma\u00e7\u00e3o gratuita, apresenta\u00e7\u00f5es p\u00fablicas e dar\u00e3o prioridade a jovens talentos das periferias.<\/p>\n\n\n\n<p>Durante a cerim\u00f4nia, David Almeida n\u00e3o escondeu o orgulho pelo momento. \u201cManaus ganha, a cultura ganha, a arte da nossa cidade ganha. \u00c9 um privil\u00e9gio e uma honra ser prefeito no in\u00edcio desse projeto hist\u00f3rico. Estamos iniciando o segundo mandato com uma grande conquista para a arte e a cultura. Nossa gest\u00e3o est\u00e1 de portas abertas para oportunidades, entretenimento e a valoriza\u00e7\u00e3o de quem vive da arte. Em breve, tamb\u00e9m lan\u00e7aremos o coral municipal\u201d, disse.<\/p>\n\n\n\n<p>O presidente do Concultura, Tony Medeiros, destacou a in\u00e9dita conquista. \u201cNunca tivemos um corpo de dan\u00e7a ou uma orquestra municipais. Agora temos. E vamos oferecer cultura, emprego e dignidade para quem vive dela\u201d.<\/p>\n\n\n\n<p>O evento n\u00e3o foi apenas institucional. Ele tocou profundamente quem estava presente, como Hermes Coelho, maestro da rec\u00e9m-criada Orquestra de C\u00e2mara Municipal, que entre partituras, ritmos e express\u00f5es musicais durante as apresenta\u00e7\u00f5es, n\u00e3o conteve o orgulho de fazer parte do momento hist\u00f3rico.<\/p>\n\n\n\n<p>\u201c\u00c9 um sonho. Sempre vi orquestras de outras cidades e me perguntava quando Manaus teria a sua. Fazer parte desse momento \u00e9 como ver meu esfor\u00e7o e o de tantos colegas ser reconhecido. A m\u00fasica mudou minha vida e agora vai mudar a de muitos outros\u201d, afirmou, emocionado.<\/p>\n\n\n\n<p>A emo\u00e7\u00e3o tamb\u00e9m estava no rosto de Bruno Atha\u00edde, core\u00f3grafo e idealizador do Corpo de Dan\u00e7a do Munic\u00edpio. \u201cQuando me disseram que Manaus teria um corpo de dan\u00e7a oficial, achei que fosse brincadeira. Sempre pensei que para crescer na dan\u00e7a eu teria que sair da cidade. Agora, posso viver meu sonho aqui, levando a arte para quem mais precisa\u201d, contou.<\/p>\n\n\n\n<figure class=\"wp-block-image size-full\"><img loading=\"lazy\" decoding=\"async\" width=\"799\" height=\"533\" src=\"https:\/\/www.manaus.am.gov.br\/manauscult\/wp-content\/uploads\/sites\/11\/2025\/08\/54719543969_787c339128_c.jpg\" alt=\"\" class=\"wp-image-4315\" srcset=\"https:\/\/www.manaus.am.gov.br\/manauscult\/wp-content\/uploads\/sites\/11\/2025\/08\/54719543969_787c339128_c.jpg 799w, https:\/\/www.manaus.am.gov.br\/manauscult\/wp-content\/uploads\/sites\/11\/2025\/08\/54719543969_787c339128_c-300x200.jpg 300w, https:\/\/www.manaus.am.gov.br\/manauscult\/wp-content\/uploads\/sites\/11\/2025\/08\/54719543969_787c339128_c-768x512.jpg 768w\" sizes=\"(max-width: 799px) 100vw, 799px\" \/><\/figure>\n\n\n\n<p>Entre os convidados, a turista Tatiana Reis, mineira que vive no Rio de Janeiro, se encantou com a surpresa cultural. \u201cA cidade nos impressionou em tudo: natureza, seguran\u00e7a, arquitetura, e agora cultura. Chegamos ao mirante para ver o p\u00f4r do sol e sa\u00edmos assistindo a um marco hist\u00f3rico. \u00c9 uma experi\u00eancia que vamos levar para a vida toda\u201d, disse.<\/p>\n\n\n\n<p>A estreia dos Corpos Est\u00e1veis est\u00e1 prevista para os pr\u00f3ximos meses, com repert\u00f3rio regional que valoriza a cultura amaz\u00f4nica. A expectativa \u00e9 que a iniciativa se torne refer\u00eancia no Estado e consolide Manaus como um dos grandes polos criativos da regi\u00e3o Norte.<\/p>\n\n\n\n<p>\u2014 \u2014 \u2014<\/p>\n\n\n\n<p><strong>Texto &#8211; <\/strong>&nbsp;Emanuelle Baires\/Semcom-Prefeito e Ismael Oliveira\/Concultura<br><strong>Fotos &#8211; <\/strong>Ant\u00f4nio Pereira\/Semcom-Prefeito<br><strong>Dispon\u00edveis em &#8211;<\/strong><a href=\"https:\/\/flic.kr\/s\/aHBqjCqDAB\">https:\/\/flic.kr\/s\/aHBqjCqDAB<\/a><\/p>\n","protected":false},"excerpt":{"rendered":"","protected":false},"author":68,"featured_media":4312,"comment_status":"closed","ping_status":"closed","sticky":false,"template":"","format":"standard","meta":{"footnotes":""},"categories":[12],"tags":[67,1548,11],"acf":[],"yoast_head":"<!-- This site is optimized with the Yoast SEO plugin v23.0 - https:\/\/yoast.com\/wordpress\/plugins\/seo\/ -->\n<title>Prefeito David Almeida lan\u00e7a corpos est\u00e1veis de M\u00fasica e Dan\u00e7a e escreve novo cap\u00edtulo na hist\u00f3ria cultural de Manaus<\/title>\n<meta name=\"description\" content=\"Manaus ganhou, nesta quarta-feira, 13\/8, um presente hist\u00f3rico que promete ecoar por gera\u00e7\u00f5es. No mirante L\u00facia Almeida, o prefeito David Almeida oficializou a cria\u00e7\u00e3o dos Corpos Est\u00e1veis de M\u00fasica e Dan\u00e7a do Munic\u00edpio, os primeiros da hist\u00f3ria da capital.\" \/>\n<meta name=\"robots\" content=\"noindex, follow\" \/>\n<meta property=\"og:locale\" content=\"pt_BR\" \/>\n<meta property=\"og:type\" content=\"article\" \/>\n<meta property=\"og:title\" content=\"Prefeito David Almeida lan\u00e7a corpos est\u00e1veis de M\u00fasica e Dan\u00e7a e escreve novo cap\u00edtulo na hist\u00f3ria cultural de Manaus\" \/>\n<meta property=\"og:description\" content=\"Manaus ganhou, nesta quarta-feira, 13\/8, um presente hist\u00f3rico que promete ecoar por gera\u00e7\u00f5es. No mirante L\u00facia Almeida, o prefeito David Almeida oficializou a cria\u00e7\u00e3o dos Corpos Est\u00e1veis de M\u00fasica e Dan\u00e7a do Munic\u00edpio, os primeiros da hist\u00f3ria da capital.\" \/>\n<meta property=\"og:url\" content=\"https:\/\/www.manaus.am.gov.br\/manauscult\/corpos-estaveis-de-musica-e-danca\/\" \/>\n<meta property=\"og:site_name\" content=\"MANAUSCULT\" \/>\n<meta property=\"article:published_time\" content=\"2025-08-14T02:18:34+00:00\" \/>\n<meta property=\"article:modified_time\" content=\"2025-08-14T02:35:19+00:00\" \/>\n<meta property=\"og:image\" content=\"https:\/\/www.manaus.am.gov.br\/manauscult\/wp-content\/uploads\/sites\/11\/2025\/08\/54719535298_ff26efa391_c.jpg\" \/>\n\t<meta property=\"og:image:width\" content=\"799\" \/>\n\t<meta property=\"og:image:height\" content=\"533\" \/>\n\t<meta property=\"og:image:type\" content=\"image\/jpeg\" \/>\n<meta name=\"author\" content=\"bvalente\" \/>\n<meta name=\"twitter:card\" content=\"summary_large_image\" \/>\n<meta name=\"twitter:label1\" content=\"Written by\" \/>\n\t<meta name=\"twitter:data1\" content=\"bvalente\" \/>\n\t<meta name=\"twitter:label2\" content=\"Est. reading time\" \/>\n\t<meta name=\"twitter:data2\" content=\"3 minutos\" \/>\n<script type=\"application\/ld+json\" class=\"yoast-schema-graph\">{\"@context\":\"https:\/\/schema.org\",\"@graph\":[{\"@type\":\"WebPage\",\"@id\":\"https:\/\/www.manaus.am.gov.br\/manauscult\/corpos-estaveis-de-musica-e-danca\/\",\"url\":\"https:\/\/www.manaus.am.gov.br\/manauscult\/corpos-estaveis-de-musica-e-danca\/\",\"name\":\"Prefeito David Almeida lan\u00e7a corpos est\u00e1veis de M\u00fasica e Dan\u00e7a e escreve novo cap\u00edtulo na hist\u00f3ria cultural de Manaus\",\"isPartOf\":{\"@id\":\"https:\/\/www.manaus.am.gov.br\/manauscult\/#website\"},\"primaryImageOfPage\":{\"@id\":\"https:\/\/www.manaus.am.gov.br\/manauscult\/corpos-estaveis-de-musica-e-danca\/#primaryimage\"},\"image\":{\"@id\":\"https:\/\/www.manaus.am.gov.br\/manauscult\/corpos-estaveis-de-musica-e-danca\/#primaryimage\"},\"thumbnailUrl\":\"https:\/\/www.manaus.am.gov.br\/manauscult\/wp-content\/uploads\/sites\/11\/2025\/08\/54719535298_ff26efa391_c.jpg\",\"datePublished\":\"2025-08-14T02:18:34+00:00\",\"dateModified\":\"2025-08-14T02:35:19+00:00\",\"author\":{\"@id\":\"https:\/\/www.manaus.am.gov.br\/manauscult\/#\/schema\/person\/466a0e03ae4b6062809046bd560ac955\"},\"description\":\"Manaus ganhou, nesta quarta-feira, 13\/8, um presente hist\u00f3rico que promete ecoar por gera\u00e7\u00f5es. No mirante L\u00facia Almeida, o prefeito David Almeida oficializou a cria\u00e7\u00e3o dos Corpos Est\u00e1veis de M\u00fasica e Dan\u00e7a do Munic\u00edpio, os primeiros da hist\u00f3ria da capital.\",\"breadcrumb\":{\"@id\":\"https:\/\/www.manaus.am.gov.br\/manauscult\/corpos-estaveis-de-musica-e-danca\/#breadcrumb\"},\"inLanguage\":\"pt-BR\",\"potentialAction\":[{\"@type\":\"ReadAction\",\"target\":[\"https:\/\/www.manaus.am.gov.br\/manauscult\/corpos-estaveis-de-musica-e-danca\/\"]}]},{\"@type\":\"ImageObject\",\"inLanguage\":\"pt-BR\",\"@id\":\"https:\/\/www.manaus.am.gov.br\/manauscult\/corpos-estaveis-de-musica-e-danca\/#primaryimage\",\"url\":\"https:\/\/www.manaus.am.gov.br\/manauscult\/wp-content\/uploads\/sites\/11\/2025\/08\/54719535298_ff26efa391_c.jpg\",\"contentUrl\":\"https:\/\/www.manaus.am.gov.br\/manauscult\/wp-content\/uploads\/sites\/11\/2025\/08\/54719535298_ff26efa391_c.jpg\",\"width\":799,\"height\":533},{\"@type\":\"BreadcrumbList\",\"@id\":\"https:\/\/www.manaus.am.gov.br\/manauscult\/corpos-estaveis-de-musica-e-danca\/#breadcrumb\",\"itemListElement\":[{\"@type\":\"ListItem\",\"position\":1,\"name\":\"Home\",\"item\":\"https:\/\/www.manaus.am.gov.br\/manauscult\/\"},{\"@type\":\"ListItem\",\"position\":2,\"name\":\"Prefeito David Almeida lan\u00e7a orquestra e corpo de dan\u00e7a municipais e escreve novo cap\u00edtulo na hist\u00f3ria cultura de Manaus\"}]},{\"@type\":\"WebSite\",\"@id\":\"https:\/\/www.manaus.am.gov.br\/manauscult\/#website\",\"url\":\"https:\/\/www.manaus.am.gov.br\/manauscult\/\",\"name\":\"MANAUSCULT\",\"description\":\"Prefeitura de Manaus\",\"potentialAction\":[{\"@type\":\"SearchAction\",\"target\":{\"@type\":\"EntryPoint\",\"urlTemplate\":\"https:\/\/www.manaus.am.gov.br\/manauscult\/?s={search_term_string}\"},\"query-input\":\"required name=search_term_string\"}],\"inLanguage\":\"pt-BR\"},{\"@type\":\"Person\",\"@id\":\"https:\/\/www.manaus.am.gov.br\/manauscult\/#\/schema\/person\/466a0e03ae4b6062809046bd560ac955\",\"name\":\"bvalente\",\"image\":{\"@type\":\"ImageObject\",\"inLanguage\":\"pt-BR\",\"@id\":\"https:\/\/www.manaus.am.gov.br\/manauscult\/#\/schema\/person\/image\/\",\"url\":\"https:\/\/secure.gravatar.com\/avatar\/3e69bc2b014bdad41adfec3a39de07d2?s=96&d=mm&r=g\",\"contentUrl\":\"https:\/\/secure.gravatar.com\/avatar\/3e69bc2b014bdad41adfec3a39de07d2?s=96&d=mm&r=g\",\"caption\":\"bvalente\"}}]}<\/script>\n<!-- \/ Yoast SEO plugin. -->","yoast_head_json":{"title":"Prefeito David Almeida lan\u00e7a corpos est\u00e1veis de M\u00fasica e Dan\u00e7a e escreve novo cap\u00edtulo na hist\u00f3ria cultural de Manaus","description":"Manaus ganhou, nesta quarta-feira, 13\/8, um presente hist\u00f3rico que promete ecoar por gera\u00e7\u00f5es. No mirante L\u00facia Almeida, o prefeito David Almeida oficializou a cria\u00e7\u00e3o dos Corpos Est\u00e1veis de M\u00fasica e Dan\u00e7a do Munic\u00edpio, os primeiros da hist\u00f3ria da capital.","robots":{"index":"noindex","follow":"follow"},"og_locale":"pt_BR","og_type":"article","og_title":"Prefeito David Almeida lan\u00e7a corpos est\u00e1veis de M\u00fasica e Dan\u00e7a e escreve novo cap\u00edtulo na hist\u00f3ria cultural de Manaus","og_description":"Manaus ganhou, nesta quarta-feira, 13\/8, um presente hist\u00f3rico que promete ecoar por gera\u00e7\u00f5es. No mirante L\u00facia Almeida, o prefeito David Almeida oficializou a cria\u00e7\u00e3o dos Corpos Est\u00e1veis de M\u00fasica e Dan\u00e7a do Munic\u00edpio, os primeiros da hist\u00f3ria da capital.","og_url":"https:\/\/www.manaus.am.gov.br\/manauscult\/corpos-estaveis-de-musica-e-danca\/","og_site_name":"MANAUSCULT","article_published_time":"2025-08-14T02:18:34+00:00","article_modified_time":"2025-08-14T02:35:19+00:00","og_image":[{"width":799,"height":533,"url":"https:\/\/www.manaus.am.gov.br\/manauscult\/wp-content\/uploads\/sites\/11\/2025\/08\/54719535298_ff26efa391_c.jpg","type":"image\/jpeg"}],"author":"bvalente","twitter_card":"summary_large_image","twitter_misc":{"Written by":"bvalente","Est. reading time":"3 minutos"},"schema":{"@context":"https:\/\/schema.org","@graph":[{"@type":"WebPage","@id":"https:\/\/www.manaus.am.gov.br\/manauscult\/corpos-estaveis-de-musica-e-danca\/","url":"https:\/\/www.manaus.am.gov.br\/manauscult\/corpos-estaveis-de-musica-e-danca\/","name":"Prefeito David Almeida lan\u00e7a corpos est\u00e1veis de M\u00fasica e Dan\u00e7a e escreve novo cap\u00edtulo na hist\u00f3ria cultural de Manaus","isPartOf":{"@id":"https:\/\/www.manaus.am.gov.br\/manauscult\/#website"},"primaryImageOfPage":{"@id":"https:\/\/www.manaus.am.gov.br\/manauscult\/corpos-estaveis-de-musica-e-danca\/#primaryimage"},"image":{"@id":"https:\/\/www.manaus.am.gov.br\/manauscult\/corpos-estaveis-de-musica-e-danca\/#primaryimage"},"thumbnailUrl":"https:\/\/www.manaus.am.gov.br\/manauscult\/wp-content\/uploads\/sites\/11\/2025\/08\/54719535298_ff26efa391_c.jpg","datePublished":"2025-08-14T02:18:34+00:00","dateModified":"2025-08-14T02:35:19+00:00","author":{"@id":"https:\/\/www.manaus.am.gov.br\/manauscult\/#\/schema\/person\/466a0e03ae4b6062809046bd560ac955"},"description":"Manaus ganhou, nesta quarta-feira, 13\/8, um presente hist\u00f3rico que promete ecoar por gera\u00e7\u00f5es. No mirante L\u00facia Almeida, o prefeito David Almeida oficializou a cria\u00e7\u00e3o dos Corpos Est\u00e1veis de M\u00fasica e Dan\u00e7a do Munic\u00edpio, os primeiros da hist\u00f3ria da capital.","breadcrumb":{"@id":"https:\/\/www.manaus.am.gov.br\/manauscult\/corpos-estaveis-de-musica-e-danca\/#breadcrumb"},"inLanguage":"pt-BR","potentialAction":[{"@type":"ReadAction","target":["https:\/\/www.manaus.am.gov.br\/manauscult\/corpos-estaveis-de-musica-e-danca\/"]}]},{"@type":"ImageObject","inLanguage":"pt-BR","@id":"https:\/\/www.manaus.am.gov.br\/manauscult\/corpos-estaveis-de-musica-e-danca\/#primaryimage","url":"https:\/\/www.manaus.am.gov.br\/manauscult\/wp-content\/uploads\/sites\/11\/2025\/08\/54719535298_ff26efa391_c.jpg","contentUrl":"https:\/\/www.manaus.am.gov.br\/manauscult\/wp-content\/uploads\/sites\/11\/2025\/08\/54719535298_ff26efa391_c.jpg","width":799,"height":533},{"@type":"BreadcrumbList","@id":"https:\/\/www.manaus.am.gov.br\/manauscult\/corpos-estaveis-de-musica-e-danca\/#breadcrumb","itemListElement":[{"@type":"ListItem","position":1,"name":"Home","item":"https:\/\/www.manaus.am.gov.br\/manauscult\/"},{"@type":"ListItem","position":2,"name":"Prefeito David Almeida lan\u00e7a orquestra e corpo de dan\u00e7a municipais e escreve novo cap\u00edtulo na hist\u00f3ria cultura de Manaus"}]},{"@type":"WebSite","@id":"https:\/\/www.manaus.am.gov.br\/manauscult\/#website","url":"https:\/\/www.manaus.am.gov.br\/manauscult\/","name":"MANAUSCULT","description":"Prefeitura de Manaus","potentialAction":[{"@type":"SearchAction","target":{"@type":"EntryPoint","urlTemplate":"https:\/\/www.manaus.am.gov.br\/manauscult\/?s={search_term_string}"},"query-input":"required name=search_term_string"}],"inLanguage":"pt-BR"},{"@type":"Person","@id":"https:\/\/www.manaus.am.gov.br\/manauscult\/#\/schema\/person\/466a0e03ae4b6062809046bd560ac955","name":"bvalente","image":{"@type":"ImageObject","inLanguage":"pt-BR","@id":"https:\/\/www.manaus.am.gov.br\/manauscult\/#\/schema\/person\/image\/","url":"https:\/\/secure.gravatar.com\/avatar\/3e69bc2b014bdad41adfec3a39de07d2?s=96&d=mm&r=g","contentUrl":"https:\/\/secure.gravatar.com\/avatar\/3e69bc2b014bdad41adfec3a39de07d2?s=96&d=mm&r=g","caption":"bvalente"}}]}},"_links":{"self":[{"href":"https:\/\/www.manaus.am.gov.br\/manauscult\/wp-json\/wp\/v2\/posts\/4311"}],"collection":[{"href":"https:\/\/www.manaus.am.gov.br\/manauscult\/wp-json\/wp\/v2\/posts"}],"about":[{"href":"https:\/\/www.manaus.am.gov.br\/manauscult\/wp-json\/wp\/v2\/types\/post"}],"author":[{"embeddable":true,"href":"https:\/\/www.manaus.am.gov.br\/manauscult\/wp-json\/wp\/v2\/users\/68"}],"replies":[{"embeddable":true,"href":"https:\/\/www.manaus.am.gov.br\/manauscult\/wp-json\/wp\/v2\/comments?post=4311"}],"version-history":[{"count":3,"href":"https:\/\/www.manaus.am.gov.br\/manauscult\/wp-json\/wp\/v2\/posts\/4311\/revisions"}],"predecessor-version":[{"id":4316,"href":"https:\/\/www.manaus.am.gov.br\/manauscult\/wp-json\/wp\/v2\/posts\/4311\/revisions\/4316"}],"wp:featuredmedia":[{"embeddable":true,"href":"https:\/\/www.manaus.am.gov.br\/manauscult\/wp-json\/wp\/v2\/media\/4312"}],"wp:attachment":[{"href":"https:\/\/www.manaus.am.gov.br\/manauscult\/wp-json\/wp\/v2\/media?parent=4311"}],"wp:term":[{"taxonomy":"category","embeddable":true,"href":"https:\/\/www.manaus.am.gov.br\/manauscult\/wp-json\/wp\/v2\/categories?post=4311"},{"taxonomy":"post_tag","embeddable":true,"href":"https:\/\/www.manaus.am.gov.br\/manauscult\/wp-json\/wp\/v2\/tags?post=4311"}],"curies":[{"name":"wp","href":"https:\/\/api.w.org\/{rel}","templated":true}]}}