{"id":4307,"date":"2025-08-13T16:30:04","date_gmt":"2025-08-13T20:30:04","guid":{"rendered":"https:\/\/www.manaus.am.gov.br\/manauscult\/cadastro-para-o-1o-lote-de-pulseiras-nesta-quarta-feira\/"},"modified":"2025-08-13T16:30:06","modified_gmt":"2025-08-13T20:30:06","slug":"cadastro-para-o-1o-lote-de-pulseiras-nesta-quarta-feira","status":"publish","type":"post","link":"https:\/\/www.manaus.am.gov.br\/manauscult\/cadastro-para-o-1o-lote-de-pulseiras-nesta-quarta-feira\/","title":{"rendered":"Site oficial do \u2018#SouManaus Passo a Pa\u00e7o 2025\u2019 j\u00e1 est\u00e1 no ar e abre cadastro para o 1\u00ba lote de pulseiras nesta quarta-feira"},"content":{"rendered":"\n<p>A Prefeitura de Manaus, por meio da Funda\u00e7\u00e3o Municipal de Cultura, Turismo e Eventos (ManausCult), lan\u00e7ou o site oficial do \u201c#SouManaus Passo a Pa\u00e7o 2025\u201d, reunindo todas as novidades, atra\u00e7\u00f5es e informa\u00e7\u00f5es sobre o maior festival gratuito de artes integradas do Brasil. Nesta quarta-feira, 13\/8, a partir das 19h, ser\u00e1 aberto o 1\u00ba lote de cadastro para garantir a entrada no evento.<br><br>Ao todo, ser\u00e3o seis lotes, liberados gradualmente. O acesso com pulseira ser\u00e1 exigido apenas para os palcos principais (Malcher e Alf\u00e2ndega), e o cadastro \u00e9 obrigat\u00f3rio para a retirada. A troca de pulseiras ser\u00e1 realizada em quatro pontos da cidade, em data que ser\u00e1 informada em breve. Para efetuar a troca, ser\u00e1 necess\u00e1rio apresentar documento oficial com foto e um quilo de alimento n\u00e3o perec\u00edvel no ponto escolhido no momento do cadastro.<br><br>Segundo o diretor-presidente da ManausCult, Jender Lobato, a contagem de p\u00fablico \u00e9 fundamental para a organiza\u00e7\u00e3o e seguran\u00e7a do evento. \u201cO \u2018#SouManaus\u2019 \u00e9 um evento solid\u00e1rio e precisa desse controle de acesso para garantir a melhor experi\u00eancia para todos. N\u00e3o percam a abertura do primeiro lote, pois vai ser hist\u00f3rico\u201d, destacou.<br><br>O \u201c#SouManaus Passo a Pa\u00e7o 2025\u201d promete mais uma edi\u00e7\u00e3o inesquec\u00edvel, com grandes atra\u00e7\u00f5es e experi\u00eancias culturais \u00fanicas no cora\u00e7\u00e3o da cidade. A programa\u00e7\u00e3o deste ano vai abranger m\u00fasica, dan\u00e7a, moda, gastronomia, cultura urbana e economia criativa, com expectativa de gerar mais de 15 mil empregos diretos e indiretos.<br><br>Embora os dias principais sejam 5, 6 e 7 de setembro, a programa\u00e7\u00e3o come\u00e7a j\u00e1 no dia 2, com atra\u00e7\u00f5es especiais como cultura urbana, gastronomia e moda ind\u00edgena. Mais informa\u00e7\u00f5es e cadastro acesse: <a href=\"http:\/\/www.soumanauspassoapaco.com.br\">www.soumanauspassoapaco.com.br<\/a>.<br><\/p>\n\n\n\n<p>\u2014 \u2014 \u2014<br><strong>Texto &#8211;<\/strong> J\u00e9ssica Trajano \/ ManausCult<br><strong>Foto &#8211;<\/strong> Arquivo \/ Semcom<\/p>\n","protected":false},"excerpt":{"rendered":"","protected":false},"author":68,"featured_media":4308,"comment_status":"closed","ping_status":"closed","sticky":false,"template":"","format":"standard","meta":{"footnotes":""},"categories":[508],"tags":[11,1546],"acf":[],"yoast_head":"<!-- This site is optimized with the Yoast SEO plugin v23.0 - https:\/\/yoast.com\/wordpress\/plugins\/seo\/ -->\n<title>Site oficial do \u2018#SouManaus Passo a Pa\u00e7o 2025\u2019 j\u00e1 est\u00e1 no ar e abre cadastro para o 1\u00ba lote de pulseiras nesta quarta-feira<\/title>\n<meta name=\"description\" content=\"A Prefeitura de Manaus, por meio da Funda\u00e7\u00e3o Municipal de Cultura, Turismo e Eventos (ManausCult), lan\u00e7ou o site oficial do \u201c#SouManaus Passo a Pa\u00e7o 2025\u201d, reunindo todas as novidades, atra\u00e7\u00f5es e informa\u00e7\u00f5es sobre o maior festival gratuito de artes integradas do Brasil. Nesta quarta-feira, 13\/8, a partir das 19h, ser\u00e1 aberto o 1\u00ba lote de cadastro para garantir a entrada no evento.\" \/>\n<meta name=\"robots\" content=\"noindex, follow\" \/>\n<meta property=\"og:locale\" content=\"pt_BR\" \/>\n<meta property=\"og:type\" content=\"article\" \/>\n<meta property=\"og:title\" content=\"Site oficial do \u2018#SouManaus Passo a Pa\u00e7o 2025\u2019 j\u00e1 est\u00e1 no ar e abre cadastro para o 1\u00ba lote de pulseiras nesta quarta-feira\" \/>\n<meta property=\"og:description\" content=\"A Prefeitura de Manaus, por meio da Funda\u00e7\u00e3o Municipal de Cultura, Turismo e Eventos (ManausCult), lan\u00e7ou o site oficial do \u201c#SouManaus Passo a Pa\u00e7o 2025\u201d, reunindo todas as novidades, atra\u00e7\u00f5es e informa\u00e7\u00f5es sobre o maior festival gratuito de artes integradas do Brasil. Nesta quarta-feira, 13\/8, a partir das 19h, ser\u00e1 aberto o 1\u00ba lote de cadastro para garantir a entrada no evento.\" \/>\n<meta property=\"og:url\" content=\"https:\/\/www.manaus.am.gov.br\/manauscult\/cadastro-para-o-1o-lote-de-pulseiras-nesta-quarta-feira\/\" \/>\n<meta property=\"og:site_name\" content=\"MANAUSCULT\" \/>\n<meta property=\"article:published_time\" content=\"2025-08-13T20:30:04+00:00\" \/>\n<meta property=\"article:modified_time\" content=\"2025-08-13T20:30:06+00:00\" \/>\n<meta property=\"og:image\" content=\"https:\/\/www.manaus.am.gov.br\/manauscult\/wp-content\/uploads\/sites\/11\/2025\/08\/IMG_6041.jpeg\" \/>\n\t<meta property=\"og:image:width\" content=\"1242\" \/>\n\t<meta property=\"og:image:height\" content=\"817\" \/>\n\t<meta property=\"og:image:type\" content=\"image\/jpeg\" \/>\n<meta name=\"author\" content=\"bvalente\" \/>\n<meta name=\"twitter:card\" content=\"summary_large_image\" \/>\n<meta name=\"twitter:label1\" content=\"Written by\" \/>\n\t<meta name=\"twitter:data1\" content=\"bvalente\" \/>\n\t<meta name=\"twitter:label2\" content=\"Est. reading time\" \/>\n\t<meta name=\"twitter:data2\" content=\"2 minutos\" \/>\n<script type=\"application\/ld+json\" class=\"yoast-schema-graph\">{\"@context\":\"https:\/\/schema.org\",\"@graph\":[{\"@type\":\"WebPage\",\"@id\":\"https:\/\/www.manaus.am.gov.br\/manauscult\/cadastro-para-o-1o-lote-de-pulseiras-nesta-quarta-feira\/\",\"url\":\"https:\/\/www.manaus.am.gov.br\/manauscult\/cadastro-para-o-1o-lote-de-pulseiras-nesta-quarta-feira\/\",\"name\":\"Site oficial do \u2018#SouManaus Passo a Pa\u00e7o 2025\u2019 j\u00e1 est\u00e1 no ar e abre cadastro para o 1\u00ba lote de pulseiras nesta quarta-feira\",\"isPartOf\":{\"@id\":\"https:\/\/www.manaus.am.gov.br\/manauscult\/#website\"},\"primaryImageOfPage\":{\"@id\":\"https:\/\/www.manaus.am.gov.br\/manauscult\/cadastro-para-o-1o-lote-de-pulseiras-nesta-quarta-feira\/#primaryimage\"},\"image\":{\"@id\":\"https:\/\/www.manaus.am.gov.br\/manauscult\/cadastro-para-o-1o-lote-de-pulseiras-nesta-quarta-feira\/#primaryimage\"},\"thumbnailUrl\":\"https:\/\/www.manaus.am.gov.br\/manauscult\/wp-content\/uploads\/sites\/11\/2025\/08\/IMG_6041.jpeg\",\"datePublished\":\"2025-08-13T20:30:04+00:00\",\"dateModified\":\"2025-08-13T20:30:06+00:00\",\"author\":{\"@id\":\"https:\/\/www.manaus.am.gov.br\/manauscult\/#\/schema\/person\/466a0e03ae4b6062809046bd560ac955\"},\"description\":\"A Prefeitura de Manaus, por meio da Funda\u00e7\u00e3o Municipal de Cultura, Turismo e Eventos (ManausCult), lan\u00e7ou o site oficial do \u201c#SouManaus Passo a Pa\u00e7o 2025\u201d, reunindo todas as novidades, atra\u00e7\u00f5es e informa\u00e7\u00f5es sobre o maior festival gratuito de artes integradas do Brasil. Nesta quarta-feira, 13\/8, a partir das 19h, ser\u00e1 aberto o 1\u00ba lote de cadastro para garantir a entrada no evento.\",\"breadcrumb\":{\"@id\":\"https:\/\/www.manaus.am.gov.br\/manauscult\/cadastro-para-o-1o-lote-de-pulseiras-nesta-quarta-feira\/#breadcrumb\"},\"inLanguage\":\"pt-BR\",\"potentialAction\":[{\"@type\":\"ReadAction\",\"target\":[\"https:\/\/www.manaus.am.gov.br\/manauscult\/cadastro-para-o-1o-lote-de-pulseiras-nesta-quarta-feira\/\"]}]},{\"@type\":\"ImageObject\",\"inLanguage\":\"pt-BR\",\"@id\":\"https:\/\/www.manaus.am.gov.br\/manauscult\/cadastro-para-o-1o-lote-de-pulseiras-nesta-quarta-feira\/#primaryimage\",\"url\":\"https:\/\/www.manaus.am.gov.br\/manauscult\/wp-content\/uploads\/sites\/11\/2025\/08\/IMG_6041.jpeg\",\"contentUrl\":\"https:\/\/www.manaus.am.gov.br\/manauscult\/wp-content\/uploads\/sites\/11\/2025\/08\/IMG_6041.jpeg\",\"width\":1242,\"height\":817},{\"@type\":\"BreadcrumbList\",\"@id\":\"https:\/\/www.manaus.am.gov.br\/manauscult\/cadastro-para-o-1o-lote-de-pulseiras-nesta-quarta-feira\/#breadcrumb\",\"itemListElement\":[{\"@type\":\"ListItem\",\"position\":1,\"name\":\"Home\",\"item\":\"https:\/\/www.manaus.am.gov.br\/manauscult\/\"},{\"@type\":\"ListItem\",\"position\":2,\"name\":\"Site oficial do \u2018#SouManaus Passo a Pa\u00e7o 2025\u2019 j\u00e1 est\u00e1 no ar e abre cadastro para o 1\u00ba lote de pulseiras nesta quarta-feira\"}]},{\"@type\":\"WebSite\",\"@id\":\"https:\/\/www.manaus.am.gov.br\/manauscult\/#website\",\"url\":\"https:\/\/www.manaus.am.gov.br\/manauscult\/\",\"name\":\"MANAUSCULT\",\"description\":\"Prefeitura de Manaus\",\"potentialAction\":[{\"@type\":\"SearchAction\",\"target\":{\"@type\":\"EntryPoint\",\"urlTemplate\":\"https:\/\/www.manaus.am.gov.br\/manauscult\/?s={search_term_string}\"},\"query-input\":\"required name=search_term_string\"}],\"inLanguage\":\"pt-BR\"},{\"@type\":\"Person\",\"@id\":\"https:\/\/www.manaus.am.gov.br\/manauscult\/#\/schema\/person\/466a0e03ae4b6062809046bd560ac955\",\"name\":\"bvalente\",\"image\":{\"@type\":\"ImageObject\",\"inLanguage\":\"pt-BR\",\"@id\":\"https:\/\/www.manaus.am.gov.br\/manauscult\/#\/schema\/person\/image\/\",\"url\":\"https:\/\/secure.gravatar.com\/avatar\/3e69bc2b014bdad41adfec3a39de07d2?s=96&d=mm&r=g\",\"contentUrl\":\"https:\/\/secure.gravatar.com\/avatar\/3e69bc2b014bdad41adfec3a39de07d2?s=96&d=mm&r=g\",\"caption\":\"bvalente\"}}]}<\/script>\n<!-- \/ Yoast SEO plugin. -->","yoast_head_json":{"title":"Site oficial do \u2018#SouManaus Passo a Pa\u00e7o 2025\u2019 j\u00e1 est\u00e1 no ar e abre cadastro para o 1\u00ba lote de pulseiras nesta quarta-feira","description":"A Prefeitura de Manaus, por meio da Funda\u00e7\u00e3o Municipal de Cultura, Turismo e Eventos (ManausCult), lan\u00e7ou o site oficial do \u201c#SouManaus Passo a Pa\u00e7o 2025\u201d, reunindo todas as novidades, atra\u00e7\u00f5es e informa\u00e7\u00f5es sobre o maior festival gratuito de artes integradas do Brasil. Nesta quarta-feira, 13\/8, a partir das 19h, ser\u00e1 aberto o 1\u00ba lote de cadastro para garantir a entrada no evento.","robots":{"index":"noindex","follow":"follow"},"og_locale":"pt_BR","og_type":"article","og_title":"Site oficial do \u2018#SouManaus Passo a Pa\u00e7o 2025\u2019 j\u00e1 est\u00e1 no ar e abre cadastro para o 1\u00ba lote de pulseiras nesta quarta-feira","og_description":"A Prefeitura de Manaus, por meio da Funda\u00e7\u00e3o Municipal de Cultura, Turismo e Eventos (ManausCult), lan\u00e7ou o site oficial do \u201c#SouManaus Passo a Pa\u00e7o 2025\u201d, reunindo todas as novidades, atra\u00e7\u00f5es e informa\u00e7\u00f5es sobre o maior festival gratuito de artes integradas do Brasil. Nesta quarta-feira, 13\/8, a partir das 19h, ser\u00e1 aberto o 1\u00ba lote de cadastro para garantir a entrada no evento.","og_url":"https:\/\/www.manaus.am.gov.br\/manauscult\/cadastro-para-o-1o-lote-de-pulseiras-nesta-quarta-feira\/","og_site_name":"MANAUSCULT","article_published_time":"2025-08-13T20:30:04+00:00","article_modified_time":"2025-08-13T20:30:06+00:00","og_image":[{"width":1242,"height":817,"url":"https:\/\/www.manaus.am.gov.br\/manauscult\/wp-content\/uploads\/sites\/11\/2025\/08\/IMG_6041.jpeg","type":"image\/jpeg"}],"author":"bvalente","twitter_card":"summary_large_image","twitter_misc":{"Written by":"bvalente","Est. reading time":"2 minutos"},"schema":{"@context":"https:\/\/schema.org","@graph":[{"@type":"WebPage","@id":"https:\/\/www.manaus.am.gov.br\/manauscult\/cadastro-para-o-1o-lote-de-pulseiras-nesta-quarta-feira\/","url":"https:\/\/www.manaus.am.gov.br\/manauscult\/cadastro-para-o-1o-lote-de-pulseiras-nesta-quarta-feira\/","name":"Site oficial do \u2018#SouManaus Passo a Pa\u00e7o 2025\u2019 j\u00e1 est\u00e1 no ar e abre cadastro para o 1\u00ba lote de pulseiras nesta quarta-feira","isPartOf":{"@id":"https:\/\/www.manaus.am.gov.br\/manauscult\/#website"},"primaryImageOfPage":{"@id":"https:\/\/www.manaus.am.gov.br\/manauscult\/cadastro-para-o-1o-lote-de-pulseiras-nesta-quarta-feira\/#primaryimage"},"image":{"@id":"https:\/\/www.manaus.am.gov.br\/manauscult\/cadastro-para-o-1o-lote-de-pulseiras-nesta-quarta-feira\/#primaryimage"},"thumbnailUrl":"https:\/\/www.manaus.am.gov.br\/manauscult\/wp-content\/uploads\/sites\/11\/2025\/08\/IMG_6041.jpeg","datePublished":"2025-08-13T20:30:04+00:00","dateModified":"2025-08-13T20:30:06+00:00","author":{"@id":"https:\/\/www.manaus.am.gov.br\/manauscult\/#\/schema\/person\/466a0e03ae4b6062809046bd560ac955"},"description":"A Prefeitura de Manaus, por meio da Funda\u00e7\u00e3o Municipal de Cultura, Turismo e Eventos (ManausCult), lan\u00e7ou o site oficial do \u201c#SouManaus Passo a Pa\u00e7o 2025\u201d, reunindo todas as novidades, atra\u00e7\u00f5es e informa\u00e7\u00f5es sobre o maior festival gratuito de artes integradas do Brasil. Nesta quarta-feira, 13\/8, a partir das 19h, ser\u00e1 aberto o 1\u00ba lote de cadastro para garantir a entrada no evento.","breadcrumb":{"@id":"https:\/\/www.manaus.am.gov.br\/manauscult\/cadastro-para-o-1o-lote-de-pulseiras-nesta-quarta-feira\/#breadcrumb"},"inLanguage":"pt-BR","potentialAction":[{"@type":"ReadAction","target":["https:\/\/www.manaus.am.gov.br\/manauscult\/cadastro-para-o-1o-lote-de-pulseiras-nesta-quarta-feira\/"]}]},{"@type":"ImageObject","inLanguage":"pt-BR","@id":"https:\/\/www.manaus.am.gov.br\/manauscult\/cadastro-para-o-1o-lote-de-pulseiras-nesta-quarta-feira\/#primaryimage","url":"https:\/\/www.manaus.am.gov.br\/manauscult\/wp-content\/uploads\/sites\/11\/2025\/08\/IMG_6041.jpeg","contentUrl":"https:\/\/www.manaus.am.gov.br\/manauscult\/wp-content\/uploads\/sites\/11\/2025\/08\/IMG_6041.jpeg","width":1242,"height":817},{"@type":"BreadcrumbList","@id":"https:\/\/www.manaus.am.gov.br\/manauscult\/cadastro-para-o-1o-lote-de-pulseiras-nesta-quarta-feira\/#breadcrumb","itemListElement":[{"@type":"ListItem","position":1,"name":"Home","item":"https:\/\/www.manaus.am.gov.br\/manauscult\/"},{"@type":"ListItem","position":2,"name":"Site oficial do \u2018#SouManaus Passo a Pa\u00e7o 2025\u2019 j\u00e1 est\u00e1 no ar e abre cadastro para o 1\u00ba lote de pulseiras nesta quarta-feira"}]},{"@type":"WebSite","@id":"https:\/\/www.manaus.am.gov.br\/manauscult\/#website","url":"https:\/\/www.manaus.am.gov.br\/manauscult\/","name":"MANAUSCULT","description":"Prefeitura de Manaus","potentialAction":[{"@type":"SearchAction","target":{"@type":"EntryPoint","urlTemplate":"https:\/\/www.manaus.am.gov.br\/manauscult\/?s={search_term_string}"},"query-input":"required name=search_term_string"}],"inLanguage":"pt-BR"},{"@type":"Person","@id":"https:\/\/www.manaus.am.gov.br\/manauscult\/#\/schema\/person\/466a0e03ae4b6062809046bd560ac955","name":"bvalente","image":{"@type":"ImageObject","inLanguage":"pt-BR","@id":"https:\/\/www.manaus.am.gov.br\/manauscult\/#\/schema\/person\/image\/","url":"https:\/\/secure.gravatar.com\/avatar\/3e69bc2b014bdad41adfec3a39de07d2?s=96&d=mm&r=g","contentUrl":"https:\/\/secure.gravatar.com\/avatar\/3e69bc2b014bdad41adfec3a39de07d2?s=96&d=mm&r=g","caption":"bvalente"}}]}},"_links":{"self":[{"href":"https:\/\/www.manaus.am.gov.br\/manauscult\/wp-json\/wp\/v2\/posts\/4307"}],"collection":[{"href":"https:\/\/www.manaus.am.gov.br\/manauscult\/wp-json\/wp\/v2\/posts"}],"about":[{"href":"https:\/\/www.manaus.am.gov.br\/manauscult\/wp-json\/wp\/v2\/types\/post"}],"author":[{"embeddable":true,"href":"https:\/\/www.manaus.am.gov.br\/manauscult\/wp-json\/wp\/v2\/users\/68"}],"replies":[{"embeddable":true,"href":"https:\/\/www.manaus.am.gov.br\/manauscult\/wp-json\/wp\/v2\/comments?post=4307"}],"version-history":[{"count":0,"href":"https:\/\/www.manaus.am.gov.br\/manauscult\/wp-json\/wp\/v2\/posts\/4307\/revisions"}],"wp:featuredmedia":[{"embeddable":true,"href":"https:\/\/www.manaus.am.gov.br\/manauscult\/wp-json\/wp\/v2\/media\/4308"}],"wp:attachment":[{"href":"https:\/\/www.manaus.am.gov.br\/manauscult\/wp-json\/wp\/v2\/media?parent=4307"}],"wp:term":[{"taxonomy":"category","embeddable":true,"href":"https:\/\/www.manaus.am.gov.br\/manauscult\/wp-json\/wp\/v2\/categories?post=4307"},{"taxonomy":"post_tag","embeddable":true,"href":"https:\/\/www.manaus.am.gov.br\/manauscult\/wp-json\/wp\/v2\/tags?post=4307"}],"curies":[{"name":"wp","href":"https:\/\/api.w.org\/{rel}","templated":true}]}}