{"id":4299,"date":"2025-08-12T12:32:14","date_gmt":"2025-08-12T16:32:14","guid":{"rendered":"https:\/\/www.manaus.am.gov.br\/manauscult\/prefeitura-festivalpassoapaco\/"},"modified":"2025-08-12T12:32:15","modified_gmt":"2025-08-12T16:32:15","slug":"prefeitura-festivalpassoapaco","status":"publish","type":"post","link":"https:\/\/www.manaus.am.gov.br\/manauscult\/prefeitura-festivalpassoapaco\/","title":{"rendered":"\u2018#SouManaus Passo a Pa\u00e7o 2025\u2019 come\u00e7a a criar forma e promete edi\u00e7\u00e3o hist\u00f3rica"},"content":{"rendered":"\n<p>A Prefeitura de Manaus, por meio da Funda\u00e7\u00e3o Municipal de Cultura, Turismo e Eventos (ManausCult), deu in\u00edcio, nesta segunda-feira, 11\/8, \u00e0 montagem da estrutura que vai transformar o centro hist\u00f3rico em um grande palco a c\u00e9u aberto. O destaque do dia foi o palco Alf\u00e2ndega, um dos cen\u00e1rios mais aguardados do festival, que j\u00e1 come\u00e7a a tomar forma para receber milhares de visitantes.<\/p>\n\n\n\n<p>Com 63 mil metros quadrados de ocupa\u00e7\u00e3o urbana, 17 palcos distribu\u00eddos entre ruas, pra\u00e7as e espa\u00e7os hist\u00f3ricos, mais de 3.000 artistas envolvidos, sendo 2.000 regionais e 20 atra\u00e7\u00f5es nacionais j\u00e1 confirmadas. O \u201c#SouManaus Passo a Pa\u00e7o 2025\u201d promete ser a maior edi\u00e7\u00e3o de todos os tempos e reafirma seu posto como o maior festival gratuito de artes integradas do Brasil. A programa\u00e7\u00e3o deste ano vai abranger m\u00fasica, dan\u00e7a, moda, gastronomia, cultura urbana e economia criativa, com expectativa de gerar mais de 15 mil empregos diretos e indiretos.<\/p>\n\n\n\n<p>O diretor-presidente da Manauscult, Jender Lobato, destacou o trabalho integrado das equipes para entregar uma experi\u00eancia inesquec\u00edvel.<\/p>\n\n\n\n<p>\u201cA ManausCult est\u00e1 atuando em todas as suas frentes: cultura, turismo, eventos e \u00e1rea administrativa para entregar um evento de grande porte, que valorize a nossa identidade e mostre Manaus para o mundo. Estamos preparando o centro hist\u00f3rico para ser um espa\u00e7o vibrante, seguro e acolhedor, onde a popula\u00e7\u00e3o e os visitantes poder\u00e3o viver a arte na sua forma mais inclusiva e amaz\u00f4nica\u201d, ressaltou.<\/p>\n\n\n\n<p>Programa\u00e7\u00e3o<\/p>\n\n\n\n<p>Embora os dias principais sejam 5, 6 e 7 de setembro, a programa\u00e7\u00e3o come\u00e7a j\u00e1 no dia 2, com atra\u00e7\u00f5es especiais de cultura urbana, gastronomia e moda ind\u00edgena.<\/p>\n\n\n\n<p>No dia 4, das 9h \u00e0s 14h, ocorre a \u201cAula-Show Gastron\u00f4mica\u201d, reunindo chefs e empreendedores para apresenta\u00e7\u00f5es ao vivo. Ainda no dia 4, \u00e0 noite, o p\u00fablico poder\u00e1 prestigiar um desfile dedicado \u00e0 moda ind\u00edgena, valorizando talentos e tradi\u00e7\u00f5es da regi\u00e3o.<\/p>\n\n\n\n<p>Durante o evento principal, seis palcos receber\u00e3o grandes apresenta\u00e7\u00f5es: Mangueir\u00e3o, Coreto, Alf\u00e2ndega, Malcher, Espa\u00e7o Cultura Urbana e Espa\u00e7o Moda. Al\u00e9m disso, outros 11 palcos alternativos estar\u00e3o espalhados pelo centro hist\u00f3rico, abrindo espa\u00e7o para artistas independentes e transformando o cora\u00e7\u00e3o da cidade em um grande corredor cultural.<\/p>\n\n\n\n<p>Novidade: Corrida #SouManaus<\/p>\n\n\n\n<p>Entre as novidades desta edi\u00e7\u00e3o est\u00e1 a corrida \u201c#SouManaus Passo a Pa\u00e7o\u201d, que ser\u00e1 realizada na manh\u00e3 do dia 5 de setembro, feriado do Dia da Eleva\u00e7\u00e3o do Amazonas \u00e0 Categoria de Prov\u00edncia. O percurso passar\u00e1 pelos principais pontos do evento, reunindo aproximadamente 3.000 atletas e entusiastas do esporte.<\/p>\n\n\n\n<p>Inscri\u00e7\u00f5es para pulseiras de acesso<\/p>\n\n\n\n<p>A primeira etapa das inscri\u00e7\u00f5es para a retirada das pulseiras de acesso ao evento abre nesta quarta-feira, 13\/8, \u00e0s 19h, pelo site&nbsp;<a href=\"http:\/\/soumanauspassoapaco.com.br\/\" target=\"_blank\" rel=\"noreferrer noopener\">soumanauspassoapaco.com.br<\/a>. Ao todo, ser\u00e3o seis lotes liberados gradualmente para garantir a ampla participa\u00e7\u00e3o e a seguran\u00e7a do p\u00fablico.<\/p>\n\n\n\n<p>Seguran\u00e7a refor\u00e7ada<\/p>\n\n\n\n<p>O \u201c#SouManaus Passo a Pa\u00e7o 2025\u201d contar\u00e1 com o maior esquema de seguran\u00e7a j\u00e1 realizado no evento, segundo o diretor-presidente da ManausCult. Ser\u00e3o mais de 200 c\u00e2meras de monitoramento espalhadas pelo per\u00edmetro e, pela primeira vez, haver\u00e1 atua\u00e7\u00e3o da Guarda Municipal armada.<\/p>\n\n\n\n<p>O efetivo de seguran\u00e7a foi ampliado, novas viaturas incorporadas e um \u00f4nibus de monitoramento tecnol\u00f3gico ser\u00e1 utilizado para acompanhar, em tempo real, a movimenta\u00e7\u00e3o do p\u00fablico. Al\u00e9m disso, ser\u00e1 montado um corredor de seguran\u00e7a para facilitar o deslocamento de quem deixa os palcos em dire\u00e7\u00e3o aos pontos de transporte coletivo.<\/p>\n\n\n\n<p>Gastronomia<\/p>\n\n\n\n<p>A Associa\u00e7\u00e3o Brasileira de Bares e Restaurantes \u2013 Seccional no Amazonas (Abrasel-AM) est\u00e1 coordenando, devido ao Termo de Acordo de Coopera\u00e7\u00e3o n\u00ba 001\/2025 firmado com a ManausCult, as inscri\u00e7\u00f5es para empreendedores e permission\u00e1rios interessados em participar dos espa\u00e7os de alimenta\u00e7\u00e3o do festival.<\/p>\n\n\n\n<p>O acordo prev\u00ea tr\u00eas frentes gastron\u00f4micas: Festival Gastron\u00f4mico, Espa\u00e7o da Gastronomia Criativa e aula-show. Metade das vagas ser\u00e1 destinada a associados da Abrasel-AM e a outra metade para n\u00e3o associados, garantindo a participa\u00e7\u00e3o de todos os trabalhadores do setor.<\/p>\n\n\n\n<p>Al\u00e9m de refor\u00e7ar o t\u00edtulo de maior festival gratuito de artes integradas do Brasil, a iniciativa se conecta \u00e0 candidatura de Manaus ao t\u00edtulo de \u201cCidade Criativa da Gastronomia da Unesco\u201d, fortalecendo a economia criativa, o turismo cultural e a valoriza\u00e7\u00e3o da culin\u00e1ria amaz\u00f4nica. As inscri\u00e7\u00f5es podem ser feitas pelo link&nbsp;<a href=\"https:\/\/forms.gle\/atX5P7E43BK2iMuL8\" target=\"_blank\" rel=\"noreferrer noopener\">https:\/\/forms.gle\/atX5P7E43BK2iMuL8<\/a>.<\/p>\n\n\n\n<p>Com recorde de patroc\u00ednios e redu\u00e7\u00e3o de 25% nos custos em rela\u00e7\u00e3o \u00e0s edi\u00e7\u00f5es anteriores, o \u201c#SouManaus Passo a Pa\u00e7o 2025\u201d celebra 10 anos de hist\u00f3ria com o tema \u201cA Festa do Povo da Floresta\u201d. Mais do que um festival, ser\u00e1 um marco cultural e tur\u00edstico para a capital amazonense, um evento hist\u00f3rico que promete ficar na mem\u00f3ria de todos que viverem essa experi\u00eancia.<\/p>\n\n\n\n<p>&#8212; &#8212; &#8212; <\/p>\n\n\n\n<p><strong>Texto <\/strong>&#8211; J\u00e9ssica Trajano\/ManausCult<\/p>\n\n\n\n<p><strong>Fotos<\/strong> &#8211; Thelson Souza\/ManausCult<\/p>\n","protected":false},"excerpt":{"rendered":"","protected":false},"author":23,"featured_media":4300,"comment_status":"closed","ping_status":"closed","sticky":false,"template":"","format":"standard","meta":{"footnotes":""},"categories":[82],"tags":[478,9,11,1543],"acf":[],"yoast_head":"<!-- This site is optimized with the Yoast SEO plugin v23.0 - https:\/\/yoast.com\/wordpress\/plugins\/seo\/ -->\n<title>\u2018#SouManaus Passo a Pa\u00e7o 2025\u2019 come\u00e7a a criar forma e promete edi\u00e7\u00e3o hist\u00f3rica<\/title>\n<meta name=\"description\" content=\"A Prefeitura de Manaus, por meio da Funda\u00e7\u00e3o Municipal de Cultura, Turismo e Eventos (ManausCult), deu in\u00edcio, nesta segunda-feira, 11\/8, \u00e0 montagem da estrutura que vai transformar o centro hist\u00f3rico em um grande palco a c\u00e9u aberto. O destaque do dia foi o palco Alf\u00e2ndega, um dos cen\u00e1rios mais aguardados do festival, que j\u00e1 come\u00e7a a tomar forma para receber milhares de visitantes.\" \/>\n<meta name=\"robots\" content=\"noindex, follow\" \/>\n<meta property=\"og:locale\" content=\"pt_BR\" \/>\n<meta property=\"og:type\" content=\"article\" \/>\n<meta property=\"og:title\" content=\"\u2018#SouManaus Passo a Pa\u00e7o 2025\u2019 come\u00e7a a criar forma e promete edi\u00e7\u00e3o hist\u00f3rica\" \/>\n<meta property=\"og:description\" content=\"A Prefeitura de Manaus, por meio da Funda\u00e7\u00e3o Municipal de Cultura, Turismo e Eventos (ManausCult), deu in\u00edcio, nesta segunda-feira, 11\/8, \u00e0 montagem da estrutura que vai transformar o centro hist\u00f3rico em um grande palco a c\u00e9u aberto. O destaque do dia foi o palco Alf\u00e2ndega, um dos cen\u00e1rios mais aguardados do festival, que j\u00e1 come\u00e7a a tomar forma para receber milhares de visitantes.\" \/>\n<meta property=\"og:url\" content=\"https:\/\/www.manaus.am.gov.br\/manauscult\/prefeitura-festivalpassoapaco\/\" \/>\n<meta property=\"og:site_name\" content=\"MANAUSCULT\" \/>\n<meta property=\"article:published_time\" content=\"2025-08-12T16:32:14+00:00\" \/>\n<meta property=\"article:modified_time\" content=\"2025-08-12T16:32:15+00:00\" \/>\n<meta property=\"og:image\" content=\"https:\/\/www.manaus.am.gov.br\/manauscult\/wp-content\/uploads\/sites\/11\/2025\/08\/98f72bc8-f7e0-401e-b864-0748470e00d9.jpeg\" \/>\n\t<meta property=\"og:image:width\" content=\"4160\" \/>\n\t<meta property=\"og:image:height\" content=\"2774\" \/>\n\t<meta property=\"og:image:type\" content=\"image\/jpeg\" \/>\n<meta name=\"author\" content=\"Adriana Costa\" \/>\n<meta name=\"twitter:card\" content=\"summary_large_image\" \/>\n<meta name=\"twitter:label1\" content=\"Written by\" \/>\n\t<meta name=\"twitter:data1\" content=\"Adriana Costa\" \/>\n\t<meta name=\"twitter:label2\" content=\"Est. reading time\" \/>\n\t<meta name=\"twitter:data2\" content=\"5 minutos\" \/>\n<script type=\"application\/ld+json\" class=\"yoast-schema-graph\">{\"@context\":\"https:\/\/schema.org\",\"@graph\":[{\"@type\":\"WebPage\",\"@id\":\"https:\/\/www.manaus.am.gov.br\/manauscult\/prefeitura-festivalpassoapaco\/\",\"url\":\"https:\/\/www.manaus.am.gov.br\/manauscult\/prefeitura-festivalpassoapaco\/\",\"name\":\"\u2018#SouManaus Passo a Pa\u00e7o 2025\u2019 come\u00e7a a criar forma e promete edi\u00e7\u00e3o hist\u00f3rica\",\"isPartOf\":{\"@id\":\"https:\/\/www.manaus.am.gov.br\/manauscult\/#website\"},\"primaryImageOfPage\":{\"@id\":\"https:\/\/www.manaus.am.gov.br\/manauscult\/prefeitura-festivalpassoapaco\/#primaryimage\"},\"image\":{\"@id\":\"https:\/\/www.manaus.am.gov.br\/manauscult\/prefeitura-festivalpassoapaco\/#primaryimage\"},\"thumbnailUrl\":\"https:\/\/www.manaus.am.gov.br\/manauscult\/wp-content\/uploads\/sites\/11\/2025\/08\/98f72bc8-f7e0-401e-b864-0748470e00d9.jpeg\",\"datePublished\":\"2025-08-12T16:32:14+00:00\",\"dateModified\":\"2025-08-12T16:32:15+00:00\",\"author\":{\"@id\":\"https:\/\/www.manaus.am.gov.br\/manauscult\/#\/schema\/person\/4e49f4e267757a06ca072ec61b2b9968\"},\"description\":\"A Prefeitura de Manaus, por meio da Funda\u00e7\u00e3o Municipal de Cultura, Turismo e Eventos (ManausCult), deu in\u00edcio, nesta segunda-feira, 11\/8, \u00e0 montagem da estrutura que vai transformar o centro hist\u00f3rico em um grande palco a c\u00e9u aberto. O destaque do dia foi o palco Alf\u00e2ndega, um dos cen\u00e1rios mais aguardados do festival, que j\u00e1 come\u00e7a a tomar forma para receber milhares de visitantes.\",\"breadcrumb\":{\"@id\":\"https:\/\/www.manaus.am.gov.br\/manauscult\/prefeitura-festivalpassoapaco\/#breadcrumb\"},\"inLanguage\":\"pt-BR\",\"potentialAction\":[{\"@type\":\"ReadAction\",\"target\":[\"https:\/\/www.manaus.am.gov.br\/manauscult\/prefeitura-festivalpassoapaco\/\"]}]},{\"@type\":\"ImageObject\",\"inLanguage\":\"pt-BR\",\"@id\":\"https:\/\/www.manaus.am.gov.br\/manauscult\/prefeitura-festivalpassoapaco\/#primaryimage\",\"url\":\"https:\/\/www.manaus.am.gov.br\/manauscult\/wp-content\/uploads\/sites\/11\/2025\/08\/98f72bc8-f7e0-401e-b864-0748470e00d9.jpeg\",\"contentUrl\":\"https:\/\/www.manaus.am.gov.br\/manauscult\/wp-content\/uploads\/sites\/11\/2025\/08\/98f72bc8-f7e0-401e-b864-0748470e00d9.jpeg\",\"width\":4160,\"height\":2774},{\"@type\":\"BreadcrumbList\",\"@id\":\"https:\/\/www.manaus.am.gov.br\/manauscult\/prefeitura-festivalpassoapaco\/#breadcrumb\",\"itemListElement\":[{\"@type\":\"ListItem\",\"position\":1,\"name\":\"Home\",\"item\":\"https:\/\/www.manaus.am.gov.br\/manauscult\/\"},{\"@type\":\"ListItem\",\"position\":2,\"name\":\"\u2018#SouManaus Passo a Pa\u00e7o 2025\u2019 come\u00e7a a criar forma e promete edi\u00e7\u00e3o hist\u00f3rica\"}]},{\"@type\":\"WebSite\",\"@id\":\"https:\/\/www.manaus.am.gov.br\/manauscult\/#website\",\"url\":\"https:\/\/www.manaus.am.gov.br\/manauscult\/\",\"name\":\"MANAUSCULT\",\"description\":\"Prefeitura de Manaus\",\"potentialAction\":[{\"@type\":\"SearchAction\",\"target\":{\"@type\":\"EntryPoint\",\"urlTemplate\":\"https:\/\/www.manaus.am.gov.br\/manauscult\/?s={search_term_string}\"},\"query-input\":\"required name=search_term_string\"}],\"inLanguage\":\"pt-BR\"},{\"@type\":\"Person\",\"@id\":\"https:\/\/www.manaus.am.gov.br\/manauscult\/#\/schema\/person\/4e49f4e267757a06ca072ec61b2b9968\",\"name\":\"Adriana Costa\",\"image\":{\"@type\":\"ImageObject\",\"inLanguage\":\"pt-BR\",\"@id\":\"https:\/\/www.manaus.am.gov.br\/manauscult\/#\/schema\/person\/image\/\",\"url\":\"https:\/\/secure.gravatar.com\/avatar\/576258617ef7194f718179e766d57bd4?s=96&d=mm&r=g\",\"contentUrl\":\"https:\/\/secure.gravatar.com\/avatar\/576258617ef7194f718179e766d57bd4?s=96&d=mm&r=g\",\"caption\":\"Adriana Costa\"}}]}<\/script>\n<!-- \/ Yoast SEO plugin. -->","yoast_head_json":{"title":"\u2018#SouManaus Passo a Pa\u00e7o 2025\u2019 come\u00e7a a criar forma e promete edi\u00e7\u00e3o hist\u00f3rica","description":"A Prefeitura de Manaus, por meio da Funda\u00e7\u00e3o Municipal de Cultura, Turismo e Eventos (ManausCult), deu in\u00edcio, nesta segunda-feira, 11\/8, \u00e0 montagem da estrutura que vai transformar o centro hist\u00f3rico em um grande palco a c\u00e9u aberto. O destaque do dia foi o palco Alf\u00e2ndega, um dos cen\u00e1rios mais aguardados do festival, que j\u00e1 come\u00e7a a tomar forma para receber milhares de visitantes.","robots":{"index":"noindex","follow":"follow"},"og_locale":"pt_BR","og_type":"article","og_title":"\u2018#SouManaus Passo a Pa\u00e7o 2025\u2019 come\u00e7a a criar forma e promete edi\u00e7\u00e3o hist\u00f3rica","og_description":"A Prefeitura de Manaus, por meio da Funda\u00e7\u00e3o Municipal de Cultura, Turismo e Eventos (ManausCult), deu in\u00edcio, nesta segunda-feira, 11\/8, \u00e0 montagem da estrutura que vai transformar o centro hist\u00f3rico em um grande palco a c\u00e9u aberto. O destaque do dia foi o palco Alf\u00e2ndega, um dos cen\u00e1rios mais aguardados do festival, que j\u00e1 come\u00e7a a tomar forma para receber milhares de visitantes.","og_url":"https:\/\/www.manaus.am.gov.br\/manauscult\/prefeitura-festivalpassoapaco\/","og_site_name":"MANAUSCULT","article_published_time":"2025-08-12T16:32:14+00:00","article_modified_time":"2025-08-12T16:32:15+00:00","og_image":[{"width":4160,"height":2774,"url":"https:\/\/www.manaus.am.gov.br\/manauscult\/wp-content\/uploads\/sites\/11\/2025\/08\/98f72bc8-f7e0-401e-b864-0748470e00d9.jpeg","type":"image\/jpeg"}],"author":"Adriana Costa","twitter_card":"summary_large_image","twitter_misc":{"Written by":"Adriana Costa","Est. reading time":"5 minutos"},"schema":{"@context":"https:\/\/schema.org","@graph":[{"@type":"WebPage","@id":"https:\/\/www.manaus.am.gov.br\/manauscult\/prefeitura-festivalpassoapaco\/","url":"https:\/\/www.manaus.am.gov.br\/manauscult\/prefeitura-festivalpassoapaco\/","name":"\u2018#SouManaus Passo a Pa\u00e7o 2025\u2019 come\u00e7a a criar forma e promete edi\u00e7\u00e3o hist\u00f3rica","isPartOf":{"@id":"https:\/\/www.manaus.am.gov.br\/manauscult\/#website"},"primaryImageOfPage":{"@id":"https:\/\/www.manaus.am.gov.br\/manauscult\/prefeitura-festivalpassoapaco\/#primaryimage"},"image":{"@id":"https:\/\/www.manaus.am.gov.br\/manauscult\/prefeitura-festivalpassoapaco\/#primaryimage"},"thumbnailUrl":"https:\/\/www.manaus.am.gov.br\/manauscult\/wp-content\/uploads\/sites\/11\/2025\/08\/98f72bc8-f7e0-401e-b864-0748470e00d9.jpeg","datePublished":"2025-08-12T16:32:14+00:00","dateModified":"2025-08-12T16:32:15+00:00","author":{"@id":"https:\/\/www.manaus.am.gov.br\/manauscult\/#\/schema\/person\/4e49f4e267757a06ca072ec61b2b9968"},"description":"A Prefeitura de Manaus, por meio da Funda\u00e7\u00e3o Municipal de Cultura, Turismo e Eventos (ManausCult), deu in\u00edcio, nesta segunda-feira, 11\/8, \u00e0 montagem da estrutura que vai transformar o centro hist\u00f3rico em um grande palco a c\u00e9u aberto. O destaque do dia foi o palco Alf\u00e2ndega, um dos cen\u00e1rios mais aguardados do festival, que j\u00e1 come\u00e7a a tomar forma para receber milhares de visitantes.","breadcrumb":{"@id":"https:\/\/www.manaus.am.gov.br\/manauscult\/prefeitura-festivalpassoapaco\/#breadcrumb"},"inLanguage":"pt-BR","potentialAction":[{"@type":"ReadAction","target":["https:\/\/www.manaus.am.gov.br\/manauscult\/prefeitura-festivalpassoapaco\/"]}]},{"@type":"ImageObject","inLanguage":"pt-BR","@id":"https:\/\/www.manaus.am.gov.br\/manauscult\/prefeitura-festivalpassoapaco\/#primaryimage","url":"https:\/\/www.manaus.am.gov.br\/manauscult\/wp-content\/uploads\/sites\/11\/2025\/08\/98f72bc8-f7e0-401e-b864-0748470e00d9.jpeg","contentUrl":"https:\/\/www.manaus.am.gov.br\/manauscult\/wp-content\/uploads\/sites\/11\/2025\/08\/98f72bc8-f7e0-401e-b864-0748470e00d9.jpeg","width":4160,"height":2774},{"@type":"BreadcrumbList","@id":"https:\/\/www.manaus.am.gov.br\/manauscult\/prefeitura-festivalpassoapaco\/#breadcrumb","itemListElement":[{"@type":"ListItem","position":1,"name":"Home","item":"https:\/\/www.manaus.am.gov.br\/manauscult\/"},{"@type":"ListItem","position":2,"name":"\u2018#SouManaus Passo a Pa\u00e7o 2025\u2019 come\u00e7a a criar forma e promete edi\u00e7\u00e3o hist\u00f3rica"}]},{"@type":"WebSite","@id":"https:\/\/www.manaus.am.gov.br\/manauscult\/#website","url":"https:\/\/www.manaus.am.gov.br\/manauscult\/","name":"MANAUSCULT","description":"Prefeitura de Manaus","potentialAction":[{"@type":"SearchAction","target":{"@type":"EntryPoint","urlTemplate":"https:\/\/www.manaus.am.gov.br\/manauscult\/?s={search_term_string}"},"query-input":"required name=search_term_string"}],"inLanguage":"pt-BR"},{"@type":"Person","@id":"https:\/\/www.manaus.am.gov.br\/manauscult\/#\/schema\/person\/4e49f4e267757a06ca072ec61b2b9968","name":"Adriana Costa","image":{"@type":"ImageObject","inLanguage":"pt-BR","@id":"https:\/\/www.manaus.am.gov.br\/manauscult\/#\/schema\/person\/image\/","url":"https:\/\/secure.gravatar.com\/avatar\/576258617ef7194f718179e766d57bd4?s=96&d=mm&r=g","contentUrl":"https:\/\/secure.gravatar.com\/avatar\/576258617ef7194f718179e766d57bd4?s=96&d=mm&r=g","caption":"Adriana Costa"}}]}},"_links":{"self":[{"href":"https:\/\/www.manaus.am.gov.br\/manauscult\/wp-json\/wp\/v2\/posts\/4299"}],"collection":[{"href":"https:\/\/www.manaus.am.gov.br\/manauscult\/wp-json\/wp\/v2\/posts"}],"about":[{"href":"https:\/\/www.manaus.am.gov.br\/manauscult\/wp-json\/wp\/v2\/types\/post"}],"author":[{"embeddable":true,"href":"https:\/\/www.manaus.am.gov.br\/manauscult\/wp-json\/wp\/v2\/users\/23"}],"replies":[{"embeddable":true,"href":"https:\/\/www.manaus.am.gov.br\/manauscult\/wp-json\/wp\/v2\/comments?post=4299"}],"version-history":[{"count":0,"href":"https:\/\/www.manaus.am.gov.br\/manauscult\/wp-json\/wp\/v2\/posts\/4299\/revisions"}],"wp:featuredmedia":[{"embeddable":true,"href":"https:\/\/www.manaus.am.gov.br\/manauscult\/wp-json\/wp\/v2\/media\/4300"}],"wp:attachment":[{"href":"https:\/\/www.manaus.am.gov.br\/manauscult\/wp-json\/wp\/v2\/media?parent=4299"}],"wp:term":[{"taxonomy":"category","embeddable":true,"href":"https:\/\/www.manaus.am.gov.br\/manauscult\/wp-json\/wp\/v2\/categories?post=4299"},{"taxonomy":"post_tag","embeddable":true,"href":"https:\/\/www.manaus.am.gov.br\/manauscult\/wp-json\/wp\/v2\/tags?post=4299"}],"curies":[{"name":"wp","href":"https:\/\/api.w.org\/{rel}","templated":true}]}}