{"id":4295,"date":"2025-08-11T22:21:07","date_gmt":"2025-08-12T02:21:07","guid":{"rendered":"https:\/\/www.manaus.am.gov.br\/manauscult\/inicio-da-montagem-festival\/"},"modified":"2025-08-11T22:21:09","modified_gmt":"2025-08-12T02:21:09","slug":"inicio-da-montagem-festival","status":"publish","type":"post","link":"https:\/\/www.manaus.am.gov.br\/manauscult\/inicio-da-montagem-festival\/","title":{"rendered":"Prefeito David Almeida anuncia in\u00edcio da montagem do \u2018#SouManaus Passo a Pa\u00e7o 2025\u2019 e lan\u00e7amento do site oficial para inscri\u00e7\u00f5es"},"content":{"rendered":"\n<p>A partir desta segunda-feira, 11\/8, Manaus come\u00e7a a viver o clima do maior festival de artes integradas da cidade. O prefeito David Almeida, acompanhado pelo diretor-presidente da Funda\u00e7\u00e3o Municipal de Cultura, Turismo e Eventos (ManausCult), Jender Lobato, anunciou o in\u00edcio da montagem da estrutura do \u201c#Sou Manaus Passo a Pa\u00e7o 2025\u201d, que este ano ocupar\u00e1 63 mil metros quadrados do centro hist\u00f3rico, com 17 palcos e mais de 20 atra\u00e7\u00f5es nacionais, al\u00e9m de 2 mil artistas regionais.<\/p>\n\n\n\n<p>\u201cEstamos falando de um evento grandioso, gratuito, que cumpre uma lei municipal de valoriza\u00e7\u00e3o do centro da cidade e que garante \u00e0 popula\u00e7\u00e3o o acesso a grandes espet\u00e1culos em troca de apenas um quilo de alimento. \u00c9 uma oportunidade que muitas pessoas jamais teriam de pagar para assistir\u201d, destacou o prefeito.<\/p>\n\n\n\n<p>Durante coletiva de imprensa, o chefe do Executivo municipal tamb\u00e9m anunciou o lan\u00e7amento do site oficial do festival \u2014 <a href=\"http:\/\/soumanauspassoapaco.com.br\">soumanauspassoapaco.com.br<\/a> \u2014 que a partir das 19h de quarta-feira, 13\/8, abrir\u00e1 a primeira etapa das inscri\u00e7\u00f5es para retirada das pulseiras de acesso. Ser\u00e3o seis lotes liberados gradualmente para garantir a ampla participa\u00e7\u00e3o e seguran\u00e7a do p\u00fablico.<\/p>\n\n\n\n<p>A programa\u00e7\u00e3o oficial do evento vai de 5 a 7 de setembro, mas o festival come\u00e7a a movimentar a cidade j\u00e1 no dia 2, com atividades especiais de gastronomia, moda ind\u00edgena e cultura urbana. Entre os destaques da edi\u00e7\u00e3o, est\u00e3o os seis palcos principais, Mangueir\u00e3o, Coreto, Alf\u00e2ndega, Malcher, Espa\u00e7o Cultura Urbana e Espa\u00e7o Moda, e outros onze palcos alternativos que receber\u00e3o artistas independentes, transformando o centro em um grande corredor cultural.<\/p>\n\n\n\n<p>Segundo o prefeito David Almeida, a edi\u00e7\u00e3o 2025 deve reunir mais de meio milh\u00e3o de pessoas. Por isso, a prefeitura repete e amplia o esquema de seguran\u00e7a adotado no ano passado, com controle de acesso via QR Code, c\u00e2meras de reconhecimento facial e m\u00faltiplos pontos de entrada e sa\u00edda.<\/p>\n\n\n\n<p>\u201cO \u2018#SouManaus\u2019 gera mais de 10 mil empregos diretos e indiretos, fomenta a economia criativa, impulsiona o turismo e fortalece nossa identidade cultural. Estamos preparados para receber o p\u00fablico com organiza\u00e7\u00e3o, seguran\u00e7a e qualidade\u201d, afirmou o prefeito.<\/p>\n\n\n\n<p>Para o diretor-presidente da ManausCult, Jender Lobato, a grandiosidade do evento se reflete tanto na dimens\u00e3o cultural quanto no impacto econ\u00f4mico para Manaus.<\/p>\n\n\n\n<p>\u201cO \u2018#SouManaus\u2019 \u00e9 hoje refer\u00eancia entre os grandes festivais urbanos do Brasil. Trabalhamos para que cada edi\u00e7\u00e3o traga inova\u00e7\u00f5es, amplie oportunidades para os artistas locais e fortale\u00e7a o orgulho de ser manauara. \u00c9 mais do que um espet\u00e1culo: \u00e9 um motor de desenvolvimento para a cidade\u201d, ressaltou.<\/p>\n\n\n\n<p><strong>Novidade: corrida no centro hist\u00f3rico<\/strong><\/p>\n\n\n\n<p>Este ano, o festival traz uma novidade: a \u201cCorrida #SouManaus Passo \u00e0 Pa\u00e7o\u201d, no feriado de 5 de setembro, pela manh\u00e3, com percurso passando pelos principais pontos do evento. A expectativa \u00e9 reunir 3 mil atletas e entusiastas do esporte.<\/p>\n\n\n\n<p>O prefeito tamb\u00e9m destacou que o evento ser\u00e1 realizado em um centro hist\u00f3rico revitalizado. \u201cEstamos promovendo um verdadeiro choque de gest\u00e3o, com ordenamento do com\u00e9rcio e apoio aos trabalhadores. Queremos que o centro seja um espa\u00e7o agrad\u00e1vel e atrativo para a popula\u00e7\u00e3o durante e depois do festival\u201d, disse.<\/p>\n\n\n\n<p>Com recorde de patroc\u00ednios nesta edi\u00e7\u00e3o, a prefeitura conseguiu reduzir em 25% os custos do evento. \u201cOptamos por trazer v\u00e1rias atra\u00e7\u00f5es nacionais em vez de uma internacional car\u00edssima, garantindo mais diversidade e aproveitamento dos recursos p\u00fablicos\u201d, explicou David Almeida.<\/p>\n\n\n\n<p>O \u201c#Sou Manaus Passo a Pa\u00e7o 2025\u201d \u00e9 promovido pela Prefeitura de Manaus, por meio da Funda\u00e7\u00e3o Municipal de Cultura, Turismo e Eventos (ManausCult), com apoio do Conselho Municipal de Gest\u00e3o Estrat\u00e9gica (CMGE), secretarias municipais que comp\u00f5em a matriz integrada de responsabilidade do evento e parceiros da iniciativa privada.<\/p>\n\n\n\n<p>\u2014 \u2014 \u2014<\/p>\n\n\n\n<p><strong>Texto &#8211;<\/strong> Emanuelle Baires\/Semcom-Prefeito<br><strong>Fotos &#8211;<\/strong> Dhyeizo Lemos \/ Semcom-Prefeito e Cl\u00f3vis Miranda \/ Semcom<br><strong>Dispon\u00edveis em &#8211;<\/strong><a href=\"https:\/\/flic.kr\/s\/aHBqjCqviG\">https:\/\/flic.kr\/s\/aHBqjCqviG<\/a><\/p>\n","protected":false},"excerpt":{"rendered":"","protected":false},"author":68,"featured_media":4296,"comment_status":"closed","ping_status":"closed","sticky":false,"template":"","format":"standard","meta":{"footnotes":""},"categories":[508,82],"tags":[67,1542,11],"acf":[],"yoast_head":"<!-- This site is optimized with the Yoast SEO plugin v23.0 - https:\/\/yoast.com\/wordpress\/plugins\/seo\/ -->\n<title>Prefeito David Almeida anuncia in\u00edcio da montagem do \u2018#SouManaus Passo a Pa\u00e7o 2025\u2019 e lan\u00e7amento do site oficial para inscri\u00e7\u00f5es<\/title>\n<meta name=\"description\" content=\"A partir desta segunda-feira, 11\/8, Manaus come\u00e7a a viver o clima do maior festival de artes integradas da cidade. O prefeito David Almeida, acompanhado pelo diretor-presidente da Funda\u00e7\u00e3o Municipal de Cultura, Turismo e Eventos (ManausCult), Jender Lobato, anunciou o in\u00edcio da montagem da estrutura do \u201c#Sou Manaus Passo a Pa\u00e7o 2025\u201d.\" \/>\n<meta name=\"robots\" content=\"noindex, follow\" \/>\n<meta property=\"og:locale\" content=\"pt_BR\" \/>\n<meta property=\"og:type\" content=\"article\" \/>\n<meta property=\"og:title\" content=\"Prefeito David Almeida anuncia in\u00edcio da montagem do \u2018#SouManaus Passo a Pa\u00e7o 2025\u2019 e lan\u00e7amento do site oficial para inscri\u00e7\u00f5es\" \/>\n<meta property=\"og:description\" content=\"A partir desta segunda-feira, 11\/8, Manaus come\u00e7a a viver o clima do maior festival de artes integradas da cidade. O prefeito David Almeida, acompanhado pelo diretor-presidente da Funda\u00e7\u00e3o Municipal de Cultura, Turismo e Eventos (ManausCult), Jender Lobato, anunciou o in\u00edcio da montagem da estrutura do \u201c#Sou Manaus Passo a Pa\u00e7o 2025\u201d.\" \/>\n<meta property=\"og:url\" content=\"https:\/\/www.manaus.am.gov.br\/manauscult\/inicio-da-montagem-festival\/\" \/>\n<meta property=\"og:site_name\" content=\"MANAUSCULT\" \/>\n<meta property=\"article:published_time\" content=\"2025-08-12T02:21:07+00:00\" \/>\n<meta property=\"article:modified_time\" content=\"2025-08-12T02:21:09+00:00\" \/>\n<meta property=\"og:image\" content=\"https:\/\/www.manaus.am.gov.br\/manauscult\/wp-content\/uploads\/sites\/11\/2025\/08\/54715013716_0eda0c5b0a_c.jpg\" \/>\n\t<meta property=\"og:image:width\" content=\"799\" \/>\n\t<meta property=\"og:image:height\" content=\"533\" \/>\n\t<meta property=\"og:image:type\" content=\"image\/jpeg\" \/>\n<meta name=\"author\" content=\"bvalente\" \/>\n<meta name=\"twitter:card\" content=\"summary_large_image\" \/>\n<meta name=\"twitter:label1\" content=\"Written by\" \/>\n\t<meta name=\"twitter:data1\" content=\"bvalente\" \/>\n\t<meta name=\"twitter:label2\" content=\"Est. reading time\" \/>\n\t<meta name=\"twitter:data2\" content=\"4 minutos\" \/>\n<script type=\"application\/ld+json\" class=\"yoast-schema-graph\">{\"@context\":\"https:\/\/schema.org\",\"@graph\":[{\"@type\":\"WebPage\",\"@id\":\"https:\/\/www.manaus.am.gov.br\/manauscult\/inicio-da-montagem-festival\/\",\"url\":\"https:\/\/www.manaus.am.gov.br\/manauscult\/inicio-da-montagem-festival\/\",\"name\":\"Prefeito David Almeida anuncia in\u00edcio da montagem do \u2018#SouManaus Passo a Pa\u00e7o 2025\u2019 e lan\u00e7amento do site oficial para inscri\u00e7\u00f5es\",\"isPartOf\":{\"@id\":\"https:\/\/www.manaus.am.gov.br\/manauscult\/#website\"},\"primaryImageOfPage\":{\"@id\":\"https:\/\/www.manaus.am.gov.br\/manauscult\/inicio-da-montagem-festival\/#primaryimage\"},\"image\":{\"@id\":\"https:\/\/www.manaus.am.gov.br\/manauscult\/inicio-da-montagem-festival\/#primaryimage\"},\"thumbnailUrl\":\"https:\/\/www.manaus.am.gov.br\/manauscult\/wp-content\/uploads\/sites\/11\/2025\/08\/54715013716_0eda0c5b0a_c.jpg\",\"datePublished\":\"2025-08-12T02:21:07+00:00\",\"dateModified\":\"2025-08-12T02:21:09+00:00\",\"author\":{\"@id\":\"https:\/\/www.manaus.am.gov.br\/manauscult\/#\/schema\/person\/466a0e03ae4b6062809046bd560ac955\"},\"description\":\"A partir desta segunda-feira, 11\/8, Manaus come\u00e7a a viver o clima do maior festival de artes integradas da cidade. O prefeito David Almeida, acompanhado pelo diretor-presidente da Funda\u00e7\u00e3o Municipal de Cultura, Turismo e Eventos (ManausCult), Jender Lobato, anunciou o in\u00edcio da montagem da estrutura do \u201c#Sou Manaus Passo a Pa\u00e7o 2025\u201d.\",\"breadcrumb\":{\"@id\":\"https:\/\/www.manaus.am.gov.br\/manauscult\/inicio-da-montagem-festival\/#breadcrumb\"},\"inLanguage\":\"pt-BR\",\"potentialAction\":[{\"@type\":\"ReadAction\",\"target\":[\"https:\/\/www.manaus.am.gov.br\/manauscult\/inicio-da-montagem-festival\/\"]}]},{\"@type\":\"ImageObject\",\"inLanguage\":\"pt-BR\",\"@id\":\"https:\/\/www.manaus.am.gov.br\/manauscult\/inicio-da-montagem-festival\/#primaryimage\",\"url\":\"https:\/\/www.manaus.am.gov.br\/manauscult\/wp-content\/uploads\/sites\/11\/2025\/08\/54715013716_0eda0c5b0a_c.jpg\",\"contentUrl\":\"https:\/\/www.manaus.am.gov.br\/manauscult\/wp-content\/uploads\/sites\/11\/2025\/08\/54715013716_0eda0c5b0a_c.jpg\",\"width\":799,\"height\":533},{\"@type\":\"BreadcrumbList\",\"@id\":\"https:\/\/www.manaus.am.gov.br\/manauscult\/inicio-da-montagem-festival\/#breadcrumb\",\"itemListElement\":[{\"@type\":\"ListItem\",\"position\":1,\"name\":\"Home\",\"item\":\"https:\/\/www.manaus.am.gov.br\/manauscult\/\"},{\"@type\":\"ListItem\",\"position\":2,\"name\":\"Prefeito David Almeida anuncia in\u00edcio da montagem do \u2018#SouManaus Passo a Pa\u00e7o 2025\u2019 e lan\u00e7amento do site oficial para inscri\u00e7\u00f5es\"}]},{\"@type\":\"WebSite\",\"@id\":\"https:\/\/www.manaus.am.gov.br\/manauscult\/#website\",\"url\":\"https:\/\/www.manaus.am.gov.br\/manauscult\/\",\"name\":\"MANAUSCULT\",\"description\":\"Prefeitura de Manaus\",\"potentialAction\":[{\"@type\":\"SearchAction\",\"target\":{\"@type\":\"EntryPoint\",\"urlTemplate\":\"https:\/\/www.manaus.am.gov.br\/manauscult\/?s={search_term_string}\"},\"query-input\":\"required name=search_term_string\"}],\"inLanguage\":\"pt-BR\"},{\"@type\":\"Person\",\"@id\":\"https:\/\/www.manaus.am.gov.br\/manauscult\/#\/schema\/person\/466a0e03ae4b6062809046bd560ac955\",\"name\":\"bvalente\",\"image\":{\"@type\":\"ImageObject\",\"inLanguage\":\"pt-BR\",\"@id\":\"https:\/\/www.manaus.am.gov.br\/manauscult\/#\/schema\/person\/image\/\",\"url\":\"https:\/\/secure.gravatar.com\/avatar\/3e69bc2b014bdad41adfec3a39de07d2?s=96&d=mm&r=g\",\"contentUrl\":\"https:\/\/secure.gravatar.com\/avatar\/3e69bc2b014bdad41adfec3a39de07d2?s=96&d=mm&r=g\",\"caption\":\"bvalente\"}}]}<\/script>\n<!-- \/ Yoast SEO plugin. -->","yoast_head_json":{"title":"Prefeito David Almeida anuncia in\u00edcio da montagem do \u2018#SouManaus Passo a Pa\u00e7o 2025\u2019 e lan\u00e7amento do site oficial para inscri\u00e7\u00f5es","description":"A partir desta segunda-feira, 11\/8, Manaus come\u00e7a a viver o clima do maior festival de artes integradas da cidade. O prefeito David Almeida, acompanhado pelo diretor-presidente da Funda\u00e7\u00e3o Municipal de Cultura, Turismo e Eventos (ManausCult), Jender Lobato, anunciou o in\u00edcio da montagem da estrutura do \u201c#Sou Manaus Passo a Pa\u00e7o 2025\u201d.","robots":{"index":"noindex","follow":"follow"},"og_locale":"pt_BR","og_type":"article","og_title":"Prefeito David Almeida anuncia in\u00edcio da montagem do \u2018#SouManaus Passo a Pa\u00e7o 2025\u2019 e lan\u00e7amento do site oficial para inscri\u00e7\u00f5es","og_description":"A partir desta segunda-feira, 11\/8, Manaus come\u00e7a a viver o clima do maior festival de artes integradas da cidade. O prefeito David Almeida, acompanhado pelo diretor-presidente da Funda\u00e7\u00e3o Municipal de Cultura, Turismo e Eventos (ManausCult), Jender Lobato, anunciou o in\u00edcio da montagem da estrutura do \u201c#Sou Manaus Passo a Pa\u00e7o 2025\u201d.","og_url":"https:\/\/www.manaus.am.gov.br\/manauscult\/inicio-da-montagem-festival\/","og_site_name":"MANAUSCULT","article_published_time":"2025-08-12T02:21:07+00:00","article_modified_time":"2025-08-12T02:21:09+00:00","og_image":[{"width":799,"height":533,"url":"https:\/\/www.manaus.am.gov.br\/manauscult\/wp-content\/uploads\/sites\/11\/2025\/08\/54715013716_0eda0c5b0a_c.jpg","type":"image\/jpeg"}],"author":"bvalente","twitter_card":"summary_large_image","twitter_misc":{"Written by":"bvalente","Est. reading time":"4 minutos"},"schema":{"@context":"https:\/\/schema.org","@graph":[{"@type":"WebPage","@id":"https:\/\/www.manaus.am.gov.br\/manauscult\/inicio-da-montagem-festival\/","url":"https:\/\/www.manaus.am.gov.br\/manauscult\/inicio-da-montagem-festival\/","name":"Prefeito David Almeida anuncia in\u00edcio da montagem do \u2018#SouManaus Passo a Pa\u00e7o 2025\u2019 e lan\u00e7amento do site oficial para inscri\u00e7\u00f5es","isPartOf":{"@id":"https:\/\/www.manaus.am.gov.br\/manauscult\/#website"},"primaryImageOfPage":{"@id":"https:\/\/www.manaus.am.gov.br\/manauscult\/inicio-da-montagem-festival\/#primaryimage"},"image":{"@id":"https:\/\/www.manaus.am.gov.br\/manauscult\/inicio-da-montagem-festival\/#primaryimage"},"thumbnailUrl":"https:\/\/www.manaus.am.gov.br\/manauscult\/wp-content\/uploads\/sites\/11\/2025\/08\/54715013716_0eda0c5b0a_c.jpg","datePublished":"2025-08-12T02:21:07+00:00","dateModified":"2025-08-12T02:21:09+00:00","author":{"@id":"https:\/\/www.manaus.am.gov.br\/manauscult\/#\/schema\/person\/466a0e03ae4b6062809046bd560ac955"},"description":"A partir desta segunda-feira, 11\/8, Manaus come\u00e7a a viver o clima do maior festival de artes integradas da cidade. O prefeito David Almeida, acompanhado pelo diretor-presidente da Funda\u00e7\u00e3o Municipal de Cultura, Turismo e Eventos (ManausCult), Jender Lobato, anunciou o in\u00edcio da montagem da estrutura do \u201c#Sou Manaus Passo a Pa\u00e7o 2025\u201d.","breadcrumb":{"@id":"https:\/\/www.manaus.am.gov.br\/manauscult\/inicio-da-montagem-festival\/#breadcrumb"},"inLanguage":"pt-BR","potentialAction":[{"@type":"ReadAction","target":["https:\/\/www.manaus.am.gov.br\/manauscult\/inicio-da-montagem-festival\/"]}]},{"@type":"ImageObject","inLanguage":"pt-BR","@id":"https:\/\/www.manaus.am.gov.br\/manauscult\/inicio-da-montagem-festival\/#primaryimage","url":"https:\/\/www.manaus.am.gov.br\/manauscult\/wp-content\/uploads\/sites\/11\/2025\/08\/54715013716_0eda0c5b0a_c.jpg","contentUrl":"https:\/\/www.manaus.am.gov.br\/manauscult\/wp-content\/uploads\/sites\/11\/2025\/08\/54715013716_0eda0c5b0a_c.jpg","width":799,"height":533},{"@type":"BreadcrumbList","@id":"https:\/\/www.manaus.am.gov.br\/manauscult\/inicio-da-montagem-festival\/#breadcrumb","itemListElement":[{"@type":"ListItem","position":1,"name":"Home","item":"https:\/\/www.manaus.am.gov.br\/manauscult\/"},{"@type":"ListItem","position":2,"name":"Prefeito David Almeida anuncia in\u00edcio da montagem do \u2018#SouManaus Passo a Pa\u00e7o 2025\u2019 e lan\u00e7amento do site oficial para inscri\u00e7\u00f5es"}]},{"@type":"WebSite","@id":"https:\/\/www.manaus.am.gov.br\/manauscult\/#website","url":"https:\/\/www.manaus.am.gov.br\/manauscult\/","name":"MANAUSCULT","description":"Prefeitura de Manaus","potentialAction":[{"@type":"SearchAction","target":{"@type":"EntryPoint","urlTemplate":"https:\/\/www.manaus.am.gov.br\/manauscult\/?s={search_term_string}"},"query-input":"required name=search_term_string"}],"inLanguage":"pt-BR"},{"@type":"Person","@id":"https:\/\/www.manaus.am.gov.br\/manauscult\/#\/schema\/person\/466a0e03ae4b6062809046bd560ac955","name":"bvalente","image":{"@type":"ImageObject","inLanguage":"pt-BR","@id":"https:\/\/www.manaus.am.gov.br\/manauscult\/#\/schema\/person\/image\/","url":"https:\/\/secure.gravatar.com\/avatar\/3e69bc2b014bdad41adfec3a39de07d2?s=96&d=mm&r=g","contentUrl":"https:\/\/secure.gravatar.com\/avatar\/3e69bc2b014bdad41adfec3a39de07d2?s=96&d=mm&r=g","caption":"bvalente"}}]}},"_links":{"self":[{"href":"https:\/\/www.manaus.am.gov.br\/manauscult\/wp-json\/wp\/v2\/posts\/4295"}],"collection":[{"href":"https:\/\/www.manaus.am.gov.br\/manauscult\/wp-json\/wp\/v2\/posts"}],"about":[{"href":"https:\/\/www.manaus.am.gov.br\/manauscult\/wp-json\/wp\/v2\/types\/post"}],"author":[{"embeddable":true,"href":"https:\/\/www.manaus.am.gov.br\/manauscult\/wp-json\/wp\/v2\/users\/68"}],"replies":[{"embeddable":true,"href":"https:\/\/www.manaus.am.gov.br\/manauscult\/wp-json\/wp\/v2\/comments?post=4295"}],"version-history":[{"count":0,"href":"https:\/\/www.manaus.am.gov.br\/manauscult\/wp-json\/wp\/v2\/posts\/4295\/revisions"}],"wp:featuredmedia":[{"embeddable":true,"href":"https:\/\/www.manaus.am.gov.br\/manauscult\/wp-json\/wp\/v2\/media\/4296"}],"wp:attachment":[{"href":"https:\/\/www.manaus.am.gov.br\/manauscult\/wp-json\/wp\/v2\/media?parent=4295"}],"wp:term":[{"taxonomy":"category","embeddable":true,"href":"https:\/\/www.manaus.am.gov.br\/manauscult\/wp-json\/wp\/v2\/categories?post=4295"},{"taxonomy":"post_tag","embeddable":true,"href":"https:\/\/www.manaus.am.gov.br\/manauscult\/wp-json\/wp\/v2\/tags?post=4295"}],"curies":[{"name":"wp","href":"https:\/\/api.w.org\/{rel}","templated":true}]}}