{"id":4293,"date":"2025-08-11T19:50:12","date_gmt":"2025-08-11T23:50:12","guid":{"rendered":"https:\/\/www.manaus.am.gov.br\/manauscult\/participacao-gastronomica-no-soumanaus-passo-a-paco-2025\/"},"modified":"2025-08-11T19:50:12","modified_gmt":"2025-08-11T23:50:12","slug":"participacao-gastronomica-no-soumanaus-passo-a-paco-2025","status":"publish","type":"post","link":"https:\/\/www.manaus.am.gov.br\/manauscult\/participacao-gastronomica-no-soumanaus-passo-a-paco-2025\/","title":{"rendered":"Prefeitura e Abrasel-AM abrem inscri\u00e7\u00f5es para participa\u00e7\u00e3o gastron\u00f4mica no \u2018#SouManaus Passo a Pa\u00e7o 2025\u2019"},"content":{"rendered":"\n<p>A Prefeitura de Manaus, por meio da Funda\u00e7\u00e3o Municipal de Cultura, Turismo e Eventos (ManausCult), em parceria com a Associa\u00e7\u00e3o Brasileira de Bares e Restaurantes \u2013 Seccional no Amazonas (Abrasel-AM), abriu, nesta segunda-feira, 11\/8, as inscri\u00e7\u00f5es para empreendedores e permission\u00e1rios interessados em integrar o espa\u00e7o gastron\u00f4mico do \u201c#SouManaus Passo a Pa\u00e7o 2025\u201d, que ser\u00e1 realizado de 2 a 7 de setembro, com programa\u00e7\u00e3o oficial a ser divulgada em breve. A iniciativa \u00e9 fruto do Termo de Acordo de Coopera\u00e7\u00e3o n\u00ba 001\/2025.&nbsp;<\/p>\n\n\n\n<p>Os dias 5, 6 e 7 concentram as principais atra\u00e7\u00f5es, e no dia 4 o p\u00fablico poder\u00e1 acompanhar a tradicional aula-show no boulevard, das 9h \u00e0s 14h, com chefs preparando receitas ao vivo e oferecendo degusta\u00e7\u00f5es.<\/p>\n\n\n\n<p>O cadastro deve ser feito exclusivamente pelo link <a href=\"https:\/\/forms.gle\/atX5P7E43BK2iMuL8\">https:\/\/forms.gle\/atX5P7E43BK2iMuL8<\/a>, entre 11 e 15 de agosto. Ser\u00e3o disponibilizadas 50 barracas, 6 food trucks, 30 carrinhos e 6 bikes, divididos igualmente entre associados e n\u00e3o associados da Abrasel-AM, garantindo oportunidades para todos os perfis de empreendedores.<\/p>\n\n\n\n<p>O acordo tem como objetivo possibilitar a venda de alimentos com pre\u00e7os acess\u00edveis nos segmentos de gastronomia criativa e restaurantes com especialidades regionais, nacionais e internacionais, al\u00e9m de qualificar e divulgar os atrativos gastron\u00f4micos locais como ferramentas estrat\u00e9gicas para o desenvolvimento econ\u00f4mico e tur\u00edstico da cidade.<\/p>\n\n\n\n<p>\u201cO festival \u00e9 um reflexo de Manaus como cidade criativa e aberta a novas experi\u00eancias. N\u00e3o \u00e9 apenas sobre oferecer comida, \u00e9 sobre criar mem\u00f3rias, fortalecer neg\u00f3cios e projetar nossa cultura para o Brasil e o mundo\u201d, destacou o diretor-presidente da ManausCult, Jender Lobato.<\/p>\n\n\n\n<p>O presidente da Abrasel-AM, Ant\u00f4nio Franco Nascimento de Andrade, refor\u00e7ou que o evento ser\u00e1 uma vitrine para os sabores da capital. \u201c\u00c9 a chance de mostrar o que Manaus tem de melhor \u00e0 mesa. Queremos que o p\u00fablico viva uma experi\u00eancia gastron\u00f4mica completa, unindo tradi\u00e7\u00e3o, inova\u00e7\u00e3o e a identidade amaz\u00f4nica\u201d, afirmou.<\/p>\n\n\n\n<p><strong>Como participar&nbsp;<\/strong><\/p>\n\n\n\n<p>As regras de participa\u00e7\u00e3o incluem: sele\u00e7\u00e3o por ordem de inscri\u00e7\u00e3o e card\u00e1pio (limitando no m\u00e1ximo dois card\u00e1pios iguais), apresenta\u00e7\u00e3o de documentos como declara\u00e7\u00e3o de capacidade de armazenamento, certificado de boas pr\u00e1ticas e comprova\u00e7\u00e3o de capacidade t\u00e9cnica at\u00e9 28\/8, e a proibi\u00e7\u00e3o de barracas com pratos de refei\u00e7\u00e3o pr\u00f3ximo ao palco. A localiza\u00e7\u00e3o dos espa\u00e7os ser\u00e1 definida pela organiza\u00e7\u00e3o do evento.<\/p>\n\n\n\n<p>Durante o #SouManaus, o p\u00fablico encontrar\u00e1 desde pratos t\u00edpicos da culin\u00e1ria manauara no Festival Gastron\u00f4mico, at\u00e9 op\u00e7\u00f5es criativas como churros, tapioca, a\u00e7a\u00ed, sorvete na chapa, caldos e sopas, incluindo alternativas veganas e vegetarianas.<\/p>\n\n\n\n<p>\u2014 \u2014 \u2014<br><strong>Texto &#8211; <\/strong>J\u00e9ssica Trajano \/ ManausCult<br><strong>Fotos <\/strong>&#8211; Arquivo \/ Semcom<\/p>\n","protected":false},"excerpt":{"rendered":"","protected":false},"author":68,"featured_media":4294,"comment_status":"closed","ping_status":"closed","sticky":false,"template":"","format":"standard","meta":{"footnotes":""},"categories":[1203],"tags":[11,1541],"acf":[],"yoast_head":"<!-- This site is optimized with the Yoast SEO plugin v23.0 - https:\/\/yoast.com\/wordpress\/plugins\/seo\/ -->\n<title>Prefeitura e Abrasel-AM abrem inscri\u00e7\u00f5es para participa\u00e7\u00e3o gastron\u00f4mica no \u2018#SouManaus Passo a Pa\u00e7o 2025\u2019<\/title>\n<meta name=\"description\" content=\"A Prefeitura de Manaus, por meio da Funda\u00e7\u00e3o Municipal de Cultura, Turismo e Eventos (ManausCult), em parceria com a Associa\u00e7\u00e3o Brasileira de Bares e Restaurantes \u2013 Seccional no Amazonas (Abrasel-AM), abriu, nesta segunda-feira, 11\/8, as inscri\u00e7\u00f5es para empreendedores e permission\u00e1rios interessados em integrar o espa\u00e7o gastron\u00f4mico do \u201c#SouManaus Passo a Pa\u00e7o 2025\u201d, que ser\u00e1 realizado de 2 a 7 de setembro, com programa\u00e7\u00e3o oficial a ser divulgada em breve. A iniciativa \u00e9 fruto do Termo de Acordo de Coopera\u00e7\u00e3o n\u00ba 001\/2025.\" \/>\n<meta name=\"robots\" content=\"noindex, follow\" \/>\n<meta property=\"og:locale\" content=\"pt_BR\" \/>\n<meta property=\"og:type\" content=\"article\" \/>\n<meta property=\"og:title\" content=\"Prefeitura e Abrasel-AM abrem inscri\u00e7\u00f5es para participa\u00e7\u00e3o gastron\u00f4mica no \u2018#SouManaus Passo a Pa\u00e7o 2025\u2019\" \/>\n<meta property=\"og:description\" content=\"A Prefeitura de Manaus, por meio da Funda\u00e7\u00e3o Municipal de Cultura, Turismo e Eventos (ManausCult), em parceria com a Associa\u00e7\u00e3o Brasileira de Bares e Restaurantes \u2013 Seccional no Amazonas (Abrasel-AM), abriu, nesta segunda-feira, 11\/8, as inscri\u00e7\u00f5es para empreendedores e permission\u00e1rios interessados em integrar o espa\u00e7o gastron\u00f4mico do \u201c#SouManaus Passo a Pa\u00e7o 2025\u201d, que ser\u00e1 realizado de 2 a 7 de setembro, com programa\u00e7\u00e3o oficial a ser divulgada em breve. A iniciativa \u00e9 fruto do Termo de Acordo de Coopera\u00e7\u00e3o n\u00ba 001\/2025.\" \/>\n<meta property=\"og:url\" content=\"https:\/\/www.manaus.am.gov.br\/manauscult\/participacao-gastronomica-no-soumanaus-passo-a-paco-2025\/\" \/>\n<meta property=\"og:site_name\" content=\"MANAUSCULT\" \/>\n<meta property=\"article:published_time\" content=\"2025-08-11T23:50:12+00:00\" \/>\n<meta property=\"og:image\" content=\"https:\/\/www.manaus.am.gov.br\/manauscult\/wp-content\/uploads\/sites\/11\/2025\/08\/Feira-gastronomica-no-SouManaus-1.jpg\" \/>\n\t<meta property=\"og:image:width\" content=\"2048\" \/>\n\t<meta property=\"og:image:height\" content=\"1365\" \/>\n\t<meta property=\"og:image:type\" content=\"image\/jpeg\" \/>\n<meta name=\"author\" content=\"bvalente\" \/>\n<meta name=\"twitter:card\" content=\"summary_large_image\" \/>\n<meta name=\"twitter:label1\" content=\"Written by\" \/>\n\t<meta name=\"twitter:data1\" content=\"bvalente\" \/>\n\t<meta name=\"twitter:label2\" content=\"Est. reading time\" \/>\n\t<meta name=\"twitter:data2\" content=\"3 minutos\" \/>\n<script type=\"application\/ld+json\" class=\"yoast-schema-graph\">{\"@context\":\"https:\/\/schema.org\",\"@graph\":[{\"@type\":\"WebPage\",\"@id\":\"https:\/\/www.manaus.am.gov.br\/manauscult\/participacao-gastronomica-no-soumanaus-passo-a-paco-2025\/\",\"url\":\"https:\/\/www.manaus.am.gov.br\/manauscult\/participacao-gastronomica-no-soumanaus-passo-a-paco-2025\/\",\"name\":\"Prefeitura e Abrasel-AM abrem inscri\u00e7\u00f5es para participa\u00e7\u00e3o gastron\u00f4mica no \u2018#SouManaus Passo a Pa\u00e7o 2025\u2019\",\"isPartOf\":{\"@id\":\"https:\/\/www.manaus.am.gov.br\/manauscult\/#website\"},\"primaryImageOfPage\":{\"@id\":\"https:\/\/www.manaus.am.gov.br\/manauscult\/participacao-gastronomica-no-soumanaus-passo-a-paco-2025\/#primaryimage\"},\"image\":{\"@id\":\"https:\/\/www.manaus.am.gov.br\/manauscult\/participacao-gastronomica-no-soumanaus-passo-a-paco-2025\/#primaryimage\"},\"thumbnailUrl\":\"https:\/\/www.manaus.am.gov.br\/manauscult\/wp-content\/uploads\/sites\/11\/2025\/08\/Feira-gastronomica-no-SouManaus-1.jpg\",\"datePublished\":\"2025-08-11T23:50:12+00:00\",\"dateModified\":\"2025-08-11T23:50:12+00:00\",\"author\":{\"@id\":\"https:\/\/www.manaus.am.gov.br\/manauscult\/#\/schema\/person\/466a0e03ae4b6062809046bd560ac955\"},\"description\":\"A Prefeitura de Manaus, por meio da Funda\u00e7\u00e3o Municipal de Cultura, Turismo e Eventos (ManausCult), em parceria com a Associa\u00e7\u00e3o Brasileira de Bares e Restaurantes \u2013 Seccional no Amazonas (Abrasel-AM), abriu, nesta segunda-feira, 11\/8, as inscri\u00e7\u00f5es para empreendedores e permission\u00e1rios interessados em integrar o espa\u00e7o gastron\u00f4mico do \u201c#SouManaus Passo a Pa\u00e7o 2025\u201d, que ser\u00e1 realizado de 2 a 7 de setembro, com programa\u00e7\u00e3o oficial a ser divulgada em breve. A iniciativa \u00e9 fruto do Termo de Acordo de Coopera\u00e7\u00e3o n\u00ba 001\/2025.\",\"breadcrumb\":{\"@id\":\"https:\/\/www.manaus.am.gov.br\/manauscult\/participacao-gastronomica-no-soumanaus-passo-a-paco-2025\/#breadcrumb\"},\"inLanguage\":\"pt-BR\",\"potentialAction\":[{\"@type\":\"ReadAction\",\"target\":[\"https:\/\/www.manaus.am.gov.br\/manauscult\/participacao-gastronomica-no-soumanaus-passo-a-paco-2025\/\"]}]},{\"@type\":\"ImageObject\",\"inLanguage\":\"pt-BR\",\"@id\":\"https:\/\/www.manaus.am.gov.br\/manauscult\/participacao-gastronomica-no-soumanaus-passo-a-paco-2025\/#primaryimage\",\"url\":\"https:\/\/www.manaus.am.gov.br\/manauscult\/wp-content\/uploads\/sites\/11\/2025\/08\/Feira-gastronomica-no-SouManaus-1.jpg\",\"contentUrl\":\"https:\/\/www.manaus.am.gov.br\/manauscult\/wp-content\/uploads\/sites\/11\/2025\/08\/Feira-gastronomica-no-SouManaus-1.jpg\",\"width\":2048,\"height\":1365},{\"@type\":\"BreadcrumbList\",\"@id\":\"https:\/\/www.manaus.am.gov.br\/manauscult\/participacao-gastronomica-no-soumanaus-passo-a-paco-2025\/#breadcrumb\",\"itemListElement\":[{\"@type\":\"ListItem\",\"position\":1,\"name\":\"Home\",\"item\":\"https:\/\/www.manaus.am.gov.br\/manauscult\/\"},{\"@type\":\"ListItem\",\"position\":2,\"name\":\"Prefeitura e Abrasel-AM abrem inscri\u00e7\u00f5es para participa\u00e7\u00e3o gastron\u00f4mica no \u2018#SouManaus Passo a Pa\u00e7o 2025\u2019\"}]},{\"@type\":\"WebSite\",\"@id\":\"https:\/\/www.manaus.am.gov.br\/manauscult\/#website\",\"url\":\"https:\/\/www.manaus.am.gov.br\/manauscult\/\",\"name\":\"MANAUSCULT\",\"description\":\"Prefeitura de Manaus\",\"potentialAction\":[{\"@type\":\"SearchAction\",\"target\":{\"@type\":\"EntryPoint\",\"urlTemplate\":\"https:\/\/www.manaus.am.gov.br\/manauscult\/?s={search_term_string}\"},\"query-input\":\"required name=search_term_string\"}],\"inLanguage\":\"pt-BR\"},{\"@type\":\"Person\",\"@id\":\"https:\/\/www.manaus.am.gov.br\/manauscult\/#\/schema\/person\/466a0e03ae4b6062809046bd560ac955\",\"name\":\"bvalente\",\"image\":{\"@type\":\"ImageObject\",\"inLanguage\":\"pt-BR\",\"@id\":\"https:\/\/www.manaus.am.gov.br\/manauscult\/#\/schema\/person\/image\/\",\"url\":\"https:\/\/secure.gravatar.com\/avatar\/3e69bc2b014bdad41adfec3a39de07d2?s=96&d=mm&r=g\",\"contentUrl\":\"https:\/\/secure.gravatar.com\/avatar\/3e69bc2b014bdad41adfec3a39de07d2?s=96&d=mm&r=g\",\"caption\":\"bvalente\"}}]}<\/script>\n<!-- \/ Yoast SEO plugin. -->","yoast_head_json":{"title":"Prefeitura e Abrasel-AM abrem inscri\u00e7\u00f5es para participa\u00e7\u00e3o gastron\u00f4mica no \u2018#SouManaus Passo a Pa\u00e7o 2025\u2019","description":"A Prefeitura de Manaus, por meio da Funda\u00e7\u00e3o Municipal de Cultura, Turismo e Eventos (ManausCult), em parceria com a Associa\u00e7\u00e3o Brasileira de Bares e Restaurantes \u2013 Seccional no Amazonas (Abrasel-AM), abriu, nesta segunda-feira, 11\/8, as inscri\u00e7\u00f5es para empreendedores e permission\u00e1rios interessados em integrar o espa\u00e7o gastron\u00f4mico do \u201c#SouManaus Passo a Pa\u00e7o 2025\u201d, que ser\u00e1 realizado de 2 a 7 de setembro, com programa\u00e7\u00e3o oficial a ser divulgada em breve. A iniciativa \u00e9 fruto do Termo de Acordo de Coopera\u00e7\u00e3o n\u00ba 001\/2025.","robots":{"index":"noindex","follow":"follow"},"og_locale":"pt_BR","og_type":"article","og_title":"Prefeitura e Abrasel-AM abrem inscri\u00e7\u00f5es para participa\u00e7\u00e3o gastron\u00f4mica no \u2018#SouManaus Passo a Pa\u00e7o 2025\u2019","og_description":"A Prefeitura de Manaus, por meio da Funda\u00e7\u00e3o Municipal de Cultura, Turismo e Eventos (ManausCult), em parceria com a Associa\u00e7\u00e3o Brasileira de Bares e Restaurantes \u2013 Seccional no Amazonas (Abrasel-AM), abriu, nesta segunda-feira, 11\/8, as inscri\u00e7\u00f5es para empreendedores e permission\u00e1rios interessados em integrar o espa\u00e7o gastron\u00f4mico do \u201c#SouManaus Passo a Pa\u00e7o 2025\u201d, que ser\u00e1 realizado de 2 a 7 de setembro, com programa\u00e7\u00e3o oficial a ser divulgada em breve. A iniciativa \u00e9 fruto do Termo de Acordo de Coopera\u00e7\u00e3o n\u00ba 001\/2025.","og_url":"https:\/\/www.manaus.am.gov.br\/manauscult\/participacao-gastronomica-no-soumanaus-passo-a-paco-2025\/","og_site_name":"MANAUSCULT","article_published_time":"2025-08-11T23:50:12+00:00","og_image":[{"width":2048,"height":1365,"url":"https:\/\/www.manaus.am.gov.br\/manauscult\/wp-content\/uploads\/sites\/11\/2025\/08\/Feira-gastronomica-no-SouManaus-1.jpg","type":"image\/jpeg"}],"author":"bvalente","twitter_card":"summary_large_image","twitter_misc":{"Written by":"bvalente","Est. reading time":"3 minutos"},"schema":{"@context":"https:\/\/schema.org","@graph":[{"@type":"WebPage","@id":"https:\/\/www.manaus.am.gov.br\/manauscult\/participacao-gastronomica-no-soumanaus-passo-a-paco-2025\/","url":"https:\/\/www.manaus.am.gov.br\/manauscult\/participacao-gastronomica-no-soumanaus-passo-a-paco-2025\/","name":"Prefeitura e Abrasel-AM abrem inscri\u00e7\u00f5es para participa\u00e7\u00e3o gastron\u00f4mica no \u2018#SouManaus Passo a Pa\u00e7o 2025\u2019","isPartOf":{"@id":"https:\/\/www.manaus.am.gov.br\/manauscult\/#website"},"primaryImageOfPage":{"@id":"https:\/\/www.manaus.am.gov.br\/manauscult\/participacao-gastronomica-no-soumanaus-passo-a-paco-2025\/#primaryimage"},"image":{"@id":"https:\/\/www.manaus.am.gov.br\/manauscult\/participacao-gastronomica-no-soumanaus-passo-a-paco-2025\/#primaryimage"},"thumbnailUrl":"https:\/\/www.manaus.am.gov.br\/manauscult\/wp-content\/uploads\/sites\/11\/2025\/08\/Feira-gastronomica-no-SouManaus-1.jpg","datePublished":"2025-08-11T23:50:12+00:00","dateModified":"2025-08-11T23:50:12+00:00","author":{"@id":"https:\/\/www.manaus.am.gov.br\/manauscult\/#\/schema\/person\/466a0e03ae4b6062809046bd560ac955"},"description":"A Prefeitura de Manaus, por meio da Funda\u00e7\u00e3o Municipal de Cultura, Turismo e Eventos (ManausCult), em parceria com a Associa\u00e7\u00e3o Brasileira de Bares e Restaurantes \u2013 Seccional no Amazonas (Abrasel-AM), abriu, nesta segunda-feira, 11\/8, as inscri\u00e7\u00f5es para empreendedores e permission\u00e1rios interessados em integrar o espa\u00e7o gastron\u00f4mico do \u201c#SouManaus Passo a Pa\u00e7o 2025\u201d, que ser\u00e1 realizado de 2 a 7 de setembro, com programa\u00e7\u00e3o oficial a ser divulgada em breve. A iniciativa \u00e9 fruto do Termo de Acordo de Coopera\u00e7\u00e3o n\u00ba 001\/2025.","breadcrumb":{"@id":"https:\/\/www.manaus.am.gov.br\/manauscult\/participacao-gastronomica-no-soumanaus-passo-a-paco-2025\/#breadcrumb"},"inLanguage":"pt-BR","potentialAction":[{"@type":"ReadAction","target":["https:\/\/www.manaus.am.gov.br\/manauscult\/participacao-gastronomica-no-soumanaus-passo-a-paco-2025\/"]}]},{"@type":"ImageObject","inLanguage":"pt-BR","@id":"https:\/\/www.manaus.am.gov.br\/manauscult\/participacao-gastronomica-no-soumanaus-passo-a-paco-2025\/#primaryimage","url":"https:\/\/www.manaus.am.gov.br\/manauscult\/wp-content\/uploads\/sites\/11\/2025\/08\/Feira-gastronomica-no-SouManaus-1.jpg","contentUrl":"https:\/\/www.manaus.am.gov.br\/manauscult\/wp-content\/uploads\/sites\/11\/2025\/08\/Feira-gastronomica-no-SouManaus-1.jpg","width":2048,"height":1365},{"@type":"BreadcrumbList","@id":"https:\/\/www.manaus.am.gov.br\/manauscult\/participacao-gastronomica-no-soumanaus-passo-a-paco-2025\/#breadcrumb","itemListElement":[{"@type":"ListItem","position":1,"name":"Home","item":"https:\/\/www.manaus.am.gov.br\/manauscult\/"},{"@type":"ListItem","position":2,"name":"Prefeitura e Abrasel-AM abrem inscri\u00e7\u00f5es para participa\u00e7\u00e3o gastron\u00f4mica no \u2018#SouManaus Passo a Pa\u00e7o 2025\u2019"}]},{"@type":"WebSite","@id":"https:\/\/www.manaus.am.gov.br\/manauscult\/#website","url":"https:\/\/www.manaus.am.gov.br\/manauscult\/","name":"MANAUSCULT","description":"Prefeitura de Manaus","potentialAction":[{"@type":"SearchAction","target":{"@type":"EntryPoint","urlTemplate":"https:\/\/www.manaus.am.gov.br\/manauscult\/?s={search_term_string}"},"query-input":"required name=search_term_string"}],"inLanguage":"pt-BR"},{"@type":"Person","@id":"https:\/\/www.manaus.am.gov.br\/manauscult\/#\/schema\/person\/466a0e03ae4b6062809046bd560ac955","name":"bvalente","image":{"@type":"ImageObject","inLanguage":"pt-BR","@id":"https:\/\/www.manaus.am.gov.br\/manauscult\/#\/schema\/person\/image\/","url":"https:\/\/secure.gravatar.com\/avatar\/3e69bc2b014bdad41adfec3a39de07d2?s=96&d=mm&r=g","contentUrl":"https:\/\/secure.gravatar.com\/avatar\/3e69bc2b014bdad41adfec3a39de07d2?s=96&d=mm&r=g","caption":"bvalente"}}]}},"_links":{"self":[{"href":"https:\/\/www.manaus.am.gov.br\/manauscult\/wp-json\/wp\/v2\/posts\/4293"}],"collection":[{"href":"https:\/\/www.manaus.am.gov.br\/manauscult\/wp-json\/wp\/v2\/posts"}],"about":[{"href":"https:\/\/www.manaus.am.gov.br\/manauscult\/wp-json\/wp\/v2\/types\/post"}],"author":[{"embeddable":true,"href":"https:\/\/www.manaus.am.gov.br\/manauscult\/wp-json\/wp\/v2\/users\/68"}],"replies":[{"embeddable":true,"href":"https:\/\/www.manaus.am.gov.br\/manauscult\/wp-json\/wp\/v2\/comments?post=4293"}],"version-history":[{"count":0,"href":"https:\/\/www.manaus.am.gov.br\/manauscult\/wp-json\/wp\/v2\/posts\/4293\/revisions"}],"wp:featuredmedia":[{"embeddable":true,"href":"https:\/\/www.manaus.am.gov.br\/manauscult\/wp-json\/wp\/v2\/media\/4294"}],"wp:attachment":[{"href":"https:\/\/www.manaus.am.gov.br\/manauscult\/wp-json\/wp\/v2\/media?parent=4293"}],"wp:term":[{"taxonomy":"category","embeddable":true,"href":"https:\/\/www.manaus.am.gov.br\/manauscult\/wp-json\/wp\/v2\/categories?post=4293"},{"taxonomy":"post_tag","embeddable":true,"href":"https:\/\/www.manaus.am.gov.br\/manauscult\/wp-json\/wp\/v2\/tags?post=4293"}],"curies":[{"name":"wp","href":"https:\/\/api.w.org\/{rel}","templated":true}]}}