{"id":4290,"date":"2025-08-09T10:02:06","date_gmt":"2025-08-09T14:02:06","guid":{"rendered":"https:\/\/www.manaus.am.gov.br\/manauscult\/soumanaus-passo-a-paco-2025\/"},"modified":"2025-08-09T10:02:07","modified_gmt":"2025-08-09T14:02:07","slug":"soumanaus-passo-a-paco-2025","status":"publish","type":"post","link":"https:\/\/www.manaus.am.gov.br\/manauscult\/soumanaus-passo-a-paco-2025\/","title":{"rendered":"Prefeitura de Manaus e Abrasel-AM firmam parceria para fortalecer a gastronomia no \u2018#SouManaus Passo a Pa\u00e7o 2025\u2019"},"content":{"rendered":"\n<p>A Prefeitura de Manaus, por meio da Funda\u00e7\u00e3o Municipal de Cultura, Turismo e Eventos (ManausCult), anuncia uma importante parceria com a Associa\u00e7\u00e3o Brasileira de Bares e Restaurantes \u2013 Seccional no Amazonas (Abrasel-AM), via Termo de Acordo de Coopera\u00e7\u00e3o n\u00b0 001\/2025, para potencializar a presen\u00e7a e a qualidade da gastronomia no \u201c#SouManaus Passo a Pa\u00e7o 2025\u201d, que este ano completa 10 anos de hist\u00f3ria e ter\u00e1 como tema \u201cA Festa do Povo Floresta\u201d, celebrando a cultura, a diversidade e a identidade amaz\u00f4nica. Reconhecido como o maior festival de artes integradas gratuito do Brasil, o evento transforma o centro hist\u00f3rico de Manaus em um grande palco de m\u00fasica, arte, gastronomia e experi\u00eancias imersivas.<br><br>O acordo prev\u00ea a realiza\u00e7\u00e3o de tr\u00eas grandes frentes gastron\u00f4micas durante o festival: o Festival Gastron\u00f4mico, o Espa\u00e7o da Gastronomia Criativa e a tradicional Aula Show. A Abrasel-AM ser\u00e1 respons\u00e1vel por coordenar as inscri\u00e7\u00f5es para a sele\u00e7\u00e3o de empreendedores e permission\u00e1rios interessados em participar, que ser\u00e3o escolhidos por meio de inscri\u00e7\u00e3o por link, contemplando permission\u00e1rios associados e n\u00e3o associados da Abrasel-AM, sendo 50% das vagas destinadas para cada grupo, de forma a garantir que todos os trabalhadores sejam assistidos.<\/p>\n\n\n\n<p>Segundo o diretor-presidente da ManausCult, Jender Lobato, a parceria refor\u00e7a a voca\u00e7\u00e3o de Manaus como destino tur\u00edstico e criativo.<br><br>\u201cO #SouManaus Passo a Pa\u00e7o \u00e9 um espa\u00e7o de celebra\u00e7\u00e3o da cultura e da criatividade, e a gastronomia \u00e9 parte fundamental dessa experi\u00eancia. Com o trabalho conjunto da Abrasel-AM, vamos garantir que o p\u00fablico tenha acesso ao melhor da culin\u00e1ria local e nacional, valorizando nossos talentos e fortalecendo o setor como vetor de desenvolvimento econ\u00f4mico e tur\u00edstico\u201d, destacou.<br><br>O festival Gastron\u00f4mico ir\u00e1 celebrar a culin\u00e1ria manauara, evidenciando ingredientes, t\u00e9cnicas e saberes tradicionais que t\u00eam ra\u00edzes ind\u00edgenas e fazem parte da identidade cultural da cidade. O espa\u00e7o da Gastronomia Criativa trar\u00e1 uma variedade de produtos e iguarias, desde pratos elaborados at\u00e9 comidas t\u00edpicas de rua, como churros, pipoca, tapioca, sorvete na chapa, a\u00e7a\u00ed, caldos e sopas, al\u00e9m de op\u00e7\u00f5es veganas e vegetarianas. J\u00e1 a Aula Show contar\u00e1 com chefs locais preparando pratos ao vivo, com degusta\u00e7\u00e3o e apresenta\u00e7\u00f5es culturais, oferecendo ao p\u00fablico uma experi\u00eancia completa que combina sabor, aprendizado e arte.<\/p>\n\n\n\n<p>Para o presidente da Abrasel-AM, Ant\u00f4nio Franco Nascimento de Andrade, a parceria vai muito al\u00e9m de um evento gastron\u00f4mico.<br><br>\u201cEstamos falando de oportunidade, de gera\u00e7\u00e3o de renda e de valoriza\u00e7\u00e3o dos profissionais que fazem da gastronomia um cart\u00e3o de visitas de Manaus. Nossa miss\u00e3o \u00e9 garantir que cada visitante e morador tenha uma experi\u00eancia \u00fanica, degustando pratos que contam hist\u00f3rias e carregam a identidade amaz\u00f4nica\u201d, afirmou.<br><br><strong>Cidade Criativa da Gastronomia<\/strong><br><br>Al\u00e9m do impacto cultural e tur\u00edstico, a a\u00e7\u00e3o se conecta \u00e0 conquista recente de Manaus como candidata oficial ao t\u00edtulo de Cidade Criativa da Gastronomia da Unesco, reconhecimento que promover\u00e1 a coopera\u00e7\u00e3o internacional e fortalecer\u00e1 a economia criativa local. O objetivo \u00e9 que o \u201c#SouManaus Passo a Pa\u00e7o 2025\u201d seja n\u00e3o apenas um espet\u00e1culo art\u00edstico, mas tamb\u00e9m um marco para o setor gastron\u00f4mico da capital amazonense, estimulando o turismo, valorizando produtores e promovendo sustentabilidade.<br><br><strong>Estrutura<\/strong><br><br>No total, ser\u00e3o disponibilizadas 50 barracas, seis food trucks, 30 carrinhos e seis bikes, divididas igualmente entre associados e n\u00e3o associados da Abrasel-AM, garantindo oportunidades para todos os perfis de empreendedores. A abertura da inscri\u00e7\u00e3o, por meio do link, ser\u00e1 divulgada em breve, com sele\u00e7\u00e3o baseada em crit\u00e9rios t\u00e9cnicos e na diversidade gastron\u00f4mica apresentada. Os pratos ter\u00e3o valores acess\u00edveis ao p\u00fablico, permitindo que todos possam desfrutar da experi\u00eancia gastron\u00f4mica do evento.<br><br>Com essa parceria, a ManausCult e a Abrasel-AM reafirmam o compromisso de transformar a gastronomia em protagonista do maior festival de artes integradas gratuito do Brasil, proporcionando experi\u00eancias que unem sabor, cultura e desenvolvimento para Manaus, na celebra\u00e7\u00e3o hist\u00f3rica de uma d\u00e9cada do \u201c#SouManaus Passo a Pa\u00e7o 2025\u201d.<\/p>\n\n\n\n<p>\u2014 \u2014 \u2014<br><strong>Texto &#8211; <\/strong>J\u00e9ssica Trajano \/ ManausCult<br><strong>Fotos <\/strong>&#8211; Arquivo \/ Semcom<\/p>\n","protected":false},"excerpt":{"rendered":"","protected":false},"author":68,"featured_media":4291,"comment_status":"closed","ping_status":"closed","sticky":false,"template":"","format":"standard","meta":{"footnotes":""},"categories":[1539,1203],"tags":[11,1540],"acf":[],"yoast_head":"<!-- This site is optimized with the Yoast SEO plugin v23.0 - https:\/\/yoast.com\/wordpress\/plugins\/seo\/ -->\n<title>Prefeitura de Manaus e Abrasel-AM firmam parceria para fortalecer a gastronomia no \u2018#SouManaus Passo a Pa\u00e7o 2025\u2019<\/title>\n<meta name=\"description\" content=\"A Prefeitura de Manaus, por meio da Funda\u00e7\u00e3o Municipal de Cultura, Turismo e Eventos (ManausCult), anuncia uma importante parceria com a Associa\u00e7\u00e3o Brasileira de Bares e Restaurantes \u2013 Seccional no Amazonas (Abrasel-AM), via Termo de Acordo de Coopera\u00e7\u00e3o n\u00b0 001\/2025, para potencializar a presen\u00e7a e a qualidade da gastronomia no \u201c#SouManaus Passo a Pa\u00e7o 2025\u201d, que este ano completa 10 anos de hist\u00f3ria e ter\u00e1 como tema \u201cA Festa do Povo Floresta\u201d, celebrando a cultura, a diversidade e a identidade amaz\u00f4nica.\" \/>\n<meta name=\"robots\" content=\"noindex, follow\" \/>\n<meta property=\"og:locale\" content=\"pt_BR\" \/>\n<meta property=\"og:type\" content=\"article\" \/>\n<meta property=\"og:title\" content=\"Prefeitura de Manaus e Abrasel-AM firmam parceria para fortalecer a gastronomia no \u2018#SouManaus Passo a Pa\u00e7o 2025\u2019\" \/>\n<meta property=\"og:description\" content=\"A Prefeitura de Manaus, por meio da Funda\u00e7\u00e3o Municipal de Cultura, Turismo e Eventos (ManausCult), anuncia uma importante parceria com a Associa\u00e7\u00e3o Brasileira de Bares e Restaurantes \u2013 Seccional no Amazonas (Abrasel-AM), via Termo de Acordo de Coopera\u00e7\u00e3o n\u00b0 001\/2025, para potencializar a presen\u00e7a e a qualidade da gastronomia no \u201c#SouManaus Passo a Pa\u00e7o 2025\u201d, que este ano completa 10 anos de hist\u00f3ria e ter\u00e1 como tema \u201cA Festa do Povo Floresta\u201d, celebrando a cultura, a diversidade e a identidade amaz\u00f4nica.\" \/>\n<meta property=\"og:url\" content=\"https:\/\/www.manaus.am.gov.br\/manauscult\/soumanaus-passo-a-paco-2025\/\" \/>\n<meta property=\"og:site_name\" content=\"MANAUSCULT\" \/>\n<meta property=\"article:published_time\" content=\"2025-08-09T14:02:06+00:00\" \/>\n<meta property=\"article:modified_time\" content=\"2025-08-09T14:02:07+00:00\" \/>\n<meta property=\"og:image\" content=\"https:\/\/www.manaus.am.gov.br\/manauscult\/wp-content\/uploads\/sites\/11\/2025\/08\/Gastronomia-do-SouManus-Passo-A-Paco-.jpg\" \/>\n\t<meta property=\"og:image:width\" content=\"1600\" \/>\n\t<meta property=\"og:image:height\" content=\"1066\" \/>\n\t<meta property=\"og:image:type\" content=\"image\/jpeg\" \/>\n<meta name=\"author\" content=\"bvalente\" \/>\n<meta name=\"twitter:card\" content=\"summary_large_image\" \/>\n<meta name=\"twitter:label1\" content=\"Written by\" \/>\n\t<meta name=\"twitter:data1\" content=\"bvalente\" \/>\n\t<meta name=\"twitter:label2\" content=\"Est. reading time\" \/>\n\t<meta name=\"twitter:data2\" content=\"4 minutos\" \/>\n<script type=\"application\/ld+json\" class=\"yoast-schema-graph\">{\"@context\":\"https:\/\/schema.org\",\"@graph\":[{\"@type\":\"WebPage\",\"@id\":\"https:\/\/www.manaus.am.gov.br\/manauscult\/soumanaus-passo-a-paco-2025\/\",\"url\":\"https:\/\/www.manaus.am.gov.br\/manauscult\/soumanaus-passo-a-paco-2025\/\",\"name\":\"Prefeitura de Manaus e Abrasel-AM firmam parceria para fortalecer a gastronomia no \u2018#SouManaus Passo a Pa\u00e7o 2025\u2019\",\"isPartOf\":{\"@id\":\"https:\/\/www.manaus.am.gov.br\/manauscult\/#website\"},\"primaryImageOfPage\":{\"@id\":\"https:\/\/www.manaus.am.gov.br\/manauscult\/soumanaus-passo-a-paco-2025\/#primaryimage\"},\"image\":{\"@id\":\"https:\/\/www.manaus.am.gov.br\/manauscult\/soumanaus-passo-a-paco-2025\/#primaryimage\"},\"thumbnailUrl\":\"https:\/\/www.manaus.am.gov.br\/manauscult\/wp-content\/uploads\/sites\/11\/2025\/08\/Gastronomia-do-SouManus-Passo-A-Paco-.jpg\",\"datePublished\":\"2025-08-09T14:02:06+00:00\",\"dateModified\":\"2025-08-09T14:02:07+00:00\",\"author\":{\"@id\":\"https:\/\/www.manaus.am.gov.br\/manauscult\/#\/schema\/person\/466a0e03ae4b6062809046bd560ac955\"},\"description\":\"A Prefeitura de Manaus, por meio da Funda\u00e7\u00e3o Municipal de Cultura, Turismo e Eventos (ManausCult), anuncia uma importante parceria com a Associa\u00e7\u00e3o Brasileira de Bares e Restaurantes \u2013 Seccional no Amazonas (Abrasel-AM), via Termo de Acordo de Coopera\u00e7\u00e3o n\u00b0 001\/2025, para potencializar a presen\u00e7a e a qualidade da gastronomia no \u201c#SouManaus Passo a Pa\u00e7o 2025\u201d, que este ano completa 10 anos de hist\u00f3ria e ter\u00e1 como tema \u201cA Festa do Povo Floresta\u201d, celebrando a cultura, a diversidade e a identidade amaz\u00f4nica.\",\"breadcrumb\":{\"@id\":\"https:\/\/www.manaus.am.gov.br\/manauscult\/soumanaus-passo-a-paco-2025\/#breadcrumb\"},\"inLanguage\":\"pt-BR\",\"potentialAction\":[{\"@type\":\"ReadAction\",\"target\":[\"https:\/\/www.manaus.am.gov.br\/manauscult\/soumanaus-passo-a-paco-2025\/\"]}]},{\"@type\":\"ImageObject\",\"inLanguage\":\"pt-BR\",\"@id\":\"https:\/\/www.manaus.am.gov.br\/manauscult\/soumanaus-passo-a-paco-2025\/#primaryimage\",\"url\":\"https:\/\/www.manaus.am.gov.br\/manauscult\/wp-content\/uploads\/sites\/11\/2025\/08\/Gastronomia-do-SouManus-Passo-A-Paco-.jpg\",\"contentUrl\":\"https:\/\/www.manaus.am.gov.br\/manauscult\/wp-content\/uploads\/sites\/11\/2025\/08\/Gastronomia-do-SouManus-Passo-A-Paco-.jpg\",\"width\":1600,\"height\":1066},{\"@type\":\"BreadcrumbList\",\"@id\":\"https:\/\/www.manaus.am.gov.br\/manauscult\/soumanaus-passo-a-paco-2025\/#breadcrumb\",\"itemListElement\":[{\"@type\":\"ListItem\",\"position\":1,\"name\":\"Home\",\"item\":\"https:\/\/www.manaus.am.gov.br\/manauscult\/\"},{\"@type\":\"ListItem\",\"position\":2,\"name\":\"Prefeitura de Manaus e Abrasel-AM firmam parceria para fortalecer a gastronomia no \u2018#SouManaus Passo a Pa\u00e7o 2025\u2019\"}]},{\"@type\":\"WebSite\",\"@id\":\"https:\/\/www.manaus.am.gov.br\/manauscult\/#website\",\"url\":\"https:\/\/www.manaus.am.gov.br\/manauscult\/\",\"name\":\"MANAUSCULT\",\"description\":\"Prefeitura de Manaus\",\"potentialAction\":[{\"@type\":\"SearchAction\",\"target\":{\"@type\":\"EntryPoint\",\"urlTemplate\":\"https:\/\/www.manaus.am.gov.br\/manauscult\/?s={search_term_string}\"},\"query-input\":\"required name=search_term_string\"}],\"inLanguage\":\"pt-BR\"},{\"@type\":\"Person\",\"@id\":\"https:\/\/www.manaus.am.gov.br\/manauscult\/#\/schema\/person\/466a0e03ae4b6062809046bd560ac955\",\"name\":\"bvalente\",\"image\":{\"@type\":\"ImageObject\",\"inLanguage\":\"pt-BR\",\"@id\":\"https:\/\/www.manaus.am.gov.br\/manauscult\/#\/schema\/person\/image\/\",\"url\":\"https:\/\/secure.gravatar.com\/avatar\/3e69bc2b014bdad41adfec3a39de07d2?s=96&d=mm&r=g\",\"contentUrl\":\"https:\/\/secure.gravatar.com\/avatar\/3e69bc2b014bdad41adfec3a39de07d2?s=96&d=mm&r=g\",\"caption\":\"bvalente\"}}]}<\/script>\n<!-- \/ Yoast SEO plugin. -->","yoast_head_json":{"title":"Prefeitura de Manaus e Abrasel-AM firmam parceria para fortalecer a gastronomia no \u2018#SouManaus Passo a Pa\u00e7o 2025\u2019","description":"A Prefeitura de Manaus, por meio da Funda\u00e7\u00e3o Municipal de Cultura, Turismo e Eventos (ManausCult), anuncia uma importante parceria com a Associa\u00e7\u00e3o Brasileira de Bares e Restaurantes \u2013 Seccional no Amazonas (Abrasel-AM), via Termo de Acordo de Coopera\u00e7\u00e3o n\u00b0 001\/2025, para potencializar a presen\u00e7a e a qualidade da gastronomia no \u201c#SouManaus Passo a Pa\u00e7o 2025\u201d, que este ano completa 10 anos de hist\u00f3ria e ter\u00e1 como tema \u201cA Festa do Povo Floresta\u201d, celebrando a cultura, a diversidade e a identidade amaz\u00f4nica.","robots":{"index":"noindex","follow":"follow"},"og_locale":"pt_BR","og_type":"article","og_title":"Prefeitura de Manaus e Abrasel-AM firmam parceria para fortalecer a gastronomia no \u2018#SouManaus Passo a Pa\u00e7o 2025\u2019","og_description":"A Prefeitura de Manaus, por meio da Funda\u00e7\u00e3o Municipal de Cultura, Turismo e Eventos (ManausCult), anuncia uma importante parceria com a Associa\u00e7\u00e3o Brasileira de Bares e Restaurantes \u2013 Seccional no Amazonas (Abrasel-AM), via Termo de Acordo de Coopera\u00e7\u00e3o n\u00b0 001\/2025, para potencializar a presen\u00e7a e a qualidade da gastronomia no \u201c#SouManaus Passo a Pa\u00e7o 2025\u201d, que este ano completa 10 anos de hist\u00f3ria e ter\u00e1 como tema \u201cA Festa do Povo Floresta\u201d, celebrando a cultura, a diversidade e a identidade amaz\u00f4nica.","og_url":"https:\/\/www.manaus.am.gov.br\/manauscult\/soumanaus-passo-a-paco-2025\/","og_site_name":"MANAUSCULT","article_published_time":"2025-08-09T14:02:06+00:00","article_modified_time":"2025-08-09T14:02:07+00:00","og_image":[{"width":1600,"height":1066,"url":"https:\/\/www.manaus.am.gov.br\/manauscult\/wp-content\/uploads\/sites\/11\/2025\/08\/Gastronomia-do-SouManus-Passo-A-Paco-.jpg","type":"image\/jpeg"}],"author":"bvalente","twitter_card":"summary_large_image","twitter_misc":{"Written by":"bvalente","Est. reading time":"4 minutos"},"schema":{"@context":"https:\/\/schema.org","@graph":[{"@type":"WebPage","@id":"https:\/\/www.manaus.am.gov.br\/manauscult\/soumanaus-passo-a-paco-2025\/","url":"https:\/\/www.manaus.am.gov.br\/manauscult\/soumanaus-passo-a-paco-2025\/","name":"Prefeitura de Manaus e Abrasel-AM firmam parceria para fortalecer a gastronomia no \u2018#SouManaus Passo a Pa\u00e7o 2025\u2019","isPartOf":{"@id":"https:\/\/www.manaus.am.gov.br\/manauscult\/#website"},"primaryImageOfPage":{"@id":"https:\/\/www.manaus.am.gov.br\/manauscult\/soumanaus-passo-a-paco-2025\/#primaryimage"},"image":{"@id":"https:\/\/www.manaus.am.gov.br\/manauscult\/soumanaus-passo-a-paco-2025\/#primaryimage"},"thumbnailUrl":"https:\/\/www.manaus.am.gov.br\/manauscult\/wp-content\/uploads\/sites\/11\/2025\/08\/Gastronomia-do-SouManus-Passo-A-Paco-.jpg","datePublished":"2025-08-09T14:02:06+00:00","dateModified":"2025-08-09T14:02:07+00:00","author":{"@id":"https:\/\/www.manaus.am.gov.br\/manauscult\/#\/schema\/person\/466a0e03ae4b6062809046bd560ac955"},"description":"A Prefeitura de Manaus, por meio da Funda\u00e7\u00e3o Municipal de Cultura, Turismo e Eventos (ManausCult), anuncia uma importante parceria com a Associa\u00e7\u00e3o Brasileira de Bares e Restaurantes \u2013 Seccional no Amazonas (Abrasel-AM), via Termo de Acordo de Coopera\u00e7\u00e3o n\u00b0 001\/2025, para potencializar a presen\u00e7a e a qualidade da gastronomia no \u201c#SouManaus Passo a Pa\u00e7o 2025\u201d, que este ano completa 10 anos de hist\u00f3ria e ter\u00e1 como tema \u201cA Festa do Povo Floresta\u201d, celebrando a cultura, a diversidade e a identidade amaz\u00f4nica.","breadcrumb":{"@id":"https:\/\/www.manaus.am.gov.br\/manauscult\/soumanaus-passo-a-paco-2025\/#breadcrumb"},"inLanguage":"pt-BR","potentialAction":[{"@type":"ReadAction","target":["https:\/\/www.manaus.am.gov.br\/manauscult\/soumanaus-passo-a-paco-2025\/"]}]},{"@type":"ImageObject","inLanguage":"pt-BR","@id":"https:\/\/www.manaus.am.gov.br\/manauscult\/soumanaus-passo-a-paco-2025\/#primaryimage","url":"https:\/\/www.manaus.am.gov.br\/manauscult\/wp-content\/uploads\/sites\/11\/2025\/08\/Gastronomia-do-SouManus-Passo-A-Paco-.jpg","contentUrl":"https:\/\/www.manaus.am.gov.br\/manauscult\/wp-content\/uploads\/sites\/11\/2025\/08\/Gastronomia-do-SouManus-Passo-A-Paco-.jpg","width":1600,"height":1066},{"@type":"BreadcrumbList","@id":"https:\/\/www.manaus.am.gov.br\/manauscult\/soumanaus-passo-a-paco-2025\/#breadcrumb","itemListElement":[{"@type":"ListItem","position":1,"name":"Home","item":"https:\/\/www.manaus.am.gov.br\/manauscult\/"},{"@type":"ListItem","position":2,"name":"Prefeitura de Manaus e Abrasel-AM firmam parceria para fortalecer a gastronomia no \u2018#SouManaus Passo a Pa\u00e7o 2025\u2019"}]},{"@type":"WebSite","@id":"https:\/\/www.manaus.am.gov.br\/manauscult\/#website","url":"https:\/\/www.manaus.am.gov.br\/manauscult\/","name":"MANAUSCULT","description":"Prefeitura de Manaus","potentialAction":[{"@type":"SearchAction","target":{"@type":"EntryPoint","urlTemplate":"https:\/\/www.manaus.am.gov.br\/manauscult\/?s={search_term_string}"},"query-input":"required name=search_term_string"}],"inLanguage":"pt-BR"},{"@type":"Person","@id":"https:\/\/www.manaus.am.gov.br\/manauscult\/#\/schema\/person\/466a0e03ae4b6062809046bd560ac955","name":"bvalente","image":{"@type":"ImageObject","inLanguage":"pt-BR","@id":"https:\/\/www.manaus.am.gov.br\/manauscult\/#\/schema\/person\/image\/","url":"https:\/\/secure.gravatar.com\/avatar\/3e69bc2b014bdad41adfec3a39de07d2?s=96&d=mm&r=g","contentUrl":"https:\/\/secure.gravatar.com\/avatar\/3e69bc2b014bdad41adfec3a39de07d2?s=96&d=mm&r=g","caption":"bvalente"}}]}},"_links":{"self":[{"href":"https:\/\/www.manaus.am.gov.br\/manauscult\/wp-json\/wp\/v2\/posts\/4290"}],"collection":[{"href":"https:\/\/www.manaus.am.gov.br\/manauscult\/wp-json\/wp\/v2\/posts"}],"about":[{"href":"https:\/\/www.manaus.am.gov.br\/manauscult\/wp-json\/wp\/v2\/types\/post"}],"author":[{"embeddable":true,"href":"https:\/\/www.manaus.am.gov.br\/manauscult\/wp-json\/wp\/v2\/users\/68"}],"replies":[{"embeddable":true,"href":"https:\/\/www.manaus.am.gov.br\/manauscult\/wp-json\/wp\/v2\/comments?post=4290"}],"version-history":[{"count":0,"href":"https:\/\/www.manaus.am.gov.br\/manauscult\/wp-json\/wp\/v2\/posts\/4290\/revisions"}],"wp:featuredmedia":[{"embeddable":true,"href":"https:\/\/www.manaus.am.gov.br\/manauscult\/wp-json\/wp\/v2\/media\/4291"}],"wp:attachment":[{"href":"https:\/\/www.manaus.am.gov.br\/manauscult\/wp-json\/wp\/v2\/media?parent=4290"}],"wp:term":[{"taxonomy":"category","embeddable":true,"href":"https:\/\/www.manaus.am.gov.br\/manauscult\/wp-json\/wp\/v2\/categories?post=4290"},{"taxonomy":"post_tag","embeddable":true,"href":"https:\/\/www.manaus.am.gov.br\/manauscult\/wp-json\/wp\/v2\/tags?post=4290"}],"curies":[{"name":"wp","href":"https:\/\/api.w.org\/{rel}","templated":true}]}}