{"id":4284,"date":"2025-08-06T09:52:09","date_gmt":"2025-08-06T13:52:09","guid":{"rendered":"https:\/\/www.manaus.am.gov.br\/manauscult\/prefeitura-manauscult-cursocenografia\/"},"modified":"2025-08-06T09:52:18","modified_gmt":"2025-08-06T13:52:18","slug":"prefeitura-manauscult-cursocenografia","status":"publish","type":"post","link":"https:\/\/www.manaus.am.gov.br\/manauscult\/prefeitura-manauscult-cursocenografia\/","title":{"rendered":"Prefeitura de Manaus conclui forma\u00e7\u00e3o gratuita de cenografia com viv\u00eancia pr\u00e1tica"},"content":{"rendered":"\n<p>A Prefeitura de Manaus, por meio da Funda\u00e7\u00e3o Municipal de Cultura, Turismo e Eventos (ManausCult), encerra, nesta quarta-feira, 6\/8, o curso de cenografia, promovido em parceria com o Programa de Forma\u00e7\u00e3o Art\u00edstica e Cultural (Promfac). A forma\u00e7\u00e3o gratuita reuniu 25 participantes e teve carga hor\u00e1ria de 32 horas, desde o dia 28 de julho, com aulas ministradas na rua Aluizio Ara\u00fajo, n\u00ba 181, bairro S\u00e3o Raimundo, zona Oeste.<\/p>\n\n\n\n<p>Voltado para artistas visuais, t\u00e9cnicos de palco, produtores culturais, estudantes de artes e demais interessados na \u00e1rea, o curso foi conduzido pelo ator, diretor e cen\u00f3grafo Juca di Souza, profissional com mais de 15 anos de atua\u00e7\u00e3o na cena teatral de Manaus. A forma\u00e7\u00e3o uniu teoria e pr\u00e1tica, abordando desde a hist\u00f3ria da cenografia no teatro, na televis\u00e3o e em exposi\u00e7\u00f5es, at\u00e9 t\u00e9cnicas de montagem, ilumina\u00e7\u00e3o, cenotecnia, pintura, aplica\u00e7\u00e3o de texturas e cria\u00e7\u00e3o coletiva de um cen\u00e1rio.<\/p>\n\n\n\n<p>O encerramento foi marcado pela apresenta\u00e7\u00e3o do cen\u00e1rio desenvolvido pelos pr\u00f3prios alunos, que demonstraram, na pr\u00e1tica, os conhecimentos adquiridos durante os oito encontros. Para muitos participantes, a experi\u00eancia foi transformadora e abriu novas possibilidades no campo das artes c\u00eanicas.<\/p>\n\n\n\n<p>\u201cFoi um aprendizado intenso e gratificante. Ver o cen\u00e1rio pronto e saber que fiz parte da cria\u00e7\u00e3o foi algo que nunca vou esquecer. Esse curso me deu confian\u00e7a para atuar profissionalmente na \u00e1rea\u201d, destacou Albertina Maciel, aluna do curso.<\/p>\n\n\n\n<p>Com carga hor\u00e1ria robusta, conte\u00fado abrangente e viv\u00eancia pr\u00e1tica, a iniciativa se consolidou como mais um marco na pol\u00edtica de forma\u00e7\u00e3o cultural da cidade.<\/p>\n\n\n\n<p>De acordo com o diretor-presidente da ManausCult, Jender Lobato, o curso representa um importante investimento na valoriza\u00e7\u00e3o dos profissionais da cultura.<\/p>\n\n\n\n<p>\u201cA cenografia \u00e9 uma linguagem essencial para as artes c\u00eanicas, e oferecer uma forma\u00e7\u00e3o como essa \u00e9 garantir que nossos artistas e t\u00e9cnicos estejam cada vez mais preparados para criar e transformar espa\u00e7os. Esse \u00e9 o compromisso da ManausCult: formar, capacitar e valorizar a cultura da nossa cidade\u201d, afirmou.<\/p>\n\n\n\n<p>O curso de cenografia integra o conjunto de a\u00e7\u00f5es cont\u00ednuas de qualifica\u00e7\u00e3o promovidas pela ManausCult, que vem intensificando, nos \u00faltimos meses, sua atua\u00e7\u00e3o na \u00e1rea de forma\u00e7\u00e3o cultural, com foco no desenvolvimento t\u00e9cnico e criativo dos agentes culturais da capital amazonense.<\/p>\n\n\n\n<p>&#8212; &#8212; &#8212;<\/p>\n\n\n\n<p><strong>Texto\u00a0<\/strong>&#8211; J\u00e9ssica Trajano\/ManausCult<\/p>\n\n\n\n<p><strong>Fotos\u00a0<\/strong>&#8211; Thelson Souza\/ManausCult<\/p>\n","protected":false},"excerpt":{"rendered":"","protected":false},"author":23,"featured_media":4285,"comment_status":"closed","ping_status":"closed","sticky":false,"template":"","format":"standard","meta":{"footnotes":""},"categories":[12],"tags":[1535,1536,128,94,9,11],"acf":[],"yoast_head":"<!-- This site is optimized with the Yoast SEO plugin v23.0 - https:\/\/yoast.com\/wordpress\/plugins\/seo\/ -->\n<title>Prefeitura de Manaus conclui forma\u00e7\u00e3o gratuita de cenografia com viv\u00eancia pr\u00e1tica<\/title>\n<meta name=\"description\" content=\"A Prefeitura de Manaus, por meio da Funda\u00e7\u00e3o Municipal de Cultura, Turismo e Eventos (ManausCult), encerra, nesta quarta-feira, 6\/8, o curso de cenografia, promovido em parceria com o Programa de Forma\u00e7\u00e3o Art\u00edstica e Cultural (Promfac). A forma\u00e7\u00e3o gratuita reuniu 25 participantes e teve carga hor\u00e1ria de 32 horas, desde o dia 28 de julho, com aulas ministradas na rua Aluizio Ara\u00fajo, n\u00ba 181, bairro S\u00e3o Raimundo, zona Oeste.\" \/>\n<meta name=\"robots\" content=\"noindex, follow\" \/>\n<meta property=\"og:locale\" content=\"pt_BR\" \/>\n<meta property=\"og:type\" content=\"article\" \/>\n<meta property=\"og:title\" content=\"Prefeitura de Manaus conclui forma\u00e7\u00e3o gratuita de cenografia com viv\u00eancia pr\u00e1tica\" \/>\n<meta property=\"og:description\" content=\"A Prefeitura de Manaus, por meio da Funda\u00e7\u00e3o Municipal de Cultura, Turismo e Eventos (ManausCult), encerra, nesta quarta-feira, 6\/8, o curso de cenografia, promovido em parceria com o Programa de Forma\u00e7\u00e3o Art\u00edstica e Cultural (Promfac). A forma\u00e7\u00e3o gratuita reuniu 25 participantes e teve carga hor\u00e1ria de 32 horas, desde o dia 28 de julho, com aulas ministradas na rua Aluizio Ara\u00fajo, n\u00ba 181, bairro S\u00e3o Raimundo, zona Oeste.\" \/>\n<meta property=\"og:url\" content=\"https:\/\/www.manaus.am.gov.br\/manauscult\/prefeitura-manauscult-cursocenografia\/\" \/>\n<meta property=\"og:site_name\" content=\"MANAUSCULT\" \/>\n<meta property=\"article:published_time\" content=\"2025-08-06T13:52:09+00:00\" \/>\n<meta property=\"article:modified_time\" content=\"2025-08-06T13:52:18+00:00\" \/>\n<meta property=\"og:image\" content=\"https:\/\/www.manaus.am.gov.br\/manauscult\/wp-content\/uploads\/sites\/11\/2025\/08\/WhatsApp-Image-2025-08-06-at-09.51.01-1.jpeg\" \/>\n\t<meta property=\"og:image:width\" content=\"1600\" \/>\n\t<meta property=\"og:image:height\" content=\"1066\" \/>\n\t<meta property=\"og:image:type\" content=\"image\/jpeg\" \/>\n<meta name=\"author\" content=\"Adriana Costa\" \/>\n<meta name=\"twitter:card\" content=\"summary_large_image\" \/>\n<meta name=\"twitter:label1\" content=\"Written by\" \/>\n\t<meta name=\"twitter:data1\" content=\"Adriana Costa\" \/>\n\t<meta name=\"twitter:label2\" content=\"Est. reading time\" \/>\n\t<meta name=\"twitter:data2\" content=\"3 minutos\" \/>\n<script type=\"application\/ld+json\" class=\"yoast-schema-graph\">{\"@context\":\"https:\/\/schema.org\",\"@graph\":[{\"@type\":\"WebPage\",\"@id\":\"https:\/\/www.manaus.am.gov.br\/manauscult\/prefeitura-manauscult-cursocenografia\/\",\"url\":\"https:\/\/www.manaus.am.gov.br\/manauscult\/prefeitura-manauscult-cursocenografia\/\",\"name\":\"Prefeitura de Manaus conclui forma\u00e7\u00e3o gratuita de cenografia com viv\u00eancia pr\u00e1tica\",\"isPartOf\":{\"@id\":\"https:\/\/www.manaus.am.gov.br\/manauscult\/#website\"},\"primaryImageOfPage\":{\"@id\":\"https:\/\/www.manaus.am.gov.br\/manauscult\/prefeitura-manauscult-cursocenografia\/#primaryimage\"},\"image\":{\"@id\":\"https:\/\/www.manaus.am.gov.br\/manauscult\/prefeitura-manauscult-cursocenografia\/#primaryimage\"},\"thumbnailUrl\":\"https:\/\/www.manaus.am.gov.br\/manauscult\/wp-content\/uploads\/sites\/11\/2025\/08\/WhatsApp-Image-2025-08-06-at-09.51.01-1.jpeg\",\"datePublished\":\"2025-08-06T13:52:09+00:00\",\"dateModified\":\"2025-08-06T13:52:18+00:00\",\"author\":{\"@id\":\"https:\/\/www.manaus.am.gov.br\/manauscult\/#\/schema\/person\/4e49f4e267757a06ca072ec61b2b9968\"},\"description\":\"A Prefeitura de Manaus, por meio da Funda\u00e7\u00e3o Municipal de Cultura, Turismo e Eventos (ManausCult), encerra, nesta quarta-feira, 6\/8, o curso de cenografia, promovido em parceria com o Programa de Forma\u00e7\u00e3o Art\u00edstica e Cultural (Promfac). A forma\u00e7\u00e3o gratuita reuniu 25 participantes e teve carga hor\u00e1ria de 32 horas, desde o dia 28 de julho, com aulas ministradas na rua Aluizio Ara\u00fajo, n\u00ba 181, bairro S\u00e3o Raimundo, zona Oeste.\",\"breadcrumb\":{\"@id\":\"https:\/\/www.manaus.am.gov.br\/manauscult\/prefeitura-manauscult-cursocenografia\/#breadcrumb\"},\"inLanguage\":\"pt-BR\",\"potentialAction\":[{\"@type\":\"ReadAction\",\"target\":[\"https:\/\/www.manaus.am.gov.br\/manauscult\/prefeitura-manauscult-cursocenografia\/\"]}]},{\"@type\":\"ImageObject\",\"inLanguage\":\"pt-BR\",\"@id\":\"https:\/\/www.manaus.am.gov.br\/manauscult\/prefeitura-manauscult-cursocenografia\/#primaryimage\",\"url\":\"https:\/\/www.manaus.am.gov.br\/manauscult\/wp-content\/uploads\/sites\/11\/2025\/08\/WhatsApp-Image-2025-08-06-at-09.51.01-1.jpeg\",\"contentUrl\":\"https:\/\/www.manaus.am.gov.br\/manauscult\/wp-content\/uploads\/sites\/11\/2025\/08\/WhatsApp-Image-2025-08-06-at-09.51.01-1.jpeg\",\"width\":1600,\"height\":1066},{\"@type\":\"BreadcrumbList\",\"@id\":\"https:\/\/www.manaus.am.gov.br\/manauscult\/prefeitura-manauscult-cursocenografia\/#breadcrumb\",\"itemListElement\":[{\"@type\":\"ListItem\",\"position\":1,\"name\":\"Home\",\"item\":\"https:\/\/www.manaus.am.gov.br\/manauscult\/\"},{\"@type\":\"ListItem\",\"position\":2,\"name\":\"Prefeitura de Manaus conclui forma\u00e7\u00e3o gratuita de cenografia com viv\u00eancia pr\u00e1tica\"}]},{\"@type\":\"WebSite\",\"@id\":\"https:\/\/www.manaus.am.gov.br\/manauscult\/#website\",\"url\":\"https:\/\/www.manaus.am.gov.br\/manauscult\/\",\"name\":\"MANAUSCULT\",\"description\":\"Prefeitura de Manaus\",\"potentialAction\":[{\"@type\":\"SearchAction\",\"target\":{\"@type\":\"EntryPoint\",\"urlTemplate\":\"https:\/\/www.manaus.am.gov.br\/manauscult\/?s={search_term_string}\"},\"query-input\":\"required name=search_term_string\"}],\"inLanguage\":\"pt-BR\"},{\"@type\":\"Person\",\"@id\":\"https:\/\/www.manaus.am.gov.br\/manauscult\/#\/schema\/person\/4e49f4e267757a06ca072ec61b2b9968\",\"name\":\"Adriana Costa\",\"image\":{\"@type\":\"ImageObject\",\"inLanguage\":\"pt-BR\",\"@id\":\"https:\/\/www.manaus.am.gov.br\/manauscult\/#\/schema\/person\/image\/\",\"url\":\"https:\/\/secure.gravatar.com\/avatar\/576258617ef7194f718179e766d57bd4?s=96&d=mm&r=g\",\"contentUrl\":\"https:\/\/secure.gravatar.com\/avatar\/576258617ef7194f718179e766d57bd4?s=96&d=mm&r=g\",\"caption\":\"Adriana Costa\"}}]}<\/script>\n<!-- \/ Yoast SEO plugin. -->","yoast_head_json":{"title":"Prefeitura de Manaus conclui forma\u00e7\u00e3o gratuita de cenografia com viv\u00eancia pr\u00e1tica","description":"A Prefeitura de Manaus, por meio da Funda\u00e7\u00e3o Municipal de Cultura, Turismo e Eventos (ManausCult), encerra, nesta quarta-feira, 6\/8, o curso de cenografia, promovido em parceria com o Programa de Forma\u00e7\u00e3o Art\u00edstica e Cultural (Promfac). A forma\u00e7\u00e3o gratuita reuniu 25 participantes e teve carga hor\u00e1ria de 32 horas, desde o dia 28 de julho, com aulas ministradas na rua Aluizio Ara\u00fajo, n\u00ba 181, bairro S\u00e3o Raimundo, zona Oeste.","robots":{"index":"noindex","follow":"follow"},"og_locale":"pt_BR","og_type":"article","og_title":"Prefeitura de Manaus conclui forma\u00e7\u00e3o gratuita de cenografia com viv\u00eancia pr\u00e1tica","og_description":"A Prefeitura de Manaus, por meio da Funda\u00e7\u00e3o Municipal de Cultura, Turismo e Eventos (ManausCult), encerra, nesta quarta-feira, 6\/8, o curso de cenografia, promovido em parceria com o Programa de Forma\u00e7\u00e3o Art\u00edstica e Cultural (Promfac). A forma\u00e7\u00e3o gratuita reuniu 25 participantes e teve carga hor\u00e1ria de 32 horas, desde o dia 28 de julho, com aulas ministradas na rua Aluizio Ara\u00fajo, n\u00ba 181, bairro S\u00e3o Raimundo, zona Oeste.","og_url":"https:\/\/www.manaus.am.gov.br\/manauscult\/prefeitura-manauscult-cursocenografia\/","og_site_name":"MANAUSCULT","article_published_time":"2025-08-06T13:52:09+00:00","article_modified_time":"2025-08-06T13:52:18+00:00","og_image":[{"width":1600,"height":1066,"url":"https:\/\/www.manaus.am.gov.br\/manauscult\/wp-content\/uploads\/sites\/11\/2025\/08\/WhatsApp-Image-2025-08-06-at-09.51.01-1.jpeg","type":"image\/jpeg"}],"author":"Adriana Costa","twitter_card":"summary_large_image","twitter_misc":{"Written by":"Adriana Costa","Est. reading time":"3 minutos"},"schema":{"@context":"https:\/\/schema.org","@graph":[{"@type":"WebPage","@id":"https:\/\/www.manaus.am.gov.br\/manauscult\/prefeitura-manauscult-cursocenografia\/","url":"https:\/\/www.manaus.am.gov.br\/manauscult\/prefeitura-manauscult-cursocenografia\/","name":"Prefeitura de Manaus conclui forma\u00e7\u00e3o gratuita de cenografia com viv\u00eancia pr\u00e1tica","isPartOf":{"@id":"https:\/\/www.manaus.am.gov.br\/manauscult\/#website"},"primaryImageOfPage":{"@id":"https:\/\/www.manaus.am.gov.br\/manauscult\/prefeitura-manauscult-cursocenografia\/#primaryimage"},"image":{"@id":"https:\/\/www.manaus.am.gov.br\/manauscult\/prefeitura-manauscult-cursocenografia\/#primaryimage"},"thumbnailUrl":"https:\/\/www.manaus.am.gov.br\/manauscult\/wp-content\/uploads\/sites\/11\/2025\/08\/WhatsApp-Image-2025-08-06-at-09.51.01-1.jpeg","datePublished":"2025-08-06T13:52:09+00:00","dateModified":"2025-08-06T13:52:18+00:00","author":{"@id":"https:\/\/www.manaus.am.gov.br\/manauscult\/#\/schema\/person\/4e49f4e267757a06ca072ec61b2b9968"},"description":"A Prefeitura de Manaus, por meio da Funda\u00e7\u00e3o Municipal de Cultura, Turismo e Eventos (ManausCult), encerra, nesta quarta-feira, 6\/8, o curso de cenografia, promovido em parceria com o Programa de Forma\u00e7\u00e3o Art\u00edstica e Cultural (Promfac). A forma\u00e7\u00e3o gratuita reuniu 25 participantes e teve carga hor\u00e1ria de 32 horas, desde o dia 28 de julho, com aulas ministradas na rua Aluizio Ara\u00fajo, n\u00ba 181, bairro S\u00e3o Raimundo, zona Oeste.","breadcrumb":{"@id":"https:\/\/www.manaus.am.gov.br\/manauscult\/prefeitura-manauscult-cursocenografia\/#breadcrumb"},"inLanguage":"pt-BR","potentialAction":[{"@type":"ReadAction","target":["https:\/\/www.manaus.am.gov.br\/manauscult\/prefeitura-manauscult-cursocenografia\/"]}]},{"@type":"ImageObject","inLanguage":"pt-BR","@id":"https:\/\/www.manaus.am.gov.br\/manauscult\/prefeitura-manauscult-cursocenografia\/#primaryimage","url":"https:\/\/www.manaus.am.gov.br\/manauscult\/wp-content\/uploads\/sites\/11\/2025\/08\/WhatsApp-Image-2025-08-06-at-09.51.01-1.jpeg","contentUrl":"https:\/\/www.manaus.am.gov.br\/manauscult\/wp-content\/uploads\/sites\/11\/2025\/08\/WhatsApp-Image-2025-08-06-at-09.51.01-1.jpeg","width":1600,"height":1066},{"@type":"BreadcrumbList","@id":"https:\/\/www.manaus.am.gov.br\/manauscult\/prefeitura-manauscult-cursocenografia\/#breadcrumb","itemListElement":[{"@type":"ListItem","position":1,"name":"Home","item":"https:\/\/www.manaus.am.gov.br\/manauscult\/"},{"@type":"ListItem","position":2,"name":"Prefeitura de Manaus conclui forma\u00e7\u00e3o gratuita de cenografia com viv\u00eancia pr\u00e1tica"}]},{"@type":"WebSite","@id":"https:\/\/www.manaus.am.gov.br\/manauscult\/#website","url":"https:\/\/www.manaus.am.gov.br\/manauscult\/","name":"MANAUSCULT","description":"Prefeitura de Manaus","potentialAction":[{"@type":"SearchAction","target":{"@type":"EntryPoint","urlTemplate":"https:\/\/www.manaus.am.gov.br\/manauscult\/?s={search_term_string}"},"query-input":"required name=search_term_string"}],"inLanguage":"pt-BR"},{"@type":"Person","@id":"https:\/\/www.manaus.am.gov.br\/manauscult\/#\/schema\/person\/4e49f4e267757a06ca072ec61b2b9968","name":"Adriana Costa","image":{"@type":"ImageObject","inLanguage":"pt-BR","@id":"https:\/\/www.manaus.am.gov.br\/manauscult\/#\/schema\/person\/image\/","url":"https:\/\/secure.gravatar.com\/avatar\/576258617ef7194f718179e766d57bd4?s=96&d=mm&r=g","contentUrl":"https:\/\/secure.gravatar.com\/avatar\/576258617ef7194f718179e766d57bd4?s=96&d=mm&r=g","caption":"Adriana Costa"}}]}},"_links":{"self":[{"href":"https:\/\/www.manaus.am.gov.br\/manauscult\/wp-json\/wp\/v2\/posts\/4284"}],"collection":[{"href":"https:\/\/www.manaus.am.gov.br\/manauscult\/wp-json\/wp\/v2\/posts"}],"about":[{"href":"https:\/\/www.manaus.am.gov.br\/manauscult\/wp-json\/wp\/v2\/types\/post"}],"author":[{"embeddable":true,"href":"https:\/\/www.manaus.am.gov.br\/manauscult\/wp-json\/wp\/v2\/users\/23"}],"replies":[{"embeddable":true,"href":"https:\/\/www.manaus.am.gov.br\/manauscult\/wp-json\/wp\/v2\/comments?post=4284"}],"version-history":[{"count":0,"href":"https:\/\/www.manaus.am.gov.br\/manauscult\/wp-json\/wp\/v2\/posts\/4284\/revisions"}],"wp:featuredmedia":[{"embeddable":true,"href":"https:\/\/www.manaus.am.gov.br\/manauscult\/wp-json\/wp\/v2\/media\/4285"}],"wp:attachment":[{"href":"https:\/\/www.manaus.am.gov.br\/manauscult\/wp-json\/wp\/v2\/media?parent=4284"}],"wp:term":[{"taxonomy":"category","embeddable":true,"href":"https:\/\/www.manaus.am.gov.br\/manauscult\/wp-json\/wp\/v2\/categories?post=4284"},{"taxonomy":"post_tag","embeddable":true,"href":"https:\/\/www.manaus.am.gov.br\/manauscult\/wp-json\/wp\/v2\/tags?post=4284"}],"curies":[{"name":"wp","href":"https:\/\/api.w.org\/{rel}","templated":true}]}}