{"id":4274,"date":"2025-07-29T16:55:59","date_gmt":"2025-07-29T20:55:59","guid":{"rendered":"https:\/\/www.manaus.am.gov.br\/manauscult\/planejamento-10-anos-soumanaus-2025\/"},"modified":"2025-07-29T16:55:59","modified_gmt":"2025-07-29T20:55:59","slug":"planejamento-10-anos-soumanaus-2025","status":"publish","type":"post","link":"https:\/\/www.manaus.am.gov.br\/manauscult\/planejamento-10-anos-soumanaus-2025\/","title":{"rendered":"Prefeitura realiza reuni\u00e3o de planejamento para os 10 anos do \u2018#SouManaus Passo a Pa\u00e7o 2025\u2019"},"content":{"rendered":"\n<p>A Prefeitura de Manaus, por meio da Funda\u00e7\u00e3o Municipal de Cultura, Turismo e Eventos (Manauscult), realizou, nesta ter\u00e7a-feira, 29\/7, uma importante reuni\u00e3o de alinhamento para o planejamento do \u201c#SouManaus Passo a Pa\u00e7o 2025\u201d, que neste ano celebra uma d\u00e9cada de exist\u00eancia como o maior festival gratuito de artes integradas do Brasil. O encontro ocorreu no Centro de Coopera\u00e7\u00e3o da Cidade (CCC), no bairro Parque 10 de Novembro, zona Centro-Sul.<\/p>\n\n\n\n<p><br>Marcado para acontecer nos dias 5, 6 e 7\/9, no Centro Hist\u00f3rico de Manaus, o evento deste ano traz o tema \u201cA Festa do Povo Floresta\u201d, e promete ser a maior edi\u00e7\u00e3o da hist\u00f3ria, consolidando o festival como refer\u00eancia nacional de acesso \u00e0 cultura, diversidade e valoriza\u00e7\u00e3o da identidade amaz\u00f4nica.<\/p>\n\n\n\n<p><br>Na programa\u00e7\u00e3o, est\u00e3o confirmadas mais de 2 mil apresenta\u00e7\u00f5es de artistas locais, al\u00e9m de 20 atra\u00e7\u00f5es nacionais de peso, distribu\u00eddas em 17 palcos espalhados por toda a \u00e1rea do festival. Os espa\u00e7os hist\u00f3ricos e culturais da regi\u00e3o central da capital ser\u00e3o novamente ocupados com m\u00fasica, arte urbana, gastronomia, exposi\u00e7\u00f5es, teatro e a\u00e7\u00f5es interativas para todos os p\u00fablicos.<\/p>\n\n\n\n<p><br>Durante a reuni\u00e3o, o diretor-presidente da Manauscult, Jender Lobato, conduziu uma apresenta\u00e7\u00e3o estrat\u00e9gica sobre o crescimento do festival ao longo dos anos. \u201cO \u2018#SouManaus Passo a Pa\u00e7o 2025\u2019 ser\u00e1 hist\u00f3rico. S\u00e3o 10 anos celebrando a cultura do nosso povo, abrindo espa\u00e7o para artistas da terra e promovendo Manaus como pot\u00eancia cultural e tur\u00edstica. Essa \u00e9, sem d\u00favida, a maior festa popular gratuita da Amaz\u00f4nia e do Brasil\u201d, destacou.<\/p>\n\n\n\n<p><br>Segundo dados do \u201c#SouManaus\u201d, o p\u00fablico do festival tem crescido significativamente a cada edi\u00e7\u00e3o: em 2022 foram mais de 380 mil pessoas, em 2023 esse n\u00famero subiu para 420 mil, e em 2024 ultrapassou a marca de 450 mil participantes. A estrutura do evento comporta um p\u00fablico rotativo de at\u00e9 200 mil pessoas por dia, movimentando a economia criativa, o turismo e o com\u00e9rcio da regi\u00e3o.<\/p>\n\n\n\n<p>A reuni\u00e3o demonstra que a realiza\u00e7\u00e3o do maior festival gratuito de artes integradas do Brasil, tamb\u00e9m \u00e9 resultado da uni\u00e3o estrat\u00e9gica entre os diversos \u00f3rg\u00e3os p\u00fablicos municipais, cujo trabalho conjunto transforma o centro hist\u00f3rico em uma verdadeira celebra\u00e7\u00e3o do povo manauara e de sua rica identidade cultural.<\/p>\n\n\n\n<figure class=\"wp-block-image size-large\"><img loading=\"lazy\" decoding=\"async\" width=\"1024\" height=\"683\" src=\"https:\/\/www.manaus.am.gov.br\/manauscult\/wp-content\/uploads\/sites\/11\/2025\/07\/f15a025a-d4f4-4ecc-af7a-11a8897daf95-1024x683.jpeg\" alt=\"\" class=\"wp-image-4276\" srcset=\"https:\/\/www.manaus.am.gov.br\/manauscult\/wp-content\/uploads\/sites\/11\/2025\/07\/f15a025a-d4f4-4ecc-af7a-11a8897daf95-1024x683.jpeg 1024w, https:\/\/www.manaus.am.gov.br\/manauscult\/wp-content\/uploads\/sites\/11\/2025\/07\/f15a025a-d4f4-4ecc-af7a-11a8897daf95-300x200.jpeg 300w, https:\/\/www.manaus.am.gov.br\/manauscult\/wp-content\/uploads\/sites\/11\/2025\/07\/f15a025a-d4f4-4ecc-af7a-11a8897daf95-768x512.jpeg 768w, https:\/\/www.manaus.am.gov.br\/manauscult\/wp-content\/uploads\/sites\/11\/2025\/07\/f15a025a-d4f4-4ecc-af7a-11a8897daf95-1536x1024.jpeg 1536w, https:\/\/www.manaus.am.gov.br\/manauscult\/wp-content\/uploads\/sites\/11\/2025\/07\/f15a025a-d4f4-4ecc-af7a-11a8897daf95-2048x1366.jpeg 2048w\" sizes=\"(max-width: 1024px) 100vw, 1024px\" \/><\/figure>\n\n\n\n<p>&#8212; &#8212; &#8212;<\/p>\n\n\n\n<p><strong>Texto &#8211;<\/strong>\u00a0J\u00e9ssica Trajano\/Manauscult<\/p>\n\n\n\n<p><strong>Fotos<\/strong> &#8211; Thelson Souza\/Manauscult\u00a0<\/p>\n","protected":false},"excerpt":{"rendered":"","protected":false},"author":39,"featured_media":4275,"comment_status":"closed","ping_status":"closed","sticky":false,"template":"","format":"standard","meta":{"footnotes":""},"categories":[376],"tags":[1458,1531,9,11,1532],"acf":[],"yoast_head":"<!-- This site is optimized with the Yoast SEO plugin v23.0 - https:\/\/yoast.com\/wordpress\/plugins\/seo\/ -->\n<title>Reuni\u00e3o de planejamento para os 10 anos do #SouManaus 2025<\/title>\n<meta name=\"description\" content=\"Prefeitura de Manaus, por meio da Manauscult, realiza reuni\u00e3o de planejamento para os 10 anos do \u2018#SouManaus Passo a Pa\u00e7o 2025\u2019.\" \/>\n<meta name=\"robots\" content=\"noindex, follow\" \/>\n<meta property=\"og:locale\" content=\"pt_BR\" \/>\n<meta property=\"og:type\" content=\"article\" \/>\n<meta property=\"og:title\" content=\"Reuni\u00e3o de planejamento para os 10 anos do #SouManaus 2025\" \/>\n<meta property=\"og:description\" content=\"Prefeitura de Manaus, por meio da Manauscult, realiza reuni\u00e3o de planejamento para os 10 anos do \u2018#SouManaus Passo a Pa\u00e7o 2025\u2019.\" \/>\n<meta property=\"og:url\" content=\"https:\/\/www.manaus.am.gov.br\/manauscult\/planejamento-10-anos-soumanaus-2025\/\" \/>\n<meta property=\"og:site_name\" content=\"MANAUSCULT\" \/>\n<meta property=\"article:published_time\" content=\"2025-07-29T20:55:59+00:00\" \/>\n<meta property=\"og:image\" content=\"https:\/\/www.manaus.am.gov.br\/manauscult\/wp-content\/uploads\/sites\/11\/2025\/07\/WhatsApp-Image-2025-07-29-at-16.50.08-1.jpeg\" \/>\n\t<meta property=\"og:image:width\" content=\"1600\" \/>\n\t<meta property=\"og:image:height\" content=\"1066\" \/>\n\t<meta property=\"og:image:type\" content=\"image\/jpeg\" \/>\n<meta name=\"author\" content=\"Bruna Greco\" \/>\n<meta name=\"twitter:card\" content=\"summary_large_image\" \/>\n<meta name=\"twitter:label1\" content=\"Written by\" \/>\n\t<meta name=\"twitter:data1\" content=\"Bruna Greco\" \/>\n\t<meta name=\"twitter:label2\" content=\"Est. reading time\" \/>\n\t<meta name=\"twitter:data2\" content=\"3 minutos\" \/>\n<script type=\"application\/ld+json\" class=\"yoast-schema-graph\">{\"@context\":\"https:\/\/schema.org\",\"@graph\":[{\"@type\":\"WebPage\",\"@id\":\"https:\/\/www.manaus.am.gov.br\/manauscult\/planejamento-10-anos-soumanaus-2025\/\",\"url\":\"https:\/\/www.manaus.am.gov.br\/manauscult\/planejamento-10-anos-soumanaus-2025\/\",\"name\":\"Reuni\u00e3o de planejamento para os 10 anos do #SouManaus 2025\",\"isPartOf\":{\"@id\":\"https:\/\/www.manaus.am.gov.br\/manauscult\/#website\"},\"primaryImageOfPage\":{\"@id\":\"https:\/\/www.manaus.am.gov.br\/manauscult\/planejamento-10-anos-soumanaus-2025\/#primaryimage\"},\"image\":{\"@id\":\"https:\/\/www.manaus.am.gov.br\/manauscult\/planejamento-10-anos-soumanaus-2025\/#primaryimage\"},\"thumbnailUrl\":\"https:\/\/www.manaus.am.gov.br\/manauscult\/wp-content\/uploads\/sites\/11\/2025\/07\/WhatsApp-Image-2025-07-29-at-16.50.08-1.jpeg\",\"datePublished\":\"2025-07-29T20:55:59+00:00\",\"dateModified\":\"2025-07-29T20:55:59+00:00\",\"author\":{\"@id\":\"https:\/\/www.manaus.am.gov.br\/manauscult\/#\/schema\/person\/05d223aea2bf115f9883a6ff3683d81b\"},\"description\":\"Prefeitura de Manaus, por meio da Manauscult, realiza reuni\u00e3o de planejamento para os 10 anos do \u2018#SouManaus Passo a Pa\u00e7o 2025\u2019.\",\"breadcrumb\":{\"@id\":\"https:\/\/www.manaus.am.gov.br\/manauscult\/planejamento-10-anos-soumanaus-2025\/#breadcrumb\"},\"inLanguage\":\"pt-BR\",\"potentialAction\":[{\"@type\":\"ReadAction\",\"target\":[\"https:\/\/www.manaus.am.gov.br\/manauscult\/planejamento-10-anos-soumanaus-2025\/\"]}]},{\"@type\":\"ImageObject\",\"inLanguage\":\"pt-BR\",\"@id\":\"https:\/\/www.manaus.am.gov.br\/manauscult\/planejamento-10-anos-soumanaus-2025\/#primaryimage\",\"url\":\"https:\/\/www.manaus.am.gov.br\/manauscult\/wp-content\/uploads\/sites\/11\/2025\/07\/WhatsApp-Image-2025-07-29-at-16.50.08-1.jpeg\",\"contentUrl\":\"https:\/\/www.manaus.am.gov.br\/manauscult\/wp-content\/uploads\/sites\/11\/2025\/07\/WhatsApp-Image-2025-07-29-at-16.50.08-1.jpeg\",\"width\":1600,\"height\":1066,\"caption\":\"#paratodosverem - Representantes municipais reunidos para alinhamento dos 10 anos do \\\"#SouManaus Passo a Pa\u00e7o 2025\\\"\"},{\"@type\":\"BreadcrumbList\",\"@id\":\"https:\/\/www.manaus.am.gov.br\/manauscult\/planejamento-10-anos-soumanaus-2025\/#breadcrumb\",\"itemListElement\":[{\"@type\":\"ListItem\",\"position\":1,\"name\":\"Home\",\"item\":\"https:\/\/www.manaus.am.gov.br\/manauscult\/\"},{\"@type\":\"ListItem\",\"position\":2,\"name\":\"Prefeitura realiza reuni\u00e3o de planejamento para os 10 anos do \u2018#SouManaus Passo a Pa\u00e7o 2025\u2019\"}]},{\"@type\":\"WebSite\",\"@id\":\"https:\/\/www.manaus.am.gov.br\/manauscult\/#website\",\"url\":\"https:\/\/www.manaus.am.gov.br\/manauscult\/\",\"name\":\"MANAUSCULT\",\"description\":\"Prefeitura de Manaus\",\"potentialAction\":[{\"@type\":\"SearchAction\",\"target\":{\"@type\":\"EntryPoint\",\"urlTemplate\":\"https:\/\/www.manaus.am.gov.br\/manauscult\/?s={search_term_string}\"},\"query-input\":\"required name=search_term_string\"}],\"inLanguage\":\"pt-BR\"},{\"@type\":\"Person\",\"@id\":\"https:\/\/www.manaus.am.gov.br\/manauscult\/#\/schema\/person\/05d223aea2bf115f9883a6ff3683d81b\",\"name\":\"Bruna Greco\",\"image\":{\"@type\":\"ImageObject\",\"inLanguage\":\"pt-BR\",\"@id\":\"https:\/\/www.manaus.am.gov.br\/manauscult\/#\/schema\/person\/image\/\",\"url\":\"https:\/\/secure.gravatar.com\/avatar\/9c877d1a6adc2a055330e5c09a8653ce?s=96&d=mm&r=g\",\"contentUrl\":\"https:\/\/secure.gravatar.com\/avatar\/9c877d1a6adc2a055330e5c09a8653ce?s=96&d=mm&r=g\",\"caption\":\"Bruna Greco\"}}]}<\/script>\n<!-- \/ Yoast SEO plugin. -->","yoast_head_json":{"title":"Reuni\u00e3o de planejamento para os 10 anos do #SouManaus 2025","description":"Prefeitura de Manaus, por meio da Manauscult, realiza reuni\u00e3o de planejamento para os 10 anos do \u2018#SouManaus Passo a Pa\u00e7o 2025\u2019.","robots":{"index":"noindex","follow":"follow"},"og_locale":"pt_BR","og_type":"article","og_title":"Reuni\u00e3o de planejamento para os 10 anos do #SouManaus 2025","og_description":"Prefeitura de Manaus, por meio da Manauscult, realiza reuni\u00e3o de planejamento para os 10 anos do \u2018#SouManaus Passo a Pa\u00e7o 2025\u2019.","og_url":"https:\/\/www.manaus.am.gov.br\/manauscult\/planejamento-10-anos-soumanaus-2025\/","og_site_name":"MANAUSCULT","article_published_time":"2025-07-29T20:55:59+00:00","og_image":[{"width":1600,"height":1066,"url":"https:\/\/www.manaus.am.gov.br\/manauscult\/wp-content\/uploads\/sites\/11\/2025\/07\/WhatsApp-Image-2025-07-29-at-16.50.08-1.jpeg","type":"image\/jpeg"}],"author":"Bruna Greco","twitter_card":"summary_large_image","twitter_misc":{"Written by":"Bruna Greco","Est. reading time":"3 minutos"},"schema":{"@context":"https:\/\/schema.org","@graph":[{"@type":"WebPage","@id":"https:\/\/www.manaus.am.gov.br\/manauscult\/planejamento-10-anos-soumanaus-2025\/","url":"https:\/\/www.manaus.am.gov.br\/manauscult\/planejamento-10-anos-soumanaus-2025\/","name":"Reuni\u00e3o de planejamento para os 10 anos do #SouManaus 2025","isPartOf":{"@id":"https:\/\/www.manaus.am.gov.br\/manauscult\/#website"},"primaryImageOfPage":{"@id":"https:\/\/www.manaus.am.gov.br\/manauscult\/planejamento-10-anos-soumanaus-2025\/#primaryimage"},"image":{"@id":"https:\/\/www.manaus.am.gov.br\/manauscult\/planejamento-10-anos-soumanaus-2025\/#primaryimage"},"thumbnailUrl":"https:\/\/www.manaus.am.gov.br\/manauscult\/wp-content\/uploads\/sites\/11\/2025\/07\/WhatsApp-Image-2025-07-29-at-16.50.08-1.jpeg","datePublished":"2025-07-29T20:55:59+00:00","dateModified":"2025-07-29T20:55:59+00:00","author":{"@id":"https:\/\/www.manaus.am.gov.br\/manauscult\/#\/schema\/person\/05d223aea2bf115f9883a6ff3683d81b"},"description":"Prefeitura de Manaus, por meio da Manauscult, realiza reuni\u00e3o de planejamento para os 10 anos do \u2018#SouManaus Passo a Pa\u00e7o 2025\u2019.","breadcrumb":{"@id":"https:\/\/www.manaus.am.gov.br\/manauscult\/planejamento-10-anos-soumanaus-2025\/#breadcrumb"},"inLanguage":"pt-BR","potentialAction":[{"@type":"ReadAction","target":["https:\/\/www.manaus.am.gov.br\/manauscult\/planejamento-10-anos-soumanaus-2025\/"]}]},{"@type":"ImageObject","inLanguage":"pt-BR","@id":"https:\/\/www.manaus.am.gov.br\/manauscult\/planejamento-10-anos-soumanaus-2025\/#primaryimage","url":"https:\/\/www.manaus.am.gov.br\/manauscult\/wp-content\/uploads\/sites\/11\/2025\/07\/WhatsApp-Image-2025-07-29-at-16.50.08-1.jpeg","contentUrl":"https:\/\/www.manaus.am.gov.br\/manauscult\/wp-content\/uploads\/sites\/11\/2025\/07\/WhatsApp-Image-2025-07-29-at-16.50.08-1.jpeg","width":1600,"height":1066,"caption":"#paratodosverem - Representantes municipais reunidos para alinhamento dos 10 anos do \"#SouManaus Passo a Pa\u00e7o 2025\""},{"@type":"BreadcrumbList","@id":"https:\/\/www.manaus.am.gov.br\/manauscult\/planejamento-10-anos-soumanaus-2025\/#breadcrumb","itemListElement":[{"@type":"ListItem","position":1,"name":"Home","item":"https:\/\/www.manaus.am.gov.br\/manauscult\/"},{"@type":"ListItem","position":2,"name":"Prefeitura realiza reuni\u00e3o de planejamento para os 10 anos do \u2018#SouManaus Passo a Pa\u00e7o 2025\u2019"}]},{"@type":"WebSite","@id":"https:\/\/www.manaus.am.gov.br\/manauscult\/#website","url":"https:\/\/www.manaus.am.gov.br\/manauscult\/","name":"MANAUSCULT","description":"Prefeitura de Manaus","potentialAction":[{"@type":"SearchAction","target":{"@type":"EntryPoint","urlTemplate":"https:\/\/www.manaus.am.gov.br\/manauscult\/?s={search_term_string}"},"query-input":"required name=search_term_string"}],"inLanguage":"pt-BR"},{"@type":"Person","@id":"https:\/\/www.manaus.am.gov.br\/manauscult\/#\/schema\/person\/05d223aea2bf115f9883a6ff3683d81b","name":"Bruna Greco","image":{"@type":"ImageObject","inLanguage":"pt-BR","@id":"https:\/\/www.manaus.am.gov.br\/manauscult\/#\/schema\/person\/image\/","url":"https:\/\/secure.gravatar.com\/avatar\/9c877d1a6adc2a055330e5c09a8653ce?s=96&d=mm&r=g","contentUrl":"https:\/\/secure.gravatar.com\/avatar\/9c877d1a6adc2a055330e5c09a8653ce?s=96&d=mm&r=g","caption":"Bruna Greco"}}]}},"_links":{"self":[{"href":"https:\/\/www.manaus.am.gov.br\/manauscult\/wp-json\/wp\/v2\/posts\/4274"}],"collection":[{"href":"https:\/\/www.manaus.am.gov.br\/manauscult\/wp-json\/wp\/v2\/posts"}],"about":[{"href":"https:\/\/www.manaus.am.gov.br\/manauscult\/wp-json\/wp\/v2\/types\/post"}],"author":[{"embeddable":true,"href":"https:\/\/www.manaus.am.gov.br\/manauscult\/wp-json\/wp\/v2\/users\/39"}],"replies":[{"embeddable":true,"href":"https:\/\/www.manaus.am.gov.br\/manauscult\/wp-json\/wp\/v2\/comments?post=4274"}],"version-history":[{"count":1,"href":"https:\/\/www.manaus.am.gov.br\/manauscult\/wp-json\/wp\/v2\/posts\/4274\/revisions"}],"predecessor-version":[{"id":4278,"href":"https:\/\/www.manaus.am.gov.br\/manauscult\/wp-json\/wp\/v2\/posts\/4274\/revisions\/4278"}],"wp:featuredmedia":[{"embeddable":true,"href":"https:\/\/www.manaus.am.gov.br\/manauscult\/wp-json\/wp\/v2\/media\/4275"}],"wp:attachment":[{"href":"https:\/\/www.manaus.am.gov.br\/manauscult\/wp-json\/wp\/v2\/media?parent=4274"}],"wp:term":[{"taxonomy":"category","embeddable":true,"href":"https:\/\/www.manaus.am.gov.br\/manauscult\/wp-json\/wp\/v2\/categories?post=4274"},{"taxonomy":"post_tag","embeddable":true,"href":"https:\/\/www.manaus.am.gov.br\/manauscult\/wp-json\/wp\/v2\/tags?post=4274"}],"curies":[{"name":"wp","href":"https:\/\/api.w.org\/{rel}","templated":true}]}}