{"id":4272,"date":"2025-07-28T20:00:40","date_gmt":"2025-07-29T00:00:40","guid":{"rendered":"https:\/\/www.manaus.am.gov.br\/manauscult\/curso-de-cenografia\/"},"modified":"2025-07-28T20:00:41","modified_gmt":"2025-07-29T00:00:41","slug":"curso-de-cenografia","status":"publish","type":"post","link":"https:\/\/www.manaus.am.gov.br\/manauscult\/curso-de-cenografia\/","title":{"rendered":"Prefeitura inicia curso de cenografia em Manaus com participa\u00e7\u00e3o de artistas locais\u00a0"},"content":{"rendered":"\n<p>A Prefeitura de Manaus, por meio da Funda\u00e7\u00e3o Municipal de Cultura, Turismo e Eventos (ManausCult), deu in\u00edcio, nesta segunda-feira, 28\/7, ao curso de cenografia, realizado em parceria com o Programa de Forma\u00e7\u00e3o Art\u00edstica e Cultural (Promfac). A forma\u00e7\u00e3o segue at\u00e9 o dia 6 de agosto, com carga hor\u00e1ria de 32 horas distribu\u00eddas em oito encontros, e est\u00e1 sendo realizada na rua Aluizio Ara\u00fajo, 181, bairro S\u00e3o Raimundo, das 18h \u00e0s 21h.<\/p>\n\n\n\n<p>Voltado para artistas visuais, produtores culturais, t\u00e9cnicos de palco, estudantes de artes e demais interessados na \u00e1rea, o curso contempla 25 participantes e oferece uma experi\u00eancia formativa que une teoria e pr\u00e1tica, abordando desde os fundamentos da cenografia at\u00e9 a constru\u00e7\u00e3o coletiva de um cen\u00e1rio.<\/p>\n\n\n\n<p>Para o diretor-presidente da ManausCult, Jender Lobato, a iniciativa representa mais um passo no fortalecimento da cadeia produtiva da cultura em Manaus. \u201cEstamos promovendo uma forma\u00e7\u00e3o completa, que amplia o repert\u00f3rio dos nossos artistas e t\u00e9cnicos. A cenografia \u00e9 uma linguagem fundamental nas artes c\u00eanicas e nosso compromisso \u00e9 garantir que os profissionais da cidade tenham acesso a esse tipo de qualifica\u00e7\u00e3o\u201d, afirmou.<\/p>\n\n\n\n<p>A capacita\u00e7\u00e3o \u00e9 ministrada por Juca di Souza, ator, diretor e cen\u00f3grafo com mais de 15 anos de atua\u00e7\u00e3o em Manaus. Reconhecido por sua contribui\u00e7\u00e3o \u00e0 cena teatral da cidade, Juca traz ao curso sua viv\u00eancia profissional com foco no desenvolvimento criativo e t\u00e9cnico dos participantes.<\/p>\n\n\n\n<p>\u201cO curso come\u00e7ou com muito entusiasmo por parte dos participantes e nossa expectativa \u00e9 que eles saiam daqui n\u00e3o s\u00f3 com conhecimento t\u00e9cnico, mas tamb\u00e9m com um novo olhar sobre os espa\u00e7os c\u00eanicos e as possibilidades art\u00edsticas da cenografia\u201d, destacou Juca.<\/p>\n\n\n\n<p>Durante os encontros, o conte\u00fado program\u00e1tico abrange o hist\u00f3rico da cenografia no teatro, na televis\u00e3o e em exposi\u00e7\u00f5es, passando por no\u00e7\u00f5es de ilumina\u00e7\u00e3o, cenotecnia, produ\u00e7\u00e3o de croquis, constru\u00e7\u00e3o de estruturas, pintura, aplica\u00e7\u00e3o de texturas e montagem final. Ao fim da forma\u00e7\u00e3o, ser\u00e1 realizada uma apresenta\u00e7\u00e3o p\u00fablica do cen\u00e1rio desenvolvido pelo grupo.<\/p>\n\n\n\n<p>A ManausCult vem intensificando a\u00e7\u00f5es de forma\u00e7\u00e3o e capacita\u00e7\u00e3o voltadas ao setor cultural, reafirmando seu papel no fomento \u00e0 cultura e ao desenvolvimento art\u00edstico da capital amazonense.<\/p>\n\n\n\n<p><strong>\u2014 \u2014 \u2014<br>Texto &#8211; <\/strong>J\u00e9ssica Trajano \/ ManausCult<br><strong>Fotos- <\/strong>Thelson Souza \/ ManausCult<\/p>\n","protected":false},"excerpt":{"rendered":"","protected":false},"author":68,"featured_media":4273,"comment_status":"closed","ping_status":"closed","sticky":false,"template":"","format":"standard","meta":{"footnotes":""},"categories":[1270],"tags":[1287,11,1530],"acf":[],"yoast_head":"<!-- This site is optimized with the Yoast SEO plugin v23.0 - https:\/\/yoast.com\/wordpress\/plugins\/seo\/ -->\n<title>Prefeitura inicia curso de cenografia em Manaus com participa\u00e7\u00e3o de artistas locais\u00a0<\/title>\n<meta name=\"description\" content=\"A Prefeitura de Manaus, por meio da Funda\u00e7\u00e3o Municipal de Cultura, Turismo e Eventos (ManausCult), deu in\u00edcio, nesta segunda-feira, 28\/7, ao curso de cenografia, realizado em parceria com o Programa de Forma\u00e7\u00e3o Art\u00edstica e Cultural (Promfac).\" \/>\n<meta name=\"robots\" content=\"noindex, follow\" \/>\n<meta property=\"og:locale\" content=\"pt_BR\" \/>\n<meta property=\"og:type\" content=\"article\" \/>\n<meta property=\"og:title\" content=\"Prefeitura inicia curso de cenografia em Manaus com participa\u00e7\u00e3o de artistas locais\u00a0\" \/>\n<meta property=\"og:description\" content=\"A Prefeitura de Manaus, por meio da Funda\u00e7\u00e3o Municipal de Cultura, Turismo e Eventos (ManausCult), deu in\u00edcio, nesta segunda-feira, 28\/7, ao curso de cenografia, realizado em parceria com o Programa de Forma\u00e7\u00e3o Art\u00edstica e Cultural (Promfac).\" \/>\n<meta property=\"og:url\" content=\"https:\/\/www.manaus.am.gov.br\/manauscult\/curso-de-cenografia\/\" \/>\n<meta property=\"og:site_name\" content=\"MANAUSCULT\" \/>\n<meta property=\"article:published_time\" content=\"2025-07-29T00:00:40+00:00\" \/>\n<meta property=\"article:modified_time\" content=\"2025-07-29T00:00:41+00:00\" \/>\n<meta property=\"og:image\" content=\"https:\/\/www.manaus.am.gov.br\/manauscult\/wp-content\/uploads\/sites\/11\/2025\/07\/07038acc-7ca5-42b2-99c6-78f8256c5a51.jpeg\" \/>\n\t<meta property=\"og:image:width\" content=\"4160\" \/>\n\t<meta property=\"og:image:height\" content=\"2774\" \/>\n\t<meta property=\"og:image:type\" content=\"image\/jpeg\" \/>\n<meta name=\"author\" content=\"bvalente\" \/>\n<meta name=\"twitter:card\" content=\"summary_large_image\" \/>\n<meta name=\"twitter:label1\" content=\"Written by\" \/>\n\t<meta name=\"twitter:data1\" content=\"bvalente\" \/>\n\t<meta name=\"twitter:label2\" content=\"Est. reading time\" \/>\n\t<meta name=\"twitter:data2\" content=\"3 minutos\" \/>\n<script type=\"application\/ld+json\" class=\"yoast-schema-graph\">{\"@context\":\"https:\/\/schema.org\",\"@graph\":[{\"@type\":\"WebPage\",\"@id\":\"https:\/\/www.manaus.am.gov.br\/manauscult\/curso-de-cenografia\/\",\"url\":\"https:\/\/www.manaus.am.gov.br\/manauscult\/curso-de-cenografia\/\",\"name\":\"Prefeitura inicia curso de cenografia em Manaus com participa\u00e7\u00e3o de artistas locais\u00a0\",\"isPartOf\":{\"@id\":\"https:\/\/www.manaus.am.gov.br\/manauscult\/#website\"},\"primaryImageOfPage\":{\"@id\":\"https:\/\/www.manaus.am.gov.br\/manauscult\/curso-de-cenografia\/#primaryimage\"},\"image\":{\"@id\":\"https:\/\/www.manaus.am.gov.br\/manauscult\/curso-de-cenografia\/#primaryimage\"},\"thumbnailUrl\":\"https:\/\/www.manaus.am.gov.br\/manauscult\/wp-content\/uploads\/sites\/11\/2025\/07\/07038acc-7ca5-42b2-99c6-78f8256c5a51.jpeg\",\"datePublished\":\"2025-07-29T00:00:40+00:00\",\"dateModified\":\"2025-07-29T00:00:41+00:00\",\"author\":{\"@id\":\"https:\/\/www.manaus.am.gov.br\/manauscult\/#\/schema\/person\/466a0e03ae4b6062809046bd560ac955\"},\"description\":\"A Prefeitura de Manaus, por meio da Funda\u00e7\u00e3o Municipal de Cultura, Turismo e Eventos (ManausCult), deu in\u00edcio, nesta segunda-feira, 28\/7, ao curso de cenografia, realizado em parceria com o Programa de Forma\u00e7\u00e3o Art\u00edstica e Cultural (Promfac).\",\"breadcrumb\":{\"@id\":\"https:\/\/www.manaus.am.gov.br\/manauscult\/curso-de-cenografia\/#breadcrumb\"},\"inLanguage\":\"pt-BR\",\"potentialAction\":[{\"@type\":\"ReadAction\",\"target\":[\"https:\/\/www.manaus.am.gov.br\/manauscult\/curso-de-cenografia\/\"]}]},{\"@type\":\"ImageObject\",\"inLanguage\":\"pt-BR\",\"@id\":\"https:\/\/www.manaus.am.gov.br\/manauscult\/curso-de-cenografia\/#primaryimage\",\"url\":\"https:\/\/www.manaus.am.gov.br\/manauscult\/wp-content\/uploads\/sites\/11\/2025\/07\/07038acc-7ca5-42b2-99c6-78f8256c5a51.jpeg\",\"contentUrl\":\"https:\/\/www.manaus.am.gov.br\/manauscult\/wp-content\/uploads\/sites\/11\/2025\/07\/07038acc-7ca5-42b2-99c6-78f8256c5a51.jpeg\",\"width\":4160,\"height\":2774},{\"@type\":\"BreadcrumbList\",\"@id\":\"https:\/\/www.manaus.am.gov.br\/manauscult\/curso-de-cenografia\/#breadcrumb\",\"itemListElement\":[{\"@type\":\"ListItem\",\"position\":1,\"name\":\"Home\",\"item\":\"https:\/\/www.manaus.am.gov.br\/manauscult\/\"},{\"@type\":\"ListItem\",\"position\":2,\"name\":\"Prefeitura inicia curso de cenografia em Manaus com participa\u00e7\u00e3o de artistas locais\u00a0\"}]},{\"@type\":\"WebSite\",\"@id\":\"https:\/\/www.manaus.am.gov.br\/manauscult\/#website\",\"url\":\"https:\/\/www.manaus.am.gov.br\/manauscult\/\",\"name\":\"MANAUSCULT\",\"description\":\"Prefeitura de Manaus\",\"potentialAction\":[{\"@type\":\"SearchAction\",\"target\":{\"@type\":\"EntryPoint\",\"urlTemplate\":\"https:\/\/www.manaus.am.gov.br\/manauscult\/?s={search_term_string}\"},\"query-input\":\"required name=search_term_string\"}],\"inLanguage\":\"pt-BR\"},{\"@type\":\"Person\",\"@id\":\"https:\/\/www.manaus.am.gov.br\/manauscult\/#\/schema\/person\/466a0e03ae4b6062809046bd560ac955\",\"name\":\"bvalente\",\"image\":{\"@type\":\"ImageObject\",\"inLanguage\":\"pt-BR\",\"@id\":\"https:\/\/www.manaus.am.gov.br\/manauscult\/#\/schema\/person\/image\/\",\"url\":\"https:\/\/secure.gravatar.com\/avatar\/3e69bc2b014bdad41adfec3a39de07d2?s=96&d=mm&r=g\",\"contentUrl\":\"https:\/\/secure.gravatar.com\/avatar\/3e69bc2b014bdad41adfec3a39de07d2?s=96&d=mm&r=g\",\"caption\":\"bvalente\"}}]}<\/script>\n<!-- \/ Yoast SEO plugin. -->","yoast_head_json":{"title":"Prefeitura inicia curso de cenografia em Manaus com participa\u00e7\u00e3o de artistas locais\u00a0","description":"A Prefeitura de Manaus, por meio da Funda\u00e7\u00e3o Municipal de Cultura, Turismo e Eventos (ManausCult), deu in\u00edcio, nesta segunda-feira, 28\/7, ao curso de cenografia, realizado em parceria com o Programa de Forma\u00e7\u00e3o Art\u00edstica e Cultural (Promfac).","robots":{"index":"noindex","follow":"follow"},"og_locale":"pt_BR","og_type":"article","og_title":"Prefeitura inicia curso de cenografia em Manaus com participa\u00e7\u00e3o de artistas locais\u00a0","og_description":"A Prefeitura de Manaus, por meio da Funda\u00e7\u00e3o Municipal de Cultura, Turismo e Eventos (ManausCult), deu in\u00edcio, nesta segunda-feira, 28\/7, ao curso de cenografia, realizado em parceria com o Programa de Forma\u00e7\u00e3o Art\u00edstica e Cultural (Promfac).","og_url":"https:\/\/www.manaus.am.gov.br\/manauscult\/curso-de-cenografia\/","og_site_name":"MANAUSCULT","article_published_time":"2025-07-29T00:00:40+00:00","article_modified_time":"2025-07-29T00:00:41+00:00","og_image":[{"width":4160,"height":2774,"url":"https:\/\/www.manaus.am.gov.br\/manauscult\/wp-content\/uploads\/sites\/11\/2025\/07\/07038acc-7ca5-42b2-99c6-78f8256c5a51.jpeg","type":"image\/jpeg"}],"author":"bvalente","twitter_card":"summary_large_image","twitter_misc":{"Written by":"bvalente","Est. reading time":"3 minutos"},"schema":{"@context":"https:\/\/schema.org","@graph":[{"@type":"WebPage","@id":"https:\/\/www.manaus.am.gov.br\/manauscult\/curso-de-cenografia\/","url":"https:\/\/www.manaus.am.gov.br\/manauscult\/curso-de-cenografia\/","name":"Prefeitura inicia curso de cenografia em Manaus com participa\u00e7\u00e3o de artistas locais\u00a0","isPartOf":{"@id":"https:\/\/www.manaus.am.gov.br\/manauscult\/#website"},"primaryImageOfPage":{"@id":"https:\/\/www.manaus.am.gov.br\/manauscult\/curso-de-cenografia\/#primaryimage"},"image":{"@id":"https:\/\/www.manaus.am.gov.br\/manauscult\/curso-de-cenografia\/#primaryimage"},"thumbnailUrl":"https:\/\/www.manaus.am.gov.br\/manauscult\/wp-content\/uploads\/sites\/11\/2025\/07\/07038acc-7ca5-42b2-99c6-78f8256c5a51.jpeg","datePublished":"2025-07-29T00:00:40+00:00","dateModified":"2025-07-29T00:00:41+00:00","author":{"@id":"https:\/\/www.manaus.am.gov.br\/manauscult\/#\/schema\/person\/466a0e03ae4b6062809046bd560ac955"},"description":"A Prefeitura de Manaus, por meio da Funda\u00e7\u00e3o Municipal de Cultura, Turismo e Eventos (ManausCult), deu in\u00edcio, nesta segunda-feira, 28\/7, ao curso de cenografia, realizado em parceria com o Programa de Forma\u00e7\u00e3o Art\u00edstica e Cultural (Promfac).","breadcrumb":{"@id":"https:\/\/www.manaus.am.gov.br\/manauscult\/curso-de-cenografia\/#breadcrumb"},"inLanguage":"pt-BR","potentialAction":[{"@type":"ReadAction","target":["https:\/\/www.manaus.am.gov.br\/manauscult\/curso-de-cenografia\/"]}]},{"@type":"ImageObject","inLanguage":"pt-BR","@id":"https:\/\/www.manaus.am.gov.br\/manauscult\/curso-de-cenografia\/#primaryimage","url":"https:\/\/www.manaus.am.gov.br\/manauscult\/wp-content\/uploads\/sites\/11\/2025\/07\/07038acc-7ca5-42b2-99c6-78f8256c5a51.jpeg","contentUrl":"https:\/\/www.manaus.am.gov.br\/manauscult\/wp-content\/uploads\/sites\/11\/2025\/07\/07038acc-7ca5-42b2-99c6-78f8256c5a51.jpeg","width":4160,"height":2774},{"@type":"BreadcrumbList","@id":"https:\/\/www.manaus.am.gov.br\/manauscult\/curso-de-cenografia\/#breadcrumb","itemListElement":[{"@type":"ListItem","position":1,"name":"Home","item":"https:\/\/www.manaus.am.gov.br\/manauscult\/"},{"@type":"ListItem","position":2,"name":"Prefeitura inicia curso de cenografia em Manaus com participa\u00e7\u00e3o de artistas locais\u00a0"}]},{"@type":"WebSite","@id":"https:\/\/www.manaus.am.gov.br\/manauscult\/#website","url":"https:\/\/www.manaus.am.gov.br\/manauscult\/","name":"MANAUSCULT","description":"Prefeitura de Manaus","potentialAction":[{"@type":"SearchAction","target":{"@type":"EntryPoint","urlTemplate":"https:\/\/www.manaus.am.gov.br\/manauscult\/?s={search_term_string}"},"query-input":"required name=search_term_string"}],"inLanguage":"pt-BR"},{"@type":"Person","@id":"https:\/\/www.manaus.am.gov.br\/manauscult\/#\/schema\/person\/466a0e03ae4b6062809046bd560ac955","name":"bvalente","image":{"@type":"ImageObject","inLanguage":"pt-BR","@id":"https:\/\/www.manaus.am.gov.br\/manauscult\/#\/schema\/person\/image\/","url":"https:\/\/secure.gravatar.com\/avatar\/3e69bc2b014bdad41adfec3a39de07d2?s=96&d=mm&r=g","contentUrl":"https:\/\/secure.gravatar.com\/avatar\/3e69bc2b014bdad41adfec3a39de07d2?s=96&d=mm&r=g","caption":"bvalente"}}]}},"_links":{"self":[{"href":"https:\/\/www.manaus.am.gov.br\/manauscult\/wp-json\/wp\/v2\/posts\/4272"}],"collection":[{"href":"https:\/\/www.manaus.am.gov.br\/manauscult\/wp-json\/wp\/v2\/posts"}],"about":[{"href":"https:\/\/www.manaus.am.gov.br\/manauscult\/wp-json\/wp\/v2\/types\/post"}],"author":[{"embeddable":true,"href":"https:\/\/www.manaus.am.gov.br\/manauscult\/wp-json\/wp\/v2\/users\/68"}],"replies":[{"embeddable":true,"href":"https:\/\/www.manaus.am.gov.br\/manauscult\/wp-json\/wp\/v2\/comments?post=4272"}],"version-history":[{"count":0,"href":"https:\/\/www.manaus.am.gov.br\/manauscult\/wp-json\/wp\/v2\/posts\/4272\/revisions"}],"wp:featuredmedia":[{"embeddable":true,"href":"https:\/\/www.manaus.am.gov.br\/manauscult\/wp-json\/wp\/v2\/media\/4273"}],"wp:attachment":[{"href":"https:\/\/www.manaus.am.gov.br\/manauscult\/wp-json\/wp\/v2\/media?parent=4272"}],"wp:term":[{"taxonomy":"category","embeddable":true,"href":"https:\/\/www.manaus.am.gov.br\/manauscult\/wp-json\/wp\/v2\/categories?post=4272"},{"taxonomy":"post_tag","embeddable":true,"href":"https:\/\/www.manaus.am.gov.br\/manauscult\/wp-json\/wp\/v2\/tags?post=4272"}],"curies":[{"name":"wp","href":"https:\/\/api.w.org\/{rel}","templated":true}]}}