{"id":4269,"date":"2025-07-28T12:27:24","date_gmt":"2025-07-28T16:27:24","guid":{"rendered":"https:\/\/www.manaus.am.gov.br\/manauscult\/prefeitura-manauscult-cidadejunina\/"},"modified":"2025-07-28T12:31:48","modified_gmt":"2025-07-28T16:31:48","slug":"prefeitura-manauscult-cidadejunina","status":"publish","type":"post","link":"https:\/\/www.manaus.am.gov.br\/manauscult\/prefeitura-manauscult-cidadejunina\/","title":{"rendered":"Prefeitura de Manaus apoia evento \u2018Cidade Junina 2025\u2019 e refor\u00e7a incentivo \u00e0 cultura popular"},"content":{"rendered":"\n<p>A Prefeitura de Manaus, por meio da Funda\u00e7\u00e3o Municipal de Cultura, Turismo e Eventos (ManausCult), apoiou a realiza\u00e7\u00e3o do evento \u201cCidade Junina 2025\u201d, promovido pelo Instituto Norte Brasil Social e Cultural (Inbrasc). A programa\u00e7\u00e3o aconteceu nos dias 25, 26 e 27 de julho, na arena P\u00f3dium, na zona Centro-Sul da capital.<\/p>\n\n\n\n<p>Com foco na valoriza\u00e7\u00e3o das tradi\u00e7\u00f5es culturais juninas, o evento reuniu uma diversidade de atra\u00e7\u00f5es voltadas para toda a fam\u00edlia, como apresenta\u00e7\u00f5es de quadrilhas, dan\u00e7as t\u00edpicas, grupos folcl\u00f3ricos, culin\u00e1ria regional, espa\u00e7o infantil, atividades l\u00fadicas e feira de artesanato.<\/p>\n\n\n\n<p>A equipe de monitoramento e fiscaliza\u00e7\u00e3o da ManausCult esteve presente, acompanhando de forma t\u00e9cnica a execu\u00e7\u00e3o do projeto. O trabalho garantiu a correta aplica\u00e7\u00e3o dos recursos p\u00fablicos e assegurou que o evento fosse realizado com organiza\u00e7\u00e3o, responsabilidade e em conformidade com as diretrizes do fomento cultural.<\/p>\n\n\n\n<p>Para o diretor-presidente da ManausCult, Jender Lobato, o evento reafirma o compromisso da gest\u00e3o municipal com a cultura popular.<\/p>\n\n\n\n<p>\u201cA ManausCult apoia iniciativas que fortalecem as tradi\u00e7\u00f5es e o pertencimento cultural da nossa popula\u00e7\u00e3o. O \u2018Cidade Junina 2025\u2019 foi um evento que uniu arte, cultura, lazer e inclus\u00e3o, com responsabilidade e impacto social positivo\u201d, destacou.<\/p>\n\n\n\n<p>A iniciativa foi realizada com apoio institucional e financeiro, por meio de emenda parlamentar, e integrou a pol\u00edtica de incentivo \u00e0 cultura da Prefeitura de Manaus. Al\u00e9m das apresenta\u00e7\u00f5es, o evento tamb\u00e9m movimentou a economia criativa local e promoveu espa\u00e7os de conviv\u00eancia entre as comunidades.<\/p>\n\n\n\n<p>A presidente do Inbrasc, Viviane Reis de Oliveira, agradeceu o apoio recebido.<\/p>\n\n\n\n<p>\u201cA presen\u00e7a da ManausCult foi fundamental para o sucesso do evento. O apoio institucional, t\u00e9cnico e financeiro fez toda a diferen\u00e7a, para que consegu\u00edssemos entregar uma programa\u00e7\u00e3o de qualidade para o p\u00fablico, promovendo cultura com inclus\u00e3o e responsabilidade social\u201d, afirmou.<\/p>\n\n\n\n<p>&#8212; &#8212; &#8212;<\/p>\n\n\n\n<p><strong>Texto\u00a0<\/strong>&#8211; J\u00e9ssica Trajano\/ManausCult<\/p>\n\n\n\n<p><strong>Fotos\u00a0<\/strong>&#8211; Thelson Souza\/ManausCult<\/p>\n","protected":false},"excerpt":{"rendered":"","protected":false},"author":23,"featured_media":4270,"comment_status":"closed","ping_status":"closed","sticky":false,"template":"","format":"standard","meta":{"footnotes":""},"categories":[12],"tags":[1528,1529,1441,1517,1008,9,11],"acf":[],"yoast_head":"<!-- This site is optimized with the Yoast SEO plugin v23.0 - https:\/\/yoast.com\/wordpress\/plugins\/seo\/ -->\n<title>Prefeitura de Manaus apoia evento \u2018Cidade Junina 2025\u2019 e refor\u00e7a incentivo \u00e0 cultura popular<\/title>\n<meta name=\"description\" content=\"A Prefeitura de Manaus, por meio da Funda\u00e7\u00e3o Municipal de Cultura, Turismo e Eventos (ManausCult), apoiou a realiza\u00e7\u00e3o do evento \u201cCidade Junina 2025\u201d, promovido pelo Instituto Norte Brasil Social e Cultural (Inbrasc). A programa\u00e7\u00e3o aconteceu nos dias 25, 26 e 27 de julho, na arena P\u00f3dium, na zona Centro-Sul da capital.\" \/>\n<meta name=\"robots\" content=\"noindex, follow\" \/>\n<meta property=\"og:locale\" content=\"pt_BR\" \/>\n<meta property=\"og:type\" content=\"article\" \/>\n<meta property=\"og:title\" content=\"Prefeitura de Manaus apoia evento \u2018Cidade Junina 2025\u2019 e refor\u00e7a incentivo \u00e0 cultura popular\" \/>\n<meta property=\"og:description\" content=\"A Prefeitura de Manaus, por meio da Funda\u00e7\u00e3o Municipal de Cultura, Turismo e Eventos (ManausCult), apoiou a realiza\u00e7\u00e3o do evento \u201cCidade Junina 2025\u201d, promovido pelo Instituto Norte Brasil Social e Cultural (Inbrasc). A programa\u00e7\u00e3o aconteceu nos dias 25, 26 e 27 de julho, na arena P\u00f3dium, na zona Centro-Sul da capital.\" \/>\n<meta property=\"og:url\" content=\"https:\/\/www.manaus.am.gov.br\/manauscult\/prefeitura-manauscult-cidadejunina\/\" \/>\n<meta property=\"og:site_name\" content=\"MANAUSCULT\" \/>\n<meta property=\"article:published_time\" content=\"2025-07-28T16:27:24+00:00\" \/>\n<meta property=\"article:modified_time\" content=\"2025-07-28T16:31:48+00:00\" \/>\n<meta property=\"og:image\" content=\"https:\/\/www.manaus.am.gov.br\/manauscult\/wp-content\/uploads\/sites\/11\/2025\/07\/WhatsApp-Image-2025-07-28-at-12.19.15.jpeg\" \/>\n\t<meta property=\"og:image:width\" content=\"1600\" \/>\n\t<meta property=\"og:image:height\" content=\"1066\" \/>\n\t<meta property=\"og:image:type\" content=\"image\/jpeg\" \/>\n<meta name=\"author\" content=\"Adriana Costa\" \/>\n<meta name=\"twitter:card\" content=\"summary_large_image\" \/>\n<meta name=\"twitter:label1\" content=\"Written by\" \/>\n\t<meta name=\"twitter:data1\" content=\"Adriana Costa\" \/>\n\t<meta name=\"twitter:label2\" content=\"Est. reading time\" \/>\n\t<meta name=\"twitter:data2\" content=\"2 minutos\" \/>\n<script type=\"application\/ld+json\" class=\"yoast-schema-graph\">{\"@context\":\"https:\/\/schema.org\",\"@graph\":[{\"@type\":\"WebPage\",\"@id\":\"https:\/\/www.manaus.am.gov.br\/manauscult\/prefeitura-manauscult-cidadejunina\/\",\"url\":\"https:\/\/www.manaus.am.gov.br\/manauscult\/prefeitura-manauscult-cidadejunina\/\",\"name\":\"Prefeitura de Manaus apoia evento \u2018Cidade Junina 2025\u2019 e refor\u00e7a incentivo \u00e0 cultura popular\",\"isPartOf\":{\"@id\":\"https:\/\/www.manaus.am.gov.br\/manauscult\/#website\"},\"primaryImageOfPage\":{\"@id\":\"https:\/\/www.manaus.am.gov.br\/manauscult\/prefeitura-manauscult-cidadejunina\/#primaryimage\"},\"image\":{\"@id\":\"https:\/\/www.manaus.am.gov.br\/manauscult\/prefeitura-manauscult-cidadejunina\/#primaryimage\"},\"thumbnailUrl\":\"https:\/\/www.manaus.am.gov.br\/manauscult\/wp-content\/uploads\/sites\/11\/2025\/07\/WhatsApp-Image-2025-07-28-at-12.19.15.jpeg\",\"datePublished\":\"2025-07-28T16:27:24+00:00\",\"dateModified\":\"2025-07-28T16:31:48+00:00\",\"author\":{\"@id\":\"https:\/\/www.manaus.am.gov.br\/manauscult\/#\/schema\/person\/4e49f4e267757a06ca072ec61b2b9968\"},\"description\":\"A Prefeitura de Manaus, por meio da Funda\u00e7\u00e3o Municipal de Cultura, Turismo e Eventos (ManausCult), apoiou a realiza\u00e7\u00e3o do evento \u201cCidade Junina 2025\u201d, promovido pelo Instituto Norte Brasil Social e Cultural (Inbrasc). A programa\u00e7\u00e3o aconteceu nos dias 25, 26 e 27 de julho, na arena P\u00f3dium, na zona Centro-Sul da capital.\",\"breadcrumb\":{\"@id\":\"https:\/\/www.manaus.am.gov.br\/manauscult\/prefeitura-manauscult-cidadejunina\/#breadcrumb\"},\"inLanguage\":\"pt-BR\",\"potentialAction\":[{\"@type\":\"ReadAction\",\"target\":[\"https:\/\/www.manaus.am.gov.br\/manauscult\/prefeitura-manauscult-cidadejunina\/\"]}]},{\"@type\":\"ImageObject\",\"inLanguage\":\"pt-BR\",\"@id\":\"https:\/\/www.manaus.am.gov.br\/manauscult\/prefeitura-manauscult-cidadejunina\/#primaryimage\",\"url\":\"https:\/\/www.manaus.am.gov.br\/manauscult\/wp-content\/uploads\/sites\/11\/2025\/07\/WhatsApp-Image-2025-07-28-at-12.19.15.jpeg\",\"contentUrl\":\"https:\/\/www.manaus.am.gov.br\/manauscult\/wp-content\/uploads\/sites\/11\/2025\/07\/WhatsApp-Image-2025-07-28-at-12.19.15.jpeg\",\"width\":1600,\"height\":1066},{\"@type\":\"BreadcrumbList\",\"@id\":\"https:\/\/www.manaus.am.gov.br\/manauscult\/prefeitura-manauscult-cidadejunina\/#breadcrumb\",\"itemListElement\":[{\"@type\":\"ListItem\",\"position\":1,\"name\":\"Home\",\"item\":\"https:\/\/www.manaus.am.gov.br\/manauscult\/\"},{\"@type\":\"ListItem\",\"position\":2,\"name\":\"Prefeitura de Manaus apoia evento \u2018Cidade Junina 2025\u2019 e refor\u00e7a incentivo \u00e0 cultura popular\"}]},{\"@type\":\"WebSite\",\"@id\":\"https:\/\/www.manaus.am.gov.br\/manauscult\/#website\",\"url\":\"https:\/\/www.manaus.am.gov.br\/manauscult\/\",\"name\":\"MANAUSCULT\",\"description\":\"Prefeitura de Manaus\",\"potentialAction\":[{\"@type\":\"SearchAction\",\"target\":{\"@type\":\"EntryPoint\",\"urlTemplate\":\"https:\/\/www.manaus.am.gov.br\/manauscult\/?s={search_term_string}\"},\"query-input\":\"required name=search_term_string\"}],\"inLanguage\":\"pt-BR\"},{\"@type\":\"Person\",\"@id\":\"https:\/\/www.manaus.am.gov.br\/manauscult\/#\/schema\/person\/4e49f4e267757a06ca072ec61b2b9968\",\"name\":\"Adriana Costa\",\"image\":{\"@type\":\"ImageObject\",\"inLanguage\":\"pt-BR\",\"@id\":\"https:\/\/www.manaus.am.gov.br\/manauscult\/#\/schema\/person\/image\/\",\"url\":\"https:\/\/secure.gravatar.com\/avatar\/576258617ef7194f718179e766d57bd4?s=96&d=mm&r=g\",\"contentUrl\":\"https:\/\/secure.gravatar.com\/avatar\/576258617ef7194f718179e766d57bd4?s=96&d=mm&r=g\",\"caption\":\"Adriana Costa\"}}]}<\/script>\n<!-- \/ Yoast SEO plugin. -->","yoast_head_json":{"title":"Prefeitura de Manaus apoia evento \u2018Cidade Junina 2025\u2019 e refor\u00e7a incentivo \u00e0 cultura popular","description":"A Prefeitura de Manaus, por meio da Funda\u00e7\u00e3o Municipal de Cultura, Turismo e Eventos (ManausCult), apoiou a realiza\u00e7\u00e3o do evento \u201cCidade Junina 2025\u201d, promovido pelo Instituto Norte Brasil Social e Cultural (Inbrasc). A programa\u00e7\u00e3o aconteceu nos dias 25, 26 e 27 de julho, na arena P\u00f3dium, na zona Centro-Sul da capital.","robots":{"index":"noindex","follow":"follow"},"og_locale":"pt_BR","og_type":"article","og_title":"Prefeitura de Manaus apoia evento \u2018Cidade Junina 2025\u2019 e refor\u00e7a incentivo \u00e0 cultura popular","og_description":"A Prefeitura de Manaus, por meio da Funda\u00e7\u00e3o Municipal de Cultura, Turismo e Eventos (ManausCult), apoiou a realiza\u00e7\u00e3o do evento \u201cCidade Junina 2025\u201d, promovido pelo Instituto Norte Brasil Social e Cultural (Inbrasc). A programa\u00e7\u00e3o aconteceu nos dias 25, 26 e 27 de julho, na arena P\u00f3dium, na zona Centro-Sul da capital.","og_url":"https:\/\/www.manaus.am.gov.br\/manauscult\/prefeitura-manauscult-cidadejunina\/","og_site_name":"MANAUSCULT","article_published_time":"2025-07-28T16:27:24+00:00","article_modified_time":"2025-07-28T16:31:48+00:00","og_image":[{"width":1600,"height":1066,"url":"https:\/\/www.manaus.am.gov.br\/manauscult\/wp-content\/uploads\/sites\/11\/2025\/07\/WhatsApp-Image-2025-07-28-at-12.19.15.jpeg","type":"image\/jpeg"}],"author":"Adriana Costa","twitter_card":"summary_large_image","twitter_misc":{"Written by":"Adriana Costa","Est. reading time":"2 minutos"},"schema":{"@context":"https:\/\/schema.org","@graph":[{"@type":"WebPage","@id":"https:\/\/www.manaus.am.gov.br\/manauscult\/prefeitura-manauscult-cidadejunina\/","url":"https:\/\/www.manaus.am.gov.br\/manauscult\/prefeitura-manauscult-cidadejunina\/","name":"Prefeitura de Manaus apoia evento \u2018Cidade Junina 2025\u2019 e refor\u00e7a incentivo \u00e0 cultura popular","isPartOf":{"@id":"https:\/\/www.manaus.am.gov.br\/manauscult\/#website"},"primaryImageOfPage":{"@id":"https:\/\/www.manaus.am.gov.br\/manauscult\/prefeitura-manauscult-cidadejunina\/#primaryimage"},"image":{"@id":"https:\/\/www.manaus.am.gov.br\/manauscult\/prefeitura-manauscult-cidadejunina\/#primaryimage"},"thumbnailUrl":"https:\/\/www.manaus.am.gov.br\/manauscult\/wp-content\/uploads\/sites\/11\/2025\/07\/WhatsApp-Image-2025-07-28-at-12.19.15.jpeg","datePublished":"2025-07-28T16:27:24+00:00","dateModified":"2025-07-28T16:31:48+00:00","author":{"@id":"https:\/\/www.manaus.am.gov.br\/manauscult\/#\/schema\/person\/4e49f4e267757a06ca072ec61b2b9968"},"description":"A Prefeitura de Manaus, por meio da Funda\u00e7\u00e3o Municipal de Cultura, Turismo e Eventos (ManausCult), apoiou a realiza\u00e7\u00e3o do evento \u201cCidade Junina 2025\u201d, promovido pelo Instituto Norte Brasil Social e Cultural (Inbrasc). A programa\u00e7\u00e3o aconteceu nos dias 25, 26 e 27 de julho, na arena P\u00f3dium, na zona Centro-Sul da capital.","breadcrumb":{"@id":"https:\/\/www.manaus.am.gov.br\/manauscult\/prefeitura-manauscult-cidadejunina\/#breadcrumb"},"inLanguage":"pt-BR","potentialAction":[{"@type":"ReadAction","target":["https:\/\/www.manaus.am.gov.br\/manauscult\/prefeitura-manauscult-cidadejunina\/"]}]},{"@type":"ImageObject","inLanguage":"pt-BR","@id":"https:\/\/www.manaus.am.gov.br\/manauscult\/prefeitura-manauscult-cidadejunina\/#primaryimage","url":"https:\/\/www.manaus.am.gov.br\/manauscult\/wp-content\/uploads\/sites\/11\/2025\/07\/WhatsApp-Image-2025-07-28-at-12.19.15.jpeg","contentUrl":"https:\/\/www.manaus.am.gov.br\/manauscult\/wp-content\/uploads\/sites\/11\/2025\/07\/WhatsApp-Image-2025-07-28-at-12.19.15.jpeg","width":1600,"height":1066},{"@type":"BreadcrumbList","@id":"https:\/\/www.manaus.am.gov.br\/manauscult\/prefeitura-manauscult-cidadejunina\/#breadcrumb","itemListElement":[{"@type":"ListItem","position":1,"name":"Home","item":"https:\/\/www.manaus.am.gov.br\/manauscult\/"},{"@type":"ListItem","position":2,"name":"Prefeitura de Manaus apoia evento \u2018Cidade Junina 2025\u2019 e refor\u00e7a incentivo \u00e0 cultura popular"}]},{"@type":"WebSite","@id":"https:\/\/www.manaus.am.gov.br\/manauscult\/#website","url":"https:\/\/www.manaus.am.gov.br\/manauscult\/","name":"MANAUSCULT","description":"Prefeitura de Manaus","potentialAction":[{"@type":"SearchAction","target":{"@type":"EntryPoint","urlTemplate":"https:\/\/www.manaus.am.gov.br\/manauscult\/?s={search_term_string}"},"query-input":"required name=search_term_string"}],"inLanguage":"pt-BR"},{"@type":"Person","@id":"https:\/\/www.manaus.am.gov.br\/manauscult\/#\/schema\/person\/4e49f4e267757a06ca072ec61b2b9968","name":"Adriana Costa","image":{"@type":"ImageObject","inLanguage":"pt-BR","@id":"https:\/\/www.manaus.am.gov.br\/manauscult\/#\/schema\/person\/image\/","url":"https:\/\/secure.gravatar.com\/avatar\/576258617ef7194f718179e766d57bd4?s=96&d=mm&r=g","contentUrl":"https:\/\/secure.gravatar.com\/avatar\/576258617ef7194f718179e766d57bd4?s=96&d=mm&r=g","caption":"Adriana Costa"}}]}},"_links":{"self":[{"href":"https:\/\/www.manaus.am.gov.br\/manauscult\/wp-json\/wp\/v2\/posts\/4269"}],"collection":[{"href":"https:\/\/www.manaus.am.gov.br\/manauscult\/wp-json\/wp\/v2\/posts"}],"about":[{"href":"https:\/\/www.manaus.am.gov.br\/manauscult\/wp-json\/wp\/v2\/types\/post"}],"author":[{"embeddable":true,"href":"https:\/\/www.manaus.am.gov.br\/manauscult\/wp-json\/wp\/v2\/users\/23"}],"replies":[{"embeddable":true,"href":"https:\/\/www.manaus.am.gov.br\/manauscult\/wp-json\/wp\/v2\/comments?post=4269"}],"version-history":[{"count":1,"href":"https:\/\/www.manaus.am.gov.br\/manauscult\/wp-json\/wp\/v2\/posts\/4269\/revisions"}],"predecessor-version":[{"id":4271,"href":"https:\/\/www.manaus.am.gov.br\/manauscult\/wp-json\/wp\/v2\/posts\/4269\/revisions\/4271"}],"wp:featuredmedia":[{"embeddable":true,"href":"https:\/\/www.manaus.am.gov.br\/manauscult\/wp-json\/wp\/v2\/media\/4270"}],"wp:attachment":[{"href":"https:\/\/www.manaus.am.gov.br\/manauscult\/wp-json\/wp\/v2\/media?parent=4269"}],"wp:term":[{"taxonomy":"category","embeddable":true,"href":"https:\/\/www.manaus.am.gov.br\/manauscult\/wp-json\/wp\/v2\/categories?post=4269"},{"taxonomy":"post_tag","embeddable":true,"href":"https:\/\/www.manaus.am.gov.br\/manauscult\/wp-json\/wp\/v2\/tags?post=4269"}],"curies":[{"name":"wp","href":"https:\/\/api.w.org\/{rel}","templated":true}]}}